{"id":2018,"date":"2020-01-29T14:21:49","date_gmt":"2020-01-29T13:21:49","guid":{"rendered":"http:\/\/wp.kristdemokraterna.se\/taby\/?p=2018"},"modified":"2020-02-02T14:25:19","modified_gmt":"2020-02-02T13:25:19","slug":"sverige-behover-ett-maktskifte","status":"publish","type":"post","link":"https:\/\/wp.kristdemokraterna.se\/taby\/sverige-behover-ett-maktskifte\/","title":{"rendered":"Sverige beh\u00f6ver ett maktskifte!"},"content":{"rendered":"<p>Socialdemokraterna f\u00e5r sitt l\u00e4gsta st\u00f6d hittills i DN\/Ipsos v\u00e4ljarbarometer. Det finns m\u00e5nga f\u00f6rklaringar till detta, s\u00e5 m\u00e5nga att de sammantaget f\u00f6rst\u00e5s \u00e4r sk\u00e4let till deras opinionsras. Januari\u00f6verenskommelsen, v\u00e5rdkrisen, den ohejdade kriminaliteten.<\/p>\n<p>Mot nuvarande styre st\u00e5r en tydlig opposition. Kristdemokraternas fokuserar p\u00e5 v\u00e5rd och trygghet. Vi \u00f6kar till 7 procentenheter i den h\u00e4r unders\u00f6kningen. N\u00e4stan dubbelt s\u00e5 m\u00e5nga som f\u00f6r fyra \u00e5r<span class=\"text_exposed_show\"> sedan.<\/span><\/p>\n<p><a href=\"https:\/\/www.facebook.com\/Kristdemokraternataby\/photos\/a.582141998559899\/2676751645765580\/?type=3&#038;eid=ARCujln9y4sQ3yjwUm8ANTGmtkEunHRSVvtYl8sB7Xh57hJZERvLeFsatEksfn_-GFqsMyVVnf3ZPWSr&#038;__xts__%5B0%5D=68.ARC0ReZFQVVea1hX0s0zsSgObVUEDzIxYtD_pi_C4nocSr4lOMvz7b_gI1zsXI5_T2f6ISvsM84LqXkC9w5cx_5AlO_KJfrFAwwLQFRltUkknCgkzpK2Xbu0XSTreDYHCWUmPH8r82b2wUoM6wOU_zrrI3WX5G7LBrDUVxJCYndt5pbOgCfSzazjPrQ-KlcYlxpoPYBGnUaLvw-DuKBwy5VMB9zkyT9n_mHBJAmP5rv6_96S0ZUKONZsezmm9uFf8enWbwHB9NXHs1ZsEw_AHArv7NChfzJOlSPaTfwzEwK7znyd5bF8WzK441EflK0NYBNvogYc5Ar3ei6g9p_55a-OMQ&#038;__tn__=EHH-R\">https:\/\/www.facebook.com\/Kristdemokraternataby\/photos\/a.582141998559899\/2676751645765580\/?type=3&amp;eid=ARCujln9y4sQ3yjwUm8ANTGmtkEunHRSVvtYl8sB7Xh57hJZERvLeFsatEksfn_-GFqsMyVVnf3ZPWSr&amp;__xts__%5B0%5D=68.ARC0ReZFQVVea1hX0s0zsSgObVUEDzIxYtD_pi_C4nocSr4lOMvz7b_gI1zsXI5_T2f6ISvsM84LqXkC9w5cx_5AlO_KJfrFAwwLQFRltUkknCgkzpK2Xbu0XSTreDYHCWUmPH8r82b2wUoM6wOU_zrrI3WX5G7LBrDUVxJCYndt5pbOgCfSzazjPrQ-KlcYlxpoPYBGnUaLvw-DuKBwy5VMB9zkyT9n_mHBJAmP5rv6_96S0ZUKONZsezmm9uFf8enWbwHB9NXHs1ZsEw_AHArv7NChfzJOlSPaTfwzEwK7znyd5bF8WzK441EflK0NYBNvogYc5Ar3ei6g9p_55a-OMQ&amp;__tn__=EHH-R<\/a><\/p>\n<div class=\"text_exposed_show\">\n<p>Vill du vara med? G\u00e5 med i KD, <a href=\"https:\/\/l.facebook.com\/l.php?u=http%3A%2F%2FKD.nu%2Fblimedlem%3Ffbclid%3DIwAR0z0eaznkq9poibg86QEKwX4LcnNO5-FAMIzjd3NTbAvH3eRS07kn-QTx4&amp;h=AT0blEQDGMLzI7dZzB4xpcOFanMZHBUeUjQ5jS-lLAvSkDG_wwVB7GTZFwNMQvMPJznaimZrsMiwLMdOXWchs_YE1AYzOIXwW7PQdNMMfY-nINJlXJ6J7xNA-H1hkHsDQiTTwD7Zp4VK1_3YHG3Aq7ua_QhpVhvJZO7Phy7ZatxEJ7ZQDdmPCehzbHjNtJjGdS-PyD-3e36MYiTUzopw8tqdYqZhinQH5LI1tyEG1c0hju4_G3Y8qPrhrWADT0CDVOgPD6sg6X5jWw0_9u0U2GwOu9OOREDQPZzy3daSyDLd7wDCbqaHgopdz3bhYe8_7CILepoyR1g7wA_bYBnC4_S5iwPwrE9EvdlS9sFjb304P9_EAeFeffAz7kkO8UyTBBJlcwggJlw7QWo5ba-l9fVtZ3duTnqZ3e9e47pXhRXdfCTkCE1L-D9onaq8mDRFbX3bULHxSCMauhnONvvStkHhl6gCmmfd3ZhelLPyYPvKlHYsDBvUywegII--Q1cPsMvPWcIAHyhl8pImHahpplDNJS2aKhM_Rey-_Reieb56Fs6A9ws7fhzpQqi3gMVnQ0u_Fr-yksxASsVT1xCtJjnvcuJrO6bgy5C1sJ_rqQzsWoRs-0TtiZoMElDrSWqiewGG8cdR\" target=\"_blank\" rel=\"noopener noreferrer\">klicka h\u00e4r!<\/a><\/p>\n<\/div>\n","protected":false},"excerpt":{"rendered":"<p>Socialdemokraterna f\u00e5r sitt l\u00e4gsta st\u00f6d hittills i DN\/Ipsos v\u00e4ljarbarometer. Det finns m\u00e5nga f\u00f6rklaringar till detta, s\u00e5 m\u00e5nga att de sammantaget f\u00f6rst\u00e5s \u00e4r sk\u00e4let till deras opinionsras. Januari\u00f6verenskommelsen, v\u00e5rdkrisen, den ohejdade kriminaliteten. Mot nuvarande styre st\u00e5r en tydlig opposition. Kristdemokraternas fokuserar p\u00e5 v\u00e5rd och trygghet. Vi \u00f6kar till 7 procentenheter i den h\u00e4r unders\u00f6kningen. N\u00e4stan dubbelt <a class=\"read-more-link\" href=\"https:\/\/wp.kristdemokraterna.se\/taby\/sverige-behover-ett-maktskifte\/\">Read More<\/a><\/p>\n","protected":false},"author":26,"featured_media":0,"comment_status":"closed","ping_status":"closed","sticky":false,"template":"","format":"standard","meta":{"_acf_changed":false,"footnotes":""},"categories":[30,29,1],"tags":[],"class_list":["post-2018","post","type-post","status-publish","format-standard","hentry","category-inlagg","category-nyheter","category-okategoriserade"],"acf":[],"yoast_head":"<!-- This site is optimized with the Yoast SEO plugin v27.4 - https:\/\/yoast.com\/product\/yoast-seo-wordpress\/ -->\n<title>Sverige beh\u00f6ver ett maktskifte! - T\u00e4by<\/title>\n<meta name=\"robots\" content=\"index, follow, max-snippet:-1, max-image-preview:large, max-video-preview:-1\" \/>\n<link rel=\"canonical\" href=\"https:\/\/wp.kristdemokraterna.se\/taby\/sverige-behover-ett-maktskifte\/\" \/>\n<meta property=\"og:locale\" content=\"sv_SE\" \/>\n<meta property=\"og:type\" content=\"article\" \/>\n<meta property=\"og:title\" content=\"Sverige beh\u00f6ver ett maktskifte! - T\u00e4by\" \/>\n<meta property=\"og:description\" content=\"Socialdemokraterna f\u00e5r sitt l\u00e4gsta st\u00f6d hittills i DN\/Ipsos v\u00e4ljarbarometer. Det finns m\u00e5nga f\u00f6rklaringar till detta, s\u00e5 m\u00e5nga att de sammantaget f\u00f6rst\u00e5s \u00e4r sk\u00e4let till deras opinionsras. Januari\u00f6verenskommelsen, v\u00e5rdkrisen, den ohejdade kriminaliteten. Mot nuvarande styre st\u00e5r en tydlig opposition. Kristdemokraternas fokuserar p\u00e5 v\u00e5rd och trygghet. Vi \u00f6kar till 7 procentenheter i den h\u00e4r unders\u00f6kningen. N\u00e4stan dubbelt Read More\" \/>\n<meta property=\"og:url\" content=\"https:\/\/wp.kristdemokraterna.se\/taby\/sverige-behover-ett-maktskifte\/\" \/>\n<meta property=\"og:site_name\" content=\"T\u00e4by\" \/>\n<meta property=\"article:published_time\" content=\"2020-01-29T13:21:49+00:00\" \/>\n<meta property=\"article:modified_time\" content=\"2020-02-02T13:25:19+00:00\" \/>\n<meta name=\"author\" content=\"taby\" \/>\n<meta name=\"twitter:card\" content=\"summary_large_image\" \/>\n<meta name=\"twitter:label1\" content=\"Skriven av\" \/>\n\t<meta name=\"twitter:data1\" content=\"taby\" \/>\n\t<meta name=\"twitter:label2\" content=\"Ber\u00e4knad l\u00e4stid\" \/>\n\t<meta name=\"twitter:data2\" content=\"1 minut\" \/>\n<script type=\"application\/ld+json\" class=\"yoast-schema-graph\">{\"@context\":\"https:\\\/\\\/schema.org\",\"@graph\":[{\"@type\":\"Article\",\"@id\":\"https:\\\/\\\/wp.kristdemokraterna.se\\\/taby\\\/sverige-behover-ett-maktskifte\\\/#article\",\"isPartOf\":{\"@id\":\"https:\\\/\\\/wp.kristdemokraterna.se\\\/taby\\\/sverige-behover-ett-maktskifte\\\/\"},\"author\":{\"name\":\"taby\",\"@id\":\"https:\\\/\\\/wp.kristdemokraterna.se\\\/taby\\\/#\\\/schema\\\/person\\\/12b9024c714759d0acdc1da1e754d06c\"},\"headline\":\"Sverige beh\u00f6ver ett maktskifte!\",\"datePublished\":\"2020-01-29T13:21:49+00:00\",\"dateModified\":\"2020-02-02T13:25:19+00:00\",\"mainEntityOfPage\":{\"@id\":\"https:\\\/\\\/wp.kristdemokraterna.se\\\/taby\\\/sverige-behover-ett-maktskifte\\\/\"},\"wordCount\":180,\"articleSection\":[\"inl\u00e4gg\",\"Nyheter\",\"Senaste nytt\"],\"inLanguage\":\"sv-SE\"},{\"@type\":\"WebPage\",\"@id\":\"https:\\\/\\\/wp.kristdemokraterna.se\\\/taby\\\/sverige-behover-ett-maktskifte\\\/\",\"url\":\"https:\\\/\\\/wp.kristdemokraterna.se\\\/taby\\\/sverige-behover-ett-maktskifte\\\/\",\"name\":\"Sverige beh\u00f6ver ett maktskifte! - T\u00e4by\",\"isPartOf\":{\"@id\":\"https:\\\/\\\/wp.kristdemokraterna.se\\\/taby\\\/#website\"},\"datePublished\":\"2020-01-29T13:21:49+00:00\",\"dateModified\":\"2020-02-02T13:25:19+00:00\",\"author\":{\"@id\":\"https:\\\/\\\/wp.kristdemokraterna.se\\\/taby\\\/#\\\/schema\\\/person\\\/12b9024c714759d0acdc1da1e754d06c\"},\"breadcrumb\":{\"@id\":\"https:\\\/\\\/wp.kristdemokraterna.se\\\/taby\\\/sverige-behover-ett-maktskifte\\\/#breadcrumb\"},\"inLanguage\":\"sv-SE\",\"potentialAction\":[{\"@type\":\"ReadAction\",\"target\":[\"https:\\\/\\\/wp.kristdemokraterna.se\\\/taby\\\/sverige-behover-ett-maktskifte\\\/\"]}]},{\"@type\":\"BreadcrumbList\",\"@id\":\"https:\\\/\\\/wp.kristdemokraterna.se\\\/taby\\\/sverige-behover-ett-maktskifte\\\/#breadcrumb\",\"itemListElement\":[{\"@type\":\"ListItem\",\"position\":1,\"name\":\"Hem\",\"item\":\"https:\\\/\\\/wp.kristdemokraterna.se\\\/taby\\\/\"},{\"@type\":\"ListItem\",\"position\":2,\"name\":\"Sverige beh\u00f6ver ett maktskifte!\"}]},{\"@type\":\"WebSite\",\"@id\":\"https:\\\/\\\/wp.kristdemokraterna.se\\\/taby\\\/#website\",\"url\":\"https:\\\/\\\/wp.kristdemokraterna.se\\\/taby\\\/\",\"name\":\"T\u00e4by\",\"description\":\"&quot;Det ska vara l\u00e4ttare att f\u00e5 ihop arbetsliv och familjeliv i T\u00e4by&quot;\",\"inLanguage\":\"sv-SE\"},{\"@type\":\"Person\",\"@id\":\"https:\\\/\\\/wp.kristdemokraterna.se\\\/taby\\\/#\\\/schema\\\/person\\\/12b9024c714759d0acdc1da1e754d06c\",\"name\":\"taby\",\"image\":{\"@type\":\"ImageObject\",\"inLanguage\":\"sv-SE\",\"@id\":\"https:\\\/\\\/secure.gravatar.com\\\/avatar\\\/62f6aca44d1f9c34b49438e5fdf4be3554253b04b49a76f013049906786db305?s=96&d=mm&r=g\",\"url\":\"https:\\\/\\\/secure.gravatar.com\\\/avatar\\\/62f6aca44d1f9c34b49438e5fdf4be3554253b04b49a76f013049906786db305?s=96&d=mm&r=g\",\"contentUrl\":\"https:\\\/\\\/secure.gravatar.com\\\/avatar\\\/62f6aca44d1f9c34b49438e5fdf4be3554253b04b49a76f013049906786db305?s=96&d=mm&r=g\",\"caption\":\"taby\"},\"url\":\"https:\\\/\\\/wp.kristdemokraterna.se\\\/taby\\\/author\\\/taby\\\/\"}]}<\/script>\n<!-- \/ Yoast SEO plugin. -->","yoast_head_json":{"title":"Sverige beh\u00f6ver ett maktskifte! - T\u00e4by","robots":{"index":"index","follow":"follow","max-snippet":"max-snippet:-1","max-image-preview":"max-image-preview:large","max-video-preview":"max-video-preview:-1"},"canonical":"https:\/\/wp.kristdemokraterna.se\/taby\/sverige-behover-ett-maktskifte\/","og_locale":"sv_SE","og_type":"article","og_title":"Sverige beh\u00f6ver ett maktskifte! - T\u00e4by","og_description":"Socialdemokraterna f\u00e5r sitt l\u00e4gsta st\u00f6d hittills i DN\/Ipsos v\u00e4ljarbarometer. Det finns m\u00e5nga f\u00f6rklaringar till detta, s\u00e5 m\u00e5nga att de sammantaget f\u00f6rst\u00e5s \u00e4r sk\u00e4let till deras opinionsras. Januari\u00f6verenskommelsen, v\u00e5rdkrisen, den ohejdade kriminaliteten. Mot nuvarande styre st\u00e5r en tydlig opposition. Kristdemokraternas fokuserar p\u00e5 v\u00e5rd och trygghet. Vi \u00f6kar till 7 procentenheter i den h\u00e4r unders\u00f6kningen. N\u00e4stan dubbelt Read More","og_url":"https:\/\/wp.kristdemokraterna.se\/taby\/sverige-behover-ett-maktskifte\/","og_site_name":"T\u00e4by","article_published_time":"2020-01-29T13:21:49+00:00","article_modified_time":"2020-02-02T13:25:19+00:00","author":"taby","twitter_card":"summary_large_image","twitter_misc":{"Skriven av":"taby","Ber\u00e4knad l\u00e4stid":"1 minut"},"schema":{"@context":"https:\/\/schema.org","@graph":[{"@type":"Article","@id":"https:\/\/wp.kristdemokraterna.se\/taby\/sverige-behover-ett-maktskifte\/#article","isPartOf":{"@id":"https:\/\/wp.kristdemokraterna.se\/taby\/sverige-behover-ett-maktskifte\/"},"author":{"name":"taby","@id":"https:\/\/wp.kristdemokraterna.se\/taby\/#\/schema\/person\/12b9024c714759d0acdc1da1e754d06c"},"headline":"Sverige beh\u00f6ver ett maktskifte!","datePublished":"2020-01-29T13:21:49+00:00","dateModified":"2020-02-02T13:25:19+00:00","mainEntityOfPage":{"@id":"https:\/\/wp.kristdemokraterna.se\/taby\/sverige-behover-ett-maktskifte\/"},"wordCount":180,"articleSection":["inl\u00e4gg","Nyheter","Senaste nytt"],"inLanguage":"sv-SE"},{"@type":"WebPage","@id":"https:\/\/wp.kristdemokraterna.se\/taby\/sverige-behover-ett-maktskifte\/","url":"https:\/\/wp.kristdemokraterna.se\/taby\/sverige-behover-ett-maktskifte\/","name":"Sverige beh\u00f6ver ett maktskifte! - T\u00e4by","isPartOf":{"@id":"https:\/\/wp.kristdemokraterna.se\/taby\/#website"},"datePublished":"2020-01-29T13:21:49+00:00","dateModified":"2020-02-02T13:25:19+00:00","author":{"@id":"https:\/\/wp.kristdemokraterna.se\/taby\/#\/schema\/person\/12b9024c714759d0acdc1da1e754d06c"},"breadcrumb":{"@id":"https:\/\/wp.kristdemokraterna.se\/taby\/sverige-behover-ett-maktskifte\/#breadcrumb"},"inLanguage":"sv-SE","potentialAction":[{"@type":"ReadAction","target":["https:\/\/wp.kristdemokraterna.se\/taby\/sverige-behover-ett-maktskifte\/"]}]},{"@type":"BreadcrumbList","@id":"https:\/\/wp.kristdemokraterna.se\/taby\/sverige-behover-ett-maktskifte\/#breadcrumb","itemListElement":[{"@type":"ListItem","position":1,"name":"Hem","item":"https:\/\/wp.kristdemokraterna.se\/taby\/"},{"@type":"ListItem","position":2,"name":"Sverige beh\u00f6ver ett maktskifte!"}]},{"@type":"WebSite","@id":"https:\/\/wp.kristdemokraterna.se\/taby\/#website","url":"https:\/\/wp.kristdemokraterna.se\/taby\/","name":"T\u00e4by","description":"&quot;Det ska vara l\u00e4ttare att f\u00e5 ihop arbetsliv och familjeliv i T\u00e4by&quot;","inLanguage":"sv-SE"},{"@type":"Person","@id":"https:\/\/wp.kristdemokraterna.se\/taby\/#\/schema\/person\/12b9024c714759d0acdc1da1e754d06c","name":"taby","image":{"@type":"ImageObject","inLanguage":"sv-SE","@id":"https:\/\/secure.gravatar.com\/avatar\/62f6aca44d1f9c34b49438e5fdf4be3554253b04b49a76f013049906786db305?s=96&d=mm&r=g","url":"https:\/\/secure.gravatar.com\/avatar\/62f6aca44d1f9c34b49438e5fdf4be3554253b04b49a76f013049906786db305?s=96&d=mm&r=g","contentUrl":"https:\/\/secure.gravatar.com\/avatar\/62f6aca44d1f9c34b49438e5fdf4be3554253b04b49a76f013049906786db305?s=96&d=mm&r=g","caption":"taby"},"url":"https:\/\/wp.kristdemokraterna.se\/taby\/author\/taby\/"}]}},"_links":{"self":[{"href":"https:\/\/wp.kristdemokraterna.se\/taby\/wp-json\/wp\/v2\/posts\/2018","targetHints":{"allow":["GET"]}}],"collection":[{"href":"https:\/\/wp.kristdemokraterna.se\/taby\/wp-json\/wp\/v2\/posts"}],"about":[{"href":"https:\/\/wp.kristdemokraterna.se\/taby\/wp-json\/wp\/v2\/types\/post"}],"author":[{"embeddable":true,"href":"https:\/\/wp.kristdemokraterna.se\/taby\/wp-json\/wp\/v2\/users\/26"}],"replies":[{"embeddable":true,"href":"https:\/\/wp.kristdemokraterna.se\/taby\/wp-json\/wp\/v2\/comments?post=2018"}],"version-history":[{"count":1,"href":"https:\/\/wp.kristdemokraterna.se\/taby\/wp-json\/wp\/v2\/posts\/2018\/revisions"}],"predecessor-version":[{"id":2020,"href":"https:\/\/wp.kristdemokraterna.se\/taby\/wp-json\/wp\/v2\/posts\/2018\/revisions\/2020"}],"wp:attachment":[{"href":"https:\/\/wp.kristdemokraterna.se\/taby\/wp-json\/wp\/v2\/media?parent=2018"}],"wp:term":[{"taxonomy":"category","embeddable":true,"href":"https:\/\/wp.kristdemokraterna.se\/taby\/wp-json\/wp\/v2\/categories?post=2018"},{"taxonomy":"post_tag","embeddable":true,"href":"https:\/\/wp.kristdemokraterna.se\/taby\/wp-json\/wp\/v2\/tags?post=2018"}],"curies":[{"name":"wp","href":"https:\/\/api.w.org\/{rel}","templated":true}]}}