{"id":2021,"date":"2020-01-28T14:25:34","date_gmt":"2020-01-28T13:25:34","guid":{"rendered":"http:\/\/wp.kristdemokraterna.se\/taby\/?p=2021"},"modified":"2020-02-02T14:30:51","modified_gmt":"2020-02-02T13:30:51","slug":"valfardsmiljarderna-valkommet-tillskott","status":"publish","type":"post","link":"https:\/\/wp.kristdemokraterna.se\/taby\/valfardsmiljarderna-valkommet-tillskott\/","title":{"rendered":"V\u00e4lf\u00e4rdsmiljarderna v\u00e4lkommet tillskott!"},"content":{"rendered":"<p>KD, M och V s\u00e4krar nu en v\u00e4lf\u00e4rdsmajoritet i riksdagen som g\u00f6r att Sveriges kommuner och regioner f\u00e5r 7,5 miljarder extra till v\u00e4lf\u00e4rden.<\/p>\n<p>&#8211; Det \u00e4r mycket gl\u00e4djande att KD i riksdagen tillsammans med M och V samt med st\u00f6d av SD f\u00e5tt till en majoritet f\u00f6r att st\u00e4rka kommunernas ekonomi. En f\u00f6rlust f\u00f6r januaripartierna och en vinst f\u00f6r v\u00e4lf\u00e4rden och kommunerna!<\/p>\n<div class=\"text_exposed_show\">\n<p>&#8211; F\u00f6r T\u00e4by \u00e4r tillskottet sj\u00e4lvklart v\u00e4lkommet och m\u00f6jligg\u00f6r att vi kan satsa ytterligare p\u00e5 kommunens k\u00e4rnuppdrag. Pengarna ska sj\u00e4lvklart g\u00e5 till v\u00e5r v\u00e4lf\u00e4rd och jag ser flera behov och m\u00f6jligheter i T\u00e4by, s\u00e4ger Tobias Karlstr\u00f6m gruppledare och kommunalr\u00e5d f\u00f6r Kristdemokraterna i T\u00e4by<\/p>\n<p>Vi kristdemokrater har \u00f6ppnat f\u00f6r samtal med alla partier. Det f\u00f6rslag som nu kommer att l\u00e4ggas fram i riksdagen l\u00f6ser upp den kris som regeringen f\u00f6rsatt Sverige i genom att prioritera makten och \u00f6nskelistorna i januari\u00f6verenskommelsen f\u00f6re v\u00e4lf\u00e4rden. Kristdemokraterna g\u00f6r jobbet som en fungerande regering borde ha gjort!<\/p>\n<p><a href=\"https:\/\/l.facebook.com\/l.php?u=http%3A%2F%2FKD.nu%2Fblimedlem%3Ffbclid%3DIwAR3BDJ0B6HcsjsPpD8_nxrCyHktdTXUgtuzx8tch6Iov6yGZIqQWh_Ynheo&amp;h=AT0JIiuYYar2aJXWK5o8CsP2PqRqXgXnKWef1llUPI-AH8TgEBXj46sKiW-VJ1ECLusSsvVJxPs_gMnzuH1ee7ekrqJA_WmTJAJCdvleTX3r4ReH0Vc5be4lGH7RAQ-M8GgyESzcQg6xJp-AoUv-_Je_-oWJn0VsZlMUIR_9_rAJYOZsjFwra3dlv8TAadQxmHY31bIeNIY14Y8Rcs4CQN9Q67AWmi2t84htQdBGvAL--swoC8DNwShcbslkfDM4ehSbGGLV6AD2RXtPeFfo8CQW01Y21JafgXP5ppeO26SGO2qtz9_zH-LiKC0Mc4D1VLaR_WljWO40BZytIicGzXu0w3Ftpk1C5xuo92Um535YnbMoQiRUi2I6_H_wyGtPS9PjDpg5Hifeg-9yEgA6K2K9txAhP0LIRWh7FQEqx0IH25nocmStYKqkT5PBLDVnMANNYT8CfPj8siPxf5zG1AdLyUmUmy1IUiOPJmzGEx8shonqB5KmyIcKZsmSA-dKrEeyap-36poRyUeTPOimT2GPMBhOETojuRs0ce7f01GHs-0MuoUXBqbTg2VbRVu2OaYCEOV0z_tMcuLMvevZhs1IAFH_0vCCE_yDgNJAsvJrfNoG8D9___nmHQEXeGNLVt71dfNIVeUmyYI\">G\u00e5 med i KD du med &#8211; bli medlem h\u00e4r!<\/a><\/p>\n<\/div>\n","protected":false},"excerpt":{"rendered":"<p>KD, M och V s\u00e4krar nu en v\u00e4lf\u00e4rdsmajoritet i riksdagen som g\u00f6r att Sveriges kommuner och regioner f\u00e5r 7,5 miljarder extra till v\u00e4lf\u00e4rden. &#8211; Det \u00e4r mycket gl\u00e4djande att KD i riksdagen tillsammans med M och V samt med st\u00f6d av SD f\u00e5tt till en majoritet f\u00f6r att st\u00e4rka kommunernas ekonomi. En f\u00f6rlust f\u00f6r januaripartierna <a class=\"read-more-link\" href=\"https:\/\/wp.kristdemokraterna.se\/taby\/valfardsmiljarderna-valkommet-tillskott\/\">Read More<\/a><\/p>\n","protected":false},"author":26,"featured_media":0,"comment_status":"closed","ping_status":"closed","sticky":false,"template":"","format":"standard","meta":{"_acf_changed":false,"footnotes":""},"categories":[30,29,1],"tags":[],"class_list":["post-2021","post","type-post","status-publish","format-standard","hentry","category-inlagg","category-nyheter","category-okategoriserade"],"acf":[],"yoast_head":"<!-- This site is optimized with the Yoast SEO plugin v27.4 - https:\/\/yoast.com\/product\/yoast-seo-wordpress\/ -->\n<title>V\u00e4lf\u00e4rdsmiljarderna v\u00e4lkommet tillskott! - s\u00e4ger KD T\u00e4by<\/title>\n<meta name=\"description\" content=\"V\u00e4lf\u00e4rdsmiljarderna \u00e4r ett v\u00e4lkommet tillskott och m\u00f6jligg\u00f6r att vi kan satsa ytterligare p\u00e5 T\u00e4by kommuns k\u00e4rnuppdrag. Det finns behov inom v\u00e4lf\u00e4rden!\" \/>\n<meta name=\"robots\" content=\"index, follow, max-snippet:-1, max-image-preview:large, max-video-preview:-1\" \/>\n<link rel=\"canonical\" href=\"https:\/\/wp.kristdemokraterna.se\/taby\/valfardsmiljarderna-valkommet-tillskott\/\" \/>\n<meta property=\"og:locale\" content=\"sv_SE\" \/>\n<meta property=\"og:type\" content=\"article\" \/>\n<meta property=\"og:title\" content=\"V\u00e4lf\u00e4rdsmiljarderna v\u00e4lkommet tillskott! - s\u00e4ger KD T\u00e4by\" \/>\n<meta property=\"og:description\" content=\"V\u00e4lf\u00e4rdsmiljarderna \u00e4r ett v\u00e4lkommet tillskott och m\u00f6jligg\u00f6r att vi kan satsa ytterligare p\u00e5 T\u00e4by kommuns k\u00e4rnuppdrag. Det finns behov inom v\u00e4lf\u00e4rden!\" \/>\n<meta property=\"og:url\" content=\"https:\/\/wp.kristdemokraterna.se\/taby\/valfardsmiljarderna-valkommet-tillskott\/\" \/>\n<meta property=\"og:site_name\" content=\"T\u00e4by\" \/>\n<meta property=\"article:published_time\" content=\"2020-01-28T13:25:34+00:00\" \/>\n<meta property=\"article:modified_time\" content=\"2020-02-02T13:30:51+00:00\" \/>\n<meta name=\"author\" content=\"taby\" \/>\n<meta name=\"twitter:card\" content=\"summary_large_image\" \/>\n<meta name=\"twitter:label1\" content=\"Skriven av\" \/>\n\t<meta name=\"twitter:data1\" content=\"taby\" \/>\n\t<meta name=\"twitter:label2\" content=\"Ber\u00e4knad l\u00e4stid\" \/>\n\t<meta name=\"twitter:data2\" content=\"1 minut\" \/>\n<script type=\"application\/ld+json\" class=\"yoast-schema-graph\">{\"@context\":\"https:\\\/\\\/schema.org\",\"@graph\":[{\"@type\":\"Article\",\"@id\":\"https:\\\/\\\/wp.kristdemokraterna.se\\\/taby\\\/valfardsmiljarderna-valkommet-tillskott\\\/#article\",\"isPartOf\":{\"@id\":\"https:\\\/\\\/wp.kristdemokraterna.se\\\/taby\\\/valfardsmiljarderna-valkommet-tillskott\\\/\"},\"author\":{\"name\":\"taby\",\"@id\":\"https:\\\/\\\/wp.kristdemokraterna.se\\\/taby\\\/#\\\/schema\\\/person\\\/12b9024c714759d0acdc1da1e754d06c\"},\"headline\":\"V\u00e4lf\u00e4rdsmiljarderna v\u00e4lkommet tillskott!\",\"datePublished\":\"2020-01-28T13:25:34+00:00\",\"dateModified\":\"2020-02-02T13:30:51+00:00\",\"mainEntityOfPage\":{\"@id\":\"https:\\\/\\\/wp.kristdemokraterna.se\\\/taby\\\/valfardsmiljarderna-valkommet-tillskott\\\/\"},\"wordCount\":214,\"articleSection\":[\"inl\u00e4gg\",\"Nyheter\",\"Senaste nytt\"],\"inLanguage\":\"sv-SE\"},{\"@type\":\"WebPage\",\"@id\":\"https:\\\/\\\/wp.kristdemokraterna.se\\\/taby\\\/valfardsmiljarderna-valkommet-tillskott\\\/\",\"url\":\"https:\\\/\\\/wp.kristdemokraterna.se\\\/taby\\\/valfardsmiljarderna-valkommet-tillskott\\\/\",\"name\":\"V\u00e4lf\u00e4rdsmiljarderna v\u00e4lkommet tillskott! - s\u00e4ger KD T\u00e4by\",\"isPartOf\":{\"@id\":\"https:\\\/\\\/wp.kristdemokraterna.se\\\/taby\\\/#website\"},\"datePublished\":\"2020-01-28T13:25:34+00:00\",\"dateModified\":\"2020-02-02T13:30:51+00:00\",\"author\":{\"@id\":\"https:\\\/\\\/wp.kristdemokraterna.se\\\/taby\\\/#\\\/schema\\\/person\\\/12b9024c714759d0acdc1da1e754d06c\"},\"description\":\"V\u00e4lf\u00e4rdsmiljarderna \u00e4r ett v\u00e4lkommet tillskott och m\u00f6jligg\u00f6r att vi kan satsa ytterligare p\u00e5 T\u00e4by kommuns k\u00e4rnuppdrag. Det finns behov inom v\u00e4lf\u00e4rden!\",\"breadcrumb\":{\"@id\":\"https:\\\/\\\/wp.kristdemokraterna.se\\\/taby\\\/valfardsmiljarderna-valkommet-tillskott\\\/#breadcrumb\"},\"inLanguage\":\"sv-SE\",\"potentialAction\":[{\"@type\":\"ReadAction\",\"target\":[\"https:\\\/\\\/wp.kristdemokraterna.se\\\/taby\\\/valfardsmiljarderna-valkommet-tillskott\\\/\"]}]},{\"@type\":\"BreadcrumbList\",\"@id\":\"https:\\\/\\\/wp.kristdemokraterna.se\\\/taby\\\/valfardsmiljarderna-valkommet-tillskott\\\/#breadcrumb\",\"itemListElement\":[{\"@type\":\"ListItem\",\"position\":1,\"name\":\"Hem\",\"item\":\"https:\\\/\\\/wp.kristdemokraterna.se\\\/taby\\\/\"},{\"@type\":\"ListItem\",\"position\":2,\"name\":\"V\u00e4lf\u00e4rdsmiljarderna v\u00e4lkommet tillskott!\"}]},{\"@type\":\"WebSite\",\"@id\":\"https:\\\/\\\/wp.kristdemokraterna.se\\\/taby\\\/#website\",\"url\":\"https:\\\/\\\/wp.kristdemokraterna.se\\\/taby\\\/\",\"name\":\"T\u00e4by\",\"description\":\"&quot;Det ska vara l\u00e4ttare att f\u00e5 ihop arbetsliv och familjeliv i T\u00e4by&quot;\",\"inLanguage\":\"sv-SE\"},{\"@type\":\"Person\",\"@id\":\"https:\\\/\\\/wp.kristdemokraterna.se\\\/taby\\\/#\\\/schema\\\/person\\\/12b9024c714759d0acdc1da1e754d06c\",\"name\":\"taby\",\"image\":{\"@type\":\"ImageObject\",\"inLanguage\":\"sv-SE\",\"@id\":\"https:\\\/\\\/secure.gravatar.com\\\/avatar\\\/62f6aca44d1f9c34b49438e5fdf4be3554253b04b49a76f013049906786db305?s=96&d=mm&r=g\",\"url\":\"https:\\\/\\\/secure.gravatar.com\\\/avatar\\\/62f6aca44d1f9c34b49438e5fdf4be3554253b04b49a76f013049906786db305?s=96&d=mm&r=g\",\"contentUrl\":\"https:\\\/\\\/secure.gravatar.com\\\/avatar\\\/62f6aca44d1f9c34b49438e5fdf4be3554253b04b49a76f013049906786db305?s=96&d=mm&r=g\",\"caption\":\"taby\"},\"url\":\"https:\\\/\\\/wp.kristdemokraterna.se\\\/taby\\\/author\\\/taby\\\/\"}]}<\/script>\n<!-- \/ Yoast SEO plugin. -->","yoast_head_json":{"title":"V\u00e4lf\u00e4rdsmiljarderna v\u00e4lkommet tillskott! - s\u00e4ger KD T\u00e4by","description":"V\u00e4lf\u00e4rdsmiljarderna \u00e4r ett v\u00e4lkommet tillskott och m\u00f6jligg\u00f6r att vi kan satsa ytterligare p\u00e5 T\u00e4by kommuns k\u00e4rnuppdrag. Det finns behov inom v\u00e4lf\u00e4rden!","robots":{"index":"index","follow":"follow","max-snippet":"max-snippet:-1","max-image-preview":"max-image-preview:large","max-video-preview":"max-video-preview:-1"},"canonical":"https:\/\/wp.kristdemokraterna.se\/taby\/valfardsmiljarderna-valkommet-tillskott\/","og_locale":"sv_SE","og_type":"article","og_title":"V\u00e4lf\u00e4rdsmiljarderna v\u00e4lkommet tillskott! - s\u00e4ger KD T\u00e4by","og_description":"V\u00e4lf\u00e4rdsmiljarderna \u00e4r ett v\u00e4lkommet tillskott och m\u00f6jligg\u00f6r att vi kan satsa ytterligare p\u00e5 T\u00e4by kommuns k\u00e4rnuppdrag. Det finns behov inom v\u00e4lf\u00e4rden!","og_url":"https:\/\/wp.kristdemokraterna.se\/taby\/valfardsmiljarderna-valkommet-tillskott\/","og_site_name":"T\u00e4by","article_published_time":"2020-01-28T13:25:34+00:00","article_modified_time":"2020-02-02T13:30:51+00:00","author":"taby","twitter_card":"summary_large_image","twitter_misc":{"Skriven av":"taby","Ber\u00e4knad l\u00e4stid":"1 minut"},"schema":{"@context":"https:\/\/schema.org","@graph":[{"@type":"Article","@id":"https:\/\/wp.kristdemokraterna.se\/taby\/valfardsmiljarderna-valkommet-tillskott\/#article","isPartOf":{"@id":"https:\/\/wp.kristdemokraterna.se\/taby\/valfardsmiljarderna-valkommet-tillskott\/"},"author":{"name":"taby","@id":"https:\/\/wp.kristdemokraterna.se\/taby\/#\/schema\/person\/12b9024c714759d0acdc1da1e754d06c"},"headline":"V\u00e4lf\u00e4rdsmiljarderna v\u00e4lkommet tillskott!","datePublished":"2020-01-28T13:25:34+00:00","dateModified":"2020-02-02T13:30:51+00:00","mainEntityOfPage":{"@id":"https:\/\/wp.kristdemokraterna.se\/taby\/valfardsmiljarderna-valkommet-tillskott\/"},"wordCount":214,"articleSection":["inl\u00e4gg","Nyheter","Senaste nytt"],"inLanguage":"sv-SE"},{"@type":"WebPage","@id":"https:\/\/wp.kristdemokraterna.se\/taby\/valfardsmiljarderna-valkommet-tillskott\/","url":"https:\/\/wp.kristdemokraterna.se\/taby\/valfardsmiljarderna-valkommet-tillskott\/","name":"V\u00e4lf\u00e4rdsmiljarderna v\u00e4lkommet tillskott! - s\u00e4ger KD T\u00e4by","isPartOf":{"@id":"https:\/\/wp.kristdemokraterna.se\/taby\/#website"},"datePublished":"2020-01-28T13:25:34+00:00","dateModified":"2020-02-02T13:30:51+00:00","author":{"@id":"https:\/\/wp.kristdemokraterna.se\/taby\/#\/schema\/person\/12b9024c714759d0acdc1da1e754d06c"},"description":"V\u00e4lf\u00e4rdsmiljarderna \u00e4r ett v\u00e4lkommet tillskott och m\u00f6jligg\u00f6r att vi kan satsa ytterligare p\u00e5 T\u00e4by kommuns k\u00e4rnuppdrag. Det finns behov inom v\u00e4lf\u00e4rden!","breadcrumb":{"@id":"https:\/\/wp.kristdemokraterna.se\/taby\/valfardsmiljarderna-valkommet-tillskott\/#breadcrumb"},"inLanguage":"sv-SE","potentialAction":[{"@type":"ReadAction","target":["https:\/\/wp.kristdemokraterna.se\/taby\/valfardsmiljarderna-valkommet-tillskott\/"]}]},{"@type":"BreadcrumbList","@id":"https:\/\/wp.kristdemokraterna.se\/taby\/valfardsmiljarderna-valkommet-tillskott\/#breadcrumb","itemListElement":[{"@type":"ListItem","position":1,"name":"Hem","item":"https:\/\/wp.kristdemokraterna.se\/taby\/"},{"@type":"ListItem","position":2,"name":"V\u00e4lf\u00e4rdsmiljarderna v\u00e4lkommet tillskott!"}]},{"@type":"WebSite","@id":"https:\/\/wp.kristdemokraterna.se\/taby\/#website","url":"https:\/\/wp.kristdemokraterna.se\/taby\/","name":"T\u00e4by","description":"&quot;Det ska vara l\u00e4ttare att f\u00e5 ihop arbetsliv och familjeliv i T\u00e4by&quot;","inLanguage":"sv-SE"},{"@type":"Person","@id":"https:\/\/wp.kristdemokraterna.se\/taby\/#\/schema\/person\/12b9024c714759d0acdc1da1e754d06c","name":"taby","image":{"@type":"ImageObject","inLanguage":"sv-SE","@id":"https:\/\/secure.gravatar.com\/avatar\/62f6aca44d1f9c34b49438e5fdf4be3554253b04b49a76f013049906786db305?s=96&d=mm&r=g","url":"https:\/\/secure.gravatar.com\/avatar\/62f6aca44d1f9c34b49438e5fdf4be3554253b04b49a76f013049906786db305?s=96&d=mm&r=g","contentUrl":"https:\/\/secure.gravatar.com\/avatar\/62f6aca44d1f9c34b49438e5fdf4be3554253b04b49a76f013049906786db305?s=96&d=mm&r=g","caption":"taby"},"url":"https:\/\/wp.kristdemokraterna.se\/taby\/author\/taby\/"}]}},"_links":{"self":[{"href":"https:\/\/wp.kristdemokraterna.se\/taby\/wp-json\/wp\/v2\/posts\/2021","targetHints":{"allow":["GET"]}}],"collection":[{"href":"https:\/\/wp.kristdemokraterna.se\/taby\/wp-json\/wp\/v2\/posts"}],"about":[{"href":"https:\/\/wp.kristdemokraterna.se\/taby\/wp-json\/wp\/v2\/types\/post"}],"author":[{"embeddable":true,"href":"https:\/\/wp.kristdemokraterna.se\/taby\/wp-json\/wp\/v2\/users\/26"}],"replies":[{"embeddable":true,"href":"https:\/\/wp.kristdemokraterna.se\/taby\/wp-json\/wp\/v2\/comments?post=2021"}],"version-history":[{"count":1,"href":"https:\/\/wp.kristdemokraterna.se\/taby\/wp-json\/wp\/v2\/posts\/2021\/revisions"}],"predecessor-version":[{"id":2023,"href":"https:\/\/wp.kristdemokraterna.se\/taby\/wp-json\/wp\/v2\/posts\/2021\/revisions\/2023"}],"wp:attachment":[{"href":"https:\/\/wp.kristdemokraterna.se\/taby\/wp-json\/wp\/v2\/media?parent=2021"}],"wp:term":[{"taxonomy":"category","embeddable":true,"href":"https:\/\/wp.kristdemokraterna.se\/taby\/wp-json\/wp\/v2\/categories?post=2021"},{"taxonomy":"post_tag","embeddable":true,"href":"https:\/\/wp.kristdemokraterna.se\/taby\/wp-json\/wp\/v2\/tags?post=2021"}],"curies":[{"name":"wp","href":"https:\/\/api.w.org\/{rel}","templated":true}]}}