{"id":2027,"date":"2020-01-22T14:36:30","date_gmt":"2020-01-22T13:36:30","guid":{"rendered":"http:\/\/wp.kristdemokraterna.se\/taby\/?p=2027"},"modified":"2020-02-02T14:39:47","modified_gmt":"2020-02-02T13:39:47","slug":"taby-har-fatt-en-ny-skola-for-funktionsnedsatta","status":"publish","type":"post","link":"https:\/\/wp.kristdemokraterna.se\/taby\/taby-har-fatt-en-ny-skola-for-funktionsnedsatta\/","title":{"rendered":"T\u00e4by har f\u00e5tt en ny skola f\u00f6r funktionsnedsatta!"},"content":{"rendered":"<div id=\"js_wz\" class=\"_5pbx userContent _3576\" data-testid=\"post_message\" data-ft=\"{&quot;tn&quot;:&quot;K&quot;}\">\n<p>Idag invigdes nyrenoverade lokaler f\u00f6r \u00c4ngsholmskolan T\u00e4by grund- och gymnasies\u00e4rskola. En fantastisk verksamhet som verkligen lever upp till att m\u00f6ta varje enskild individ utifr\u00e5n sina unika f\u00f6ruts\u00e4ttningar.<\/p>\n<p>&#8221;- Som ordf\u00f6rande i Gymnasie- och n\u00e4ringslivsn\u00e4mnden \u00e4r jag stolt \u00f6ver att vi har en s\u00e5 fin verksamhet i T\u00e4by som kan m\u00f6ta behov hos unga T\u00e4bybor med olika funktionsvariationer&#8221;, s\u00e4ger Tobias Karlstr\u00f6m (KD)<\/p>\n<p>H\u00e4r samverkar skolan \u00e4ven med kulturverksamheten p\u00e5 ett mycket bra s\u00e4tt. Skolan \u00e4r dessutom s\u00e5 popul\u00e4r att m\u00e5nga elever fr\u00e5n n\u00e4rliggande kommuner s\u00f6ker sig hit.<\/p>\n<\/div>\n","protected":false},"excerpt":{"rendered":"<p>Idag invigdes nyrenoverade lokaler f\u00f6r \u00c4ngsholmskolan T\u00e4by grund- och gymnasies\u00e4rskola. En fantastisk verksamhet som verkligen lever upp till att m\u00f6ta varje enskild individ utifr\u00e5n sina unika f\u00f6ruts\u00e4ttningar. &#8221;- Som ordf\u00f6rande i Gymnasie- och n\u00e4ringslivsn\u00e4mnden \u00e4r jag stolt \u00f6ver att vi har en s\u00e5 fin verksamhet i T\u00e4by som kan m\u00f6ta behov hos unga T\u00e4bybor med <a class=\"read-more-link\" href=\"https:\/\/wp.kristdemokraterna.se\/taby\/taby-har-fatt-en-ny-skola-for-funktionsnedsatta\/\">Read More<\/a><\/p>\n","protected":false},"author":26,"featured_media":0,"comment_status":"closed","ping_status":"closed","sticky":false,"template":"","format":"standard","meta":{"_acf_changed":false,"footnotes":""},"categories":[30,29,1],"tags":[],"class_list":["post-2027","post","type-post","status-publish","format-standard","hentry","category-inlagg","category-nyheter","category-okategoriserade"],"acf":[],"yoast_head":"<!-- This site is optimized with the Yoast SEO plugin v27.4 - https:\/\/yoast.com\/product\/yoast-seo-wordpress\/ -->\n<title>T\u00e4by har f\u00e5tt en ny skola f\u00f6r funktionsnedsatta!<\/title>\n<meta name=\"description\" content=\"\u00c4ntligen har T\u00e4by f\u00e5tt en skola f\u00f6r funktionsnedsatta. L\u00e4s om invigningen och om vilka m\u00f6jligheter barnen f\u00e5r fram\u00f6ver i T\u00e4by!\" \/>\n<meta name=\"robots\" content=\"index, follow, max-snippet:-1, max-image-preview:large, max-video-preview:-1\" \/>\n<link rel=\"canonical\" href=\"https:\/\/wp.kristdemokraterna.se\/taby\/taby-har-fatt-en-ny-skola-for-funktionsnedsatta\/\" \/>\n<meta property=\"og:locale\" content=\"sv_SE\" \/>\n<meta property=\"og:type\" content=\"article\" \/>\n<meta property=\"og:title\" content=\"T\u00e4by har f\u00e5tt en ny skola f\u00f6r funktionsnedsatta!\" \/>\n<meta property=\"og:description\" content=\"\u00c4ntligen har T\u00e4by f\u00e5tt en skola f\u00f6r funktionsnedsatta. L\u00e4s om invigningen och om vilka m\u00f6jligheter barnen f\u00e5r fram\u00f6ver i T\u00e4by!\" \/>\n<meta property=\"og:url\" content=\"https:\/\/wp.kristdemokraterna.se\/taby\/taby-har-fatt-en-ny-skola-for-funktionsnedsatta\/\" \/>\n<meta property=\"og:site_name\" content=\"T\u00e4by\" \/>\n<meta property=\"article:published_time\" content=\"2020-01-22T13:36:30+00:00\" \/>\n<meta property=\"article:modified_time\" content=\"2020-02-02T13:39:47+00:00\" \/>\n<meta name=\"author\" content=\"taby\" \/>\n<meta name=\"twitter:card\" content=\"summary_large_image\" \/>\n<meta name=\"twitter:label1\" content=\"Skriven av\" \/>\n\t<meta name=\"twitter:data1\" content=\"taby\" \/>\n\t<meta name=\"twitter:label2\" content=\"Ber\u00e4knad l\u00e4stid\" \/>\n\t<meta name=\"twitter:data2\" content=\"1 minut\" \/>\n<script type=\"application\/ld+json\" class=\"yoast-schema-graph\">{\"@context\":\"https:\\\/\\\/schema.org\",\"@graph\":[{\"@type\":\"Article\",\"@id\":\"https:\\\/\\\/wp.kristdemokraterna.se\\\/taby\\\/taby-har-fatt-en-ny-skola-for-funktionsnedsatta\\\/#article\",\"isPartOf\":{\"@id\":\"https:\\\/\\\/wp.kristdemokraterna.se\\\/taby\\\/taby-har-fatt-en-ny-skola-for-funktionsnedsatta\\\/\"},\"author\":{\"name\":\"taby\",\"@id\":\"https:\\\/\\\/wp.kristdemokraterna.se\\\/taby\\\/#\\\/schema\\\/person\\\/12b9024c714759d0acdc1da1e754d06c\"},\"headline\":\"T\u00e4by har f\u00e5tt en ny skola f\u00f6r funktionsnedsatta!\",\"datePublished\":\"2020-01-22T13:36:30+00:00\",\"dateModified\":\"2020-02-02T13:39:47+00:00\",\"mainEntityOfPage\":{\"@id\":\"https:\\\/\\\/wp.kristdemokraterna.se\\\/taby\\\/taby-har-fatt-en-ny-skola-for-funktionsnedsatta\\\/\"},\"wordCount\":119,\"articleSection\":[\"inl\u00e4gg\",\"Nyheter\",\"Senaste nytt\"],\"inLanguage\":\"sv-SE\"},{\"@type\":\"WebPage\",\"@id\":\"https:\\\/\\\/wp.kristdemokraterna.se\\\/taby\\\/taby-har-fatt-en-ny-skola-for-funktionsnedsatta\\\/\",\"url\":\"https:\\\/\\\/wp.kristdemokraterna.se\\\/taby\\\/taby-har-fatt-en-ny-skola-for-funktionsnedsatta\\\/\",\"name\":\"T\u00e4by har f\u00e5tt en ny skola f\u00f6r funktionsnedsatta!\",\"isPartOf\":{\"@id\":\"https:\\\/\\\/wp.kristdemokraterna.se\\\/taby\\\/#website\"},\"datePublished\":\"2020-01-22T13:36:30+00:00\",\"dateModified\":\"2020-02-02T13:39:47+00:00\",\"author\":{\"@id\":\"https:\\\/\\\/wp.kristdemokraterna.se\\\/taby\\\/#\\\/schema\\\/person\\\/12b9024c714759d0acdc1da1e754d06c\"},\"description\":\"\u00c4ntligen har T\u00e4by f\u00e5tt en skola f\u00f6r funktionsnedsatta. L\u00e4s om invigningen och om vilka m\u00f6jligheter barnen f\u00e5r fram\u00f6ver i T\u00e4by!\",\"breadcrumb\":{\"@id\":\"https:\\\/\\\/wp.kristdemokraterna.se\\\/taby\\\/taby-har-fatt-en-ny-skola-for-funktionsnedsatta\\\/#breadcrumb\"},\"inLanguage\":\"sv-SE\",\"potentialAction\":[{\"@type\":\"ReadAction\",\"target\":[\"https:\\\/\\\/wp.kristdemokraterna.se\\\/taby\\\/taby-har-fatt-en-ny-skola-for-funktionsnedsatta\\\/\"]}]},{\"@type\":\"BreadcrumbList\",\"@id\":\"https:\\\/\\\/wp.kristdemokraterna.se\\\/taby\\\/taby-har-fatt-en-ny-skola-for-funktionsnedsatta\\\/#breadcrumb\",\"itemListElement\":[{\"@type\":\"ListItem\",\"position\":1,\"name\":\"Hem\",\"item\":\"https:\\\/\\\/wp.kristdemokraterna.se\\\/taby\\\/\"},{\"@type\":\"ListItem\",\"position\":2,\"name\":\"T\u00e4by har f\u00e5tt en ny skola f\u00f6r funktionsnedsatta!\"}]},{\"@type\":\"WebSite\",\"@id\":\"https:\\\/\\\/wp.kristdemokraterna.se\\\/taby\\\/#website\",\"url\":\"https:\\\/\\\/wp.kristdemokraterna.se\\\/taby\\\/\",\"name\":\"T\u00e4by\",\"description\":\"&quot;Det ska vara l\u00e4ttare att f\u00e5 ihop arbetsliv och familjeliv i T\u00e4by&quot;\",\"inLanguage\":\"sv-SE\"},{\"@type\":\"Person\",\"@id\":\"https:\\\/\\\/wp.kristdemokraterna.se\\\/taby\\\/#\\\/schema\\\/person\\\/12b9024c714759d0acdc1da1e754d06c\",\"name\":\"taby\",\"image\":{\"@type\":\"ImageObject\",\"inLanguage\":\"sv-SE\",\"@id\":\"https:\\\/\\\/secure.gravatar.com\\\/avatar\\\/62f6aca44d1f9c34b49438e5fdf4be3554253b04b49a76f013049906786db305?s=96&d=mm&r=g\",\"url\":\"https:\\\/\\\/secure.gravatar.com\\\/avatar\\\/62f6aca44d1f9c34b49438e5fdf4be3554253b04b49a76f013049906786db305?s=96&d=mm&r=g\",\"contentUrl\":\"https:\\\/\\\/secure.gravatar.com\\\/avatar\\\/62f6aca44d1f9c34b49438e5fdf4be3554253b04b49a76f013049906786db305?s=96&d=mm&r=g\",\"caption\":\"taby\"},\"url\":\"https:\\\/\\\/wp.kristdemokraterna.se\\\/taby\\\/author\\\/taby\\\/\"}]}<\/script>\n<!-- \/ Yoast SEO plugin. -->","yoast_head_json":{"title":"T\u00e4by har f\u00e5tt en ny skola f\u00f6r funktionsnedsatta!","description":"\u00c4ntligen har T\u00e4by f\u00e5tt en skola f\u00f6r funktionsnedsatta. L\u00e4s om invigningen och om vilka m\u00f6jligheter barnen f\u00e5r fram\u00f6ver i T\u00e4by!","robots":{"index":"index","follow":"follow","max-snippet":"max-snippet:-1","max-image-preview":"max-image-preview:large","max-video-preview":"max-video-preview:-1"},"canonical":"https:\/\/wp.kristdemokraterna.se\/taby\/taby-har-fatt-en-ny-skola-for-funktionsnedsatta\/","og_locale":"sv_SE","og_type":"article","og_title":"T\u00e4by har f\u00e5tt en ny skola f\u00f6r funktionsnedsatta!","og_description":"\u00c4ntligen har T\u00e4by f\u00e5tt en skola f\u00f6r funktionsnedsatta. L\u00e4s om invigningen och om vilka m\u00f6jligheter barnen f\u00e5r fram\u00f6ver i T\u00e4by!","og_url":"https:\/\/wp.kristdemokraterna.se\/taby\/taby-har-fatt-en-ny-skola-for-funktionsnedsatta\/","og_site_name":"T\u00e4by","article_published_time":"2020-01-22T13:36:30+00:00","article_modified_time":"2020-02-02T13:39:47+00:00","author":"taby","twitter_card":"summary_large_image","twitter_misc":{"Skriven av":"taby","Ber\u00e4knad l\u00e4stid":"1 minut"},"schema":{"@context":"https:\/\/schema.org","@graph":[{"@type":"Article","@id":"https:\/\/wp.kristdemokraterna.se\/taby\/taby-har-fatt-en-ny-skola-for-funktionsnedsatta\/#article","isPartOf":{"@id":"https:\/\/wp.kristdemokraterna.se\/taby\/taby-har-fatt-en-ny-skola-for-funktionsnedsatta\/"},"author":{"name":"taby","@id":"https:\/\/wp.kristdemokraterna.se\/taby\/#\/schema\/person\/12b9024c714759d0acdc1da1e754d06c"},"headline":"T\u00e4by har f\u00e5tt en ny skola f\u00f6r funktionsnedsatta!","datePublished":"2020-01-22T13:36:30+00:00","dateModified":"2020-02-02T13:39:47+00:00","mainEntityOfPage":{"@id":"https:\/\/wp.kristdemokraterna.se\/taby\/taby-har-fatt-en-ny-skola-for-funktionsnedsatta\/"},"wordCount":119,"articleSection":["inl\u00e4gg","Nyheter","Senaste nytt"],"inLanguage":"sv-SE"},{"@type":"WebPage","@id":"https:\/\/wp.kristdemokraterna.se\/taby\/taby-har-fatt-en-ny-skola-for-funktionsnedsatta\/","url":"https:\/\/wp.kristdemokraterna.se\/taby\/taby-har-fatt-en-ny-skola-for-funktionsnedsatta\/","name":"T\u00e4by har f\u00e5tt en ny skola f\u00f6r funktionsnedsatta!","isPartOf":{"@id":"https:\/\/wp.kristdemokraterna.se\/taby\/#website"},"datePublished":"2020-01-22T13:36:30+00:00","dateModified":"2020-02-02T13:39:47+00:00","author":{"@id":"https:\/\/wp.kristdemokraterna.se\/taby\/#\/schema\/person\/12b9024c714759d0acdc1da1e754d06c"},"description":"\u00c4ntligen har T\u00e4by f\u00e5tt en skola f\u00f6r funktionsnedsatta. L\u00e4s om invigningen och om vilka m\u00f6jligheter barnen f\u00e5r fram\u00f6ver i T\u00e4by!","breadcrumb":{"@id":"https:\/\/wp.kristdemokraterna.se\/taby\/taby-har-fatt-en-ny-skola-for-funktionsnedsatta\/#breadcrumb"},"inLanguage":"sv-SE","potentialAction":[{"@type":"ReadAction","target":["https:\/\/wp.kristdemokraterna.se\/taby\/taby-har-fatt-en-ny-skola-for-funktionsnedsatta\/"]}]},{"@type":"BreadcrumbList","@id":"https:\/\/wp.kristdemokraterna.se\/taby\/taby-har-fatt-en-ny-skola-for-funktionsnedsatta\/#breadcrumb","itemListElement":[{"@type":"ListItem","position":1,"name":"Hem","item":"https:\/\/wp.kristdemokraterna.se\/taby\/"},{"@type":"ListItem","position":2,"name":"T\u00e4by har f\u00e5tt en ny skola f\u00f6r funktionsnedsatta!"}]},{"@type":"WebSite","@id":"https:\/\/wp.kristdemokraterna.se\/taby\/#website","url":"https:\/\/wp.kristdemokraterna.se\/taby\/","name":"T\u00e4by","description":"&quot;Det ska vara l\u00e4ttare att f\u00e5 ihop arbetsliv och familjeliv i T\u00e4by&quot;","inLanguage":"sv-SE"},{"@type":"Person","@id":"https:\/\/wp.kristdemokraterna.se\/taby\/#\/schema\/person\/12b9024c714759d0acdc1da1e754d06c","name":"taby","image":{"@type":"ImageObject","inLanguage":"sv-SE","@id":"https:\/\/secure.gravatar.com\/avatar\/62f6aca44d1f9c34b49438e5fdf4be3554253b04b49a76f013049906786db305?s=96&d=mm&r=g","url":"https:\/\/secure.gravatar.com\/avatar\/62f6aca44d1f9c34b49438e5fdf4be3554253b04b49a76f013049906786db305?s=96&d=mm&r=g","contentUrl":"https:\/\/secure.gravatar.com\/avatar\/62f6aca44d1f9c34b49438e5fdf4be3554253b04b49a76f013049906786db305?s=96&d=mm&r=g","caption":"taby"},"url":"https:\/\/wp.kristdemokraterna.se\/taby\/author\/taby\/"}]}},"_links":{"self":[{"href":"https:\/\/wp.kristdemokraterna.se\/taby\/wp-json\/wp\/v2\/posts\/2027","targetHints":{"allow":["GET"]}}],"collection":[{"href":"https:\/\/wp.kristdemokraterna.se\/taby\/wp-json\/wp\/v2\/posts"}],"about":[{"href":"https:\/\/wp.kristdemokraterna.se\/taby\/wp-json\/wp\/v2\/types\/post"}],"author":[{"embeddable":true,"href":"https:\/\/wp.kristdemokraterna.se\/taby\/wp-json\/wp\/v2\/users\/26"}],"replies":[{"embeddable":true,"href":"https:\/\/wp.kristdemokraterna.se\/taby\/wp-json\/wp\/v2\/comments?post=2027"}],"version-history":[{"count":2,"href":"https:\/\/wp.kristdemokraterna.se\/taby\/wp-json\/wp\/v2\/posts\/2027\/revisions"}],"predecessor-version":[{"id":2030,"href":"https:\/\/wp.kristdemokraterna.se\/taby\/wp-json\/wp\/v2\/posts\/2027\/revisions\/2030"}],"wp:attachment":[{"href":"https:\/\/wp.kristdemokraterna.se\/taby\/wp-json\/wp\/v2\/media?parent=2027"}],"wp:term":[{"taxonomy":"category","embeddable":true,"href":"https:\/\/wp.kristdemokraterna.se\/taby\/wp-json\/wp\/v2\/categories?post=2027"},{"taxonomy":"post_tag","embeddable":true,"href":"https:\/\/wp.kristdemokraterna.se\/taby\/wp-json\/wp\/v2\/tags?post=2027"}],"curies":[{"name":"wp","href":"https:\/\/api.w.org\/{rel}","templated":true}]}}