{"id":2034,"date":"2020-01-20T14:47:14","date_gmt":"2020-01-20T13:47:14","guid":{"rendered":"http:\/\/wp.kristdemokraterna.se\/taby\/?p=2034"},"modified":"2020-02-02T14:52:02","modified_gmt":"2020-02-02T13:52:02","slug":"sa-ser-nasta-regering-ut","status":"publish","type":"post","link":"https:\/\/wp.kristdemokraterna.se\/taby\/sa-ser-nasta-regering-ut\/","title":{"rendered":"S\u00e5 ser n\u00e4sta regering ut!"},"content":{"rendered":"<p>Ebba Buschs beskrivning av samh\u00e4llsutvecklingen och januariavtalet \u00e4r inte mild. \u201dDet \u00e4r d\u00e5 man f\u00e5r den h\u00e4r mixen av rekordm\u00e5nga spr\u00e4ngningar och fri\u00e5r\u201d. I en l\u00e5ng intervju med fPlus ber\u00e4ttar Ebba Buschs om extra val och hur v\u00e4gen till regeringsmakten kan se ut.<\/p>\n<p><a href=\"https:\/\/l.facebook.com\/l.php?u=https%3A%2F%2Fwww.fplus.se%2Fbusch-sa-ser-nasta-borgerliga-regering-ut%2Fa%2FzGPER4%3Ffbclid%3DIwAR3WWNEcHVFP1LJY1C9sCwNmSCMVBL2iXe8LLCx2gcK1DaboqqLOLCDDplw&amp;h=AT1U8pM8JjFXeQI0cIBIJrefX06-VooFjMVbaTFhFgaDd-cub8AyHOBDjQtSnEu3N_gm16-Wo_0XfAzwdFDUQGp1OZOliXXSK738FI0VH7oaUzu0eeZvo-OExpbYEfEau7mKAnjMdtbDPkg9mSvnbl3ExY-dfHp8T1vTeisTTdlEqSlM0A1AxFzbJA4-U9gcTuPU9q99USkPj47aVlJa3vDCn6n_1L9vURW5GHCtn0-VsyiQIaH30gKrUJFOjBtX5u9rnC1JppqVvXS4nUt8eI8DQ8dp_80qyPwkQkcAh-6B8qoIyw0JtR2HBrCDQGIqBda-yNV4lgTYvJ2Up_QiO26a3C1aijrsEdopvjmRzeBxUw1NxgkglBTSTA3csui8ETjTUe8892YN6hJePwtk_Payqsb3z78PanfGAMWVNc8p_1-CQ7Q12OgDazvAqLKXsDq6MOlOqIbrlb85tr7H2OzKCjWFdiQGy-C-8-jh3AFsVavALs8mcfsyyClfYCDMYAtPZwaIppKX2I-azUqt9F2tgBuu4VFV7_hxDD3Fr_cukYYd4qYAIEbN2eQxRoSWp6rZDNvTZRhnMxeEbP0C1slLO63j4mKYTQgvx2_oK5uKEwbBVEWGCByfsqOQxKSD1Bw1\">L\u00e4s intervjun med Ebba h\u00e4r!<\/a><\/p>\n<p>&nbsp;<\/p>\n<p><a href=\"https:\/\/l.facebook.com\/l.php?u=http%3A%2F%2FKD.nu%2Fblimedlem%3Ffbclid%3DIwAR3YwN6hL8aBshf5AhkxuyUR-9WBuxl4UBrsUZaEJYZrt-ZUcc73XJvI9JM&amp;h=AT0jntyk6EybZS_bRRJ3soVd2ll6HHlPWHP3clAOhg7lL4Ww7okIFTm8S1ql1KDGdaSdNmwt_OSrkd9UXgexJdx9anmNjybdOBVlXi2c9MxHrwAiA_XmZWodvS25b24p2C2xvpsV9ji_1JVP-IxY0G2hxQ2IjLr9LEU89apnNbzjY0xg6LZmAuxK6E49E4i4qPfZzzJkza1IFkzKAWh3vBwAweMR5v6kSDznBbemTdfIokXp_0UZw-Exp55UYW69Ouky5EcM4a2ZpYtbdl-CL1_yBP7zd3CfkYsPgjYrn_49ofrTMUr9QiqAAeFGd_BCxe6vuR5Ar7Mud3tqefJ1Q3RMU8VJMQQM_gs7f_VZaAgv0CG8BDFc75Tols9n0AxTWvcxdBXz6eU7EEXzZwVcg5w9Ot7rZTy7O0DriQVpc0fCMu6LhsDA04r2aszg43a-FJEize-Bh2oo_z1jizf-TViAduz4aaJRJRvwkGSIz4jcSy575ztt9CjLmOFjimjk2kFeOGWX-eMovl3maWh-eL6LTesOfcIrA1r-NNNsEFmoBr8yV5cFcf_r2idG6WQqgNoI58IXmCUI0mhDCt-mq8fX2mSmGHi_yICPO-z6hMT2M_M1IubSdzhOQcSruuRuGLBhP49-\">G\u00e5 med i KD idag! Bli aktiv imorgon!<\/a><\/p>\n","protected":false},"excerpt":{"rendered":"<p>Ebba Buschs beskrivning av samh\u00e4llsutvecklingen och januariavtalet \u00e4r inte mild. \u201dDet \u00e4r d\u00e5 man f\u00e5r den h\u00e4r mixen av rekordm\u00e5nga spr\u00e4ngningar och fri\u00e5r\u201d. I en l\u00e5ng intervju med fPlus ber\u00e4ttar Ebba Buschs om extra val och hur v\u00e4gen till regeringsmakten kan se ut. L\u00e4s intervjun med Ebba h\u00e4r! &nbsp; G\u00e5 med i KD idag! Bli <a class=\"read-more-link\" href=\"https:\/\/wp.kristdemokraterna.se\/taby\/sa-ser-nasta-regering-ut\/\">Read More<\/a><\/p>\n","protected":false},"author":26,"featured_media":0,"comment_status":"closed","ping_status":"closed","sticky":false,"template":"","format":"standard","meta":{"_acf_changed":false,"footnotes":""},"categories":[30,29,1],"tags":[],"class_list":["post-2034","post","type-post","status-publish","format-standard","hentry","category-inlagg","category-nyheter","category-okategoriserade"],"acf":[],"yoast_head":"<!-- This site is optimized with the Yoast SEO plugin v27.4 - https:\/\/yoast.com\/product\/yoast-seo-wordpress\/ -->\n<title>S\u00e5 ser n\u00e4sta regering ut! - KD T\u00e4by<\/title>\n<meta name=\"description\" content=\"Vill du se in i framtiden och se hur n\u00e4sta regering kan se ut? Blir det extraval och f\u00f6r\u00e4ndring? L\u00e4s intervjun med KD:s partiledare Ebba Busch.\" \/>\n<meta name=\"robots\" content=\"index, follow, max-snippet:-1, max-image-preview:large, max-video-preview:-1\" \/>\n<link rel=\"canonical\" href=\"https:\/\/wp.kristdemokraterna.se\/taby\/sa-ser-nasta-regering-ut\/\" \/>\n<meta property=\"og:locale\" content=\"sv_SE\" \/>\n<meta property=\"og:type\" content=\"article\" \/>\n<meta property=\"og:title\" content=\"S\u00e5 ser n\u00e4sta regering ut! - KD T\u00e4by\" \/>\n<meta property=\"og:description\" content=\"Vill du se in i framtiden och se hur n\u00e4sta regering kan se ut? Blir det extraval och f\u00f6r\u00e4ndring? L\u00e4s intervjun med KD:s partiledare Ebba Busch.\" \/>\n<meta property=\"og:url\" content=\"https:\/\/wp.kristdemokraterna.se\/taby\/sa-ser-nasta-regering-ut\/\" \/>\n<meta property=\"og:site_name\" content=\"T\u00e4by\" \/>\n<meta property=\"article:published_time\" content=\"2020-01-20T13:47:14+00:00\" \/>\n<meta property=\"article:modified_time\" content=\"2020-02-02T13:52:02+00:00\" \/>\n<meta name=\"author\" content=\"taby\" \/>\n<meta name=\"twitter:card\" content=\"summary_large_image\" \/>\n<meta name=\"twitter:label1\" content=\"Skriven av\" \/>\n\t<meta name=\"twitter:data1\" content=\"taby\" \/>\n<script type=\"application\/ld+json\" class=\"yoast-schema-graph\">{\"@context\":\"https:\\\/\\\/schema.org\",\"@graph\":[{\"@type\":\"Article\",\"@id\":\"https:\\\/\\\/wp.kristdemokraterna.se\\\/taby\\\/sa-ser-nasta-regering-ut\\\/#article\",\"isPartOf\":{\"@id\":\"https:\\\/\\\/wp.kristdemokraterna.se\\\/taby\\\/sa-ser-nasta-regering-ut\\\/\"},\"author\":{\"name\":\"taby\",\"@id\":\"https:\\\/\\\/wp.kristdemokraterna.se\\\/taby\\\/#\\\/schema\\\/person\\\/12b9024c714759d0acdc1da1e754d06c\"},\"headline\":\"S\u00e5 ser n\u00e4sta regering ut!\",\"datePublished\":\"2020-01-20T13:47:14+00:00\",\"dateModified\":\"2020-02-02T13:52:02+00:00\",\"mainEntityOfPage\":{\"@id\":\"https:\\\/\\\/wp.kristdemokraterna.se\\\/taby\\\/sa-ser-nasta-regering-ut\\\/\"},\"wordCount\":74,\"articleSection\":[\"inl\u00e4gg\",\"Nyheter\",\"Senaste nytt\"],\"inLanguage\":\"sv-SE\"},{\"@type\":\"WebPage\",\"@id\":\"https:\\\/\\\/wp.kristdemokraterna.se\\\/taby\\\/sa-ser-nasta-regering-ut\\\/\",\"url\":\"https:\\\/\\\/wp.kristdemokraterna.se\\\/taby\\\/sa-ser-nasta-regering-ut\\\/\",\"name\":\"S\u00e5 ser n\u00e4sta regering ut! - KD T\u00e4by\",\"isPartOf\":{\"@id\":\"https:\\\/\\\/wp.kristdemokraterna.se\\\/taby\\\/#website\"},\"datePublished\":\"2020-01-20T13:47:14+00:00\",\"dateModified\":\"2020-02-02T13:52:02+00:00\",\"author\":{\"@id\":\"https:\\\/\\\/wp.kristdemokraterna.se\\\/taby\\\/#\\\/schema\\\/person\\\/12b9024c714759d0acdc1da1e754d06c\"},\"description\":\"Vill du se in i framtiden och se hur n\u00e4sta regering kan se ut? Blir det extraval och f\u00f6r\u00e4ndring? L\u00e4s intervjun med KD:s partiledare Ebba Busch.\",\"breadcrumb\":{\"@id\":\"https:\\\/\\\/wp.kristdemokraterna.se\\\/taby\\\/sa-ser-nasta-regering-ut\\\/#breadcrumb\"},\"inLanguage\":\"sv-SE\",\"potentialAction\":[{\"@type\":\"ReadAction\",\"target\":[\"https:\\\/\\\/wp.kristdemokraterna.se\\\/taby\\\/sa-ser-nasta-regering-ut\\\/\"]}]},{\"@type\":\"BreadcrumbList\",\"@id\":\"https:\\\/\\\/wp.kristdemokraterna.se\\\/taby\\\/sa-ser-nasta-regering-ut\\\/#breadcrumb\",\"itemListElement\":[{\"@type\":\"ListItem\",\"position\":1,\"name\":\"Hem\",\"item\":\"https:\\\/\\\/wp.kristdemokraterna.se\\\/taby\\\/\"},{\"@type\":\"ListItem\",\"position\":2,\"name\":\"S\u00e5 ser n\u00e4sta regering ut!\"}]},{\"@type\":\"WebSite\",\"@id\":\"https:\\\/\\\/wp.kristdemokraterna.se\\\/taby\\\/#website\",\"url\":\"https:\\\/\\\/wp.kristdemokraterna.se\\\/taby\\\/\",\"name\":\"T\u00e4by\",\"description\":\"&quot;Det ska vara l\u00e4ttare att f\u00e5 ihop arbetsliv och familjeliv i T\u00e4by&quot;\",\"inLanguage\":\"sv-SE\"},{\"@type\":\"Person\",\"@id\":\"https:\\\/\\\/wp.kristdemokraterna.se\\\/taby\\\/#\\\/schema\\\/person\\\/12b9024c714759d0acdc1da1e754d06c\",\"name\":\"taby\",\"image\":{\"@type\":\"ImageObject\",\"inLanguage\":\"sv-SE\",\"@id\":\"https:\\\/\\\/secure.gravatar.com\\\/avatar\\\/62f6aca44d1f9c34b49438e5fdf4be3554253b04b49a76f013049906786db305?s=96&d=mm&r=g\",\"url\":\"https:\\\/\\\/secure.gravatar.com\\\/avatar\\\/62f6aca44d1f9c34b49438e5fdf4be3554253b04b49a76f013049906786db305?s=96&d=mm&r=g\",\"contentUrl\":\"https:\\\/\\\/secure.gravatar.com\\\/avatar\\\/62f6aca44d1f9c34b49438e5fdf4be3554253b04b49a76f013049906786db305?s=96&d=mm&r=g\",\"caption\":\"taby\"},\"url\":\"https:\\\/\\\/wp.kristdemokraterna.se\\\/taby\\\/author\\\/taby\\\/\"}]}<\/script>\n<!-- \/ Yoast SEO plugin. -->","yoast_head_json":{"title":"S\u00e5 ser n\u00e4sta regering ut! - KD T\u00e4by","description":"Vill du se in i framtiden och se hur n\u00e4sta regering kan se ut? Blir det extraval och f\u00f6r\u00e4ndring? L\u00e4s intervjun med KD:s partiledare Ebba Busch.","robots":{"index":"index","follow":"follow","max-snippet":"max-snippet:-1","max-image-preview":"max-image-preview:large","max-video-preview":"max-video-preview:-1"},"canonical":"https:\/\/wp.kristdemokraterna.se\/taby\/sa-ser-nasta-regering-ut\/","og_locale":"sv_SE","og_type":"article","og_title":"S\u00e5 ser n\u00e4sta regering ut! - KD T\u00e4by","og_description":"Vill du se in i framtiden och se hur n\u00e4sta regering kan se ut? Blir det extraval och f\u00f6r\u00e4ndring? L\u00e4s intervjun med KD:s partiledare Ebba Busch.","og_url":"https:\/\/wp.kristdemokraterna.se\/taby\/sa-ser-nasta-regering-ut\/","og_site_name":"T\u00e4by","article_published_time":"2020-01-20T13:47:14+00:00","article_modified_time":"2020-02-02T13:52:02+00:00","author":"taby","twitter_card":"summary_large_image","twitter_misc":{"Skriven av":"taby"},"schema":{"@context":"https:\/\/schema.org","@graph":[{"@type":"Article","@id":"https:\/\/wp.kristdemokraterna.se\/taby\/sa-ser-nasta-regering-ut\/#article","isPartOf":{"@id":"https:\/\/wp.kristdemokraterna.se\/taby\/sa-ser-nasta-regering-ut\/"},"author":{"name":"taby","@id":"https:\/\/wp.kristdemokraterna.se\/taby\/#\/schema\/person\/12b9024c714759d0acdc1da1e754d06c"},"headline":"S\u00e5 ser n\u00e4sta regering ut!","datePublished":"2020-01-20T13:47:14+00:00","dateModified":"2020-02-02T13:52:02+00:00","mainEntityOfPage":{"@id":"https:\/\/wp.kristdemokraterna.se\/taby\/sa-ser-nasta-regering-ut\/"},"wordCount":74,"articleSection":["inl\u00e4gg","Nyheter","Senaste nytt"],"inLanguage":"sv-SE"},{"@type":"WebPage","@id":"https:\/\/wp.kristdemokraterna.se\/taby\/sa-ser-nasta-regering-ut\/","url":"https:\/\/wp.kristdemokraterna.se\/taby\/sa-ser-nasta-regering-ut\/","name":"S\u00e5 ser n\u00e4sta regering ut! - KD T\u00e4by","isPartOf":{"@id":"https:\/\/wp.kristdemokraterna.se\/taby\/#website"},"datePublished":"2020-01-20T13:47:14+00:00","dateModified":"2020-02-02T13:52:02+00:00","author":{"@id":"https:\/\/wp.kristdemokraterna.se\/taby\/#\/schema\/person\/12b9024c714759d0acdc1da1e754d06c"},"description":"Vill du se in i framtiden och se hur n\u00e4sta regering kan se ut? Blir det extraval och f\u00f6r\u00e4ndring? L\u00e4s intervjun med KD:s partiledare Ebba Busch.","breadcrumb":{"@id":"https:\/\/wp.kristdemokraterna.se\/taby\/sa-ser-nasta-regering-ut\/#breadcrumb"},"inLanguage":"sv-SE","potentialAction":[{"@type":"ReadAction","target":["https:\/\/wp.kristdemokraterna.se\/taby\/sa-ser-nasta-regering-ut\/"]}]},{"@type":"BreadcrumbList","@id":"https:\/\/wp.kristdemokraterna.se\/taby\/sa-ser-nasta-regering-ut\/#breadcrumb","itemListElement":[{"@type":"ListItem","position":1,"name":"Hem","item":"https:\/\/wp.kristdemokraterna.se\/taby\/"},{"@type":"ListItem","position":2,"name":"S\u00e5 ser n\u00e4sta regering ut!"}]},{"@type":"WebSite","@id":"https:\/\/wp.kristdemokraterna.se\/taby\/#website","url":"https:\/\/wp.kristdemokraterna.se\/taby\/","name":"T\u00e4by","description":"&quot;Det ska vara l\u00e4ttare att f\u00e5 ihop arbetsliv och familjeliv i T\u00e4by&quot;","inLanguage":"sv-SE"},{"@type":"Person","@id":"https:\/\/wp.kristdemokraterna.se\/taby\/#\/schema\/person\/12b9024c714759d0acdc1da1e754d06c","name":"taby","image":{"@type":"ImageObject","inLanguage":"sv-SE","@id":"https:\/\/secure.gravatar.com\/avatar\/62f6aca44d1f9c34b49438e5fdf4be3554253b04b49a76f013049906786db305?s=96&d=mm&r=g","url":"https:\/\/secure.gravatar.com\/avatar\/62f6aca44d1f9c34b49438e5fdf4be3554253b04b49a76f013049906786db305?s=96&d=mm&r=g","contentUrl":"https:\/\/secure.gravatar.com\/avatar\/62f6aca44d1f9c34b49438e5fdf4be3554253b04b49a76f013049906786db305?s=96&d=mm&r=g","caption":"taby"},"url":"https:\/\/wp.kristdemokraterna.se\/taby\/author\/taby\/"}]}},"_links":{"self":[{"href":"https:\/\/wp.kristdemokraterna.se\/taby\/wp-json\/wp\/v2\/posts\/2034","targetHints":{"allow":["GET"]}}],"collection":[{"href":"https:\/\/wp.kristdemokraterna.se\/taby\/wp-json\/wp\/v2\/posts"}],"about":[{"href":"https:\/\/wp.kristdemokraterna.se\/taby\/wp-json\/wp\/v2\/types\/post"}],"author":[{"embeddable":true,"href":"https:\/\/wp.kristdemokraterna.se\/taby\/wp-json\/wp\/v2\/users\/26"}],"replies":[{"embeddable":true,"href":"https:\/\/wp.kristdemokraterna.se\/taby\/wp-json\/wp\/v2\/comments?post=2034"}],"version-history":[{"count":1,"href":"https:\/\/wp.kristdemokraterna.se\/taby\/wp-json\/wp\/v2\/posts\/2034\/revisions"}],"predecessor-version":[{"id":2035,"href":"https:\/\/wp.kristdemokraterna.se\/taby\/wp-json\/wp\/v2\/posts\/2034\/revisions\/2035"}],"wp:attachment":[{"href":"https:\/\/wp.kristdemokraterna.se\/taby\/wp-json\/wp\/v2\/media?parent=2034"}],"wp:term":[{"taxonomy":"category","embeddable":true,"href":"https:\/\/wp.kristdemokraterna.se\/taby\/wp-json\/wp\/v2\/categories?post=2034"},{"taxonomy":"post_tag","embeddable":true,"href":"https:\/\/wp.kristdemokraterna.se\/taby\/wp-json\/wp\/v2\/tags?post=2034"}],"curies":[{"name":"wp","href":"https:\/\/api.w.org\/{rel}","templated":true}]}}