{"id":2040,"date":"2020-02-05T16:16:52","date_gmt":"2020-02-05T15:16:52","guid":{"rendered":"http:\/\/wp.kristdemokraterna.se\/taby\/?p=2040"},"modified":"2020-02-16T16:20:32","modified_gmt":"2020-02-16T15:20:32","slug":"tvangsupplos-alla-manggiften-i-sverige","status":"publish","type":"post","link":"https:\/\/wp.kristdemokraterna.se\/taby\/tvangsupplos-alla-manggiften-i-sverige\/","title":{"rendered":"Tv\u00e5ngsuppl\u00f6s alla m\u00e5nggiften i Sverige!"},"content":{"rendered":"<div id=\"js_c9\" class=\"_5pbx userContent _3576\" data-testid=\"post_message\" data-ft=\"{&quot;tn&quot;:&quot;K&quot;}\">\n<p>Tv\u00e5ngsuppl\u00f6s alla m\u00e5nggiften i Sverige \u2013 svensk lag g\u00e4ller lika f\u00f6r alla!<\/p>\n<p>Trots att m\u00e5nggifte \u00e4r olagligt och straffbart har svenska myndigheter gjort undantag f\u00f6r m\u00e5nggiften som ing\u00e5tts i l\u00e4nder d\u00e4r det \u00e4r till\u00e5tet. Minns ni fallet i Nacka, d\u00e4r kommunen k\u00e4nde sig tvungen att k\u00f6pa en l\u00e4genhet till en man med 3 fruar och 16 barn? Undantagen i lagstiftningen har m\u00f6jliggjort situationer som den trots att m\u00e5nggifte och bigami \u00e4r f\u00f6rbjudet i Sverige.<\/p>\n<p>De v\u00e4rderingar som ligger till grund f\u00f6r svensk lagstiftning ska f\u00f6rsvaras och st\u00f6rre tydlighet beh\u00f6vs. M\u00e5nggifte strider, precis som barn\u00e4ktenskap, mot grunderna i den svenska r\u00e4ttsordningen och det strider dessutom mot v\u00e5r v\u00e4sterl\u00e4ndska syn p\u00e5 \u00e4ktenskapet. Svensk lag ska givetvis g\u00e4lla alla som \u00e4r bosatta i Sverige.<\/p>\n<\/div>\n<div style=\"width: 536px\" class=\"wp-caption alignnone\"><img loading=\"lazy\" decoding=\"async\" class=\"size-medium\" src=\"https:\/\/scontent-arn2-1.xx.fbcdn.net\/v\/t45.1600-4\/cp0\/q75\/spS444\/c46.0.1936.1014a\/s526x296\/85406146_6157317989985_5061915362619031552_n.jpg?_nc_cat=107&amp;_nc_oc=AQlUIjHnT5sBxwZKrlJXDXuKdcV2wynixa24V3kYz35J0YEqE20DQohTMsZDYw2wxTs&amp;_nc_ht=scontent-arn2-1.xx&amp;oh=8187418bdee5cfe683ae76bf9f1d6223&amp;oe=5ECFAA90\" alt=\"m\u00e5nggifte\" width=\"526\" height=\"275\" \/><p class=\"wp-caption-text\">Tv\u00e5ngsuppl\u00f6s alla m\u00e5nggiften!<\/p><\/div>\n","protected":false},"excerpt":{"rendered":"<p>Tv\u00e5ngsuppl\u00f6s alla m\u00e5nggiften i Sverige \u2013 svensk lag g\u00e4ller lika f\u00f6r alla! Trots att m\u00e5nggifte \u00e4r olagligt och straffbart har svenska myndigheter gjort undantag f\u00f6r m\u00e5nggiften som ing\u00e5tts i l\u00e4nder d\u00e4r det \u00e4r till\u00e5tet. Minns ni fallet i Nacka, d\u00e4r kommunen k\u00e4nde sig tvungen att k\u00f6pa en l\u00e4genhet till en man med 3 fruar och <a class=\"read-more-link\" href=\"https:\/\/wp.kristdemokraterna.se\/taby\/tvangsupplos-alla-manggiften-i-sverige\/\">Read More<\/a><\/p>\n","protected":false},"author":26,"featured_media":0,"comment_status":"closed","ping_status":"closed","sticky":false,"template":"","format":"standard","meta":{"_acf_changed":false,"footnotes":""},"categories":[30,29,1],"tags":[],"class_list":["post-2040","post","type-post","status-publish","format-standard","hentry","category-inlagg","category-nyheter","category-okategoriserade"],"acf":[],"yoast_head":"<!-- This site is optimized with the Yoast SEO plugin v27.4 - https:\/\/yoast.com\/product\/yoast-seo-wordpress\/ -->\n<title>Tv\u00e5ngsuppl\u00f6s alla m\u00e5nggiften i Sverige! - Kristdemokraterna<\/title>\n<meta name=\"description\" content=\"Tycker du ocks\u00e5 att svensk lag ska g\u00e4lla i Sverige och att m\u00e5nggiften ska uppl\u00f6sas? Bli medlem eller r\u00f6sta p\u00e5 Kristdemokraterna du med!\" \/>\n<meta name=\"robots\" content=\"index, follow, max-snippet:-1, max-image-preview:large, max-video-preview:-1\" \/>\n<link rel=\"canonical\" href=\"https:\/\/wp.kristdemokraterna.se\/taby\/tvangsupplos-alla-manggiften-i-sverige\/\" \/>\n<meta property=\"og:locale\" content=\"sv_SE\" \/>\n<meta property=\"og:type\" content=\"article\" \/>\n<meta property=\"og:title\" content=\"Tv\u00e5ngsuppl\u00f6s alla m\u00e5nggiften i Sverige! - Kristdemokraterna\" \/>\n<meta property=\"og:description\" content=\"Tycker du ocks\u00e5 att svensk lag ska g\u00e4lla i Sverige och att m\u00e5nggiften ska uppl\u00f6sas? Bli medlem eller r\u00f6sta p\u00e5 Kristdemokraterna du med!\" \/>\n<meta property=\"og:url\" content=\"https:\/\/wp.kristdemokraterna.se\/taby\/tvangsupplos-alla-manggiften-i-sverige\/\" \/>\n<meta property=\"og:site_name\" content=\"T\u00e4by\" \/>\n<meta property=\"article:published_time\" content=\"2020-02-05T15:16:52+00:00\" \/>\n<meta property=\"article:modified_time\" content=\"2020-02-16T15:20:32+00:00\" \/>\n<meta property=\"og:image\" content=\"https:\/\/scontent-arn2-1.xx.fbcdn.net\/v\/t45.1600-4\/cp0\/q75\/spS444\/c46.0.1936.1014a\/s526x296\/85406146_6157317989985_5061915362619031552_n.jpg?_nc_cat=107&amp;_nc_oc=AQlUIjHnT5sBxwZKrlJXDXuKdcV2wynixa24V3kYz35J0YEqE20DQohTMsZDYw2wxTs&amp;_nc_ht=scontent-arn2-1.xx&amp;oh=8187418bdee5cfe683ae76bf9f1d6223&amp;oe=5ECFAA90\" \/>\n<meta name=\"author\" content=\"taby\" \/>\n<meta name=\"twitter:card\" content=\"summary_large_image\" \/>\n<meta name=\"twitter:label1\" content=\"Skriven av\" \/>\n\t<meta name=\"twitter:data1\" content=\"taby\" \/>\n\t<meta name=\"twitter:label2\" content=\"Ber\u00e4knad l\u00e4stid\" \/>\n\t<meta name=\"twitter:data2\" content=\"1 minut\" \/>\n<script type=\"application\/ld+json\" class=\"yoast-schema-graph\">{\"@context\":\"https:\\\/\\\/schema.org\",\"@graph\":[{\"@type\":\"Article\",\"@id\":\"https:\\\/\\\/wp.kristdemokraterna.se\\\/taby\\\/tvangsupplos-alla-manggiften-i-sverige\\\/#article\",\"isPartOf\":{\"@id\":\"https:\\\/\\\/wp.kristdemokraterna.se\\\/taby\\\/tvangsupplos-alla-manggiften-i-sverige\\\/\"},\"author\":{\"name\":\"taby\",\"@id\":\"https:\\\/\\\/wp.kristdemokraterna.se\\\/taby\\\/#\\\/schema\\\/person\\\/12b9024c714759d0acdc1da1e754d06c\"},\"headline\":\"Tv\u00e5ngsuppl\u00f6s alla m\u00e5nggiften i Sverige!\",\"datePublished\":\"2020-02-05T15:16:52+00:00\",\"dateModified\":\"2020-02-16T15:20:32+00:00\",\"mainEntityOfPage\":{\"@id\":\"https:\\\/\\\/wp.kristdemokraterna.se\\\/taby\\\/tvangsupplos-alla-manggiften-i-sverige\\\/\"},\"wordCount\":169,\"image\":{\"@id\":\"https:\\\/\\\/wp.kristdemokraterna.se\\\/taby\\\/tvangsupplos-alla-manggiften-i-sverige\\\/#primaryimage\"},\"thumbnailUrl\":\"https:\\\/\\\/scontent-arn2-1.xx.fbcdn.net\\\/v\\\/t45.1600-4\\\/cp0\\\/q75\\\/spS444\\\/c46.0.1936.1014a\\\/s526x296\\\/85406146_6157317989985_5061915362619031552_n.jpg?_nc_cat=107&amp;_nc_oc=AQlUIjHnT5sBxwZKrlJXDXuKdcV2wynixa24V3kYz35J0YEqE20DQohTMsZDYw2wxTs&amp;_nc_ht=scontent-arn2-1.xx&amp;oh=8187418bdee5cfe683ae76bf9f1d6223&amp;oe=5ECFAA90\",\"articleSection\":[\"inl\u00e4gg\",\"Nyheter\",\"Senaste nytt\"],\"inLanguage\":\"sv-SE\"},{\"@type\":\"WebPage\",\"@id\":\"https:\\\/\\\/wp.kristdemokraterna.se\\\/taby\\\/tvangsupplos-alla-manggiften-i-sverige\\\/\",\"url\":\"https:\\\/\\\/wp.kristdemokraterna.se\\\/taby\\\/tvangsupplos-alla-manggiften-i-sverige\\\/\",\"name\":\"Tv\u00e5ngsuppl\u00f6s alla m\u00e5nggiften i Sverige! - Kristdemokraterna\",\"isPartOf\":{\"@id\":\"https:\\\/\\\/wp.kristdemokraterna.se\\\/taby\\\/#website\"},\"primaryImageOfPage\":{\"@id\":\"https:\\\/\\\/wp.kristdemokraterna.se\\\/taby\\\/tvangsupplos-alla-manggiften-i-sverige\\\/#primaryimage\"},\"image\":{\"@id\":\"https:\\\/\\\/wp.kristdemokraterna.se\\\/taby\\\/tvangsupplos-alla-manggiften-i-sverige\\\/#primaryimage\"},\"thumbnailUrl\":\"https:\\\/\\\/scontent-arn2-1.xx.fbcdn.net\\\/v\\\/t45.1600-4\\\/cp0\\\/q75\\\/spS444\\\/c46.0.1936.1014a\\\/s526x296\\\/85406146_6157317989985_5061915362619031552_n.jpg?_nc_cat=107&amp;_nc_oc=AQlUIjHnT5sBxwZKrlJXDXuKdcV2wynixa24V3kYz35J0YEqE20DQohTMsZDYw2wxTs&amp;_nc_ht=scontent-arn2-1.xx&amp;oh=8187418bdee5cfe683ae76bf9f1d6223&amp;oe=5ECFAA90\",\"datePublished\":\"2020-02-05T15:16:52+00:00\",\"dateModified\":\"2020-02-16T15:20:32+00:00\",\"author\":{\"@id\":\"https:\\\/\\\/wp.kristdemokraterna.se\\\/taby\\\/#\\\/schema\\\/person\\\/12b9024c714759d0acdc1da1e754d06c\"},\"description\":\"Tycker du ocks\u00e5 att svensk lag ska g\u00e4lla i Sverige och att m\u00e5nggiften ska uppl\u00f6sas? Bli medlem eller r\u00f6sta p\u00e5 Kristdemokraterna du med!\",\"breadcrumb\":{\"@id\":\"https:\\\/\\\/wp.kristdemokraterna.se\\\/taby\\\/tvangsupplos-alla-manggiften-i-sverige\\\/#breadcrumb\"},\"inLanguage\":\"sv-SE\",\"potentialAction\":[{\"@type\":\"ReadAction\",\"target\":[\"https:\\\/\\\/wp.kristdemokraterna.se\\\/taby\\\/tvangsupplos-alla-manggiften-i-sverige\\\/\"]}]},{\"@type\":\"ImageObject\",\"inLanguage\":\"sv-SE\",\"@id\":\"https:\\\/\\\/wp.kristdemokraterna.se\\\/taby\\\/tvangsupplos-alla-manggiften-i-sverige\\\/#primaryimage\",\"url\":\"https:\\\/\\\/scontent-arn2-1.xx.fbcdn.net\\\/v\\\/t45.1600-4\\\/cp0\\\/q75\\\/spS444\\\/c46.0.1936.1014a\\\/s526x296\\\/85406146_6157317989985_5061915362619031552_n.jpg?_nc_cat=107&amp;_nc_oc=AQlUIjHnT5sBxwZKrlJXDXuKdcV2wynixa24V3kYz35J0YEqE20DQohTMsZDYw2wxTs&amp;_nc_ht=scontent-arn2-1.xx&amp;oh=8187418bdee5cfe683ae76bf9f1d6223&amp;oe=5ECFAA90\",\"contentUrl\":\"https:\\\/\\\/scontent-arn2-1.xx.fbcdn.net\\\/v\\\/t45.1600-4\\\/cp0\\\/q75\\\/spS444\\\/c46.0.1936.1014a\\\/s526x296\\\/85406146_6157317989985_5061915362619031552_n.jpg?_nc_cat=107&amp;_nc_oc=AQlUIjHnT5sBxwZKrlJXDXuKdcV2wynixa24V3kYz35J0YEqE20DQohTMsZDYw2wxTs&amp;_nc_ht=scontent-arn2-1.xx&amp;oh=8187418bdee5cfe683ae76bf9f1d6223&amp;oe=5ECFAA90\"},{\"@type\":\"BreadcrumbList\",\"@id\":\"https:\\\/\\\/wp.kristdemokraterna.se\\\/taby\\\/tvangsupplos-alla-manggiften-i-sverige\\\/#breadcrumb\",\"itemListElement\":[{\"@type\":\"ListItem\",\"position\":1,\"name\":\"Hem\",\"item\":\"https:\\\/\\\/wp.kristdemokraterna.se\\\/taby\\\/\"},{\"@type\":\"ListItem\",\"position\":2,\"name\":\"Tv\u00e5ngsuppl\u00f6s alla m\u00e5nggiften i Sverige!\"}]},{\"@type\":\"WebSite\",\"@id\":\"https:\\\/\\\/wp.kristdemokraterna.se\\\/taby\\\/#website\",\"url\":\"https:\\\/\\\/wp.kristdemokraterna.se\\\/taby\\\/\",\"name\":\"T\u00e4by\",\"description\":\"&quot;Det ska vara l\u00e4ttare att f\u00e5 ihop arbetsliv och familjeliv i T\u00e4by&quot;\",\"inLanguage\":\"sv-SE\"},{\"@type\":\"Person\",\"@id\":\"https:\\\/\\\/wp.kristdemokraterna.se\\\/taby\\\/#\\\/schema\\\/person\\\/12b9024c714759d0acdc1da1e754d06c\",\"name\":\"taby\",\"image\":{\"@type\":\"ImageObject\",\"inLanguage\":\"sv-SE\",\"@id\":\"https:\\\/\\\/secure.gravatar.com\\\/avatar\\\/62f6aca44d1f9c34b49438e5fdf4be3554253b04b49a76f013049906786db305?s=96&d=mm&r=g\",\"url\":\"https:\\\/\\\/secure.gravatar.com\\\/avatar\\\/62f6aca44d1f9c34b49438e5fdf4be3554253b04b49a76f013049906786db305?s=96&d=mm&r=g\",\"contentUrl\":\"https:\\\/\\\/secure.gravatar.com\\\/avatar\\\/62f6aca44d1f9c34b49438e5fdf4be3554253b04b49a76f013049906786db305?s=96&d=mm&r=g\",\"caption\":\"taby\"},\"url\":\"https:\\\/\\\/wp.kristdemokraterna.se\\\/taby\\\/author\\\/taby\\\/\"}]}<\/script>\n<!-- \/ Yoast SEO plugin. -->","yoast_head_json":{"title":"Tv\u00e5ngsuppl\u00f6s alla m\u00e5nggiften i Sverige! - Kristdemokraterna","description":"Tycker du ocks\u00e5 att svensk lag ska g\u00e4lla i Sverige och att m\u00e5nggiften ska uppl\u00f6sas? Bli medlem eller r\u00f6sta p\u00e5 Kristdemokraterna du med!","robots":{"index":"index","follow":"follow","max-snippet":"max-snippet:-1","max-image-preview":"max-image-preview:large","max-video-preview":"max-video-preview:-1"},"canonical":"https:\/\/wp.kristdemokraterna.se\/taby\/tvangsupplos-alla-manggiften-i-sverige\/","og_locale":"sv_SE","og_type":"article","og_title":"Tv\u00e5ngsuppl\u00f6s alla m\u00e5nggiften i Sverige! - Kristdemokraterna","og_description":"Tycker du ocks\u00e5 att svensk lag ska g\u00e4lla i Sverige och att m\u00e5nggiften ska uppl\u00f6sas? Bli medlem eller r\u00f6sta p\u00e5 Kristdemokraterna du med!","og_url":"https:\/\/wp.kristdemokraterna.se\/taby\/tvangsupplos-alla-manggiften-i-sverige\/","og_site_name":"T\u00e4by","article_published_time":"2020-02-05T15:16:52+00:00","article_modified_time":"2020-02-16T15:20:32+00:00","og_image":[{"url":"https:\/\/scontent-arn2-1.xx.fbcdn.net\/v\/t45.1600-4\/cp0\/q75\/spS444\/c46.0.1936.1014a\/s526x296\/85406146_6157317989985_5061915362619031552_n.jpg?_nc_cat=107&amp;_nc_oc=AQlUIjHnT5sBxwZKrlJXDXuKdcV2wynixa24V3kYz35J0YEqE20DQohTMsZDYw2wxTs&amp;_nc_ht=scontent-arn2-1.xx&amp;oh=8187418bdee5cfe683ae76bf9f1d6223&amp;oe=5ECFAA90","type":"","width":"","height":""}],"author":"taby","twitter_card":"summary_large_image","twitter_misc":{"Skriven av":"taby","Ber\u00e4knad l\u00e4stid":"1 minut"},"schema":{"@context":"https:\/\/schema.org","@graph":[{"@type":"Article","@id":"https:\/\/wp.kristdemokraterna.se\/taby\/tvangsupplos-alla-manggiften-i-sverige\/#article","isPartOf":{"@id":"https:\/\/wp.kristdemokraterna.se\/taby\/tvangsupplos-alla-manggiften-i-sverige\/"},"author":{"name":"taby","@id":"https:\/\/wp.kristdemokraterna.se\/taby\/#\/schema\/person\/12b9024c714759d0acdc1da1e754d06c"},"headline":"Tv\u00e5ngsuppl\u00f6s alla m\u00e5nggiften i Sverige!","datePublished":"2020-02-05T15:16:52+00:00","dateModified":"2020-02-16T15:20:32+00:00","mainEntityOfPage":{"@id":"https:\/\/wp.kristdemokraterna.se\/taby\/tvangsupplos-alla-manggiften-i-sverige\/"},"wordCount":169,"image":{"@id":"https:\/\/wp.kristdemokraterna.se\/taby\/tvangsupplos-alla-manggiften-i-sverige\/#primaryimage"},"thumbnailUrl":"https:\/\/scontent-arn2-1.xx.fbcdn.net\/v\/t45.1600-4\/cp0\/q75\/spS444\/c46.0.1936.1014a\/s526x296\/85406146_6157317989985_5061915362619031552_n.jpg?_nc_cat=107&amp;_nc_oc=AQlUIjHnT5sBxwZKrlJXDXuKdcV2wynixa24V3kYz35J0YEqE20DQohTMsZDYw2wxTs&amp;_nc_ht=scontent-arn2-1.xx&amp;oh=8187418bdee5cfe683ae76bf9f1d6223&amp;oe=5ECFAA90","articleSection":["inl\u00e4gg","Nyheter","Senaste nytt"],"inLanguage":"sv-SE"},{"@type":"WebPage","@id":"https:\/\/wp.kristdemokraterna.se\/taby\/tvangsupplos-alla-manggiften-i-sverige\/","url":"https:\/\/wp.kristdemokraterna.se\/taby\/tvangsupplos-alla-manggiften-i-sverige\/","name":"Tv\u00e5ngsuppl\u00f6s alla m\u00e5nggiften i Sverige! - Kristdemokraterna","isPartOf":{"@id":"https:\/\/wp.kristdemokraterna.se\/taby\/#website"},"primaryImageOfPage":{"@id":"https:\/\/wp.kristdemokraterna.se\/taby\/tvangsupplos-alla-manggiften-i-sverige\/#primaryimage"},"image":{"@id":"https:\/\/wp.kristdemokraterna.se\/taby\/tvangsupplos-alla-manggiften-i-sverige\/#primaryimage"},"thumbnailUrl":"https:\/\/scontent-arn2-1.xx.fbcdn.net\/v\/t45.1600-4\/cp0\/q75\/spS444\/c46.0.1936.1014a\/s526x296\/85406146_6157317989985_5061915362619031552_n.jpg?_nc_cat=107&amp;_nc_oc=AQlUIjHnT5sBxwZKrlJXDXuKdcV2wynixa24V3kYz35J0YEqE20DQohTMsZDYw2wxTs&amp;_nc_ht=scontent-arn2-1.xx&amp;oh=8187418bdee5cfe683ae76bf9f1d6223&amp;oe=5ECFAA90","datePublished":"2020-02-05T15:16:52+00:00","dateModified":"2020-02-16T15:20:32+00:00","author":{"@id":"https:\/\/wp.kristdemokraterna.se\/taby\/#\/schema\/person\/12b9024c714759d0acdc1da1e754d06c"},"description":"Tycker du ocks\u00e5 att svensk lag ska g\u00e4lla i Sverige och att m\u00e5nggiften ska uppl\u00f6sas? Bli medlem eller r\u00f6sta p\u00e5 Kristdemokraterna du med!","breadcrumb":{"@id":"https:\/\/wp.kristdemokraterna.se\/taby\/tvangsupplos-alla-manggiften-i-sverige\/#breadcrumb"},"inLanguage":"sv-SE","potentialAction":[{"@type":"ReadAction","target":["https:\/\/wp.kristdemokraterna.se\/taby\/tvangsupplos-alla-manggiften-i-sverige\/"]}]},{"@type":"ImageObject","inLanguage":"sv-SE","@id":"https:\/\/wp.kristdemokraterna.se\/taby\/tvangsupplos-alla-manggiften-i-sverige\/#primaryimage","url":"https:\/\/scontent-arn2-1.xx.fbcdn.net\/v\/t45.1600-4\/cp0\/q75\/spS444\/c46.0.1936.1014a\/s526x296\/85406146_6157317989985_5061915362619031552_n.jpg?_nc_cat=107&amp;_nc_oc=AQlUIjHnT5sBxwZKrlJXDXuKdcV2wynixa24V3kYz35J0YEqE20DQohTMsZDYw2wxTs&amp;_nc_ht=scontent-arn2-1.xx&amp;oh=8187418bdee5cfe683ae76bf9f1d6223&amp;oe=5ECFAA90","contentUrl":"https:\/\/scontent-arn2-1.xx.fbcdn.net\/v\/t45.1600-4\/cp0\/q75\/spS444\/c46.0.1936.1014a\/s526x296\/85406146_6157317989985_5061915362619031552_n.jpg?_nc_cat=107&amp;_nc_oc=AQlUIjHnT5sBxwZKrlJXDXuKdcV2wynixa24V3kYz35J0YEqE20DQohTMsZDYw2wxTs&amp;_nc_ht=scontent-arn2-1.xx&amp;oh=8187418bdee5cfe683ae76bf9f1d6223&amp;oe=5ECFAA90"},{"@type":"BreadcrumbList","@id":"https:\/\/wp.kristdemokraterna.se\/taby\/tvangsupplos-alla-manggiften-i-sverige\/#breadcrumb","itemListElement":[{"@type":"ListItem","position":1,"name":"Hem","item":"https:\/\/wp.kristdemokraterna.se\/taby\/"},{"@type":"ListItem","position":2,"name":"Tv\u00e5ngsuppl\u00f6s alla m\u00e5nggiften i Sverige!"}]},{"@type":"WebSite","@id":"https:\/\/wp.kristdemokraterna.se\/taby\/#website","url":"https:\/\/wp.kristdemokraterna.se\/taby\/","name":"T\u00e4by","description":"&quot;Det ska vara l\u00e4ttare att f\u00e5 ihop arbetsliv och familjeliv i T\u00e4by&quot;","inLanguage":"sv-SE"},{"@type":"Person","@id":"https:\/\/wp.kristdemokraterna.se\/taby\/#\/schema\/person\/12b9024c714759d0acdc1da1e754d06c","name":"taby","image":{"@type":"ImageObject","inLanguage":"sv-SE","@id":"https:\/\/secure.gravatar.com\/avatar\/62f6aca44d1f9c34b49438e5fdf4be3554253b04b49a76f013049906786db305?s=96&d=mm&r=g","url":"https:\/\/secure.gravatar.com\/avatar\/62f6aca44d1f9c34b49438e5fdf4be3554253b04b49a76f013049906786db305?s=96&d=mm&r=g","contentUrl":"https:\/\/secure.gravatar.com\/avatar\/62f6aca44d1f9c34b49438e5fdf4be3554253b04b49a76f013049906786db305?s=96&d=mm&r=g","caption":"taby"},"url":"https:\/\/wp.kristdemokraterna.se\/taby\/author\/taby\/"}]}},"_links":{"self":[{"href":"https:\/\/wp.kristdemokraterna.se\/taby\/wp-json\/wp\/v2\/posts\/2040","targetHints":{"allow":["GET"]}}],"collection":[{"href":"https:\/\/wp.kristdemokraterna.se\/taby\/wp-json\/wp\/v2\/posts"}],"about":[{"href":"https:\/\/wp.kristdemokraterna.se\/taby\/wp-json\/wp\/v2\/types\/post"}],"author":[{"embeddable":true,"href":"https:\/\/wp.kristdemokraterna.se\/taby\/wp-json\/wp\/v2\/users\/26"}],"replies":[{"embeddable":true,"href":"https:\/\/wp.kristdemokraterna.se\/taby\/wp-json\/wp\/v2\/comments?post=2040"}],"version-history":[{"count":1,"href":"https:\/\/wp.kristdemokraterna.se\/taby\/wp-json\/wp\/v2\/posts\/2040\/revisions"}],"predecessor-version":[{"id":2041,"href":"https:\/\/wp.kristdemokraterna.se\/taby\/wp-json\/wp\/v2\/posts\/2040\/revisions\/2041"}],"wp:attachment":[{"href":"https:\/\/wp.kristdemokraterna.se\/taby\/wp-json\/wp\/v2\/media?parent=2040"}],"wp:term":[{"taxonomy":"category","embeddable":true,"href":"https:\/\/wp.kristdemokraterna.se\/taby\/wp-json\/wp\/v2\/categories?post=2040"},{"taxonomy":"post_tag","embeddable":true,"href":"https:\/\/wp.kristdemokraterna.se\/taby\/wp-json\/wp\/v2\/tags?post=2040"}],"curies":[{"name":"wp","href":"https:\/\/api.w.org\/{rel}","templated":true}]}}