{"id":2049,"date":"2020-03-09T15:46:19","date_gmt":"2020-03-09T14:46:19","guid":{"rendered":"http:\/\/wp.kristdemokraterna.se\/taby\/?p=2049"},"modified":"2020-03-18T15:59:22","modified_gmt":"2020-03-18T14:59:22","slug":"alla-kvinnor-vill-inte-gora-karriar-pa-mans-villkor","status":"publish","type":"post","link":"https:\/\/wp.kristdemokraterna.se\/taby\/alla-kvinnor-vill-inte-gora-karriar-pa-mans-villkor\/","title":{"rendered":"Alla kvinnor vill inte g\u00f6ra karri\u00e4r p\u00e5 m\u00e4ns villkor"},"content":{"rendered":"<p>Alla kvinnor vill inte g\u00f6ra karri\u00e4r p\u00e5 m\u00e4ns villkor. N\u00e4r j\u00e4mst\u00e4lldhetsl\u00f6sningarna utg\u00e5r fr\u00e5n en f\u00f6rlegad mansnorm \u00e4r det vi kvinnor som tar sm\u00e4llen.<\/p>\n<p>Vi pratar allt f\u00f6r lite om effekterna av dagens tr\u00f6ga och stelbenta familjepolitik. F\u00f6r barn och f\u00f6r f\u00f6r\u00e4ldrar. Ta bara det faktum att risken f\u00f6r kvinnor att bli sjukskrivna f\u00f6rdubblas tv\u00e5 \u00e5r efter att de f\u00f6tt sitt andra barn.<\/p>\n<p>Sjukskrivningarna har \u00e5terigen b\u00f6rjat \u00f6ka och det \u00e4r framf\u00f6rallt den psykiska oh\u00e4lsan som v\u00e4xer. Det \u00e4r <span class=\"text_exposed_show\">en enorm kostnad f\u00f6r samh\u00e4llet. Och jag som sj\u00e4lv vuxit upp med en mamma som var l\u00e5ngtidssjukskriven (som sen tack och lov \u00e5terh\u00e4mtade sig) vet n\u00e5got om vad det inneb\u00e4r f\u00f6r kvinnan och f\u00f6r barnen.<\/span><\/p>\n<div class=\"text_exposed_show\">\n<p>Om feminism ska vara r\u00f6relsen f\u00f6r j\u00e4mst\u00e4lldhet \u2013 d\u00e5 beh\u00f6ver vi verkligen en ny feminism. Som ser kvinnors behov. Som inte f\u00f6rs\u00f6ker pressa in kvinnor i dagens system utan vill anpassa samh\u00e4llet och arbetslivet s\u00e5 de ocks\u00e5 st\u00e4mmer med kvinnors verklighet. Det beh\u00f6vs en ny borgerlig feminism.<\/p>\n<p>Kristdemokraternas viktigaste j\u00e4mst\u00e4lldhetsf\u00f6rslag<\/p>\n<p><span class=\"_5mfr\"><span class=\"_6qdm\">\u2714\ufe0f<\/span><\/span> J\u00e4mst\u00e4llda pensioner. KD vill st\u00e4rka kvinnors pensioner genom automatiskt delad premiepensionen och fler barnr\u00e4tts\u00e5r.<\/p>\n<p><span class=\"_5mfr\"><span class=\"_6qdm\">\u2714\ufe0f<\/span><\/span> Valfrihet inom familjen, genom flexibel f\u00f6r\u00e4ldraf\u00f6rs\u00e4kring med skrotade pappam\u00e5nader och barnomsorgspeng.<\/p>\n<p><span class=\"_5mfr\"><span class=\"_6qdm\">\u2714\ufe0f<\/span><\/span> Ge kvinnodominerade branscher de m\u00f6jligheter mansdominerade branscher haft alla \u00e5r.<\/p>\n<p><span class=\"_5mfr\"><span class=\"_6qdm\">\u2714\ufe0f<\/span><\/span> J\u00e4mlik f\u00f6rlossningsv\u00e5rd, bland annat genom f\u00f6rstatligande och fast barnmorska.<\/p>\n<p><span class=\"_5mfr\"><span class=\"_6qdm\">\u2714\ufe0f<\/span><\/span> Fr\u00e4mja kvinnors f\u00f6retagande. Satsa p\u00e5 aff\u00e4rsr\u00e5dgivning till kvinnor och l\u00e4ttare anskaffning av riskkapital.<\/p>\n<\/div>\n","protected":false},"excerpt":{"rendered":"<p>Alla kvinnor vill inte g\u00f6ra karri\u00e4r p\u00e5 m\u00e4ns villkor. N\u00e4r j\u00e4mst\u00e4lldhetsl\u00f6sningarna utg\u00e5r fr\u00e5n en f\u00f6rlegad mansnorm \u00e4r det vi kvinnor som tar sm\u00e4llen. Vi pratar allt f\u00f6r lite om effekterna av dagens tr\u00f6ga och stelbenta familjepolitik. F\u00f6r barn och f\u00f6r f\u00f6r\u00e4ldrar. Ta bara det faktum att risken f\u00f6r kvinnor att bli sjukskrivna f\u00f6rdubblas tv\u00e5 \u00e5r <a class=\"read-more-link\" href=\"https:\/\/wp.kristdemokraterna.se\/taby\/alla-kvinnor-vill-inte-gora-karriar-pa-mans-villkor\/\">Read More<\/a><\/p>\n","protected":false},"author":26,"featured_media":0,"comment_status":"closed","ping_status":"closed","sticky":false,"template":"","format":"standard","meta":{"_acf_changed":false,"footnotes":""},"categories":[30,29,1],"tags":[],"class_list":["post-2049","post","type-post","status-publish","format-standard","hentry","category-inlagg","category-nyheter","category-okategoriserade"],"acf":[],"yoast_head":"<!-- This site is optimized with the Yoast SEO plugin v27.4 - https:\/\/yoast.com\/product\/yoast-seo-wordpress\/ -->\n<title>Alla kvinnor vill inte g\u00f6ra karri\u00e4r p\u00e5 m\u00e4ns villkor - T\u00e4by<\/title>\n<meta name=\"robots\" content=\"index, follow, max-snippet:-1, max-image-preview:large, max-video-preview:-1\" \/>\n<link rel=\"canonical\" href=\"https:\/\/wp.kristdemokraterna.se\/taby\/alla-kvinnor-vill-inte-gora-karriar-pa-mans-villkor\/\" \/>\n<meta property=\"og:locale\" content=\"sv_SE\" \/>\n<meta property=\"og:type\" content=\"article\" \/>\n<meta property=\"og:title\" content=\"Alla kvinnor vill inte g\u00f6ra karri\u00e4r p\u00e5 m\u00e4ns villkor - T\u00e4by\" \/>\n<meta property=\"og:description\" content=\"Alla kvinnor vill inte g\u00f6ra karri\u00e4r p\u00e5 m\u00e4ns villkor. N\u00e4r j\u00e4mst\u00e4lldhetsl\u00f6sningarna utg\u00e5r fr\u00e5n en f\u00f6rlegad mansnorm \u00e4r det vi kvinnor som tar sm\u00e4llen. Vi pratar allt f\u00f6r lite om effekterna av dagens tr\u00f6ga och stelbenta familjepolitik. F\u00f6r barn och f\u00f6r f\u00f6r\u00e4ldrar. Ta bara det faktum att risken f\u00f6r kvinnor att bli sjukskrivna f\u00f6rdubblas tv\u00e5 \u00e5r Read More\" \/>\n<meta property=\"og:url\" content=\"https:\/\/wp.kristdemokraterna.se\/taby\/alla-kvinnor-vill-inte-gora-karriar-pa-mans-villkor\/\" \/>\n<meta property=\"og:site_name\" content=\"T\u00e4by\" \/>\n<meta property=\"article:published_time\" content=\"2020-03-09T14:46:19+00:00\" \/>\n<meta property=\"article:modified_time\" content=\"2020-03-18T14:59:22+00:00\" \/>\n<meta name=\"author\" content=\"taby\" \/>\n<meta name=\"twitter:card\" content=\"summary_large_image\" \/>\n<meta name=\"twitter:label1\" content=\"Skriven av\" \/>\n\t<meta name=\"twitter:data1\" content=\"taby\" \/>\n\t<meta name=\"twitter:label2\" content=\"Ber\u00e4knad l\u00e4stid\" \/>\n\t<meta name=\"twitter:data2\" content=\"1 minut\" \/>\n<script type=\"application\/ld+json\" class=\"yoast-schema-graph\">{\"@context\":\"https:\\\/\\\/schema.org\",\"@graph\":[{\"@type\":\"Article\",\"@id\":\"https:\\\/\\\/wp.kristdemokraterna.se\\\/taby\\\/alla-kvinnor-vill-inte-gora-karriar-pa-mans-villkor\\\/#article\",\"isPartOf\":{\"@id\":\"https:\\\/\\\/wp.kristdemokraterna.se\\\/taby\\\/alla-kvinnor-vill-inte-gora-karriar-pa-mans-villkor\\\/\"},\"author\":{\"name\":\"taby\",\"@id\":\"https:\\\/\\\/wp.kristdemokraterna.se\\\/taby\\\/#\\\/schema\\\/person\\\/12b9024c714759d0acdc1da1e754d06c\"},\"headline\":\"Alla kvinnor vill inte g\u00f6ra karri\u00e4r p\u00e5 m\u00e4ns villkor\",\"datePublished\":\"2020-03-09T14:46:19+00:00\",\"dateModified\":\"2020-03-18T14:59:22+00:00\",\"mainEntityOfPage\":{\"@id\":\"https:\\\/\\\/wp.kristdemokraterna.se\\\/taby\\\/alla-kvinnor-vill-inte-gora-karriar-pa-mans-villkor\\\/\"},\"wordCount\":297,\"articleSection\":[\"inl\u00e4gg\",\"Nyheter\",\"Senaste nytt\"],\"inLanguage\":\"sv-SE\"},{\"@type\":\"WebPage\",\"@id\":\"https:\\\/\\\/wp.kristdemokraterna.se\\\/taby\\\/alla-kvinnor-vill-inte-gora-karriar-pa-mans-villkor\\\/\",\"url\":\"https:\\\/\\\/wp.kristdemokraterna.se\\\/taby\\\/alla-kvinnor-vill-inte-gora-karriar-pa-mans-villkor\\\/\",\"name\":\"Alla kvinnor vill inte g\u00f6ra karri\u00e4r p\u00e5 m\u00e4ns villkor - T\u00e4by\",\"isPartOf\":{\"@id\":\"https:\\\/\\\/wp.kristdemokraterna.se\\\/taby\\\/#website\"},\"datePublished\":\"2020-03-09T14:46:19+00:00\",\"dateModified\":\"2020-03-18T14:59:22+00:00\",\"author\":{\"@id\":\"https:\\\/\\\/wp.kristdemokraterna.se\\\/taby\\\/#\\\/schema\\\/person\\\/12b9024c714759d0acdc1da1e754d06c\"},\"breadcrumb\":{\"@id\":\"https:\\\/\\\/wp.kristdemokraterna.se\\\/taby\\\/alla-kvinnor-vill-inte-gora-karriar-pa-mans-villkor\\\/#breadcrumb\"},\"inLanguage\":\"sv-SE\",\"potentialAction\":[{\"@type\":\"ReadAction\",\"target\":[\"https:\\\/\\\/wp.kristdemokraterna.se\\\/taby\\\/alla-kvinnor-vill-inte-gora-karriar-pa-mans-villkor\\\/\"]}]},{\"@type\":\"BreadcrumbList\",\"@id\":\"https:\\\/\\\/wp.kristdemokraterna.se\\\/taby\\\/alla-kvinnor-vill-inte-gora-karriar-pa-mans-villkor\\\/#breadcrumb\",\"itemListElement\":[{\"@type\":\"ListItem\",\"position\":1,\"name\":\"Hem\",\"item\":\"https:\\\/\\\/wp.kristdemokraterna.se\\\/taby\\\/\"},{\"@type\":\"ListItem\",\"position\":2,\"name\":\"Alla kvinnor vill inte g\u00f6ra karri\u00e4r p\u00e5 m\u00e4ns villkor\"}]},{\"@type\":\"WebSite\",\"@id\":\"https:\\\/\\\/wp.kristdemokraterna.se\\\/taby\\\/#website\",\"url\":\"https:\\\/\\\/wp.kristdemokraterna.se\\\/taby\\\/\",\"name\":\"T\u00e4by\",\"description\":\"&quot;Det ska vara l\u00e4ttare att f\u00e5 ihop arbetsliv och familjeliv i T\u00e4by&quot;\",\"inLanguage\":\"sv-SE\"},{\"@type\":\"Person\",\"@id\":\"https:\\\/\\\/wp.kristdemokraterna.se\\\/taby\\\/#\\\/schema\\\/person\\\/12b9024c714759d0acdc1da1e754d06c\",\"name\":\"taby\",\"image\":{\"@type\":\"ImageObject\",\"inLanguage\":\"sv-SE\",\"@id\":\"https:\\\/\\\/secure.gravatar.com\\\/avatar\\\/62f6aca44d1f9c34b49438e5fdf4be3554253b04b49a76f013049906786db305?s=96&d=mm&r=g\",\"url\":\"https:\\\/\\\/secure.gravatar.com\\\/avatar\\\/62f6aca44d1f9c34b49438e5fdf4be3554253b04b49a76f013049906786db305?s=96&d=mm&r=g\",\"contentUrl\":\"https:\\\/\\\/secure.gravatar.com\\\/avatar\\\/62f6aca44d1f9c34b49438e5fdf4be3554253b04b49a76f013049906786db305?s=96&d=mm&r=g\",\"caption\":\"taby\"},\"url\":\"https:\\\/\\\/wp.kristdemokraterna.se\\\/taby\\\/author\\\/taby\\\/\"}]}<\/script>\n<!-- \/ Yoast SEO plugin. -->","yoast_head_json":{"title":"Alla kvinnor vill inte g\u00f6ra karri\u00e4r p\u00e5 m\u00e4ns villkor - T\u00e4by","robots":{"index":"index","follow":"follow","max-snippet":"max-snippet:-1","max-image-preview":"max-image-preview:large","max-video-preview":"max-video-preview:-1"},"canonical":"https:\/\/wp.kristdemokraterna.se\/taby\/alla-kvinnor-vill-inte-gora-karriar-pa-mans-villkor\/","og_locale":"sv_SE","og_type":"article","og_title":"Alla kvinnor vill inte g\u00f6ra karri\u00e4r p\u00e5 m\u00e4ns villkor - T\u00e4by","og_description":"Alla kvinnor vill inte g\u00f6ra karri\u00e4r p\u00e5 m\u00e4ns villkor. N\u00e4r j\u00e4mst\u00e4lldhetsl\u00f6sningarna utg\u00e5r fr\u00e5n en f\u00f6rlegad mansnorm \u00e4r det vi kvinnor som tar sm\u00e4llen. Vi pratar allt f\u00f6r lite om effekterna av dagens tr\u00f6ga och stelbenta familjepolitik. F\u00f6r barn och f\u00f6r f\u00f6r\u00e4ldrar. Ta bara det faktum att risken f\u00f6r kvinnor att bli sjukskrivna f\u00f6rdubblas tv\u00e5 \u00e5r Read More","og_url":"https:\/\/wp.kristdemokraterna.se\/taby\/alla-kvinnor-vill-inte-gora-karriar-pa-mans-villkor\/","og_site_name":"T\u00e4by","article_published_time":"2020-03-09T14:46:19+00:00","article_modified_time":"2020-03-18T14:59:22+00:00","author":"taby","twitter_card":"summary_large_image","twitter_misc":{"Skriven av":"taby","Ber\u00e4knad l\u00e4stid":"1 minut"},"schema":{"@context":"https:\/\/schema.org","@graph":[{"@type":"Article","@id":"https:\/\/wp.kristdemokraterna.se\/taby\/alla-kvinnor-vill-inte-gora-karriar-pa-mans-villkor\/#article","isPartOf":{"@id":"https:\/\/wp.kristdemokraterna.se\/taby\/alla-kvinnor-vill-inte-gora-karriar-pa-mans-villkor\/"},"author":{"name":"taby","@id":"https:\/\/wp.kristdemokraterna.se\/taby\/#\/schema\/person\/12b9024c714759d0acdc1da1e754d06c"},"headline":"Alla kvinnor vill inte g\u00f6ra karri\u00e4r p\u00e5 m\u00e4ns villkor","datePublished":"2020-03-09T14:46:19+00:00","dateModified":"2020-03-18T14:59:22+00:00","mainEntityOfPage":{"@id":"https:\/\/wp.kristdemokraterna.se\/taby\/alla-kvinnor-vill-inte-gora-karriar-pa-mans-villkor\/"},"wordCount":297,"articleSection":["inl\u00e4gg","Nyheter","Senaste nytt"],"inLanguage":"sv-SE"},{"@type":"WebPage","@id":"https:\/\/wp.kristdemokraterna.se\/taby\/alla-kvinnor-vill-inte-gora-karriar-pa-mans-villkor\/","url":"https:\/\/wp.kristdemokraterna.se\/taby\/alla-kvinnor-vill-inte-gora-karriar-pa-mans-villkor\/","name":"Alla kvinnor vill inte g\u00f6ra karri\u00e4r p\u00e5 m\u00e4ns villkor - T\u00e4by","isPartOf":{"@id":"https:\/\/wp.kristdemokraterna.se\/taby\/#website"},"datePublished":"2020-03-09T14:46:19+00:00","dateModified":"2020-03-18T14:59:22+00:00","author":{"@id":"https:\/\/wp.kristdemokraterna.se\/taby\/#\/schema\/person\/12b9024c714759d0acdc1da1e754d06c"},"breadcrumb":{"@id":"https:\/\/wp.kristdemokraterna.se\/taby\/alla-kvinnor-vill-inte-gora-karriar-pa-mans-villkor\/#breadcrumb"},"inLanguage":"sv-SE","potentialAction":[{"@type":"ReadAction","target":["https:\/\/wp.kristdemokraterna.se\/taby\/alla-kvinnor-vill-inte-gora-karriar-pa-mans-villkor\/"]}]},{"@type":"BreadcrumbList","@id":"https:\/\/wp.kristdemokraterna.se\/taby\/alla-kvinnor-vill-inte-gora-karriar-pa-mans-villkor\/#breadcrumb","itemListElement":[{"@type":"ListItem","position":1,"name":"Hem","item":"https:\/\/wp.kristdemokraterna.se\/taby\/"},{"@type":"ListItem","position":2,"name":"Alla kvinnor vill inte g\u00f6ra karri\u00e4r p\u00e5 m\u00e4ns villkor"}]},{"@type":"WebSite","@id":"https:\/\/wp.kristdemokraterna.se\/taby\/#website","url":"https:\/\/wp.kristdemokraterna.se\/taby\/","name":"T\u00e4by","description":"&quot;Det ska vara l\u00e4ttare att f\u00e5 ihop arbetsliv och familjeliv i T\u00e4by&quot;","inLanguage":"sv-SE"},{"@type":"Person","@id":"https:\/\/wp.kristdemokraterna.se\/taby\/#\/schema\/person\/12b9024c714759d0acdc1da1e754d06c","name":"taby","image":{"@type":"ImageObject","inLanguage":"sv-SE","@id":"https:\/\/secure.gravatar.com\/avatar\/62f6aca44d1f9c34b49438e5fdf4be3554253b04b49a76f013049906786db305?s=96&d=mm&r=g","url":"https:\/\/secure.gravatar.com\/avatar\/62f6aca44d1f9c34b49438e5fdf4be3554253b04b49a76f013049906786db305?s=96&d=mm&r=g","contentUrl":"https:\/\/secure.gravatar.com\/avatar\/62f6aca44d1f9c34b49438e5fdf4be3554253b04b49a76f013049906786db305?s=96&d=mm&r=g","caption":"taby"},"url":"https:\/\/wp.kristdemokraterna.se\/taby\/author\/taby\/"}]}},"_links":{"self":[{"href":"https:\/\/wp.kristdemokraterna.se\/taby\/wp-json\/wp\/v2\/posts\/2049","targetHints":{"allow":["GET"]}}],"collection":[{"href":"https:\/\/wp.kristdemokraterna.se\/taby\/wp-json\/wp\/v2\/posts"}],"about":[{"href":"https:\/\/wp.kristdemokraterna.se\/taby\/wp-json\/wp\/v2\/types\/post"}],"author":[{"embeddable":true,"href":"https:\/\/wp.kristdemokraterna.se\/taby\/wp-json\/wp\/v2\/users\/26"}],"replies":[{"embeddable":true,"href":"https:\/\/wp.kristdemokraterna.se\/taby\/wp-json\/wp\/v2\/comments?post=2049"}],"version-history":[{"count":1,"href":"https:\/\/wp.kristdemokraterna.se\/taby\/wp-json\/wp\/v2\/posts\/2049\/revisions"}],"predecessor-version":[{"id":2051,"href":"https:\/\/wp.kristdemokraterna.se\/taby\/wp-json\/wp\/v2\/posts\/2049\/revisions\/2051"}],"wp:attachment":[{"href":"https:\/\/wp.kristdemokraterna.se\/taby\/wp-json\/wp\/v2\/media?parent=2049"}],"wp:term":[{"taxonomy":"category","embeddable":true,"href":"https:\/\/wp.kristdemokraterna.se\/taby\/wp-json\/wp\/v2\/categories?post=2049"},{"taxonomy":"post_tag","embeddable":true,"href":"https:\/\/wp.kristdemokraterna.se\/taby\/wp-json\/wp\/v2\/tags?post=2049"}],"curies":[{"name":"wp","href":"https:\/\/api.w.org\/{rel}","templated":true}]}}