{"id":2055,"date":"2020-03-04T16:03:37","date_gmt":"2020-03-04T15:03:37","guid":{"rendered":"http:\/\/wp.kristdemokraterna.se\/taby\/?p=2055"},"modified":"2020-03-18T16:08:35","modified_gmt":"2020-03-18T15:08:35","slug":"ny-simhall-for-alla-tabybor","status":"publish","type":"post","link":"https:\/\/wp.kristdemokraterna.se\/taby\/ny-simhall-for-alla-tabybor\/","title":{"rendered":"Ny simhall f\u00f6r alla T\u00e4bybor"},"content":{"rendered":"<div id=\"js_m5\" class=\"_5pbx userContent _3576\" data-testid=\"post_message\" data-ft=\"{&quot;tn&quot;:&quot;K&quot;}\">\n<div id=\"id_5e7232b39102c6242426085\" class=\"text_exposed_root text_exposed\">\n<p>Kommunstyrelsen fattade ig\u00e5r beslut om upphandling av byggnation av ny simhall i T\u00e4by. Den gamla simhallen, Tibblebadet \u00e4r uttj\u00e4nt och underdimensionerad. Det ekonomiskt mest rimliga \u00e4r att bygga en ny.<\/p>\n<p>Men vi har prioriterat bort de vattenrutschbanor som tidigare planerades f\u00f6r att h\u00e5lla kostnaden nere och prioritera det som \u00e4r viktigast.<br \/>\n<span class=\"text_exposed_show\"><br \/>\n&#8221;- Kristdemokraterna kommer aldrig prioritera vattenrutschbanor eller \u00e4ventyrsbad framf\u00f6r v\u00e4lf\u00e4rdens k\u00e4rna. Nu f\u00e5r vi en ny simhall som vi har stort behov av i T\u00e4by och som erbjuder undervisning och motion f\u00f6r alla T\u00e4bybor&#8221;, s\u00e4ger Tobias Karlstr\u00f6m, kommunalr\u00e5d f\u00f6r KD. <\/span><\/p>\n<div class=\"text_exposed_show\">\n<p>Den nya simhallen ber\u00e4knas st\u00e5 f\u00e4rdig i slutet av 2022 i korsningen Bergtorpsv\u00e4gen, Stora Marknadsv\u00e4gen:<\/p>\n<p><span class=\"_5mfr\"><span class=\"_6qdm\">\u2705<\/span><\/span> Mer \u00e4n dubbla kapaciteten f\u00f6r att b\u00e5de simundervisning, motionssim och f\u00f6reningslivet ska f\u00e5 plats och tid.<\/p>\n<p><span class=\"_5mfr\"><span class=\"_6qdm\">\u2705<\/span><\/span> En stor bass\u00e4ng p\u00e5 50&#215;25 meter med goda m\u00f6jligheter till t\u00e4vling, tr\u00e4ning och motion.<\/p>\n<p><span class=\"_5mfr\"><span class=\"_6qdm\">\u2705<\/span><\/span> Sidobass\u00e4nger med justerbart djup f\u00f6r rehab och simundervisning.<\/p>\n<\/div>\n<\/div>\n<\/div>\n<div class=\"_3x-2\" data-ft=\"{&quot;tn&quot;:&quot;H&quot;}\">\n<div data-ft=\"{&quot;tn&quot;:&quot;H&quot;}\">\n<div class=\"mtm\">\n<div>\n<div class=\"_5cq3 _1ktf\" data-ft=\"{&quot;tn&quot;:&quot;E&quot;}\">\n<div id=\"u_jsonp_3_z\" class=\"uiScaledImageContainer _4-ep\"><\/div>\n<\/div>\n<\/div>\n<\/div>\n<\/div>\n<\/div>\n","protected":false},"excerpt":{"rendered":"<p>Kommunstyrelsen fattade ig\u00e5r beslut om upphandling av byggnation av ny simhall i T\u00e4by. Den gamla simhallen, Tibblebadet \u00e4r uttj\u00e4nt och underdimensionerad. Det ekonomiskt mest rimliga \u00e4r att bygga en ny. Men vi har prioriterat bort de vattenrutschbanor som tidigare planerades f\u00f6r att h\u00e5lla kostnaden nere och prioritera det som \u00e4r viktigast. &#8221;- Kristdemokraterna kommer aldrig <a class=\"read-more-link\" href=\"https:\/\/wp.kristdemokraterna.se\/taby\/ny-simhall-for-alla-tabybor\/\">Read More<\/a><\/p>\n","protected":false},"author":26,"featured_media":0,"comment_status":"closed","ping_status":"closed","sticky":false,"template":"","format":"standard","meta":{"_acf_changed":false,"footnotes":""},"categories":[30,29,1],"tags":[],"class_list":["post-2055","post","type-post","status-publish","format-standard","hentry","category-inlagg","category-nyheter","category-okategoriserade"],"acf":[],"yoast_head":"<!-- This site is optimized with the Yoast SEO plugin v27.4 - https:\/\/yoast.com\/product\/yoast-seo-wordpress\/ -->\n<title>Ny simhall f\u00f6r alla T\u00e4bybor<\/title>\n<meta name=\"description\" content=\"T\u00e4by f\u00e5r en ny simhall! Simhallen f\u00e5r b\u00e5de undervisningsbass\u00e4nger, plats f\u00f6r t\u00e4vling, motion och inte minst f\u00f6r rekreation!\" \/>\n<meta name=\"robots\" content=\"index, follow, max-snippet:-1, max-image-preview:large, max-video-preview:-1\" \/>\n<link rel=\"canonical\" href=\"https:\/\/wp.kristdemokraterna.se\/taby\/ny-simhall-for-alla-tabybor\/\" \/>\n<meta property=\"og:locale\" content=\"sv_SE\" \/>\n<meta property=\"og:type\" content=\"article\" \/>\n<meta property=\"og:title\" content=\"Ny simhall f\u00f6r alla T\u00e4bybor\" \/>\n<meta property=\"og:description\" content=\"T\u00e4by f\u00e5r en ny simhall! Simhallen f\u00e5r b\u00e5de undervisningsbass\u00e4nger, plats f\u00f6r t\u00e4vling, motion och inte minst f\u00f6r rekreation!\" \/>\n<meta property=\"og:url\" content=\"https:\/\/wp.kristdemokraterna.se\/taby\/ny-simhall-for-alla-tabybor\/\" \/>\n<meta property=\"og:site_name\" content=\"T\u00e4by\" \/>\n<meta property=\"article:published_time\" content=\"2020-03-04T15:03:37+00:00\" \/>\n<meta property=\"article:modified_time\" content=\"2020-03-18T15:08:35+00:00\" \/>\n<meta name=\"author\" content=\"taby\" \/>\n<meta name=\"twitter:card\" content=\"summary_large_image\" \/>\n<meta name=\"twitter:label1\" content=\"Skriven av\" \/>\n\t<meta name=\"twitter:data1\" content=\"taby\" \/>\n\t<meta name=\"twitter:label2\" content=\"Ber\u00e4knad l\u00e4stid\" \/>\n\t<meta name=\"twitter:data2\" content=\"1 minut\" \/>\n<script type=\"application\/ld+json\" class=\"yoast-schema-graph\">{\"@context\":\"https:\\\/\\\/schema.org\",\"@graph\":[{\"@type\":\"Article\",\"@id\":\"https:\\\/\\\/wp.kristdemokraterna.se\\\/taby\\\/ny-simhall-for-alla-tabybor\\\/#article\",\"isPartOf\":{\"@id\":\"https:\\\/\\\/wp.kristdemokraterna.se\\\/taby\\\/ny-simhall-for-alla-tabybor\\\/\"},\"author\":{\"name\":\"taby\",\"@id\":\"https:\\\/\\\/wp.kristdemokraterna.se\\\/taby\\\/#\\\/schema\\\/person\\\/12b9024c714759d0acdc1da1e754d06c\"},\"headline\":\"Ny simhall f\u00f6r alla T\u00e4bybor\",\"datePublished\":\"2020-03-04T15:03:37+00:00\",\"dateModified\":\"2020-03-18T15:08:35+00:00\",\"mainEntityOfPage\":{\"@id\":\"https:\\\/\\\/wp.kristdemokraterna.se\\\/taby\\\/ny-simhall-for-alla-tabybor\\\/\"},\"wordCount\":180,\"articleSection\":[\"inl\u00e4gg\",\"Nyheter\",\"Senaste nytt\"],\"inLanguage\":\"sv-SE\"},{\"@type\":\"WebPage\",\"@id\":\"https:\\\/\\\/wp.kristdemokraterna.se\\\/taby\\\/ny-simhall-for-alla-tabybor\\\/\",\"url\":\"https:\\\/\\\/wp.kristdemokraterna.se\\\/taby\\\/ny-simhall-for-alla-tabybor\\\/\",\"name\":\"Ny simhall f\u00f6r alla T\u00e4bybor\",\"isPartOf\":{\"@id\":\"https:\\\/\\\/wp.kristdemokraterna.se\\\/taby\\\/#website\"},\"datePublished\":\"2020-03-04T15:03:37+00:00\",\"dateModified\":\"2020-03-18T15:08:35+00:00\",\"author\":{\"@id\":\"https:\\\/\\\/wp.kristdemokraterna.se\\\/taby\\\/#\\\/schema\\\/person\\\/12b9024c714759d0acdc1da1e754d06c\"},\"description\":\"T\u00e4by f\u00e5r en ny simhall! Simhallen f\u00e5r b\u00e5de undervisningsbass\u00e4nger, plats f\u00f6r t\u00e4vling, motion och inte minst f\u00f6r rekreation!\",\"breadcrumb\":{\"@id\":\"https:\\\/\\\/wp.kristdemokraterna.se\\\/taby\\\/ny-simhall-for-alla-tabybor\\\/#breadcrumb\"},\"inLanguage\":\"sv-SE\",\"potentialAction\":[{\"@type\":\"ReadAction\",\"target\":[\"https:\\\/\\\/wp.kristdemokraterna.se\\\/taby\\\/ny-simhall-for-alla-tabybor\\\/\"]}]},{\"@type\":\"BreadcrumbList\",\"@id\":\"https:\\\/\\\/wp.kristdemokraterna.se\\\/taby\\\/ny-simhall-for-alla-tabybor\\\/#breadcrumb\",\"itemListElement\":[{\"@type\":\"ListItem\",\"position\":1,\"name\":\"Hem\",\"item\":\"https:\\\/\\\/wp.kristdemokraterna.se\\\/taby\\\/\"},{\"@type\":\"ListItem\",\"position\":2,\"name\":\"Ny simhall f\u00f6r alla T\u00e4bybor\"}]},{\"@type\":\"WebSite\",\"@id\":\"https:\\\/\\\/wp.kristdemokraterna.se\\\/taby\\\/#website\",\"url\":\"https:\\\/\\\/wp.kristdemokraterna.se\\\/taby\\\/\",\"name\":\"T\u00e4by\",\"description\":\"&quot;Det ska vara l\u00e4ttare att f\u00e5 ihop arbetsliv och familjeliv i T\u00e4by&quot;\",\"inLanguage\":\"sv-SE\"},{\"@type\":\"Person\",\"@id\":\"https:\\\/\\\/wp.kristdemokraterna.se\\\/taby\\\/#\\\/schema\\\/person\\\/12b9024c714759d0acdc1da1e754d06c\",\"name\":\"taby\",\"image\":{\"@type\":\"ImageObject\",\"inLanguage\":\"sv-SE\",\"@id\":\"https:\\\/\\\/secure.gravatar.com\\\/avatar\\\/62f6aca44d1f9c34b49438e5fdf4be3554253b04b49a76f013049906786db305?s=96&d=mm&r=g\",\"url\":\"https:\\\/\\\/secure.gravatar.com\\\/avatar\\\/62f6aca44d1f9c34b49438e5fdf4be3554253b04b49a76f013049906786db305?s=96&d=mm&r=g\",\"contentUrl\":\"https:\\\/\\\/secure.gravatar.com\\\/avatar\\\/62f6aca44d1f9c34b49438e5fdf4be3554253b04b49a76f013049906786db305?s=96&d=mm&r=g\",\"caption\":\"taby\"},\"url\":\"https:\\\/\\\/wp.kristdemokraterna.se\\\/taby\\\/author\\\/taby\\\/\"}]}<\/script>\n<!-- \/ Yoast SEO plugin. -->","yoast_head_json":{"title":"Ny simhall f\u00f6r alla T\u00e4bybor","description":"T\u00e4by f\u00e5r en ny simhall! Simhallen f\u00e5r b\u00e5de undervisningsbass\u00e4nger, plats f\u00f6r t\u00e4vling, motion och inte minst f\u00f6r rekreation!","robots":{"index":"index","follow":"follow","max-snippet":"max-snippet:-1","max-image-preview":"max-image-preview:large","max-video-preview":"max-video-preview:-1"},"canonical":"https:\/\/wp.kristdemokraterna.se\/taby\/ny-simhall-for-alla-tabybor\/","og_locale":"sv_SE","og_type":"article","og_title":"Ny simhall f\u00f6r alla T\u00e4bybor","og_description":"T\u00e4by f\u00e5r en ny simhall! Simhallen f\u00e5r b\u00e5de undervisningsbass\u00e4nger, plats f\u00f6r t\u00e4vling, motion och inte minst f\u00f6r rekreation!","og_url":"https:\/\/wp.kristdemokraterna.se\/taby\/ny-simhall-for-alla-tabybor\/","og_site_name":"T\u00e4by","article_published_time":"2020-03-04T15:03:37+00:00","article_modified_time":"2020-03-18T15:08:35+00:00","author":"taby","twitter_card":"summary_large_image","twitter_misc":{"Skriven av":"taby","Ber\u00e4knad l\u00e4stid":"1 minut"},"schema":{"@context":"https:\/\/schema.org","@graph":[{"@type":"Article","@id":"https:\/\/wp.kristdemokraterna.se\/taby\/ny-simhall-for-alla-tabybor\/#article","isPartOf":{"@id":"https:\/\/wp.kristdemokraterna.se\/taby\/ny-simhall-for-alla-tabybor\/"},"author":{"name":"taby","@id":"https:\/\/wp.kristdemokraterna.se\/taby\/#\/schema\/person\/12b9024c714759d0acdc1da1e754d06c"},"headline":"Ny simhall f\u00f6r alla T\u00e4bybor","datePublished":"2020-03-04T15:03:37+00:00","dateModified":"2020-03-18T15:08:35+00:00","mainEntityOfPage":{"@id":"https:\/\/wp.kristdemokraterna.se\/taby\/ny-simhall-for-alla-tabybor\/"},"wordCount":180,"articleSection":["inl\u00e4gg","Nyheter","Senaste nytt"],"inLanguage":"sv-SE"},{"@type":"WebPage","@id":"https:\/\/wp.kristdemokraterna.se\/taby\/ny-simhall-for-alla-tabybor\/","url":"https:\/\/wp.kristdemokraterna.se\/taby\/ny-simhall-for-alla-tabybor\/","name":"Ny simhall f\u00f6r alla T\u00e4bybor","isPartOf":{"@id":"https:\/\/wp.kristdemokraterna.se\/taby\/#website"},"datePublished":"2020-03-04T15:03:37+00:00","dateModified":"2020-03-18T15:08:35+00:00","author":{"@id":"https:\/\/wp.kristdemokraterna.se\/taby\/#\/schema\/person\/12b9024c714759d0acdc1da1e754d06c"},"description":"T\u00e4by f\u00e5r en ny simhall! Simhallen f\u00e5r b\u00e5de undervisningsbass\u00e4nger, plats f\u00f6r t\u00e4vling, motion och inte minst f\u00f6r rekreation!","breadcrumb":{"@id":"https:\/\/wp.kristdemokraterna.se\/taby\/ny-simhall-for-alla-tabybor\/#breadcrumb"},"inLanguage":"sv-SE","potentialAction":[{"@type":"ReadAction","target":["https:\/\/wp.kristdemokraterna.se\/taby\/ny-simhall-for-alla-tabybor\/"]}]},{"@type":"BreadcrumbList","@id":"https:\/\/wp.kristdemokraterna.se\/taby\/ny-simhall-for-alla-tabybor\/#breadcrumb","itemListElement":[{"@type":"ListItem","position":1,"name":"Hem","item":"https:\/\/wp.kristdemokraterna.se\/taby\/"},{"@type":"ListItem","position":2,"name":"Ny simhall f\u00f6r alla T\u00e4bybor"}]},{"@type":"WebSite","@id":"https:\/\/wp.kristdemokraterna.se\/taby\/#website","url":"https:\/\/wp.kristdemokraterna.se\/taby\/","name":"T\u00e4by","description":"&quot;Det ska vara l\u00e4ttare att f\u00e5 ihop arbetsliv och familjeliv i T\u00e4by&quot;","inLanguage":"sv-SE"},{"@type":"Person","@id":"https:\/\/wp.kristdemokraterna.se\/taby\/#\/schema\/person\/12b9024c714759d0acdc1da1e754d06c","name":"taby","image":{"@type":"ImageObject","inLanguage":"sv-SE","@id":"https:\/\/secure.gravatar.com\/avatar\/62f6aca44d1f9c34b49438e5fdf4be3554253b04b49a76f013049906786db305?s=96&d=mm&r=g","url":"https:\/\/secure.gravatar.com\/avatar\/62f6aca44d1f9c34b49438e5fdf4be3554253b04b49a76f013049906786db305?s=96&d=mm&r=g","contentUrl":"https:\/\/secure.gravatar.com\/avatar\/62f6aca44d1f9c34b49438e5fdf4be3554253b04b49a76f013049906786db305?s=96&d=mm&r=g","caption":"taby"},"url":"https:\/\/wp.kristdemokraterna.se\/taby\/author\/taby\/"}]}},"_links":{"self":[{"href":"https:\/\/wp.kristdemokraterna.se\/taby\/wp-json\/wp\/v2\/posts\/2055","targetHints":{"allow":["GET"]}}],"collection":[{"href":"https:\/\/wp.kristdemokraterna.se\/taby\/wp-json\/wp\/v2\/posts"}],"about":[{"href":"https:\/\/wp.kristdemokraterna.se\/taby\/wp-json\/wp\/v2\/types\/post"}],"author":[{"embeddable":true,"href":"https:\/\/wp.kristdemokraterna.se\/taby\/wp-json\/wp\/v2\/users\/26"}],"replies":[{"embeddable":true,"href":"https:\/\/wp.kristdemokraterna.se\/taby\/wp-json\/wp\/v2\/comments?post=2055"}],"version-history":[{"count":1,"href":"https:\/\/wp.kristdemokraterna.se\/taby\/wp-json\/wp\/v2\/posts\/2055\/revisions"}],"predecessor-version":[{"id":2057,"href":"https:\/\/wp.kristdemokraterna.se\/taby\/wp-json\/wp\/v2\/posts\/2055\/revisions\/2057"}],"wp:attachment":[{"href":"https:\/\/wp.kristdemokraterna.se\/taby\/wp-json\/wp\/v2\/media?parent=2055"}],"wp:term":[{"taxonomy":"category","embeddable":true,"href":"https:\/\/wp.kristdemokraterna.se\/taby\/wp-json\/wp\/v2\/categories?post=2055"},{"taxonomy":"post_tag","embeddable":true,"href":"https:\/\/wp.kristdemokraterna.se\/taby\/wp-json\/wp\/v2\/tags?post=2055"}],"curies":[{"name":"wp","href":"https:\/\/api.w.org\/{rel}","templated":true}]}}