{"id":2058,"date":"2020-02-20T16:10:17","date_gmt":"2020-02-20T15:10:17","guid":{"rendered":"http:\/\/wp.kristdemokraterna.se\/taby\/?p=2058"},"modified":"2020-03-18T16:24:44","modified_gmt":"2020-03-18T15:24:44","slug":"vi-kor-over-januariregeringen-och-fixar-miljarder-till-det-viktigaste-valfarden","status":"publish","type":"post","link":"https:\/\/wp.kristdemokraterna.se\/taby\/vi-kor-over-januariregeringen-och-fixar-miljarder-till-det-viktigaste-valfarden\/","title":{"rendered":"Vi k\u00f6r \u00f6ver januariregeringen och fixar miljarder till det viktigaste \u2013 v\u00e4lf\u00e4rden!"},"content":{"rendered":"<p>F\u00f6r att kunna satsa p\u00e5 det som de allra flesta av oss tycker \u00e4r det viktigaste f\u00f6r ett land har vi idag k\u00f6rt regeringen och januaripartierna i riksdagen. Idag har en majoritet i riksdagen g\u00e5tt samman f\u00f6r att ge Sveriges kommuner och regioner 7,5 miljarder extra till v\u00e4lf\u00e4rden. Det motsvarar 11 000 undersk\u00f6terskor i omsorgen och 3 000 sjuksk\u00f6terskor i regionerna.<\/p>\n<p>Det h\u00e4r miljardtillskottet \u00e4r en<span class=\"text_exposed_show\"> vinst f\u00f6r v\u00e4lf\u00e4rden. Det \u00e4r en vinst f\u00f6r Sveriges \u00e4ldre, f\u00f6r v\u00e5rdbitr\u00e4den och sjuksk\u00f6terskor som g\u00e5tt p\u00e5 kn\u00e4na, och f\u00f6r patienter som inte f\u00e5tt v\u00e5rd. F\u00f6r alla de som arbetar i v\u00e4lf\u00e4rden och som regeringen har svikit.<\/span><\/p>\n<div class=\"text_exposed_show\">\n<p>Vi kristdemokrater har \u00f6ppnat f\u00f6r samtal med alla partier. D\u00e4rigenom l\u00f6ser vi upp den kris som regeringen f\u00f6rsatt Sverige i, n\u00e4r de prioriterar makten och \u00f6nskelistorna i januari\u00f6verenskommelsen f\u00f6re v\u00e4lf\u00e4rden.<\/p>\n<p>Vi har nu gjort det jobb som en fungerande regering borde ha gjort. Vi prioriterar Sverige f\u00f6re oss sj\u00e4lva!<\/p>\n<\/div>\n","protected":false},"excerpt":{"rendered":"<p>F\u00f6r att kunna satsa p\u00e5 det som de allra flesta av oss tycker \u00e4r det viktigaste f\u00f6r ett land har vi idag k\u00f6rt regeringen och januaripartierna i riksdagen. Idag har en majoritet i riksdagen g\u00e5tt samman f\u00f6r att ge Sveriges kommuner och regioner 7,5 miljarder extra till v\u00e4lf\u00e4rden. Det motsvarar 11 000 undersk\u00f6terskor i omsorgen <a class=\"read-more-link\" href=\"https:\/\/wp.kristdemokraterna.se\/taby\/vi-kor-over-januariregeringen-och-fixar-miljarder-till-det-viktigaste-valfarden\/\">Read More<\/a><\/p>\n","protected":false},"author":26,"featured_media":0,"comment_status":"closed","ping_status":"closed","sticky":false,"template":"","format":"standard","meta":{"_acf_changed":false,"footnotes":""},"categories":[30,29,1],"tags":[],"class_list":["post-2058","post","type-post","status-publish","format-standard","hentry","category-inlagg","category-nyheter","category-okategoriserade"],"acf":[],"yoast_head":"<!-- This site is optimized with the Yoast SEO plugin v27.4 - https:\/\/yoast.com\/product\/yoast-seo-wordpress\/ -->\n<title>Vi k\u00f6r \u00f6ver januariregeringen och fixar miljarder till det viktigaste \u2013 v\u00e4lf\u00e4rden!<\/title>\n<meta name=\"description\" content=\"F\u00f6r att kunna satsa p\u00e5 det som de allra flesta av oss tycker \u00e4r det viktigaste f\u00f6r ett land har vi idag k\u00f6rt regeringen och januaripartierna i riksdagen.\" \/>\n<meta name=\"robots\" content=\"index, follow, max-snippet:-1, max-image-preview:large, max-video-preview:-1\" \/>\n<link rel=\"canonical\" href=\"https:\/\/wp.kristdemokraterna.se\/taby\/vi-kor-over-januariregeringen-och-fixar-miljarder-till-det-viktigaste-valfarden\/\" \/>\n<meta property=\"og:locale\" content=\"sv_SE\" \/>\n<meta property=\"og:type\" content=\"article\" \/>\n<meta property=\"og:title\" content=\"Vi k\u00f6r \u00f6ver januariregeringen och fixar miljarder till det viktigaste \u2013 v\u00e4lf\u00e4rden!\" \/>\n<meta property=\"og:description\" content=\"F\u00f6r att kunna satsa p\u00e5 det som de allra flesta av oss tycker \u00e4r det viktigaste f\u00f6r ett land har vi idag k\u00f6rt regeringen och januaripartierna i riksdagen.\" \/>\n<meta property=\"og:url\" content=\"https:\/\/wp.kristdemokraterna.se\/taby\/vi-kor-over-januariregeringen-och-fixar-miljarder-till-det-viktigaste-valfarden\/\" \/>\n<meta property=\"og:site_name\" content=\"T\u00e4by\" \/>\n<meta property=\"article:published_time\" content=\"2020-02-20T15:10:17+00:00\" \/>\n<meta property=\"article:modified_time\" content=\"2020-03-18T15:24:44+00:00\" \/>\n<meta name=\"author\" content=\"taby\" \/>\n<meta name=\"twitter:card\" content=\"summary_large_image\" \/>\n<meta name=\"twitter:label1\" content=\"Skriven av\" \/>\n\t<meta name=\"twitter:data1\" content=\"taby\" \/>\n\t<meta name=\"twitter:label2\" content=\"Ber\u00e4knad l\u00e4stid\" \/>\n\t<meta name=\"twitter:data2\" content=\"1 minut\" \/>\n<script type=\"application\/ld+json\" class=\"yoast-schema-graph\">{\"@context\":\"https:\\\/\\\/schema.org\",\"@graph\":[{\"@type\":\"Article\",\"@id\":\"https:\\\/\\\/wp.kristdemokraterna.se\\\/taby\\\/vi-kor-over-januariregeringen-och-fixar-miljarder-till-det-viktigaste-valfarden\\\/#article\",\"isPartOf\":{\"@id\":\"https:\\\/\\\/wp.kristdemokraterna.se\\\/taby\\\/vi-kor-over-januariregeringen-och-fixar-miljarder-till-det-viktigaste-valfarden\\\/\"},\"author\":{\"name\":\"taby\",\"@id\":\"https:\\\/\\\/wp.kristdemokraterna.se\\\/taby\\\/#\\\/schema\\\/person\\\/12b9024c714759d0acdc1da1e754d06c\"},\"headline\":\"Vi k\u00f6r \u00f6ver januariregeringen och fixar miljarder till det viktigaste \u2013 v\u00e4lf\u00e4rden!\",\"datePublished\":\"2020-02-20T15:10:17+00:00\",\"dateModified\":\"2020-03-18T15:24:44+00:00\",\"mainEntityOfPage\":{\"@id\":\"https:\\\/\\\/wp.kristdemokraterna.se\\\/taby\\\/vi-kor-over-januariregeringen-och-fixar-miljarder-till-det-viktigaste-valfarden\\\/\"},\"wordCount\":198,\"articleSection\":[\"inl\u00e4gg\",\"Nyheter\",\"Senaste nytt\"],\"inLanguage\":\"sv-SE\"},{\"@type\":\"WebPage\",\"@id\":\"https:\\\/\\\/wp.kristdemokraterna.se\\\/taby\\\/vi-kor-over-januariregeringen-och-fixar-miljarder-till-det-viktigaste-valfarden\\\/\",\"url\":\"https:\\\/\\\/wp.kristdemokraterna.se\\\/taby\\\/vi-kor-over-januariregeringen-och-fixar-miljarder-till-det-viktigaste-valfarden\\\/\",\"name\":\"Vi k\u00f6r \u00f6ver januariregeringen och fixar miljarder till det viktigaste \u2013 v\u00e4lf\u00e4rden!\",\"isPartOf\":{\"@id\":\"https:\\\/\\\/wp.kristdemokraterna.se\\\/taby\\\/#website\"},\"datePublished\":\"2020-02-20T15:10:17+00:00\",\"dateModified\":\"2020-03-18T15:24:44+00:00\",\"author\":{\"@id\":\"https:\\\/\\\/wp.kristdemokraterna.se\\\/taby\\\/#\\\/schema\\\/person\\\/12b9024c714759d0acdc1da1e754d06c\"},\"description\":\"F\u00f6r att kunna satsa p\u00e5 det som de allra flesta av oss tycker \u00e4r det viktigaste f\u00f6r ett land har vi idag k\u00f6rt regeringen och januaripartierna i riksdagen.\",\"breadcrumb\":{\"@id\":\"https:\\\/\\\/wp.kristdemokraterna.se\\\/taby\\\/vi-kor-over-januariregeringen-och-fixar-miljarder-till-det-viktigaste-valfarden\\\/#breadcrumb\"},\"inLanguage\":\"sv-SE\",\"potentialAction\":[{\"@type\":\"ReadAction\",\"target\":[\"https:\\\/\\\/wp.kristdemokraterna.se\\\/taby\\\/vi-kor-over-januariregeringen-och-fixar-miljarder-till-det-viktigaste-valfarden\\\/\"]}]},{\"@type\":\"BreadcrumbList\",\"@id\":\"https:\\\/\\\/wp.kristdemokraterna.se\\\/taby\\\/vi-kor-over-januariregeringen-och-fixar-miljarder-till-det-viktigaste-valfarden\\\/#breadcrumb\",\"itemListElement\":[{\"@type\":\"ListItem\",\"position\":1,\"name\":\"Hem\",\"item\":\"https:\\\/\\\/wp.kristdemokraterna.se\\\/taby\\\/\"},{\"@type\":\"ListItem\",\"position\":2,\"name\":\"Vi k\u00f6r \u00f6ver januariregeringen och fixar miljarder till det viktigaste \u2013 v\u00e4lf\u00e4rden!\"}]},{\"@type\":\"WebSite\",\"@id\":\"https:\\\/\\\/wp.kristdemokraterna.se\\\/taby\\\/#website\",\"url\":\"https:\\\/\\\/wp.kristdemokraterna.se\\\/taby\\\/\",\"name\":\"T\u00e4by\",\"description\":\"&quot;Det ska vara l\u00e4ttare att f\u00e5 ihop arbetsliv och familjeliv i T\u00e4by&quot;\",\"inLanguage\":\"sv-SE\"},{\"@type\":\"Person\",\"@id\":\"https:\\\/\\\/wp.kristdemokraterna.se\\\/taby\\\/#\\\/schema\\\/person\\\/12b9024c714759d0acdc1da1e754d06c\",\"name\":\"taby\",\"image\":{\"@type\":\"ImageObject\",\"inLanguage\":\"sv-SE\",\"@id\":\"https:\\\/\\\/secure.gravatar.com\\\/avatar\\\/62f6aca44d1f9c34b49438e5fdf4be3554253b04b49a76f013049906786db305?s=96&d=mm&r=g\",\"url\":\"https:\\\/\\\/secure.gravatar.com\\\/avatar\\\/62f6aca44d1f9c34b49438e5fdf4be3554253b04b49a76f013049906786db305?s=96&d=mm&r=g\",\"contentUrl\":\"https:\\\/\\\/secure.gravatar.com\\\/avatar\\\/62f6aca44d1f9c34b49438e5fdf4be3554253b04b49a76f013049906786db305?s=96&d=mm&r=g\",\"caption\":\"taby\"},\"url\":\"https:\\\/\\\/wp.kristdemokraterna.se\\\/taby\\\/author\\\/taby\\\/\"}]}<\/script>\n<!-- \/ Yoast SEO plugin. -->","yoast_head_json":{"title":"Vi k\u00f6r \u00f6ver januariregeringen och fixar miljarder till det viktigaste \u2013 v\u00e4lf\u00e4rden!","description":"F\u00f6r att kunna satsa p\u00e5 det som de allra flesta av oss tycker \u00e4r det viktigaste f\u00f6r ett land har vi idag k\u00f6rt regeringen och januaripartierna i riksdagen.","robots":{"index":"index","follow":"follow","max-snippet":"max-snippet:-1","max-image-preview":"max-image-preview:large","max-video-preview":"max-video-preview:-1"},"canonical":"https:\/\/wp.kristdemokraterna.se\/taby\/vi-kor-over-januariregeringen-och-fixar-miljarder-till-det-viktigaste-valfarden\/","og_locale":"sv_SE","og_type":"article","og_title":"Vi k\u00f6r \u00f6ver januariregeringen och fixar miljarder till det viktigaste \u2013 v\u00e4lf\u00e4rden!","og_description":"F\u00f6r att kunna satsa p\u00e5 det som de allra flesta av oss tycker \u00e4r det viktigaste f\u00f6r ett land har vi idag k\u00f6rt regeringen och januaripartierna i riksdagen.","og_url":"https:\/\/wp.kristdemokraterna.se\/taby\/vi-kor-over-januariregeringen-och-fixar-miljarder-till-det-viktigaste-valfarden\/","og_site_name":"T\u00e4by","article_published_time":"2020-02-20T15:10:17+00:00","article_modified_time":"2020-03-18T15:24:44+00:00","author":"taby","twitter_card":"summary_large_image","twitter_misc":{"Skriven av":"taby","Ber\u00e4knad l\u00e4stid":"1 minut"},"schema":{"@context":"https:\/\/schema.org","@graph":[{"@type":"Article","@id":"https:\/\/wp.kristdemokraterna.se\/taby\/vi-kor-over-januariregeringen-och-fixar-miljarder-till-det-viktigaste-valfarden\/#article","isPartOf":{"@id":"https:\/\/wp.kristdemokraterna.se\/taby\/vi-kor-over-januariregeringen-och-fixar-miljarder-till-det-viktigaste-valfarden\/"},"author":{"name":"taby","@id":"https:\/\/wp.kristdemokraterna.se\/taby\/#\/schema\/person\/12b9024c714759d0acdc1da1e754d06c"},"headline":"Vi k\u00f6r \u00f6ver januariregeringen och fixar miljarder till det viktigaste \u2013 v\u00e4lf\u00e4rden!","datePublished":"2020-02-20T15:10:17+00:00","dateModified":"2020-03-18T15:24:44+00:00","mainEntityOfPage":{"@id":"https:\/\/wp.kristdemokraterna.se\/taby\/vi-kor-over-januariregeringen-och-fixar-miljarder-till-det-viktigaste-valfarden\/"},"wordCount":198,"articleSection":["inl\u00e4gg","Nyheter","Senaste nytt"],"inLanguage":"sv-SE"},{"@type":"WebPage","@id":"https:\/\/wp.kristdemokraterna.se\/taby\/vi-kor-over-januariregeringen-och-fixar-miljarder-till-det-viktigaste-valfarden\/","url":"https:\/\/wp.kristdemokraterna.se\/taby\/vi-kor-over-januariregeringen-och-fixar-miljarder-till-det-viktigaste-valfarden\/","name":"Vi k\u00f6r \u00f6ver januariregeringen och fixar miljarder till det viktigaste \u2013 v\u00e4lf\u00e4rden!","isPartOf":{"@id":"https:\/\/wp.kristdemokraterna.se\/taby\/#website"},"datePublished":"2020-02-20T15:10:17+00:00","dateModified":"2020-03-18T15:24:44+00:00","author":{"@id":"https:\/\/wp.kristdemokraterna.se\/taby\/#\/schema\/person\/12b9024c714759d0acdc1da1e754d06c"},"description":"F\u00f6r att kunna satsa p\u00e5 det som de allra flesta av oss tycker \u00e4r det viktigaste f\u00f6r ett land har vi idag k\u00f6rt regeringen och januaripartierna i riksdagen.","breadcrumb":{"@id":"https:\/\/wp.kristdemokraterna.se\/taby\/vi-kor-over-januariregeringen-och-fixar-miljarder-till-det-viktigaste-valfarden\/#breadcrumb"},"inLanguage":"sv-SE","potentialAction":[{"@type":"ReadAction","target":["https:\/\/wp.kristdemokraterna.se\/taby\/vi-kor-over-januariregeringen-och-fixar-miljarder-till-det-viktigaste-valfarden\/"]}]},{"@type":"BreadcrumbList","@id":"https:\/\/wp.kristdemokraterna.se\/taby\/vi-kor-over-januariregeringen-och-fixar-miljarder-till-det-viktigaste-valfarden\/#breadcrumb","itemListElement":[{"@type":"ListItem","position":1,"name":"Hem","item":"https:\/\/wp.kristdemokraterna.se\/taby\/"},{"@type":"ListItem","position":2,"name":"Vi k\u00f6r \u00f6ver januariregeringen och fixar miljarder till det viktigaste \u2013 v\u00e4lf\u00e4rden!"}]},{"@type":"WebSite","@id":"https:\/\/wp.kristdemokraterna.se\/taby\/#website","url":"https:\/\/wp.kristdemokraterna.se\/taby\/","name":"T\u00e4by","description":"&quot;Det ska vara l\u00e4ttare att f\u00e5 ihop arbetsliv och familjeliv i T\u00e4by&quot;","inLanguage":"sv-SE"},{"@type":"Person","@id":"https:\/\/wp.kristdemokraterna.se\/taby\/#\/schema\/person\/12b9024c714759d0acdc1da1e754d06c","name":"taby","image":{"@type":"ImageObject","inLanguage":"sv-SE","@id":"https:\/\/secure.gravatar.com\/avatar\/62f6aca44d1f9c34b49438e5fdf4be3554253b04b49a76f013049906786db305?s=96&d=mm&r=g","url":"https:\/\/secure.gravatar.com\/avatar\/62f6aca44d1f9c34b49438e5fdf4be3554253b04b49a76f013049906786db305?s=96&d=mm&r=g","contentUrl":"https:\/\/secure.gravatar.com\/avatar\/62f6aca44d1f9c34b49438e5fdf4be3554253b04b49a76f013049906786db305?s=96&d=mm&r=g","caption":"taby"},"url":"https:\/\/wp.kristdemokraterna.se\/taby\/author\/taby\/"}]}},"_links":{"self":[{"href":"https:\/\/wp.kristdemokraterna.se\/taby\/wp-json\/wp\/v2\/posts\/2058","targetHints":{"allow":["GET"]}}],"collection":[{"href":"https:\/\/wp.kristdemokraterna.se\/taby\/wp-json\/wp\/v2\/posts"}],"about":[{"href":"https:\/\/wp.kristdemokraterna.se\/taby\/wp-json\/wp\/v2\/types\/post"}],"author":[{"embeddable":true,"href":"https:\/\/wp.kristdemokraterna.se\/taby\/wp-json\/wp\/v2\/users\/26"}],"replies":[{"embeddable":true,"href":"https:\/\/wp.kristdemokraterna.se\/taby\/wp-json\/wp\/v2\/comments?post=2058"}],"version-history":[{"count":1,"href":"https:\/\/wp.kristdemokraterna.se\/taby\/wp-json\/wp\/v2\/posts\/2058\/revisions"}],"predecessor-version":[{"id":2060,"href":"https:\/\/wp.kristdemokraterna.se\/taby\/wp-json\/wp\/v2\/posts\/2058\/revisions\/2060"}],"wp:attachment":[{"href":"https:\/\/wp.kristdemokraterna.se\/taby\/wp-json\/wp\/v2\/media?parent=2058"}],"wp:term":[{"taxonomy":"category","embeddable":true,"href":"https:\/\/wp.kristdemokraterna.se\/taby\/wp-json\/wp\/v2\/categories?post=2058"},{"taxonomy":"post_tag","embeddable":true,"href":"https:\/\/wp.kristdemokraterna.se\/taby\/wp-json\/wp\/v2\/tags?post=2058"}],"curies":[{"name":"wp","href":"https:\/\/api.w.org\/{rel}","templated":true}]}}