{"id":2061,"date":"2020-02-18T19:25:27","date_gmt":"2020-02-18T18:25:27","guid":{"rendered":"http:\/\/wp.kristdemokraterna.se\/taby\/?p=2061"},"modified":"2020-03-18T16:27:31","modified_gmt":"2020-03-18T15:27:31","slug":"vi-star-upp-for-valfardsloftet","status":"publish","type":"post","link":"https:\/\/wp.kristdemokraterna.se\/taby\/vi-star-upp-for-valfardsloftet\/","title":{"rendered":"Vi st\u00e5r upp f\u00f6r v\u00e4lf\u00e4rdsl\u00f6ftet!"},"content":{"rendered":"<div id=\"js_m9\" class=\"_5pbx userContent _3576\" data-testid=\"post_message\" data-ft=\"{&quot;tn&quot;:&quot;K&quot;}\">\n<p>Vi br\u00f6t d\u00f6dl\u00e4get i svensk politik, och gjorde det m\u00f6jligt f\u00f6r oppositionens partier att ena sig bakom gemensamma krav f\u00f6r v\u00e4lf\u00e4rden. Som ett resultat av det kommer riksdagen besluta imorgon om 7,5 miljarder extra till kommunerna och regionerna. Det kan r\u00e4cka till 11 200 undersk\u00f6terskor eller 8 600 l\u00e4rare.<\/p>\n<p>N\u00f6dropen har h\u00f6rts l\u00e4nge i hela Sverige. Regeringen har inte lyssnat. Tack vare oss f\u00e5r nu v\u00e4lf\u00e4rdens k\u00e4rna det tillskott som verksamheterna s\u00e5 v\u00e4l beh\u00f6ver. Vi \u00e4r det borgerliga v\u00e4lf\u00e4rdspartiet. Vi st\u00e5r upp f\u00f6r v\u00e4lf\u00e4rdsl\u00f6ftet.<\/p>\n<\/div>\n","protected":false},"excerpt":{"rendered":"<p>Vi br\u00f6t d\u00f6dl\u00e4get i svensk politik, och gjorde det m\u00f6jligt f\u00f6r oppositionens partier att ena sig bakom gemensamma krav f\u00f6r v\u00e4lf\u00e4rden. Som ett resultat av det kommer riksdagen besluta imorgon om 7,5 miljarder extra till kommunerna och regionerna. Det kan r\u00e4cka till 11 200 undersk\u00f6terskor eller 8 600 l\u00e4rare. N\u00f6dropen har h\u00f6rts l\u00e4nge i hela <a class=\"read-more-link\" href=\"https:\/\/wp.kristdemokraterna.se\/taby\/vi-star-upp-for-valfardsloftet\/\">Read More<\/a><\/p>\n","protected":false},"author":26,"featured_media":0,"comment_status":"closed","ping_status":"closed","sticky":false,"template":"","format":"standard","meta":{"_acf_changed":false,"footnotes":""},"categories":[30,29,1],"tags":[],"class_list":["post-2061","post","type-post","status-publish","format-standard","hentry","category-inlagg","category-nyheter","category-okategoriserade"],"acf":[],"yoast_head":"<!-- This site is optimized with the Yoast SEO plugin v27.4 - https:\/\/yoast.com\/product\/yoast-seo-wordpress\/ -->\n<title>Vi st\u00e5r upp f\u00f6r v\u00e4lf\u00e4rdsl\u00f6ftet! - T\u00e4by<\/title>\n<meta name=\"robots\" content=\"index, follow, max-snippet:-1, max-image-preview:large, max-video-preview:-1\" \/>\n<link rel=\"canonical\" href=\"https:\/\/wp.kristdemokraterna.se\/taby\/vi-star-upp-for-valfardsloftet\/\" \/>\n<meta property=\"og:locale\" content=\"sv_SE\" \/>\n<meta property=\"og:type\" content=\"article\" \/>\n<meta property=\"og:title\" content=\"Vi st\u00e5r upp f\u00f6r v\u00e4lf\u00e4rdsl\u00f6ftet! - T\u00e4by\" \/>\n<meta property=\"og:description\" content=\"Vi br\u00f6t d\u00f6dl\u00e4get i svensk politik, och gjorde det m\u00f6jligt f\u00f6r oppositionens partier att ena sig bakom gemensamma krav f\u00f6r v\u00e4lf\u00e4rden. Som ett resultat av det kommer riksdagen besluta imorgon om 7,5 miljarder extra till kommunerna och regionerna. Det kan r\u00e4cka till 11 200 undersk\u00f6terskor eller 8 600 l\u00e4rare. N\u00f6dropen har h\u00f6rts l\u00e4nge i hela Read More\" \/>\n<meta property=\"og:url\" content=\"https:\/\/wp.kristdemokraterna.se\/taby\/vi-star-upp-for-valfardsloftet\/\" \/>\n<meta property=\"og:site_name\" content=\"T\u00e4by\" \/>\n<meta property=\"article:published_time\" content=\"2020-02-18T18:25:27+00:00\" \/>\n<meta property=\"article:modified_time\" content=\"2020-03-18T15:27:31+00:00\" \/>\n<meta name=\"author\" content=\"taby\" \/>\n<meta name=\"twitter:card\" content=\"summary_large_image\" \/>\n<meta name=\"twitter:label1\" content=\"Skriven av\" \/>\n\t<meta name=\"twitter:data1\" content=\"taby\" \/>\n\t<meta name=\"twitter:label2\" content=\"Ber\u00e4knad l\u00e4stid\" \/>\n\t<meta name=\"twitter:data2\" content=\"1 minut\" \/>\n<script type=\"application\/ld+json\" class=\"yoast-schema-graph\">{\"@context\":\"https:\\\/\\\/schema.org\",\"@graph\":[{\"@type\":\"Article\",\"@id\":\"https:\\\/\\\/wp.kristdemokraterna.se\\\/taby\\\/vi-star-upp-for-valfardsloftet\\\/#article\",\"isPartOf\":{\"@id\":\"https:\\\/\\\/wp.kristdemokraterna.se\\\/taby\\\/vi-star-upp-for-valfardsloftet\\\/\"},\"author\":{\"name\":\"taby\",\"@id\":\"https:\\\/\\\/wp.kristdemokraterna.se\\\/taby\\\/#\\\/schema\\\/person\\\/12b9024c714759d0acdc1da1e754d06c\"},\"headline\":\"Vi st\u00e5r upp f\u00f6r v\u00e4lf\u00e4rdsl\u00f6ftet!\",\"datePublished\":\"2020-02-18T18:25:27+00:00\",\"dateModified\":\"2020-03-18T15:27:31+00:00\",\"mainEntityOfPage\":{\"@id\":\"https:\\\/\\\/wp.kristdemokraterna.se\\\/taby\\\/vi-star-upp-for-valfardsloftet\\\/\"},\"wordCount\":116,\"articleSection\":[\"inl\u00e4gg\",\"Nyheter\",\"Senaste nytt\"],\"inLanguage\":\"sv-SE\"},{\"@type\":\"WebPage\",\"@id\":\"https:\\\/\\\/wp.kristdemokraterna.se\\\/taby\\\/vi-star-upp-for-valfardsloftet\\\/\",\"url\":\"https:\\\/\\\/wp.kristdemokraterna.se\\\/taby\\\/vi-star-upp-for-valfardsloftet\\\/\",\"name\":\"Vi st\u00e5r upp f\u00f6r v\u00e4lf\u00e4rdsl\u00f6ftet! - T\u00e4by\",\"isPartOf\":{\"@id\":\"https:\\\/\\\/wp.kristdemokraterna.se\\\/taby\\\/#website\"},\"datePublished\":\"2020-02-18T18:25:27+00:00\",\"dateModified\":\"2020-03-18T15:27:31+00:00\",\"author\":{\"@id\":\"https:\\\/\\\/wp.kristdemokraterna.se\\\/taby\\\/#\\\/schema\\\/person\\\/12b9024c714759d0acdc1da1e754d06c\"},\"breadcrumb\":{\"@id\":\"https:\\\/\\\/wp.kristdemokraterna.se\\\/taby\\\/vi-star-upp-for-valfardsloftet\\\/#breadcrumb\"},\"inLanguage\":\"sv-SE\",\"potentialAction\":[{\"@type\":\"ReadAction\",\"target\":[\"https:\\\/\\\/wp.kristdemokraterna.se\\\/taby\\\/vi-star-upp-for-valfardsloftet\\\/\"]}]},{\"@type\":\"BreadcrumbList\",\"@id\":\"https:\\\/\\\/wp.kristdemokraterna.se\\\/taby\\\/vi-star-upp-for-valfardsloftet\\\/#breadcrumb\",\"itemListElement\":[{\"@type\":\"ListItem\",\"position\":1,\"name\":\"Hem\",\"item\":\"https:\\\/\\\/wp.kristdemokraterna.se\\\/taby\\\/\"},{\"@type\":\"ListItem\",\"position\":2,\"name\":\"Vi st\u00e5r upp f\u00f6r v\u00e4lf\u00e4rdsl\u00f6ftet!\"}]},{\"@type\":\"WebSite\",\"@id\":\"https:\\\/\\\/wp.kristdemokraterna.se\\\/taby\\\/#website\",\"url\":\"https:\\\/\\\/wp.kristdemokraterna.se\\\/taby\\\/\",\"name\":\"T\u00e4by\",\"description\":\"&quot;Det ska vara l\u00e4ttare att f\u00e5 ihop arbetsliv och familjeliv i T\u00e4by&quot;\",\"inLanguage\":\"sv-SE\"},{\"@type\":\"Person\",\"@id\":\"https:\\\/\\\/wp.kristdemokraterna.se\\\/taby\\\/#\\\/schema\\\/person\\\/12b9024c714759d0acdc1da1e754d06c\",\"name\":\"taby\",\"image\":{\"@type\":\"ImageObject\",\"inLanguage\":\"sv-SE\",\"@id\":\"https:\\\/\\\/secure.gravatar.com\\\/avatar\\\/62f6aca44d1f9c34b49438e5fdf4be3554253b04b49a76f013049906786db305?s=96&d=mm&r=g\",\"url\":\"https:\\\/\\\/secure.gravatar.com\\\/avatar\\\/62f6aca44d1f9c34b49438e5fdf4be3554253b04b49a76f013049906786db305?s=96&d=mm&r=g\",\"contentUrl\":\"https:\\\/\\\/secure.gravatar.com\\\/avatar\\\/62f6aca44d1f9c34b49438e5fdf4be3554253b04b49a76f013049906786db305?s=96&d=mm&r=g\",\"caption\":\"taby\"},\"url\":\"https:\\\/\\\/wp.kristdemokraterna.se\\\/taby\\\/author\\\/taby\\\/\"}]}<\/script>\n<!-- \/ Yoast SEO plugin. -->","yoast_head_json":{"title":"Vi st\u00e5r upp f\u00f6r v\u00e4lf\u00e4rdsl\u00f6ftet! - T\u00e4by","robots":{"index":"index","follow":"follow","max-snippet":"max-snippet:-1","max-image-preview":"max-image-preview:large","max-video-preview":"max-video-preview:-1"},"canonical":"https:\/\/wp.kristdemokraterna.se\/taby\/vi-star-upp-for-valfardsloftet\/","og_locale":"sv_SE","og_type":"article","og_title":"Vi st\u00e5r upp f\u00f6r v\u00e4lf\u00e4rdsl\u00f6ftet! - T\u00e4by","og_description":"Vi br\u00f6t d\u00f6dl\u00e4get i svensk politik, och gjorde det m\u00f6jligt f\u00f6r oppositionens partier att ena sig bakom gemensamma krav f\u00f6r v\u00e4lf\u00e4rden. Som ett resultat av det kommer riksdagen besluta imorgon om 7,5 miljarder extra till kommunerna och regionerna. Det kan r\u00e4cka till 11 200 undersk\u00f6terskor eller 8 600 l\u00e4rare. N\u00f6dropen har h\u00f6rts l\u00e4nge i hela Read More","og_url":"https:\/\/wp.kristdemokraterna.se\/taby\/vi-star-upp-for-valfardsloftet\/","og_site_name":"T\u00e4by","article_published_time":"2020-02-18T18:25:27+00:00","article_modified_time":"2020-03-18T15:27:31+00:00","author":"taby","twitter_card":"summary_large_image","twitter_misc":{"Skriven av":"taby","Ber\u00e4knad l\u00e4stid":"1 minut"},"schema":{"@context":"https:\/\/schema.org","@graph":[{"@type":"Article","@id":"https:\/\/wp.kristdemokraterna.se\/taby\/vi-star-upp-for-valfardsloftet\/#article","isPartOf":{"@id":"https:\/\/wp.kristdemokraterna.se\/taby\/vi-star-upp-for-valfardsloftet\/"},"author":{"name":"taby","@id":"https:\/\/wp.kristdemokraterna.se\/taby\/#\/schema\/person\/12b9024c714759d0acdc1da1e754d06c"},"headline":"Vi st\u00e5r upp f\u00f6r v\u00e4lf\u00e4rdsl\u00f6ftet!","datePublished":"2020-02-18T18:25:27+00:00","dateModified":"2020-03-18T15:27:31+00:00","mainEntityOfPage":{"@id":"https:\/\/wp.kristdemokraterna.se\/taby\/vi-star-upp-for-valfardsloftet\/"},"wordCount":116,"articleSection":["inl\u00e4gg","Nyheter","Senaste nytt"],"inLanguage":"sv-SE"},{"@type":"WebPage","@id":"https:\/\/wp.kristdemokraterna.se\/taby\/vi-star-upp-for-valfardsloftet\/","url":"https:\/\/wp.kristdemokraterna.se\/taby\/vi-star-upp-for-valfardsloftet\/","name":"Vi st\u00e5r upp f\u00f6r v\u00e4lf\u00e4rdsl\u00f6ftet! - T\u00e4by","isPartOf":{"@id":"https:\/\/wp.kristdemokraterna.se\/taby\/#website"},"datePublished":"2020-02-18T18:25:27+00:00","dateModified":"2020-03-18T15:27:31+00:00","author":{"@id":"https:\/\/wp.kristdemokraterna.se\/taby\/#\/schema\/person\/12b9024c714759d0acdc1da1e754d06c"},"breadcrumb":{"@id":"https:\/\/wp.kristdemokraterna.se\/taby\/vi-star-upp-for-valfardsloftet\/#breadcrumb"},"inLanguage":"sv-SE","potentialAction":[{"@type":"ReadAction","target":["https:\/\/wp.kristdemokraterna.se\/taby\/vi-star-upp-for-valfardsloftet\/"]}]},{"@type":"BreadcrumbList","@id":"https:\/\/wp.kristdemokraterna.se\/taby\/vi-star-upp-for-valfardsloftet\/#breadcrumb","itemListElement":[{"@type":"ListItem","position":1,"name":"Hem","item":"https:\/\/wp.kristdemokraterna.se\/taby\/"},{"@type":"ListItem","position":2,"name":"Vi st\u00e5r upp f\u00f6r v\u00e4lf\u00e4rdsl\u00f6ftet!"}]},{"@type":"WebSite","@id":"https:\/\/wp.kristdemokraterna.se\/taby\/#website","url":"https:\/\/wp.kristdemokraterna.se\/taby\/","name":"T\u00e4by","description":"&quot;Det ska vara l\u00e4ttare att f\u00e5 ihop arbetsliv och familjeliv i T\u00e4by&quot;","inLanguage":"sv-SE"},{"@type":"Person","@id":"https:\/\/wp.kristdemokraterna.se\/taby\/#\/schema\/person\/12b9024c714759d0acdc1da1e754d06c","name":"taby","image":{"@type":"ImageObject","inLanguage":"sv-SE","@id":"https:\/\/secure.gravatar.com\/avatar\/62f6aca44d1f9c34b49438e5fdf4be3554253b04b49a76f013049906786db305?s=96&d=mm&r=g","url":"https:\/\/secure.gravatar.com\/avatar\/62f6aca44d1f9c34b49438e5fdf4be3554253b04b49a76f013049906786db305?s=96&d=mm&r=g","contentUrl":"https:\/\/secure.gravatar.com\/avatar\/62f6aca44d1f9c34b49438e5fdf4be3554253b04b49a76f013049906786db305?s=96&d=mm&r=g","caption":"taby"},"url":"https:\/\/wp.kristdemokraterna.se\/taby\/author\/taby\/"}]}},"_links":{"self":[{"href":"https:\/\/wp.kristdemokraterna.se\/taby\/wp-json\/wp\/v2\/posts\/2061","targetHints":{"allow":["GET"]}}],"collection":[{"href":"https:\/\/wp.kristdemokraterna.se\/taby\/wp-json\/wp\/v2\/posts"}],"about":[{"href":"https:\/\/wp.kristdemokraterna.se\/taby\/wp-json\/wp\/v2\/types\/post"}],"author":[{"embeddable":true,"href":"https:\/\/wp.kristdemokraterna.se\/taby\/wp-json\/wp\/v2\/users\/26"}],"replies":[{"embeddable":true,"href":"https:\/\/wp.kristdemokraterna.se\/taby\/wp-json\/wp\/v2\/comments?post=2061"}],"version-history":[{"count":1,"href":"https:\/\/wp.kristdemokraterna.se\/taby\/wp-json\/wp\/v2\/posts\/2061\/revisions"}],"predecessor-version":[{"id":2063,"href":"https:\/\/wp.kristdemokraterna.se\/taby\/wp-json\/wp\/v2\/posts\/2061\/revisions\/2063"}],"wp:attachment":[{"href":"https:\/\/wp.kristdemokraterna.se\/taby\/wp-json\/wp\/v2\/media?parent=2061"}],"wp:term":[{"taxonomy":"category","embeddable":true,"href":"https:\/\/wp.kristdemokraterna.se\/taby\/wp-json\/wp\/v2\/categories?post=2061"},{"taxonomy":"post_tag","embeddable":true,"href":"https:\/\/wp.kristdemokraterna.se\/taby\/wp-json\/wp\/v2\/tags?post=2061"}],"curies":[{"name":"wp","href":"https:\/\/api.w.org\/{rel}","templated":true}]}}