{"id":2067,"date":"2020-03-27T17:33:09","date_gmt":"2020-03-27T16:33:09","guid":{"rendered":"http:\/\/wp.kristdemokraterna.se\/taby\/?p=2067"},"modified":"2020-04-13T17:38:59","modified_gmt":"2020-04-13T15:38:59","slug":"sa-ska-taby-underlatta-for-naringslivet","status":"publish","type":"post","link":"https:\/\/wp.kristdemokraterna.se\/taby\/sa-ska-taby-underlatta-for-naringslivet\/","title":{"rendered":"S\u00e5 ska T\u00e4by underl\u00e4tta f\u00f6r n\u00e4ringslivet"},"content":{"rendered":"<p>T\u00e4by kommun har tagit fram \u00e5tg\u00e4rder som ska underl\u00e4tta f\u00f6r n\u00e4ringslivet, som till\u00e4gg till de nationella insatserna.<\/p>\n<p>&#8221;- T\u00e4bys f\u00f6retagare \u00e4r enormt viktiga och nu beh\u00f6ver de all st\u00f6ttning de kan f\u00e5. Flera \u00e5tg\u00e4rder har satts in p\u00e5 nationell niv\u00e5, men vi vill ge ett ytterligare st\u00f6d fr\u00e5n kommunens sida. Vi m\u00e5ste alla hj\u00e4lpas \u00e5t f\u00f6r att r\u00e4dda de lokala f\u00f6retagen&#8221;, s\u00e4ger Tobias Karlstr\u00f6m (KD) ordf\u00f6rande i gymnasie- och n\u00e4ringslivsn\u00e4mnden<\/p>\n<p>St\u00f6dpaketet g\u00e4ller som ett tillf\u00e4lligt st\u00f6d ti<span class=\"text_exposed_show\">ll det lokala n\u00e4ringslivet i samband med coronakrisen.<\/span><\/p>\n<div class=\"text_exposed_show\">\n<p>Kommunens st\u00f6dpaket f\u00f6r f\u00f6retagare:<\/p>\n<p><span class=\"_5mfr\"><span class=\"_6qdm\">\u2705<\/span><\/span> F\u00f6rl\u00e4ngd betalningstid f\u00f6r fakturor inom livsmedelskontroll, servering- och tobakstillsyn.<\/p>\n<p><span class=\"_5mfr\"><span class=\"_6qdm\">\u2705<\/span><\/span> F\u00f6rl\u00e4ngd betalningstid f\u00f6r fakturor, efter kontakt med kommunen, p\u00e5 avgifter f\u00f6r markuppl\u00e5telse avseende uteservering.<\/p>\n<p><span class=\"_5mfr\"><span class=\"_6qdm\">\u2705<\/span><\/span> Korta ner betalningstider till leverant\u00f6rer, efter kontakt med kommunen.<\/p>\n<p><span class=\"_5mfr\"><span class=\"_6qdm\">\u2705<\/span><\/span> \u00c5terbetalning av avgifter om s\u00f6kande drar tillbaka sitt \u00e4rende. G\u00e4ller f\u00f6r \u00e4renden inom milj\u00f6- och h\u00e4lsoskydd samt markuppl\u00e5telse.<\/p>\n<p><span class=\"_5mfr\"><span class=\"_6qdm\">\u2705<\/span><\/span> Tillsynsbes\u00f6k som inte \u00e4r kritiska flyttas fram.<\/p>\n<p><span class=\"_5mfr\"><span class=\"_6qdm\">\u2705<\/span><\/span> Ingen avgift utg\u00e5r f\u00f6r markuppl\u00e5telse f\u00f6r uteserveringar under \u00e5r 2020*.<\/p>\n<p><span class=\"_5mfr\"><span class=\"_6qdm\">\u2705<\/span><\/span> M\u00f6jlighet att \u00f6ppna uteserveringar omg\u00e5ende (om polisen beviljar ans\u00f6kan).<\/p>\n<p><span class=\"_5mfr\"><span class=\"_6qdm\">\u2705<\/span><\/span> M\u00f6jlighet f\u00f6r st\u00f6rre markuppl\u00e5telse \u00e4n vanligt f\u00f6r uteservering.<\/p>\n<p><span class=\"_5mfr\"><span class=\"_6qdm\">\u2705<\/span><\/span> Fortsatt avgiftsfri parkering p\u00e5 kommunala parkeringsplatser.<\/p>\n<p><span class=\"_5mfr\"><span class=\"_6qdm\">\u2705<\/span><\/span> Kommunen kommer i sina kommunikationskanaler att uppmana T\u00e4byborna att st\u00f6dja de lokala f\u00f6retagen.<\/p>\n<\/div>\n<p><a href=\"https:\/\/www.taby.se\/nyheter\/2020\/mars\/stod-till-naringslivet-i-taby-kommun\/?fbclid=IwAR1eG3a7BtQgwXLSrHrNVf4qXT_sTAWAz8ivEO4LJxpv43V6vZiIYu0oo6U\">L\u00e4s mer om f\u00f6rslagen, klicka h\u00e4r!<\/a><\/p>\n","protected":false},"excerpt":{"rendered":"<p>T\u00e4by kommun har tagit fram \u00e5tg\u00e4rder som ska underl\u00e4tta f\u00f6r n\u00e4ringslivet, som till\u00e4gg till de nationella insatserna. &#8221;- T\u00e4bys f\u00f6retagare \u00e4r enormt viktiga och nu beh\u00f6ver de all st\u00f6ttning de kan f\u00e5. Flera \u00e5tg\u00e4rder har satts in p\u00e5 nationell niv\u00e5, men vi vill ge ett ytterligare st\u00f6d fr\u00e5n kommunens sida. Vi m\u00e5ste alla hj\u00e4lpas \u00e5t <a class=\"read-more-link\" href=\"https:\/\/wp.kristdemokraterna.se\/taby\/sa-ska-taby-underlatta-for-naringslivet\/\">Read More<\/a><\/p>\n","protected":false},"author":26,"featured_media":0,"comment_status":"closed","ping_status":"closed","sticky":false,"template":"","format":"standard","meta":{"_acf_changed":false,"footnotes":""},"categories":[30,29,1],"tags":[],"class_list":["post-2067","post","type-post","status-publish","format-standard","hentry","category-inlagg","category-nyheter","category-okategoriserade"],"acf":[],"yoast_head":"<!-- This site is optimized with the Yoast SEO plugin v27.4 - https:\/\/yoast.com\/product\/yoast-seo-wordpress\/ -->\n<title>S\u00e5 ska T\u00e4by underl\u00e4tta f\u00f6r n\u00e4ringslivet och f\u00f6r dig som f\u00f6retagare<\/title>\n<meta name=\"description\" content=\"Mitt under coronakriset har T\u00e4bys politiker tagit fram \u00e5tg\u00e4rder som ska underl\u00e4tta f\u00f6r dig som f\u00f6retagare och f\u00f6r n\u00e4ringslivet.\" \/>\n<meta name=\"robots\" content=\"index, follow, max-snippet:-1, max-image-preview:large, max-video-preview:-1\" \/>\n<link rel=\"canonical\" href=\"https:\/\/wp.kristdemokraterna.se\/taby\/sa-ska-taby-underlatta-for-naringslivet\/\" \/>\n<meta property=\"og:locale\" content=\"sv_SE\" \/>\n<meta property=\"og:type\" content=\"article\" \/>\n<meta property=\"og:title\" content=\"S\u00e5 ska T\u00e4by underl\u00e4tta f\u00f6r n\u00e4ringslivet och f\u00f6r dig som f\u00f6retagare\" \/>\n<meta property=\"og:description\" content=\"Mitt under coronakriset har T\u00e4bys politiker tagit fram \u00e5tg\u00e4rder som ska underl\u00e4tta f\u00f6r dig som f\u00f6retagare och f\u00f6r n\u00e4ringslivet.\" \/>\n<meta property=\"og:url\" content=\"https:\/\/wp.kristdemokraterna.se\/taby\/sa-ska-taby-underlatta-for-naringslivet\/\" \/>\n<meta property=\"og:site_name\" content=\"T\u00e4by\" \/>\n<meta property=\"article:published_time\" content=\"2020-03-27T16:33:09+00:00\" \/>\n<meta property=\"article:modified_time\" content=\"2020-04-13T15:38:59+00:00\" \/>\n<meta name=\"author\" content=\"taby\" \/>\n<meta name=\"twitter:card\" content=\"summary_large_image\" \/>\n<meta name=\"twitter:label1\" content=\"Skriven av\" \/>\n\t<meta name=\"twitter:data1\" content=\"taby\" \/>\n\t<meta name=\"twitter:label2\" content=\"Ber\u00e4knad l\u00e4stid\" \/>\n\t<meta name=\"twitter:data2\" content=\"1 minut\" \/>\n<script type=\"application\/ld+json\" class=\"yoast-schema-graph\">{\"@context\":\"https:\\\/\\\/schema.org\",\"@graph\":[{\"@type\":\"Article\",\"@id\":\"https:\\\/\\\/wp.kristdemokraterna.se\\\/taby\\\/sa-ska-taby-underlatta-for-naringslivet\\\/#article\",\"isPartOf\":{\"@id\":\"https:\\\/\\\/wp.kristdemokraterna.se\\\/taby\\\/sa-ska-taby-underlatta-for-naringslivet\\\/\"},\"author\":{\"name\":\"taby\",\"@id\":\"https:\\\/\\\/wp.kristdemokraterna.se\\\/taby\\\/#\\\/schema\\\/person\\\/12b9024c714759d0acdc1da1e754d06c\"},\"headline\":\"S\u00e5 ska T\u00e4by underl\u00e4tta f\u00f6r n\u00e4ringslivet\",\"datePublished\":\"2020-03-27T16:33:09+00:00\",\"dateModified\":\"2020-04-13T15:38:59+00:00\",\"mainEntityOfPage\":{\"@id\":\"https:\\\/\\\/wp.kristdemokraterna.se\\\/taby\\\/sa-ska-taby-underlatta-for-naringslivet\\\/\"},\"wordCount\":271,\"articleSection\":[\"inl\u00e4gg\",\"Nyheter\",\"Senaste nytt\"],\"inLanguage\":\"sv-SE\"},{\"@type\":\"WebPage\",\"@id\":\"https:\\\/\\\/wp.kristdemokraterna.se\\\/taby\\\/sa-ska-taby-underlatta-for-naringslivet\\\/\",\"url\":\"https:\\\/\\\/wp.kristdemokraterna.se\\\/taby\\\/sa-ska-taby-underlatta-for-naringslivet\\\/\",\"name\":\"S\u00e5 ska T\u00e4by underl\u00e4tta f\u00f6r n\u00e4ringslivet och f\u00f6r dig som f\u00f6retagare\",\"isPartOf\":{\"@id\":\"https:\\\/\\\/wp.kristdemokraterna.se\\\/taby\\\/#website\"},\"datePublished\":\"2020-03-27T16:33:09+00:00\",\"dateModified\":\"2020-04-13T15:38:59+00:00\",\"author\":{\"@id\":\"https:\\\/\\\/wp.kristdemokraterna.se\\\/taby\\\/#\\\/schema\\\/person\\\/12b9024c714759d0acdc1da1e754d06c\"},\"description\":\"Mitt under coronakriset har T\u00e4bys politiker tagit fram \u00e5tg\u00e4rder som ska underl\u00e4tta f\u00f6r dig som f\u00f6retagare och f\u00f6r n\u00e4ringslivet.\",\"breadcrumb\":{\"@id\":\"https:\\\/\\\/wp.kristdemokraterna.se\\\/taby\\\/sa-ska-taby-underlatta-for-naringslivet\\\/#breadcrumb\"},\"inLanguage\":\"sv-SE\",\"potentialAction\":[{\"@type\":\"ReadAction\",\"target\":[\"https:\\\/\\\/wp.kristdemokraterna.se\\\/taby\\\/sa-ska-taby-underlatta-for-naringslivet\\\/\"]}]},{\"@type\":\"BreadcrumbList\",\"@id\":\"https:\\\/\\\/wp.kristdemokraterna.se\\\/taby\\\/sa-ska-taby-underlatta-for-naringslivet\\\/#breadcrumb\",\"itemListElement\":[{\"@type\":\"ListItem\",\"position\":1,\"name\":\"Hem\",\"item\":\"https:\\\/\\\/wp.kristdemokraterna.se\\\/taby\\\/\"},{\"@type\":\"ListItem\",\"position\":2,\"name\":\"S\u00e5 ska T\u00e4by underl\u00e4tta f\u00f6r n\u00e4ringslivet\"}]},{\"@type\":\"WebSite\",\"@id\":\"https:\\\/\\\/wp.kristdemokraterna.se\\\/taby\\\/#website\",\"url\":\"https:\\\/\\\/wp.kristdemokraterna.se\\\/taby\\\/\",\"name\":\"T\u00e4by\",\"description\":\"&quot;Det ska vara l\u00e4ttare att f\u00e5 ihop arbetsliv och familjeliv i T\u00e4by&quot;\",\"inLanguage\":\"sv-SE\"},{\"@type\":\"Person\",\"@id\":\"https:\\\/\\\/wp.kristdemokraterna.se\\\/taby\\\/#\\\/schema\\\/person\\\/12b9024c714759d0acdc1da1e754d06c\",\"name\":\"taby\",\"image\":{\"@type\":\"ImageObject\",\"inLanguage\":\"sv-SE\",\"@id\":\"https:\\\/\\\/secure.gravatar.com\\\/avatar\\\/62f6aca44d1f9c34b49438e5fdf4be3554253b04b49a76f013049906786db305?s=96&d=mm&r=g\",\"url\":\"https:\\\/\\\/secure.gravatar.com\\\/avatar\\\/62f6aca44d1f9c34b49438e5fdf4be3554253b04b49a76f013049906786db305?s=96&d=mm&r=g\",\"contentUrl\":\"https:\\\/\\\/secure.gravatar.com\\\/avatar\\\/62f6aca44d1f9c34b49438e5fdf4be3554253b04b49a76f013049906786db305?s=96&d=mm&r=g\",\"caption\":\"taby\"},\"url\":\"https:\\\/\\\/wp.kristdemokraterna.se\\\/taby\\\/author\\\/taby\\\/\"}]}<\/script>\n<!-- \/ Yoast SEO plugin. -->","yoast_head_json":{"title":"S\u00e5 ska T\u00e4by underl\u00e4tta f\u00f6r n\u00e4ringslivet och f\u00f6r dig som f\u00f6retagare","description":"Mitt under coronakriset har T\u00e4bys politiker tagit fram \u00e5tg\u00e4rder som ska underl\u00e4tta f\u00f6r dig som f\u00f6retagare och f\u00f6r n\u00e4ringslivet.","robots":{"index":"index","follow":"follow","max-snippet":"max-snippet:-1","max-image-preview":"max-image-preview:large","max-video-preview":"max-video-preview:-1"},"canonical":"https:\/\/wp.kristdemokraterna.se\/taby\/sa-ska-taby-underlatta-for-naringslivet\/","og_locale":"sv_SE","og_type":"article","og_title":"S\u00e5 ska T\u00e4by underl\u00e4tta f\u00f6r n\u00e4ringslivet och f\u00f6r dig som f\u00f6retagare","og_description":"Mitt under coronakriset har T\u00e4bys politiker tagit fram \u00e5tg\u00e4rder som ska underl\u00e4tta f\u00f6r dig som f\u00f6retagare och f\u00f6r n\u00e4ringslivet.","og_url":"https:\/\/wp.kristdemokraterna.se\/taby\/sa-ska-taby-underlatta-for-naringslivet\/","og_site_name":"T\u00e4by","article_published_time":"2020-03-27T16:33:09+00:00","article_modified_time":"2020-04-13T15:38:59+00:00","author":"taby","twitter_card":"summary_large_image","twitter_misc":{"Skriven av":"taby","Ber\u00e4knad l\u00e4stid":"1 minut"},"schema":{"@context":"https:\/\/schema.org","@graph":[{"@type":"Article","@id":"https:\/\/wp.kristdemokraterna.se\/taby\/sa-ska-taby-underlatta-for-naringslivet\/#article","isPartOf":{"@id":"https:\/\/wp.kristdemokraterna.se\/taby\/sa-ska-taby-underlatta-for-naringslivet\/"},"author":{"name":"taby","@id":"https:\/\/wp.kristdemokraterna.se\/taby\/#\/schema\/person\/12b9024c714759d0acdc1da1e754d06c"},"headline":"S\u00e5 ska T\u00e4by underl\u00e4tta f\u00f6r n\u00e4ringslivet","datePublished":"2020-03-27T16:33:09+00:00","dateModified":"2020-04-13T15:38:59+00:00","mainEntityOfPage":{"@id":"https:\/\/wp.kristdemokraterna.se\/taby\/sa-ska-taby-underlatta-for-naringslivet\/"},"wordCount":271,"articleSection":["inl\u00e4gg","Nyheter","Senaste nytt"],"inLanguage":"sv-SE"},{"@type":"WebPage","@id":"https:\/\/wp.kristdemokraterna.se\/taby\/sa-ska-taby-underlatta-for-naringslivet\/","url":"https:\/\/wp.kristdemokraterna.se\/taby\/sa-ska-taby-underlatta-for-naringslivet\/","name":"S\u00e5 ska T\u00e4by underl\u00e4tta f\u00f6r n\u00e4ringslivet och f\u00f6r dig som f\u00f6retagare","isPartOf":{"@id":"https:\/\/wp.kristdemokraterna.se\/taby\/#website"},"datePublished":"2020-03-27T16:33:09+00:00","dateModified":"2020-04-13T15:38:59+00:00","author":{"@id":"https:\/\/wp.kristdemokraterna.se\/taby\/#\/schema\/person\/12b9024c714759d0acdc1da1e754d06c"},"description":"Mitt under coronakriset har T\u00e4bys politiker tagit fram \u00e5tg\u00e4rder som ska underl\u00e4tta f\u00f6r dig som f\u00f6retagare och f\u00f6r n\u00e4ringslivet.","breadcrumb":{"@id":"https:\/\/wp.kristdemokraterna.se\/taby\/sa-ska-taby-underlatta-for-naringslivet\/#breadcrumb"},"inLanguage":"sv-SE","potentialAction":[{"@type":"ReadAction","target":["https:\/\/wp.kristdemokraterna.se\/taby\/sa-ska-taby-underlatta-for-naringslivet\/"]}]},{"@type":"BreadcrumbList","@id":"https:\/\/wp.kristdemokraterna.se\/taby\/sa-ska-taby-underlatta-for-naringslivet\/#breadcrumb","itemListElement":[{"@type":"ListItem","position":1,"name":"Hem","item":"https:\/\/wp.kristdemokraterna.se\/taby\/"},{"@type":"ListItem","position":2,"name":"S\u00e5 ska T\u00e4by underl\u00e4tta f\u00f6r n\u00e4ringslivet"}]},{"@type":"WebSite","@id":"https:\/\/wp.kristdemokraterna.se\/taby\/#website","url":"https:\/\/wp.kristdemokraterna.se\/taby\/","name":"T\u00e4by","description":"&quot;Det ska vara l\u00e4ttare att f\u00e5 ihop arbetsliv och familjeliv i T\u00e4by&quot;","inLanguage":"sv-SE"},{"@type":"Person","@id":"https:\/\/wp.kristdemokraterna.se\/taby\/#\/schema\/person\/12b9024c714759d0acdc1da1e754d06c","name":"taby","image":{"@type":"ImageObject","inLanguage":"sv-SE","@id":"https:\/\/secure.gravatar.com\/avatar\/62f6aca44d1f9c34b49438e5fdf4be3554253b04b49a76f013049906786db305?s=96&d=mm&r=g","url":"https:\/\/secure.gravatar.com\/avatar\/62f6aca44d1f9c34b49438e5fdf4be3554253b04b49a76f013049906786db305?s=96&d=mm&r=g","contentUrl":"https:\/\/secure.gravatar.com\/avatar\/62f6aca44d1f9c34b49438e5fdf4be3554253b04b49a76f013049906786db305?s=96&d=mm&r=g","caption":"taby"},"url":"https:\/\/wp.kristdemokraterna.se\/taby\/author\/taby\/"}]}},"_links":{"self":[{"href":"https:\/\/wp.kristdemokraterna.se\/taby\/wp-json\/wp\/v2\/posts\/2067","targetHints":{"allow":["GET"]}}],"collection":[{"href":"https:\/\/wp.kristdemokraterna.se\/taby\/wp-json\/wp\/v2\/posts"}],"about":[{"href":"https:\/\/wp.kristdemokraterna.se\/taby\/wp-json\/wp\/v2\/types\/post"}],"author":[{"embeddable":true,"href":"https:\/\/wp.kristdemokraterna.se\/taby\/wp-json\/wp\/v2\/users\/26"}],"replies":[{"embeddable":true,"href":"https:\/\/wp.kristdemokraterna.se\/taby\/wp-json\/wp\/v2\/comments?post=2067"}],"version-history":[{"count":2,"href":"https:\/\/wp.kristdemokraterna.se\/taby\/wp-json\/wp\/v2\/posts\/2067\/revisions"}],"predecessor-version":[{"id":2070,"href":"https:\/\/wp.kristdemokraterna.se\/taby\/wp-json\/wp\/v2\/posts\/2067\/revisions\/2070"}],"wp:attachment":[{"href":"https:\/\/wp.kristdemokraterna.se\/taby\/wp-json\/wp\/v2\/media?parent=2067"}],"wp:term":[{"taxonomy":"category","embeddable":true,"href":"https:\/\/wp.kristdemokraterna.se\/taby\/wp-json\/wp\/v2\/categories?post=2067"},{"taxonomy":"post_tag","embeddable":true,"href":"https:\/\/wp.kristdemokraterna.se\/taby\/wp-json\/wp\/v2\/tags?post=2067"}],"curies":[{"name":"wp","href":"https:\/\/api.w.org\/{rel}","templated":true}]}}