{"id":2095,"date":"2020-05-23T11:23:27","date_gmt":"2020-05-23T09:23:27","guid":{"rendered":"http:\/\/wp.kristdemokraterna.se\/taby\/?p=2095"},"modified":"2020-06-09T11:34:49","modified_gmt":"2020-06-09T09:34:49","slug":"lar-av-krisen","status":"publish","type":"post","link":"https:\/\/wp.kristdemokraterna.se\/taby\/lar-av-krisen\/","title":{"rendered":"L\u00e5t oss l\u00e4ra av krisen!"},"content":{"rendered":"<div id=\"js_6\" class=\"_5pbx userContent _3576\" data-testid=\"post_message\" data-ft=\"{&quot;tn&quot;:&quot;K&quot;}\">\n<p><strong>L\u00e5t oss l\u00e4ra av krisen s\u00e5 vi st\u00e5r b\u00e4ttre rustade i framtiden.<\/strong><\/p>\n<p>Redan i mars gick Mikael Oscarsson (KD) ut och kr\u00e4vde att en kriskommission skulle tills\u00e4ttas. Och under maj meddelade socialutskottets ordf\u00f6rande Acko Ankarberg Johansson (KD) att en expertgrupp f\u00f6r v\u00e5rden beh\u00f6vs.<\/p>\n<p>Landsting, kommuner och myndigheter har i m\u00e5nader arbetat dag och natt f\u00f6r att hantera coronaviruset. Just nu n\u00e4r arbetet p\u00e5g\u00e5r f\u00f6r fullt \u00e4r det viktigt att dokumentera viktiga erfarenheter. Vilka arbetsmetoder \u00e4r framg\u00e5ngsrika? Vilka f\u00f6ruts\u00e4ttningar har saknats f\u00f6r att kunna bedriva effektiv v\u00e5rd? Och hur stort beh\u00f6ver Sveriges beredskapslager av v\u00e5rdmateriel vara?<\/p>\n<p>Situationen i framf\u00f6rallt v\u00e5rd och omsorg \u00e4r otroligt anstr\u00e4ngd. Personalen g\u00e5r p\u00e5 kn\u00e4na. Blickar vi fram\u00e5t ser vi att redan l\u00e5nga k\u00f6er till operationer och specialistv\u00e5rd kommer bli \u00e4nnu l\u00e4ngre. Operationer och bes\u00f6k skjuts p\u00e5 framtiden f\u00f6r att skydda riskgrupper. Mycket pekar ocks\u00e5 p\u00e5 att m\u00e4nniskor avst\u00e5r~fr\u00e5n att s\u00f6ka v\u00e5rd av r\u00e4dsla f\u00f6r smitta. Risken \u00e4r att de i v\u00e4ntan p\u00e5 v\u00e5rd blir \u00e4nnu sjukare, och kommer beh\u00f6va \u00e4nnu mer sjukv\u00e5rd l\u00e4ngre fram.<\/p>\n<p>Krisen \u00e4r fortfarande inte \u00f6ver, men vi m\u00e5ste redan nu b\u00f6rja planera f\u00f6r hur vi ska hantera den stora v\u00e5rdskuld som nu byggs upp och ta tillvara de erfarenheter som krishanteringen har gett oss.<\/p>\n<p>D\u00e4rf\u00f6r beh\u00f6vs en expertgrupp f\u00f6r v\u00e5rden och en kriskommission. Det beh\u00f6vs f\u00f6r att dokumentera, analysera och utv\u00e4rdera arbetet. En s\u00e5dan skulle \u00f6ka m\u00f6jligheten att tidigt dra viktiga l\u00e4rdomar av hela samh\u00e4llets krishantering. Det skulle ocks\u00e5 bli l\u00e4ttare att i ett senare skede bed\u00f6ma effekten av de \u00e5tg\u00e4rder som nu vidtas.<\/p>\n<p>Oftast tills\u00e4tts en kriskommission i efterhand. Det f\u00e5r till f\u00f6ljd att utredningen tvingas rekonstruera stora delar av h\u00e4ndelsef\u00f6rloppet och att viktiga erfarenheter riskerar att g\u00e5 f\u00f6rlorade p\u00e5 grund av bristande dokumentation. Relevanta erfarenheter f\u00f6r framtiden f\u00e5r inte f\u00f6rsvinna.<\/p>\n<p>Den svenska sjukv\u00e5rden och \u00e4ldreomsorgen har under de senaste m\u00e5naderna gjort en enast\u00e5ende insats inte minst givet sina f\u00f6ruts\u00e4ttningar. Detta har vi sett i v\u00e5rden av enskilda patienter och i den n\u00e4stan ofattbara omst\u00e4llningen av hela v\u00e5rdapparaten. Men det har, \u00e5terigen, skett trots den f\u00f6r\u00e5ldrade organisationsmodellen, inte tack vare densamma.<\/p>\n<p>Kristdemokraterna har under n\u00e4ra ett decennium haft uppfattningen att dagens organisationsmodell f\u00f6r svensk sjukv\u00e5rd \u00e4r suboptimal och mycket d\u00e5ligt rustad f\u00f6r att m\u00f6ta de framtidsutmaningar som vi vet kommer.<\/p>\n<p>Syftet med en expertgrupp och kriskommission \u00e4r inte att jaga regeringen eller att f\u00f6rdela skuld mellan olika myndigheter. En granskning som s\u00e4tts ig\u00e5ng redan nu syftar till att vi ska st\u00e5 b\u00e4ttre rustade i framtiden eller n\u00e4sta g\u00e5ng en kris drabbar v\u00e5rt land. F\u00f6r god beredskap \u00e4r en st\u00e4ndig l\u00e4randeprocess. F\u00f6r att st\u00e4rka Sveriges motst\u00e5ndskraft beh\u00f6ver vi fortl\u00f6pande utv\u00e4rdera v\u00e5rt agerande, \u00e4ven mitt under p\u00e5g\u00e5ende kris, speciellt i ett fall som detta d\u00e4r krisen sannolikt kan bli l\u00e5ngvarig.<\/p>\n<p>Tillsammans g\u00f6r vi Sverige starkare!<\/p>\n<\/div>\n","protected":false},"excerpt":{"rendered":"<p>L\u00e5t oss l\u00e4ra av krisen s\u00e5 vi st\u00e5r b\u00e4ttre rustade i framtiden. Redan i mars gick Mikael Oscarsson (KD) ut och kr\u00e4vde att en kriskommission skulle tills\u00e4ttas. Och under maj meddelade socialutskottets ordf\u00f6rande Acko Ankarberg Johansson (KD) att en expertgrupp f\u00f6r v\u00e5rden beh\u00f6vs. Landsting, kommuner och myndigheter har i m\u00e5nader arbetat dag och natt f\u00f6r <a class=\"read-more-link\" href=\"https:\/\/wp.kristdemokraterna.se\/taby\/lar-av-krisen\/\">Read More<\/a><\/p>\n","protected":false},"author":26,"featured_media":0,"comment_status":"closed","ping_status":"closed","sticky":false,"template":"","format":"standard","meta":{"_acf_changed":false,"footnotes":""},"categories":[30,29,1],"tags":[],"class_list":["post-2095","post","type-post","status-publish","format-standard","hentry","category-inlagg","category-nyheter","category-okategoriserade"],"acf":[],"yoast_head":"<!-- This site is optimized with the Yoast SEO plugin v27.4 - https:\/\/yoast.com\/product\/yoast-seo-wordpress\/ -->\n<title>L\u00e5t oss l\u00e4ra av krisen! - KD T\u00e4by<\/title>\n<meta name=\"description\" content=\"Vi \u00e4r mitt under en nationell - och global - kris p\u00e5 grund av corona. D\u00e5 beh\u00f6vs en kriskommission och h\u00e4r \u00e4r v\u00e5rt f\u00f6rslag! L\u00e5t oss l\u00e4ra av krisen!\" \/>\n<meta name=\"robots\" content=\"index, follow, max-snippet:-1, max-image-preview:large, max-video-preview:-1\" \/>\n<link rel=\"canonical\" href=\"https:\/\/wp.kristdemokraterna.se\/taby\/lar-av-krisen\/\" \/>\n<meta property=\"og:locale\" content=\"sv_SE\" \/>\n<meta property=\"og:type\" content=\"article\" \/>\n<meta property=\"og:title\" content=\"L\u00e5t oss l\u00e4ra av krisen! - KD T\u00e4by\" \/>\n<meta property=\"og:description\" content=\"Vi \u00e4r mitt under en nationell - och global - kris p\u00e5 grund av corona. D\u00e5 beh\u00f6vs en kriskommission och h\u00e4r \u00e4r v\u00e5rt f\u00f6rslag! L\u00e5t oss l\u00e4ra av krisen!\" \/>\n<meta property=\"og:url\" content=\"https:\/\/wp.kristdemokraterna.se\/taby\/lar-av-krisen\/\" \/>\n<meta property=\"og:site_name\" content=\"T\u00e4by\" \/>\n<meta property=\"article:published_time\" content=\"2020-05-23T09:23:27+00:00\" \/>\n<meta property=\"article:modified_time\" content=\"2020-06-09T09:34:49+00:00\" \/>\n<meta name=\"author\" content=\"taby\" \/>\n<meta name=\"twitter:card\" content=\"summary_large_image\" \/>\n<meta name=\"twitter:label1\" content=\"Skriven av\" \/>\n\t<meta name=\"twitter:data1\" content=\"taby\" \/>\n\t<meta name=\"twitter:label2\" content=\"Ber\u00e4knad l\u00e4stid\" \/>\n\t<meta name=\"twitter:data2\" content=\"3 minuter\" \/>\n<script type=\"application\/ld+json\" class=\"yoast-schema-graph\">{\"@context\":\"https:\\\/\\\/schema.org\",\"@graph\":[{\"@type\":\"Article\",\"@id\":\"https:\\\/\\\/wp.kristdemokraterna.se\\\/taby\\\/lar-av-krisen\\\/#article\",\"isPartOf\":{\"@id\":\"https:\\\/\\\/wp.kristdemokraterna.se\\\/taby\\\/lar-av-krisen\\\/\"},\"author\":{\"name\":\"taby\",\"@id\":\"https:\\\/\\\/wp.kristdemokraterna.se\\\/taby\\\/#\\\/schema\\\/person\\\/12b9024c714759d0acdc1da1e754d06c\"},\"headline\":\"L\u00e5t oss l\u00e4ra av krisen!\",\"datePublished\":\"2020-05-23T09:23:27+00:00\",\"dateModified\":\"2020-06-09T09:34:49+00:00\",\"mainEntityOfPage\":{\"@id\":\"https:\\\/\\\/wp.kristdemokraterna.se\\\/taby\\\/lar-av-krisen\\\/\"},\"wordCount\":574,\"articleSection\":[\"inl\u00e4gg\",\"Nyheter\",\"Senaste nytt\"],\"inLanguage\":\"sv-SE\"},{\"@type\":\"WebPage\",\"@id\":\"https:\\\/\\\/wp.kristdemokraterna.se\\\/taby\\\/lar-av-krisen\\\/\",\"url\":\"https:\\\/\\\/wp.kristdemokraterna.se\\\/taby\\\/lar-av-krisen\\\/\",\"name\":\"L\u00e5t oss l\u00e4ra av krisen! - KD T\u00e4by\",\"isPartOf\":{\"@id\":\"https:\\\/\\\/wp.kristdemokraterna.se\\\/taby\\\/#website\"},\"datePublished\":\"2020-05-23T09:23:27+00:00\",\"dateModified\":\"2020-06-09T09:34:49+00:00\",\"author\":{\"@id\":\"https:\\\/\\\/wp.kristdemokraterna.se\\\/taby\\\/#\\\/schema\\\/person\\\/12b9024c714759d0acdc1da1e754d06c\"},\"description\":\"Vi \u00e4r mitt under en nationell - och global - kris p\u00e5 grund av corona. D\u00e5 beh\u00f6vs en kriskommission och h\u00e4r \u00e4r v\u00e5rt f\u00f6rslag! L\u00e5t oss l\u00e4ra av krisen!\",\"breadcrumb\":{\"@id\":\"https:\\\/\\\/wp.kristdemokraterna.se\\\/taby\\\/lar-av-krisen\\\/#breadcrumb\"},\"inLanguage\":\"sv-SE\",\"potentialAction\":[{\"@type\":\"ReadAction\",\"target\":[\"https:\\\/\\\/wp.kristdemokraterna.se\\\/taby\\\/lar-av-krisen\\\/\"]}]},{\"@type\":\"BreadcrumbList\",\"@id\":\"https:\\\/\\\/wp.kristdemokraterna.se\\\/taby\\\/lar-av-krisen\\\/#breadcrumb\",\"itemListElement\":[{\"@type\":\"ListItem\",\"position\":1,\"name\":\"Hem\",\"item\":\"https:\\\/\\\/wp.kristdemokraterna.se\\\/taby\\\/\"},{\"@type\":\"ListItem\",\"position\":2,\"name\":\"L\u00e5t oss l\u00e4ra av krisen!\"}]},{\"@type\":\"WebSite\",\"@id\":\"https:\\\/\\\/wp.kristdemokraterna.se\\\/taby\\\/#website\",\"url\":\"https:\\\/\\\/wp.kristdemokraterna.se\\\/taby\\\/\",\"name\":\"T\u00e4by\",\"description\":\"&quot;Det ska vara l\u00e4ttare att f\u00e5 ihop arbetsliv och familjeliv i T\u00e4by&quot;\",\"inLanguage\":\"sv-SE\"},{\"@type\":\"Person\",\"@id\":\"https:\\\/\\\/wp.kristdemokraterna.se\\\/taby\\\/#\\\/schema\\\/person\\\/12b9024c714759d0acdc1da1e754d06c\",\"name\":\"taby\",\"image\":{\"@type\":\"ImageObject\",\"inLanguage\":\"sv-SE\",\"@id\":\"https:\\\/\\\/secure.gravatar.com\\\/avatar\\\/62f6aca44d1f9c34b49438e5fdf4be3554253b04b49a76f013049906786db305?s=96&d=mm&r=g\",\"url\":\"https:\\\/\\\/secure.gravatar.com\\\/avatar\\\/62f6aca44d1f9c34b49438e5fdf4be3554253b04b49a76f013049906786db305?s=96&d=mm&r=g\",\"contentUrl\":\"https:\\\/\\\/secure.gravatar.com\\\/avatar\\\/62f6aca44d1f9c34b49438e5fdf4be3554253b04b49a76f013049906786db305?s=96&d=mm&r=g\",\"caption\":\"taby\"},\"url\":\"https:\\\/\\\/wp.kristdemokraterna.se\\\/taby\\\/author\\\/taby\\\/\"}]}<\/script>\n<!-- \/ Yoast SEO plugin. -->","yoast_head_json":{"title":"L\u00e5t oss l\u00e4ra av krisen! - KD T\u00e4by","description":"Vi \u00e4r mitt under en nationell - och global - kris p\u00e5 grund av corona. D\u00e5 beh\u00f6vs en kriskommission och h\u00e4r \u00e4r v\u00e5rt f\u00f6rslag! L\u00e5t oss l\u00e4ra av krisen!","robots":{"index":"index","follow":"follow","max-snippet":"max-snippet:-1","max-image-preview":"max-image-preview:large","max-video-preview":"max-video-preview:-1"},"canonical":"https:\/\/wp.kristdemokraterna.se\/taby\/lar-av-krisen\/","og_locale":"sv_SE","og_type":"article","og_title":"L\u00e5t oss l\u00e4ra av krisen! - KD T\u00e4by","og_description":"Vi \u00e4r mitt under en nationell - och global - kris p\u00e5 grund av corona. D\u00e5 beh\u00f6vs en kriskommission och h\u00e4r \u00e4r v\u00e5rt f\u00f6rslag! L\u00e5t oss l\u00e4ra av krisen!","og_url":"https:\/\/wp.kristdemokraterna.se\/taby\/lar-av-krisen\/","og_site_name":"T\u00e4by","article_published_time":"2020-05-23T09:23:27+00:00","article_modified_time":"2020-06-09T09:34:49+00:00","author":"taby","twitter_card":"summary_large_image","twitter_misc":{"Skriven av":"taby","Ber\u00e4knad l\u00e4stid":"3 minuter"},"schema":{"@context":"https:\/\/schema.org","@graph":[{"@type":"Article","@id":"https:\/\/wp.kristdemokraterna.se\/taby\/lar-av-krisen\/#article","isPartOf":{"@id":"https:\/\/wp.kristdemokraterna.se\/taby\/lar-av-krisen\/"},"author":{"name":"taby","@id":"https:\/\/wp.kristdemokraterna.se\/taby\/#\/schema\/person\/12b9024c714759d0acdc1da1e754d06c"},"headline":"L\u00e5t oss l\u00e4ra av krisen!","datePublished":"2020-05-23T09:23:27+00:00","dateModified":"2020-06-09T09:34:49+00:00","mainEntityOfPage":{"@id":"https:\/\/wp.kristdemokraterna.se\/taby\/lar-av-krisen\/"},"wordCount":574,"articleSection":["inl\u00e4gg","Nyheter","Senaste nytt"],"inLanguage":"sv-SE"},{"@type":"WebPage","@id":"https:\/\/wp.kristdemokraterna.se\/taby\/lar-av-krisen\/","url":"https:\/\/wp.kristdemokraterna.se\/taby\/lar-av-krisen\/","name":"L\u00e5t oss l\u00e4ra av krisen! - KD T\u00e4by","isPartOf":{"@id":"https:\/\/wp.kristdemokraterna.se\/taby\/#website"},"datePublished":"2020-05-23T09:23:27+00:00","dateModified":"2020-06-09T09:34:49+00:00","author":{"@id":"https:\/\/wp.kristdemokraterna.se\/taby\/#\/schema\/person\/12b9024c714759d0acdc1da1e754d06c"},"description":"Vi \u00e4r mitt under en nationell - och global - kris p\u00e5 grund av corona. D\u00e5 beh\u00f6vs en kriskommission och h\u00e4r \u00e4r v\u00e5rt f\u00f6rslag! L\u00e5t oss l\u00e4ra av krisen!","breadcrumb":{"@id":"https:\/\/wp.kristdemokraterna.se\/taby\/lar-av-krisen\/#breadcrumb"},"inLanguage":"sv-SE","potentialAction":[{"@type":"ReadAction","target":["https:\/\/wp.kristdemokraterna.se\/taby\/lar-av-krisen\/"]}]},{"@type":"BreadcrumbList","@id":"https:\/\/wp.kristdemokraterna.se\/taby\/lar-av-krisen\/#breadcrumb","itemListElement":[{"@type":"ListItem","position":1,"name":"Hem","item":"https:\/\/wp.kristdemokraterna.se\/taby\/"},{"@type":"ListItem","position":2,"name":"L\u00e5t oss l\u00e4ra av krisen!"}]},{"@type":"WebSite","@id":"https:\/\/wp.kristdemokraterna.se\/taby\/#website","url":"https:\/\/wp.kristdemokraterna.se\/taby\/","name":"T\u00e4by","description":"&quot;Det ska vara l\u00e4ttare att f\u00e5 ihop arbetsliv och familjeliv i T\u00e4by&quot;","inLanguage":"sv-SE"},{"@type":"Person","@id":"https:\/\/wp.kristdemokraterna.se\/taby\/#\/schema\/person\/12b9024c714759d0acdc1da1e754d06c","name":"taby","image":{"@type":"ImageObject","inLanguage":"sv-SE","@id":"https:\/\/secure.gravatar.com\/avatar\/62f6aca44d1f9c34b49438e5fdf4be3554253b04b49a76f013049906786db305?s=96&d=mm&r=g","url":"https:\/\/secure.gravatar.com\/avatar\/62f6aca44d1f9c34b49438e5fdf4be3554253b04b49a76f013049906786db305?s=96&d=mm&r=g","contentUrl":"https:\/\/secure.gravatar.com\/avatar\/62f6aca44d1f9c34b49438e5fdf4be3554253b04b49a76f013049906786db305?s=96&d=mm&r=g","caption":"taby"},"url":"https:\/\/wp.kristdemokraterna.se\/taby\/author\/taby\/"}]}},"_links":{"self":[{"href":"https:\/\/wp.kristdemokraterna.se\/taby\/wp-json\/wp\/v2\/posts\/2095","targetHints":{"allow":["GET"]}}],"collection":[{"href":"https:\/\/wp.kristdemokraterna.se\/taby\/wp-json\/wp\/v2\/posts"}],"about":[{"href":"https:\/\/wp.kristdemokraterna.se\/taby\/wp-json\/wp\/v2\/types\/post"}],"author":[{"embeddable":true,"href":"https:\/\/wp.kristdemokraterna.se\/taby\/wp-json\/wp\/v2\/users\/26"}],"replies":[{"embeddable":true,"href":"https:\/\/wp.kristdemokraterna.se\/taby\/wp-json\/wp\/v2\/comments?post=2095"}],"version-history":[{"count":1,"href":"https:\/\/wp.kristdemokraterna.se\/taby\/wp-json\/wp\/v2\/posts\/2095\/revisions"}],"predecessor-version":[{"id":2097,"href":"https:\/\/wp.kristdemokraterna.se\/taby\/wp-json\/wp\/v2\/posts\/2095\/revisions\/2097"}],"wp:attachment":[{"href":"https:\/\/wp.kristdemokraterna.se\/taby\/wp-json\/wp\/v2\/media?parent=2095"}],"wp:term":[{"taxonomy":"category","embeddable":true,"href":"https:\/\/wp.kristdemokraterna.se\/taby\/wp-json\/wp\/v2\/categories?post=2095"},{"taxonomy":"post_tag","embeddable":true,"href":"https:\/\/wp.kristdemokraterna.se\/taby\/wp-json\/wp\/v2\/tags?post=2095"}],"curies":[{"name":"wp","href":"https:\/\/api.w.org\/{rel}","templated":true}]}}