{"id":2098,"date":"2020-05-25T11:35:12","date_gmt":"2020-05-25T09:35:12","guid":{"rendered":"http:\/\/wp.kristdemokraterna.se\/taby\/?p=2098"},"modified":"2020-06-09T11:41:41","modified_gmt":"2020-06-09T09:41:41","slug":"bakom-varje-siffra-star-en-person","status":"publish","type":"post","link":"https:\/\/wp.kristdemokraterna.se\/taby\/bakom-varje-siffra-star-en-person\/","title":{"rendered":"Bakom varje siffra st\u00e5r en person"},"content":{"rendered":"<p>Bakom varje siffra finns en person. Bakom varje person finns familj, sl\u00e4kt och v\u00e4nner.<\/p>\n<p>Dagligen rapporterar myndigheterna om nya siffror. Siffror som redan hunnit \u00f6ka innan trycksv\u00e4rtan hunnit torka i nyhetsmedierna. Antalet sv\u00e5rt sjuka. Antalet anh\u00f6riga som v\u00e5ndas. Antalet avlidna. Antalet s\u00f6rjande.<\/p>\n<p>S\u00e5 mycket mer \u00e4n bara siffror.<\/p>\n<div class=\"text_exposed_show\">\n<p>Bakom varje siffra finns ett livs\u00f6de. En vandring p\u00e5 livets v\u00e4g som abrupt tagit slut. En person som utbildat sig, blivit k\u00e4r, f\u00e5tt sitt hj\u00e4rta krossat, blivit k\u00e4r igen, skaffat jobb, gjort karri\u00e4r, f\u00e5tt barn. Kanske barnbarn.<\/p>\n<p>Men s\u00e5 drog ett virus \u00f6ver v\u00e4rlden. Med sjukdom och skr\u00e4ck. Och personer blev till siffror.<\/p>\n<p>Kristdemokratin \u00e4r v\u00e4rdeorienterad. Med detta menas en politik som har m\u00e4nniskov\u00e4rdet och de etiska grundv\u00e4rdena i centrum. Det \u00e4r fr\u00e5gor som alltid \u00e4r aktuella, men s\u00e4rskilt nu n\u00e4r vi som samh\u00e4lle g\u00e5r igenom en sv\u00e5r kris.<\/p>\n<p>Det handlar om r\u00e4tten av att bem\u00f6tas med v\u00e4rdighet och respekt. S\u00e4rskilt i livets sv\u00e5ra skeenden. Vid allvarlig sjukdom, eller d\u00e4r livets v\u00e4g tar slut. Sjukv\u00e5rden ska utg\u00e5 fr\u00e5n att varje m\u00e4nniska \u00e4r unik och att alla m\u00e4nniskor har samma absoluta och okr\u00e4nkbara v\u00e4rde.<\/p>\n<p>Det handlar i grund och botten om att n\u00e4r vi \u00e4r som svagast s\u00e5 m\u00e5ste v\u00e4lf\u00e4rden vara som starkast.<\/p>\n<p><a href=\"https:\/\/l.facebook.com\/l.php?u=http%3A%2F%2FKD.nu%2Fblimedlem%3Ffbclid%3DIwAR1f95kmmaDhYfEAp7iIyW__-DKiWi0rUcbwAh8TanFSOC9t-KpBkmG6b1I&amp;h=AT16rGKOyohN2mO_dXwGp2lCdJNMZ00f8l6Z4VAjz6Qn7gyT0OUTIAIsbjnuSNN6D16lgUNjbjufloCRCNgcqfqVxCmevljH_TBGrv9w1s1q3hsOPAKk5xeo1E31Wm5HTAoK3YrtwfY3DM8g2suwjsNqqIswCJAKs8HEVSfOAMR7xRF6taUXApEdpxpJFshPLPa6bVVJLCJuoFsFV_b_HeNqY-hg8m2u7ncM4PY7Kcgn64YeH4mFi5lKMVmcKaLCmHdM5HOadjIKtI72IpXLMCMga4Ym9lTAqOiWi827FkgRJO0RXedIfWrr-0kLWfSIqmVpTWR5OjSpn0hs1qKmAsQfIqgfPKbk4tasKlQgyeCoizE2HY-symBVUWhFBkiBdqYZ8KFvHk32mRrwndOmmBffMa-OAj3KgBYYGe8dh6VudWLPzXIZ2iCmpKJih2SrclUeKU5FHWvMsdJctZfJzC0WVkQribbK_Lgh_K7efBn-HnTeroDT68Pcvcfn3OABGWWjpVMP5Q51Dik9OeEe3rO7CF8HnU7yXVW1My84TkzOFkwuUWI52lA0zUss_hHfUI_gKTIFYauHn-B0kUSRsnz2duDFuL7FpPYDE2qS-bj2QjvVd6ec7eNY7OOQPkajIIVaRqBd\">G\u00e5 med i KD och p\u00e5verka hur framtiden ser ut du med!<\/a><\/p>\n<\/div>\n","protected":false},"excerpt":{"rendered":"<p>Bakom varje siffra finns en person. Bakom varje person finns familj, sl\u00e4kt och v\u00e4nner. Dagligen rapporterar myndigheterna om nya siffror. Siffror som redan hunnit \u00f6ka innan trycksv\u00e4rtan hunnit torka i nyhetsmedierna. Antalet sv\u00e5rt sjuka. Antalet anh\u00f6riga som v\u00e5ndas. Antalet avlidna. Antalet s\u00f6rjande. S\u00e5 mycket mer \u00e4n bara siffror. Bakom varje siffra finns ett livs\u00f6de. En <a class=\"read-more-link\" href=\"https:\/\/wp.kristdemokraterna.se\/taby\/bakom-varje-siffra-star-en-person\/\">Read More<\/a><\/p>\n","protected":false},"author":26,"featured_media":0,"comment_status":"closed","ping_status":"closed","sticky":false,"template":"","format":"standard","meta":{"_acf_changed":false,"footnotes":""},"categories":[30,29,1],"tags":[],"class_list":["post-2098","post","type-post","status-publish","format-standard","hentry","category-inlagg","category-nyheter","category-okategoriserade"],"acf":[],"yoast_head":"<!-- This site is optimized with the Yoast SEO plugin v27.4 - https:\/\/yoast.com\/product\/yoast-seo-wordpress\/ -->\n<title>Bakom varje siffra st\u00e5r en person -<\/title>\n<meta name=\"description\" content=\"Sverige beh\u00f6ver bli mer m\u00e4nskligt. Bakom varje siffra i statistiken st\u00e5r en person och ett livs\u00f6de. Vill du vara med och p\u00e5verka - l\u00e4s detta!\" \/>\n<meta name=\"robots\" content=\"index, follow, max-snippet:-1, max-image-preview:large, max-video-preview:-1\" \/>\n<link rel=\"canonical\" href=\"https:\/\/wp.kristdemokraterna.se\/taby\/bakom-varje-siffra-star-en-person\/\" \/>\n<meta property=\"og:locale\" content=\"sv_SE\" \/>\n<meta property=\"og:type\" content=\"article\" \/>\n<meta property=\"og:title\" content=\"Bakom varje siffra st\u00e5r en person -\" \/>\n<meta property=\"og:description\" content=\"Sverige beh\u00f6ver bli mer m\u00e4nskligt. Bakom varje siffra i statistiken st\u00e5r en person och ett livs\u00f6de. Vill du vara med och p\u00e5verka - l\u00e4s detta!\" \/>\n<meta property=\"og:url\" content=\"https:\/\/wp.kristdemokraterna.se\/taby\/bakom-varje-siffra-star-en-person\/\" \/>\n<meta property=\"og:site_name\" content=\"T\u00e4by\" \/>\n<meta property=\"article:published_time\" content=\"2020-05-25T09:35:12+00:00\" \/>\n<meta property=\"article:modified_time\" content=\"2020-06-09T09:41:41+00:00\" \/>\n<meta name=\"author\" content=\"taby\" \/>\n<meta name=\"twitter:card\" content=\"summary_large_image\" \/>\n<meta name=\"twitter:label1\" content=\"Skriven av\" \/>\n\t<meta name=\"twitter:data1\" content=\"taby\" \/>\n\t<meta name=\"twitter:label2\" content=\"Ber\u00e4knad l\u00e4stid\" \/>\n\t<meta name=\"twitter:data2\" content=\"1 minut\" \/>\n<script type=\"application\/ld+json\" class=\"yoast-schema-graph\">{\"@context\":\"https:\\\/\\\/schema.org\",\"@graph\":[{\"@type\":\"Article\",\"@id\":\"https:\\\/\\\/wp.kristdemokraterna.se\\\/taby\\\/bakom-varje-siffra-star-en-person\\\/#article\",\"isPartOf\":{\"@id\":\"https:\\\/\\\/wp.kristdemokraterna.se\\\/taby\\\/bakom-varje-siffra-star-en-person\\\/\"},\"author\":{\"name\":\"taby\",\"@id\":\"https:\\\/\\\/wp.kristdemokraterna.se\\\/taby\\\/#\\\/schema\\\/person\\\/12b9024c714759d0acdc1da1e754d06c\"},\"headline\":\"Bakom varje siffra st\u00e5r en person\",\"datePublished\":\"2020-05-25T09:35:12+00:00\",\"dateModified\":\"2020-06-09T09:41:41+00:00\",\"mainEntityOfPage\":{\"@id\":\"https:\\\/\\\/wp.kristdemokraterna.se\\\/taby\\\/bakom-varje-siffra-star-en-person\\\/\"},\"wordCount\":264,\"articleSection\":[\"inl\u00e4gg\",\"Nyheter\",\"Senaste nytt\"],\"inLanguage\":\"sv-SE\"},{\"@type\":\"WebPage\",\"@id\":\"https:\\\/\\\/wp.kristdemokraterna.se\\\/taby\\\/bakom-varje-siffra-star-en-person\\\/\",\"url\":\"https:\\\/\\\/wp.kristdemokraterna.se\\\/taby\\\/bakom-varje-siffra-star-en-person\\\/\",\"name\":\"Bakom varje siffra st\u00e5r en person -\",\"isPartOf\":{\"@id\":\"https:\\\/\\\/wp.kristdemokraterna.se\\\/taby\\\/#website\"},\"datePublished\":\"2020-05-25T09:35:12+00:00\",\"dateModified\":\"2020-06-09T09:41:41+00:00\",\"author\":{\"@id\":\"https:\\\/\\\/wp.kristdemokraterna.se\\\/taby\\\/#\\\/schema\\\/person\\\/12b9024c714759d0acdc1da1e754d06c\"},\"description\":\"Sverige beh\u00f6ver bli mer m\u00e4nskligt. Bakom varje siffra i statistiken st\u00e5r en person och ett livs\u00f6de. Vill du vara med och p\u00e5verka - l\u00e4s detta!\",\"breadcrumb\":{\"@id\":\"https:\\\/\\\/wp.kristdemokraterna.se\\\/taby\\\/bakom-varje-siffra-star-en-person\\\/#breadcrumb\"},\"inLanguage\":\"sv-SE\",\"potentialAction\":[{\"@type\":\"ReadAction\",\"target\":[\"https:\\\/\\\/wp.kristdemokraterna.se\\\/taby\\\/bakom-varje-siffra-star-en-person\\\/\"]}]},{\"@type\":\"BreadcrumbList\",\"@id\":\"https:\\\/\\\/wp.kristdemokraterna.se\\\/taby\\\/bakom-varje-siffra-star-en-person\\\/#breadcrumb\",\"itemListElement\":[{\"@type\":\"ListItem\",\"position\":1,\"name\":\"Hem\",\"item\":\"https:\\\/\\\/wp.kristdemokraterna.se\\\/taby\\\/\"},{\"@type\":\"ListItem\",\"position\":2,\"name\":\"Bakom varje siffra st\u00e5r en person\"}]},{\"@type\":\"WebSite\",\"@id\":\"https:\\\/\\\/wp.kristdemokraterna.se\\\/taby\\\/#website\",\"url\":\"https:\\\/\\\/wp.kristdemokraterna.se\\\/taby\\\/\",\"name\":\"T\u00e4by\",\"description\":\"&quot;Det ska vara l\u00e4ttare att f\u00e5 ihop arbetsliv och familjeliv i T\u00e4by&quot;\",\"inLanguage\":\"sv-SE\"},{\"@type\":\"Person\",\"@id\":\"https:\\\/\\\/wp.kristdemokraterna.se\\\/taby\\\/#\\\/schema\\\/person\\\/12b9024c714759d0acdc1da1e754d06c\",\"name\":\"taby\",\"image\":{\"@type\":\"ImageObject\",\"inLanguage\":\"sv-SE\",\"@id\":\"https:\\\/\\\/secure.gravatar.com\\\/avatar\\\/62f6aca44d1f9c34b49438e5fdf4be3554253b04b49a76f013049906786db305?s=96&d=mm&r=g\",\"url\":\"https:\\\/\\\/secure.gravatar.com\\\/avatar\\\/62f6aca44d1f9c34b49438e5fdf4be3554253b04b49a76f013049906786db305?s=96&d=mm&r=g\",\"contentUrl\":\"https:\\\/\\\/secure.gravatar.com\\\/avatar\\\/62f6aca44d1f9c34b49438e5fdf4be3554253b04b49a76f013049906786db305?s=96&d=mm&r=g\",\"caption\":\"taby\"},\"url\":\"https:\\\/\\\/wp.kristdemokraterna.se\\\/taby\\\/author\\\/taby\\\/\"}]}<\/script>\n<!-- \/ Yoast SEO plugin. -->","yoast_head_json":{"title":"Bakom varje siffra st\u00e5r en person -","description":"Sverige beh\u00f6ver bli mer m\u00e4nskligt. Bakom varje siffra i statistiken st\u00e5r en person och ett livs\u00f6de. Vill du vara med och p\u00e5verka - l\u00e4s detta!","robots":{"index":"index","follow":"follow","max-snippet":"max-snippet:-1","max-image-preview":"max-image-preview:large","max-video-preview":"max-video-preview:-1"},"canonical":"https:\/\/wp.kristdemokraterna.se\/taby\/bakom-varje-siffra-star-en-person\/","og_locale":"sv_SE","og_type":"article","og_title":"Bakom varje siffra st\u00e5r en person -","og_description":"Sverige beh\u00f6ver bli mer m\u00e4nskligt. Bakom varje siffra i statistiken st\u00e5r en person och ett livs\u00f6de. Vill du vara med och p\u00e5verka - l\u00e4s detta!","og_url":"https:\/\/wp.kristdemokraterna.se\/taby\/bakom-varje-siffra-star-en-person\/","og_site_name":"T\u00e4by","article_published_time":"2020-05-25T09:35:12+00:00","article_modified_time":"2020-06-09T09:41:41+00:00","author":"taby","twitter_card":"summary_large_image","twitter_misc":{"Skriven av":"taby","Ber\u00e4knad l\u00e4stid":"1 minut"},"schema":{"@context":"https:\/\/schema.org","@graph":[{"@type":"Article","@id":"https:\/\/wp.kristdemokraterna.se\/taby\/bakom-varje-siffra-star-en-person\/#article","isPartOf":{"@id":"https:\/\/wp.kristdemokraterna.se\/taby\/bakom-varje-siffra-star-en-person\/"},"author":{"name":"taby","@id":"https:\/\/wp.kristdemokraterna.se\/taby\/#\/schema\/person\/12b9024c714759d0acdc1da1e754d06c"},"headline":"Bakom varje siffra st\u00e5r en person","datePublished":"2020-05-25T09:35:12+00:00","dateModified":"2020-06-09T09:41:41+00:00","mainEntityOfPage":{"@id":"https:\/\/wp.kristdemokraterna.se\/taby\/bakom-varje-siffra-star-en-person\/"},"wordCount":264,"articleSection":["inl\u00e4gg","Nyheter","Senaste nytt"],"inLanguage":"sv-SE"},{"@type":"WebPage","@id":"https:\/\/wp.kristdemokraterna.se\/taby\/bakom-varje-siffra-star-en-person\/","url":"https:\/\/wp.kristdemokraterna.se\/taby\/bakom-varje-siffra-star-en-person\/","name":"Bakom varje siffra st\u00e5r en person -","isPartOf":{"@id":"https:\/\/wp.kristdemokraterna.se\/taby\/#website"},"datePublished":"2020-05-25T09:35:12+00:00","dateModified":"2020-06-09T09:41:41+00:00","author":{"@id":"https:\/\/wp.kristdemokraterna.se\/taby\/#\/schema\/person\/12b9024c714759d0acdc1da1e754d06c"},"description":"Sverige beh\u00f6ver bli mer m\u00e4nskligt. Bakom varje siffra i statistiken st\u00e5r en person och ett livs\u00f6de. Vill du vara med och p\u00e5verka - l\u00e4s detta!","breadcrumb":{"@id":"https:\/\/wp.kristdemokraterna.se\/taby\/bakom-varje-siffra-star-en-person\/#breadcrumb"},"inLanguage":"sv-SE","potentialAction":[{"@type":"ReadAction","target":["https:\/\/wp.kristdemokraterna.se\/taby\/bakom-varje-siffra-star-en-person\/"]}]},{"@type":"BreadcrumbList","@id":"https:\/\/wp.kristdemokraterna.se\/taby\/bakom-varje-siffra-star-en-person\/#breadcrumb","itemListElement":[{"@type":"ListItem","position":1,"name":"Hem","item":"https:\/\/wp.kristdemokraterna.se\/taby\/"},{"@type":"ListItem","position":2,"name":"Bakom varje siffra st\u00e5r en person"}]},{"@type":"WebSite","@id":"https:\/\/wp.kristdemokraterna.se\/taby\/#website","url":"https:\/\/wp.kristdemokraterna.se\/taby\/","name":"T\u00e4by","description":"&quot;Det ska vara l\u00e4ttare att f\u00e5 ihop arbetsliv och familjeliv i T\u00e4by&quot;","inLanguage":"sv-SE"},{"@type":"Person","@id":"https:\/\/wp.kristdemokraterna.se\/taby\/#\/schema\/person\/12b9024c714759d0acdc1da1e754d06c","name":"taby","image":{"@type":"ImageObject","inLanguage":"sv-SE","@id":"https:\/\/secure.gravatar.com\/avatar\/62f6aca44d1f9c34b49438e5fdf4be3554253b04b49a76f013049906786db305?s=96&d=mm&r=g","url":"https:\/\/secure.gravatar.com\/avatar\/62f6aca44d1f9c34b49438e5fdf4be3554253b04b49a76f013049906786db305?s=96&d=mm&r=g","contentUrl":"https:\/\/secure.gravatar.com\/avatar\/62f6aca44d1f9c34b49438e5fdf4be3554253b04b49a76f013049906786db305?s=96&d=mm&r=g","caption":"taby"},"url":"https:\/\/wp.kristdemokraterna.se\/taby\/author\/taby\/"}]}},"_links":{"self":[{"href":"https:\/\/wp.kristdemokraterna.se\/taby\/wp-json\/wp\/v2\/posts\/2098","targetHints":{"allow":["GET"]}}],"collection":[{"href":"https:\/\/wp.kristdemokraterna.se\/taby\/wp-json\/wp\/v2\/posts"}],"about":[{"href":"https:\/\/wp.kristdemokraterna.se\/taby\/wp-json\/wp\/v2\/types\/post"}],"author":[{"embeddable":true,"href":"https:\/\/wp.kristdemokraterna.se\/taby\/wp-json\/wp\/v2\/users\/26"}],"replies":[{"embeddable":true,"href":"https:\/\/wp.kristdemokraterna.se\/taby\/wp-json\/wp\/v2\/comments?post=2098"}],"version-history":[{"count":1,"href":"https:\/\/wp.kristdemokraterna.se\/taby\/wp-json\/wp\/v2\/posts\/2098\/revisions"}],"predecessor-version":[{"id":2100,"href":"https:\/\/wp.kristdemokraterna.se\/taby\/wp-json\/wp\/v2\/posts\/2098\/revisions\/2100"}],"wp:attachment":[{"href":"https:\/\/wp.kristdemokraterna.se\/taby\/wp-json\/wp\/v2\/media?parent=2098"}],"wp:term":[{"taxonomy":"category","embeddable":true,"href":"https:\/\/wp.kristdemokraterna.se\/taby\/wp-json\/wp\/v2\/categories?post=2098"},{"taxonomy":"post_tag","embeddable":true,"href":"https:\/\/wp.kristdemokraterna.se\/taby\/wp-json\/wp\/v2\/tags?post=2098"}],"curies":[{"name":"wp","href":"https:\/\/api.w.org\/{rel}","templated":true}]}}