{"id":2101,"date":"2020-05-27T11:43:30","date_gmt":"2020-05-27T09:43:30","guid":{"rendered":"http:\/\/wp.kristdemokraterna.se\/taby\/?p=2101"},"modified":"2020-06-09T11:46:46","modified_gmt":"2020-06-09T09:46:46","slug":"vardpersonal-slipper-skatta-for-maltider","status":"publish","type":"post","link":"https:\/\/wp.kristdemokraterna.se\/taby\/vardpersonal-slipper-skatta-for-maltider\/","title":{"rendered":"V\u00e5rdpersonal slipper skatta f\u00f6r m\u00e5ltider"},"content":{"rendered":"<p><strong>FRAMG\u00c5NG I FINANSUTSKOTTET: V\u00c5RD- OCH OMSORGSPERSONAL SLIPPER F\u00d6RM\u00c5NSSKATT F\u00d6R M\u00c5LTIDER<\/strong><\/p>\n<p>Ni har s\u00e4kert l\u00e4st om att v\u00e5rd- och omsorgspersonal som sliter i krisen riskerar en skattesm\u00e4ll i efterhand n\u00e4r f\u00f6retag och privatpersoner sk\u00e4nker m\u00e5ltider s\u00e5som luncher till dem.<\/p>\n<p>Vi Kristdemokrater har d\u00e4rf\u00f6r motionerat om att s\u00e5 inte ska beh\u00f6va ske. Det blir fel att i krisen beskatta m\u00e5ltidsg\u00e5vor fr\u00e5n privatpersoner och f\u00f6retag som vill visa sin uppskattning till dem som sliter f\u00f6r att <span class=\"text_exposed_show\">r\u00e4dda liv och h\u00e4lsa.<\/span><\/p>\n<div class=\"text_exposed_show\">\n<p>Idag bifaller Finansutskottet detta och kr\u00e4ver att regeringen ska \u00e5terkomma med lagstiftning som g\u00f6r att v\u00e5rd- och omsorgspersonal slipper f\u00f6rm\u00e5nsbeskattning f\u00f6r m\u00e5ltider, med retroaktiv verkan.<\/p>\n<p>Finansutskottet har helt enkelt sagt: &#8221;there should be such a thing as a free lunch (f\u00f6r v\u00e5rd- och omsorgspersonal i ett krisl\u00e4ge)&#8221;.<\/p>\n<p>Utm\u00e4rkt!<\/p>\n<\/div>\n","protected":false},"excerpt":{"rendered":"<p>FRAMG\u00c5NG I FINANSUTSKOTTET: V\u00c5RD- OCH OMSORGSPERSONAL SLIPPER F\u00d6RM\u00c5NSSKATT F\u00d6R M\u00c5LTIDER Ni har s\u00e4kert l\u00e4st om att v\u00e5rd- och omsorgspersonal som sliter i krisen riskerar en skattesm\u00e4ll i efterhand n\u00e4r f\u00f6retag och privatpersoner sk\u00e4nker m\u00e5ltider s\u00e5som luncher till dem. Vi Kristdemokrater har d\u00e4rf\u00f6r motionerat om att s\u00e5 inte ska beh\u00f6va ske. Det blir fel att i <a class=\"read-more-link\" href=\"https:\/\/wp.kristdemokraterna.se\/taby\/vardpersonal-slipper-skatta-for-maltider\/\">Read More<\/a><\/p>\n","protected":false},"author":26,"featured_media":0,"comment_status":"closed","ping_status":"closed","sticky":false,"template":"","format":"standard","meta":{"_acf_changed":false,"footnotes":""},"categories":[30,29,1],"tags":[],"class_list":["post-2101","post","type-post","status-publish","format-standard","hentry","category-inlagg","category-nyheter","category-okategoriserade"],"acf":[],"yoast_head":"<!-- This site is optimized with the Yoast SEO plugin v27.4 - https:\/\/yoast.com\/product\/yoast-seo-wordpress\/ -->\n<title>V\u00e5rdpersonal slipper skatta f\u00f6r m\u00e5ltider - T\u00e4by<\/title>\n<meta name=\"robots\" content=\"index, follow, max-snippet:-1, max-image-preview:large, max-video-preview:-1\" \/>\n<link rel=\"canonical\" href=\"https:\/\/wp.kristdemokraterna.se\/taby\/vardpersonal-slipper-skatta-for-maltider\/\" \/>\n<meta property=\"og:locale\" content=\"sv_SE\" \/>\n<meta property=\"og:type\" content=\"article\" \/>\n<meta property=\"og:title\" content=\"V\u00e5rdpersonal slipper skatta f\u00f6r m\u00e5ltider - T\u00e4by\" \/>\n<meta property=\"og:description\" content=\"FRAMG\u00c5NG I FINANSUTSKOTTET: V\u00c5RD- OCH OMSORGSPERSONAL SLIPPER F\u00d6RM\u00c5NSSKATT F\u00d6R M\u00c5LTIDER Ni har s\u00e4kert l\u00e4st om att v\u00e5rd- och omsorgspersonal som sliter i krisen riskerar en skattesm\u00e4ll i efterhand n\u00e4r f\u00f6retag och privatpersoner sk\u00e4nker m\u00e5ltider s\u00e5som luncher till dem. Vi Kristdemokrater har d\u00e4rf\u00f6r motionerat om att s\u00e5 inte ska beh\u00f6va ske. Det blir fel att i Read More\" \/>\n<meta property=\"og:url\" content=\"https:\/\/wp.kristdemokraterna.se\/taby\/vardpersonal-slipper-skatta-for-maltider\/\" \/>\n<meta property=\"og:site_name\" content=\"T\u00e4by\" \/>\n<meta property=\"article:published_time\" content=\"2020-05-27T09:43:30+00:00\" \/>\n<meta property=\"article:modified_time\" content=\"2020-06-09T09:46:46+00:00\" \/>\n<meta name=\"author\" content=\"taby\" \/>\n<meta name=\"twitter:card\" content=\"summary_large_image\" \/>\n<meta name=\"twitter:label1\" content=\"Skriven av\" \/>\n\t<meta name=\"twitter:data1\" content=\"taby\" \/>\n\t<meta name=\"twitter:label2\" content=\"Ber\u00e4knad l\u00e4stid\" \/>\n\t<meta name=\"twitter:data2\" content=\"1 minut\" \/>\n<script type=\"application\/ld+json\" class=\"yoast-schema-graph\">{\"@context\":\"https:\\\/\\\/schema.org\",\"@graph\":[{\"@type\":\"Article\",\"@id\":\"https:\\\/\\\/wp.kristdemokraterna.se\\\/taby\\\/vardpersonal-slipper-skatta-for-maltider\\\/#article\",\"isPartOf\":{\"@id\":\"https:\\\/\\\/wp.kristdemokraterna.se\\\/taby\\\/vardpersonal-slipper-skatta-for-maltider\\\/\"},\"author\":{\"name\":\"taby\",\"@id\":\"https:\\\/\\\/wp.kristdemokraterna.se\\\/taby\\\/#\\\/schema\\\/person\\\/12b9024c714759d0acdc1da1e754d06c\"},\"headline\":\"V\u00e5rdpersonal slipper skatta f\u00f6r m\u00e5ltider\",\"datePublished\":\"2020-05-27T09:43:30+00:00\",\"dateModified\":\"2020-06-09T09:46:46+00:00\",\"mainEntityOfPage\":{\"@id\":\"https:\\\/\\\/wp.kristdemokraterna.se\\\/taby\\\/vardpersonal-slipper-skatta-for-maltider\\\/\"},\"wordCount\":169,\"articleSection\":[\"inl\u00e4gg\",\"Nyheter\",\"Senaste nytt\"],\"inLanguage\":\"sv-SE\"},{\"@type\":\"WebPage\",\"@id\":\"https:\\\/\\\/wp.kristdemokraterna.se\\\/taby\\\/vardpersonal-slipper-skatta-for-maltider\\\/\",\"url\":\"https:\\\/\\\/wp.kristdemokraterna.se\\\/taby\\\/vardpersonal-slipper-skatta-for-maltider\\\/\",\"name\":\"V\u00e5rdpersonal slipper skatta f\u00f6r m\u00e5ltider - T\u00e4by\",\"isPartOf\":{\"@id\":\"https:\\\/\\\/wp.kristdemokraterna.se\\\/taby\\\/#website\"},\"datePublished\":\"2020-05-27T09:43:30+00:00\",\"dateModified\":\"2020-06-09T09:46:46+00:00\",\"author\":{\"@id\":\"https:\\\/\\\/wp.kristdemokraterna.se\\\/taby\\\/#\\\/schema\\\/person\\\/12b9024c714759d0acdc1da1e754d06c\"},\"breadcrumb\":{\"@id\":\"https:\\\/\\\/wp.kristdemokraterna.se\\\/taby\\\/vardpersonal-slipper-skatta-for-maltider\\\/#breadcrumb\"},\"inLanguage\":\"sv-SE\",\"potentialAction\":[{\"@type\":\"ReadAction\",\"target\":[\"https:\\\/\\\/wp.kristdemokraterna.se\\\/taby\\\/vardpersonal-slipper-skatta-for-maltider\\\/\"]}]},{\"@type\":\"BreadcrumbList\",\"@id\":\"https:\\\/\\\/wp.kristdemokraterna.se\\\/taby\\\/vardpersonal-slipper-skatta-for-maltider\\\/#breadcrumb\",\"itemListElement\":[{\"@type\":\"ListItem\",\"position\":1,\"name\":\"Hem\",\"item\":\"https:\\\/\\\/wp.kristdemokraterna.se\\\/taby\\\/\"},{\"@type\":\"ListItem\",\"position\":2,\"name\":\"V\u00e5rdpersonal slipper skatta f\u00f6r m\u00e5ltider\"}]},{\"@type\":\"WebSite\",\"@id\":\"https:\\\/\\\/wp.kristdemokraterna.se\\\/taby\\\/#website\",\"url\":\"https:\\\/\\\/wp.kristdemokraterna.se\\\/taby\\\/\",\"name\":\"T\u00e4by\",\"description\":\"&quot;Det ska vara l\u00e4ttare att f\u00e5 ihop arbetsliv och familjeliv i T\u00e4by&quot;\",\"inLanguage\":\"sv-SE\"},{\"@type\":\"Person\",\"@id\":\"https:\\\/\\\/wp.kristdemokraterna.se\\\/taby\\\/#\\\/schema\\\/person\\\/12b9024c714759d0acdc1da1e754d06c\",\"name\":\"taby\",\"image\":{\"@type\":\"ImageObject\",\"inLanguage\":\"sv-SE\",\"@id\":\"https:\\\/\\\/secure.gravatar.com\\\/avatar\\\/62f6aca44d1f9c34b49438e5fdf4be3554253b04b49a76f013049906786db305?s=96&d=mm&r=g\",\"url\":\"https:\\\/\\\/secure.gravatar.com\\\/avatar\\\/62f6aca44d1f9c34b49438e5fdf4be3554253b04b49a76f013049906786db305?s=96&d=mm&r=g\",\"contentUrl\":\"https:\\\/\\\/secure.gravatar.com\\\/avatar\\\/62f6aca44d1f9c34b49438e5fdf4be3554253b04b49a76f013049906786db305?s=96&d=mm&r=g\",\"caption\":\"taby\"},\"url\":\"https:\\\/\\\/wp.kristdemokraterna.se\\\/taby\\\/author\\\/taby\\\/\"}]}<\/script>\n<!-- \/ Yoast SEO plugin. -->","yoast_head_json":{"title":"V\u00e5rdpersonal slipper skatta f\u00f6r m\u00e5ltider - T\u00e4by","robots":{"index":"index","follow":"follow","max-snippet":"max-snippet:-1","max-image-preview":"max-image-preview:large","max-video-preview":"max-video-preview:-1"},"canonical":"https:\/\/wp.kristdemokraterna.se\/taby\/vardpersonal-slipper-skatta-for-maltider\/","og_locale":"sv_SE","og_type":"article","og_title":"V\u00e5rdpersonal slipper skatta f\u00f6r m\u00e5ltider - T\u00e4by","og_description":"FRAMG\u00c5NG I FINANSUTSKOTTET: V\u00c5RD- OCH OMSORGSPERSONAL SLIPPER F\u00d6RM\u00c5NSSKATT F\u00d6R M\u00c5LTIDER Ni har s\u00e4kert l\u00e4st om att v\u00e5rd- och omsorgspersonal som sliter i krisen riskerar en skattesm\u00e4ll i efterhand n\u00e4r f\u00f6retag och privatpersoner sk\u00e4nker m\u00e5ltider s\u00e5som luncher till dem. Vi Kristdemokrater har d\u00e4rf\u00f6r motionerat om att s\u00e5 inte ska beh\u00f6va ske. Det blir fel att i Read More","og_url":"https:\/\/wp.kristdemokraterna.se\/taby\/vardpersonal-slipper-skatta-for-maltider\/","og_site_name":"T\u00e4by","article_published_time":"2020-05-27T09:43:30+00:00","article_modified_time":"2020-06-09T09:46:46+00:00","author":"taby","twitter_card":"summary_large_image","twitter_misc":{"Skriven av":"taby","Ber\u00e4knad l\u00e4stid":"1 minut"},"schema":{"@context":"https:\/\/schema.org","@graph":[{"@type":"Article","@id":"https:\/\/wp.kristdemokraterna.se\/taby\/vardpersonal-slipper-skatta-for-maltider\/#article","isPartOf":{"@id":"https:\/\/wp.kristdemokraterna.se\/taby\/vardpersonal-slipper-skatta-for-maltider\/"},"author":{"name":"taby","@id":"https:\/\/wp.kristdemokraterna.se\/taby\/#\/schema\/person\/12b9024c714759d0acdc1da1e754d06c"},"headline":"V\u00e5rdpersonal slipper skatta f\u00f6r m\u00e5ltider","datePublished":"2020-05-27T09:43:30+00:00","dateModified":"2020-06-09T09:46:46+00:00","mainEntityOfPage":{"@id":"https:\/\/wp.kristdemokraterna.se\/taby\/vardpersonal-slipper-skatta-for-maltider\/"},"wordCount":169,"articleSection":["inl\u00e4gg","Nyheter","Senaste nytt"],"inLanguage":"sv-SE"},{"@type":"WebPage","@id":"https:\/\/wp.kristdemokraterna.se\/taby\/vardpersonal-slipper-skatta-for-maltider\/","url":"https:\/\/wp.kristdemokraterna.se\/taby\/vardpersonal-slipper-skatta-for-maltider\/","name":"V\u00e5rdpersonal slipper skatta f\u00f6r m\u00e5ltider - T\u00e4by","isPartOf":{"@id":"https:\/\/wp.kristdemokraterna.se\/taby\/#website"},"datePublished":"2020-05-27T09:43:30+00:00","dateModified":"2020-06-09T09:46:46+00:00","author":{"@id":"https:\/\/wp.kristdemokraterna.se\/taby\/#\/schema\/person\/12b9024c714759d0acdc1da1e754d06c"},"breadcrumb":{"@id":"https:\/\/wp.kristdemokraterna.se\/taby\/vardpersonal-slipper-skatta-for-maltider\/#breadcrumb"},"inLanguage":"sv-SE","potentialAction":[{"@type":"ReadAction","target":["https:\/\/wp.kristdemokraterna.se\/taby\/vardpersonal-slipper-skatta-for-maltider\/"]}]},{"@type":"BreadcrumbList","@id":"https:\/\/wp.kristdemokraterna.se\/taby\/vardpersonal-slipper-skatta-for-maltider\/#breadcrumb","itemListElement":[{"@type":"ListItem","position":1,"name":"Hem","item":"https:\/\/wp.kristdemokraterna.se\/taby\/"},{"@type":"ListItem","position":2,"name":"V\u00e5rdpersonal slipper skatta f\u00f6r m\u00e5ltider"}]},{"@type":"WebSite","@id":"https:\/\/wp.kristdemokraterna.se\/taby\/#website","url":"https:\/\/wp.kristdemokraterna.se\/taby\/","name":"T\u00e4by","description":"&quot;Det ska vara l\u00e4ttare att f\u00e5 ihop arbetsliv och familjeliv i T\u00e4by&quot;","inLanguage":"sv-SE"},{"@type":"Person","@id":"https:\/\/wp.kristdemokraterna.se\/taby\/#\/schema\/person\/12b9024c714759d0acdc1da1e754d06c","name":"taby","image":{"@type":"ImageObject","inLanguage":"sv-SE","@id":"https:\/\/secure.gravatar.com\/avatar\/62f6aca44d1f9c34b49438e5fdf4be3554253b04b49a76f013049906786db305?s=96&d=mm&r=g","url":"https:\/\/secure.gravatar.com\/avatar\/62f6aca44d1f9c34b49438e5fdf4be3554253b04b49a76f013049906786db305?s=96&d=mm&r=g","contentUrl":"https:\/\/secure.gravatar.com\/avatar\/62f6aca44d1f9c34b49438e5fdf4be3554253b04b49a76f013049906786db305?s=96&d=mm&r=g","caption":"taby"},"url":"https:\/\/wp.kristdemokraterna.se\/taby\/author\/taby\/"}]}},"_links":{"self":[{"href":"https:\/\/wp.kristdemokraterna.se\/taby\/wp-json\/wp\/v2\/posts\/2101","targetHints":{"allow":["GET"]}}],"collection":[{"href":"https:\/\/wp.kristdemokraterna.se\/taby\/wp-json\/wp\/v2\/posts"}],"about":[{"href":"https:\/\/wp.kristdemokraterna.se\/taby\/wp-json\/wp\/v2\/types\/post"}],"author":[{"embeddable":true,"href":"https:\/\/wp.kristdemokraterna.se\/taby\/wp-json\/wp\/v2\/users\/26"}],"replies":[{"embeddable":true,"href":"https:\/\/wp.kristdemokraterna.se\/taby\/wp-json\/wp\/v2\/comments?post=2101"}],"version-history":[{"count":1,"href":"https:\/\/wp.kristdemokraterna.se\/taby\/wp-json\/wp\/v2\/posts\/2101\/revisions"}],"predecessor-version":[{"id":2103,"href":"https:\/\/wp.kristdemokraterna.se\/taby\/wp-json\/wp\/v2\/posts\/2101\/revisions\/2103"}],"wp:attachment":[{"href":"https:\/\/wp.kristdemokraterna.se\/taby\/wp-json\/wp\/v2\/media?parent=2101"}],"wp:term":[{"taxonomy":"category","embeddable":true,"href":"https:\/\/wp.kristdemokraterna.se\/taby\/wp-json\/wp\/v2\/categories?post=2101"},{"taxonomy":"post_tag","embeddable":true,"href":"https:\/\/wp.kristdemokraterna.se\/taby\/wp-json\/wp\/v2\/tags?post=2101"}],"curies":[{"name":"wp","href":"https:\/\/api.w.org\/{rel}","templated":true}]}}