{"id":2104,"date":"2020-06-01T11:47:12","date_gmt":"2020-06-01T09:47:12","guid":{"rendered":"http:\/\/wp.kristdemokraterna.se\/taby\/?p=2104"},"modified":"2020-06-09T11:50:54","modified_gmt":"2020-06-09T09:50:54","slug":"mammor-forandrar-varlden","status":"publish","type":"post","link":"https:\/\/wp.kristdemokraterna.se\/taby\/mammor-forandrar-varlden\/","title":{"rendered":"Mammor f\u00f6r\u00e4ndrar v\u00e4rlden"},"content":{"rendered":"<p>Mammor f\u00f6r\u00e4ndrar v\u00e4rlden. Fr\u00e5n de f\u00f6rsta sparkarna i magen finns de d\u00e4r. Mammas trygga hand finns d\u00e4r n\u00e4r barnet tar sitt f\u00f6rsta steg och h\u00e5ller i hela v\u00e4gen. Mammor \u00e4r ov\u00e4rderliga, f\u00f6r i trygga familjer v\u00e4xer det upp trygga individer.<\/p>\n<p>Men vi vet att m\u00e5nga mammor inte f\u00e5r vardagspusslet att g\u00e5 ihop. De k\u00e4nner att de inte r\u00e4cker till. Tittar man p\u00e5 statistiken \u00e4r det uppenbart att m\u00e5nga mammor lever under h\u00f6g press. Kvinnor har betydligt h\u00f6gre sjukskrivningstal \u00e4n m\u00e4n. Sjukskr<span class=\"text_exposed_show\">ivningarna f\u00f6rdubblas bland mammor efter det andra barnet har f\u00f6tts.<\/span><\/p>\n<div class=\"text_exposed_show\">\n<p>Vi beh\u00f6ver en politik som ser kvinnors behov. Som inte f\u00f6rs\u00f6ker pressa in kvinnor i dagens system, utan som anpassar samh\u00e4llet och arbetslivet s\u00e5 de ocks\u00e5 st\u00e4mmer med kvinnors verklighet. En verklighet d\u00e4r man slipper sl\u00e5 knut p\u00e5 sig sj\u00e4lv f\u00f6r att klara b\u00e5de familjeliv och arbetsliv. Det beh\u00f6vs en ny borgerlig feminism.<\/p>\n<p>Kristdemokraternas viktigaste f\u00f6rslag f\u00f6r mammor:<\/p>\n<p><span class=\"_5mfr\"><span class=\"_6qdm\">\u2714\ufe0f<\/span><\/span> J\u00e4mst\u00e4llda pensioner. KD vill st\u00e4rka kvinnors pensioner genom automatiskt delad premiepensionen och fler barnr\u00e4tts\u00e5r<br \/>\n<span class=\"_5mfr\"><span class=\"_6qdm\">\u2714\ufe0f<\/span><\/span> Ge kvinnodominerade branscher de m\u00f6jligheter mansdominerade branscher haft alla \u00e5r<br \/>\n<span class=\"_5mfr\"><span class=\"_6qdm\">\u2714\ufe0f<\/span><\/span> Satsningar p\u00e5 f\u00f6rlossningsv\u00e5rd &#8211; innan, under och efter barnet f\u00f6tts<br \/>\n<span class=\"_5mfr\"><span class=\"_6qdm\">\u2714\ufe0f<\/span><\/span> En helt fri och flexibel f\u00f6r\u00e4ldrapenning<br \/>\n<span class=\"_5mfr\"><span class=\"_6qdm\">\u2714\ufe0f<\/span><\/span> Extra f\u00f6r\u00e4ldradagar f\u00f6r \u00e4ldre barn och ut\u00f6kat f\u00f6r\u00e4ldrast\u00f6d<br \/>\n<span class=\"_5mfr\"><span class=\"_6qdm\">\u2714\ufe0f<\/span><\/span> Fr\u00e4mja kvinnors f\u00f6retagande. Satsa p\u00e5 aff\u00e4rsr\u00e5dgivning till kvinnor och l\u00e4ttare anskaffning av riskkapital<\/p>\n<\/div>\n","protected":false},"excerpt":{"rendered":"<p>Mammor f\u00f6r\u00e4ndrar v\u00e4rlden. Fr\u00e5n de f\u00f6rsta sparkarna i magen finns de d\u00e4r. Mammas trygga hand finns d\u00e4r n\u00e4r barnet tar sitt f\u00f6rsta steg och h\u00e5ller i hela v\u00e4gen. Mammor \u00e4r ov\u00e4rderliga, f\u00f6r i trygga familjer v\u00e4xer det upp trygga individer. Men vi vet att m\u00e5nga mammor inte f\u00e5r vardagspusslet att g\u00e5 ihop. De k\u00e4nner att <a class=\"read-more-link\" href=\"https:\/\/wp.kristdemokraterna.se\/taby\/mammor-forandrar-varlden\/\">Read More<\/a><\/p>\n","protected":false},"author":26,"featured_media":0,"comment_status":"closed","ping_status":"closed","sticky":false,"template":"","format":"standard","meta":{"_acf_changed":false,"footnotes":""},"categories":[30,29,1],"tags":[],"class_list":["post-2104","post","type-post","status-publish","format-standard","hentry","category-inlagg","category-nyheter","category-okategoriserade"],"acf":[],"yoast_head":"<!-- This site is optimized with the Yoast SEO plugin v27.4 - https:\/\/yoast.com\/product\/yoast-seo-wordpress\/ -->\n<title>Mammor f\u00f6r\u00e4ndrar v\u00e4rlden - \u00f6kar j\u00e4mlikheten<\/title>\n<meta name=\"description\" content=\"Mammor f\u00f6r\u00e4ndrar v\u00e4rlden. L\u00e4s v\u00e5ra f\u00f6rslag till hur vi kan f\u00e5 ett mer j\u00e4mlikt samh\u00e4lle! Allt b\u00f6rjar med mammorna. Pensioner, f\u00f6retagande m.m.\" \/>\n<meta name=\"robots\" content=\"index, follow, max-snippet:-1, max-image-preview:large, max-video-preview:-1\" \/>\n<link rel=\"canonical\" href=\"https:\/\/wp.kristdemokraterna.se\/taby\/mammor-forandrar-varlden\/\" \/>\n<meta property=\"og:locale\" content=\"sv_SE\" \/>\n<meta property=\"og:type\" content=\"article\" \/>\n<meta property=\"og:title\" content=\"Mammor f\u00f6r\u00e4ndrar v\u00e4rlden - \u00f6kar j\u00e4mlikheten\" \/>\n<meta property=\"og:description\" content=\"Mammor f\u00f6r\u00e4ndrar v\u00e4rlden. L\u00e4s v\u00e5ra f\u00f6rslag till hur vi kan f\u00e5 ett mer j\u00e4mlikt samh\u00e4lle! Allt b\u00f6rjar med mammorna. Pensioner, f\u00f6retagande m.m.\" \/>\n<meta property=\"og:url\" content=\"https:\/\/wp.kristdemokraterna.se\/taby\/mammor-forandrar-varlden\/\" \/>\n<meta property=\"og:site_name\" content=\"T\u00e4by\" \/>\n<meta property=\"article:published_time\" content=\"2020-06-01T09:47:12+00:00\" \/>\n<meta property=\"article:modified_time\" content=\"2020-06-09T09:50:54+00:00\" \/>\n<meta name=\"author\" content=\"taby\" \/>\n<meta name=\"twitter:card\" content=\"summary_large_image\" \/>\n<meta name=\"twitter:label1\" content=\"Skriven av\" \/>\n\t<meta name=\"twitter:data1\" content=\"taby\" \/>\n\t<meta name=\"twitter:label2\" content=\"Ber\u00e4knad l\u00e4stid\" \/>\n\t<meta name=\"twitter:data2\" content=\"1 minut\" \/>\n<script type=\"application\/ld+json\" class=\"yoast-schema-graph\">{\"@context\":\"https:\\\/\\\/schema.org\",\"@graph\":[{\"@type\":\"Article\",\"@id\":\"https:\\\/\\\/wp.kristdemokraterna.se\\\/taby\\\/mammor-forandrar-varlden\\\/#article\",\"isPartOf\":{\"@id\":\"https:\\\/\\\/wp.kristdemokraterna.se\\\/taby\\\/mammor-forandrar-varlden\\\/\"},\"author\":{\"name\":\"taby\",\"@id\":\"https:\\\/\\\/wp.kristdemokraterna.se\\\/taby\\\/#\\\/schema\\\/person\\\/12b9024c714759d0acdc1da1e754d06c\"},\"headline\":\"Mammor f\u00f6r\u00e4ndrar v\u00e4rlden\",\"datePublished\":\"2020-06-01T09:47:12+00:00\",\"dateModified\":\"2020-06-09T09:50:54+00:00\",\"mainEntityOfPage\":{\"@id\":\"https:\\\/\\\/wp.kristdemokraterna.se\\\/taby\\\/mammor-forandrar-varlden\\\/\"},\"wordCount\":274,\"articleSection\":[\"inl\u00e4gg\",\"Nyheter\",\"Senaste nytt\"],\"inLanguage\":\"sv-SE\"},{\"@type\":\"WebPage\",\"@id\":\"https:\\\/\\\/wp.kristdemokraterna.se\\\/taby\\\/mammor-forandrar-varlden\\\/\",\"url\":\"https:\\\/\\\/wp.kristdemokraterna.se\\\/taby\\\/mammor-forandrar-varlden\\\/\",\"name\":\"Mammor f\u00f6r\u00e4ndrar v\u00e4rlden - \u00f6kar j\u00e4mlikheten\",\"isPartOf\":{\"@id\":\"https:\\\/\\\/wp.kristdemokraterna.se\\\/taby\\\/#website\"},\"datePublished\":\"2020-06-01T09:47:12+00:00\",\"dateModified\":\"2020-06-09T09:50:54+00:00\",\"author\":{\"@id\":\"https:\\\/\\\/wp.kristdemokraterna.se\\\/taby\\\/#\\\/schema\\\/person\\\/12b9024c714759d0acdc1da1e754d06c\"},\"description\":\"Mammor f\u00f6r\u00e4ndrar v\u00e4rlden. L\u00e4s v\u00e5ra f\u00f6rslag till hur vi kan f\u00e5 ett mer j\u00e4mlikt samh\u00e4lle! Allt b\u00f6rjar med mammorna. Pensioner, f\u00f6retagande m.m.\",\"breadcrumb\":{\"@id\":\"https:\\\/\\\/wp.kristdemokraterna.se\\\/taby\\\/mammor-forandrar-varlden\\\/#breadcrumb\"},\"inLanguage\":\"sv-SE\",\"potentialAction\":[{\"@type\":\"ReadAction\",\"target\":[\"https:\\\/\\\/wp.kristdemokraterna.se\\\/taby\\\/mammor-forandrar-varlden\\\/\"]}]},{\"@type\":\"BreadcrumbList\",\"@id\":\"https:\\\/\\\/wp.kristdemokraterna.se\\\/taby\\\/mammor-forandrar-varlden\\\/#breadcrumb\",\"itemListElement\":[{\"@type\":\"ListItem\",\"position\":1,\"name\":\"Hem\",\"item\":\"https:\\\/\\\/wp.kristdemokraterna.se\\\/taby\\\/\"},{\"@type\":\"ListItem\",\"position\":2,\"name\":\"Mammor f\u00f6r\u00e4ndrar v\u00e4rlden\"}]},{\"@type\":\"WebSite\",\"@id\":\"https:\\\/\\\/wp.kristdemokraterna.se\\\/taby\\\/#website\",\"url\":\"https:\\\/\\\/wp.kristdemokraterna.se\\\/taby\\\/\",\"name\":\"T\u00e4by\",\"description\":\"&quot;Det ska vara l\u00e4ttare att f\u00e5 ihop arbetsliv och familjeliv i T\u00e4by&quot;\",\"inLanguage\":\"sv-SE\"},{\"@type\":\"Person\",\"@id\":\"https:\\\/\\\/wp.kristdemokraterna.se\\\/taby\\\/#\\\/schema\\\/person\\\/12b9024c714759d0acdc1da1e754d06c\",\"name\":\"taby\",\"image\":{\"@type\":\"ImageObject\",\"inLanguage\":\"sv-SE\",\"@id\":\"https:\\\/\\\/secure.gravatar.com\\\/avatar\\\/62f6aca44d1f9c34b49438e5fdf4be3554253b04b49a76f013049906786db305?s=96&d=mm&r=g\",\"url\":\"https:\\\/\\\/secure.gravatar.com\\\/avatar\\\/62f6aca44d1f9c34b49438e5fdf4be3554253b04b49a76f013049906786db305?s=96&d=mm&r=g\",\"contentUrl\":\"https:\\\/\\\/secure.gravatar.com\\\/avatar\\\/62f6aca44d1f9c34b49438e5fdf4be3554253b04b49a76f013049906786db305?s=96&d=mm&r=g\",\"caption\":\"taby\"},\"url\":\"https:\\\/\\\/wp.kristdemokraterna.se\\\/taby\\\/author\\\/taby\\\/\"}]}<\/script>\n<!-- \/ Yoast SEO plugin. -->","yoast_head_json":{"title":"Mammor f\u00f6r\u00e4ndrar v\u00e4rlden - \u00f6kar j\u00e4mlikheten","description":"Mammor f\u00f6r\u00e4ndrar v\u00e4rlden. L\u00e4s v\u00e5ra f\u00f6rslag till hur vi kan f\u00e5 ett mer j\u00e4mlikt samh\u00e4lle! Allt b\u00f6rjar med mammorna. Pensioner, f\u00f6retagande m.m.","robots":{"index":"index","follow":"follow","max-snippet":"max-snippet:-1","max-image-preview":"max-image-preview:large","max-video-preview":"max-video-preview:-1"},"canonical":"https:\/\/wp.kristdemokraterna.se\/taby\/mammor-forandrar-varlden\/","og_locale":"sv_SE","og_type":"article","og_title":"Mammor f\u00f6r\u00e4ndrar v\u00e4rlden - \u00f6kar j\u00e4mlikheten","og_description":"Mammor f\u00f6r\u00e4ndrar v\u00e4rlden. L\u00e4s v\u00e5ra f\u00f6rslag till hur vi kan f\u00e5 ett mer j\u00e4mlikt samh\u00e4lle! Allt b\u00f6rjar med mammorna. Pensioner, f\u00f6retagande m.m.","og_url":"https:\/\/wp.kristdemokraterna.se\/taby\/mammor-forandrar-varlden\/","og_site_name":"T\u00e4by","article_published_time":"2020-06-01T09:47:12+00:00","article_modified_time":"2020-06-09T09:50:54+00:00","author":"taby","twitter_card":"summary_large_image","twitter_misc":{"Skriven av":"taby","Ber\u00e4knad l\u00e4stid":"1 minut"},"schema":{"@context":"https:\/\/schema.org","@graph":[{"@type":"Article","@id":"https:\/\/wp.kristdemokraterna.se\/taby\/mammor-forandrar-varlden\/#article","isPartOf":{"@id":"https:\/\/wp.kristdemokraterna.se\/taby\/mammor-forandrar-varlden\/"},"author":{"name":"taby","@id":"https:\/\/wp.kristdemokraterna.se\/taby\/#\/schema\/person\/12b9024c714759d0acdc1da1e754d06c"},"headline":"Mammor f\u00f6r\u00e4ndrar v\u00e4rlden","datePublished":"2020-06-01T09:47:12+00:00","dateModified":"2020-06-09T09:50:54+00:00","mainEntityOfPage":{"@id":"https:\/\/wp.kristdemokraterna.se\/taby\/mammor-forandrar-varlden\/"},"wordCount":274,"articleSection":["inl\u00e4gg","Nyheter","Senaste nytt"],"inLanguage":"sv-SE"},{"@type":"WebPage","@id":"https:\/\/wp.kristdemokraterna.se\/taby\/mammor-forandrar-varlden\/","url":"https:\/\/wp.kristdemokraterna.se\/taby\/mammor-forandrar-varlden\/","name":"Mammor f\u00f6r\u00e4ndrar v\u00e4rlden - \u00f6kar j\u00e4mlikheten","isPartOf":{"@id":"https:\/\/wp.kristdemokraterna.se\/taby\/#website"},"datePublished":"2020-06-01T09:47:12+00:00","dateModified":"2020-06-09T09:50:54+00:00","author":{"@id":"https:\/\/wp.kristdemokraterna.se\/taby\/#\/schema\/person\/12b9024c714759d0acdc1da1e754d06c"},"description":"Mammor f\u00f6r\u00e4ndrar v\u00e4rlden. L\u00e4s v\u00e5ra f\u00f6rslag till hur vi kan f\u00e5 ett mer j\u00e4mlikt samh\u00e4lle! Allt b\u00f6rjar med mammorna. Pensioner, f\u00f6retagande m.m.","breadcrumb":{"@id":"https:\/\/wp.kristdemokraterna.se\/taby\/mammor-forandrar-varlden\/#breadcrumb"},"inLanguage":"sv-SE","potentialAction":[{"@type":"ReadAction","target":["https:\/\/wp.kristdemokraterna.se\/taby\/mammor-forandrar-varlden\/"]}]},{"@type":"BreadcrumbList","@id":"https:\/\/wp.kristdemokraterna.se\/taby\/mammor-forandrar-varlden\/#breadcrumb","itemListElement":[{"@type":"ListItem","position":1,"name":"Hem","item":"https:\/\/wp.kristdemokraterna.se\/taby\/"},{"@type":"ListItem","position":2,"name":"Mammor f\u00f6r\u00e4ndrar v\u00e4rlden"}]},{"@type":"WebSite","@id":"https:\/\/wp.kristdemokraterna.se\/taby\/#website","url":"https:\/\/wp.kristdemokraterna.se\/taby\/","name":"T\u00e4by","description":"&quot;Det ska vara l\u00e4ttare att f\u00e5 ihop arbetsliv och familjeliv i T\u00e4by&quot;","inLanguage":"sv-SE"},{"@type":"Person","@id":"https:\/\/wp.kristdemokraterna.se\/taby\/#\/schema\/person\/12b9024c714759d0acdc1da1e754d06c","name":"taby","image":{"@type":"ImageObject","inLanguage":"sv-SE","@id":"https:\/\/secure.gravatar.com\/avatar\/62f6aca44d1f9c34b49438e5fdf4be3554253b04b49a76f013049906786db305?s=96&d=mm&r=g","url":"https:\/\/secure.gravatar.com\/avatar\/62f6aca44d1f9c34b49438e5fdf4be3554253b04b49a76f013049906786db305?s=96&d=mm&r=g","contentUrl":"https:\/\/secure.gravatar.com\/avatar\/62f6aca44d1f9c34b49438e5fdf4be3554253b04b49a76f013049906786db305?s=96&d=mm&r=g","caption":"taby"},"url":"https:\/\/wp.kristdemokraterna.se\/taby\/author\/taby\/"}]}},"_links":{"self":[{"href":"https:\/\/wp.kristdemokraterna.se\/taby\/wp-json\/wp\/v2\/posts\/2104","targetHints":{"allow":["GET"]}}],"collection":[{"href":"https:\/\/wp.kristdemokraterna.se\/taby\/wp-json\/wp\/v2\/posts"}],"about":[{"href":"https:\/\/wp.kristdemokraterna.se\/taby\/wp-json\/wp\/v2\/types\/post"}],"author":[{"embeddable":true,"href":"https:\/\/wp.kristdemokraterna.se\/taby\/wp-json\/wp\/v2\/users\/26"}],"replies":[{"embeddable":true,"href":"https:\/\/wp.kristdemokraterna.se\/taby\/wp-json\/wp\/v2\/comments?post=2104"}],"version-history":[{"count":1,"href":"https:\/\/wp.kristdemokraterna.se\/taby\/wp-json\/wp\/v2\/posts\/2104\/revisions"}],"predecessor-version":[{"id":2106,"href":"https:\/\/wp.kristdemokraterna.se\/taby\/wp-json\/wp\/v2\/posts\/2104\/revisions\/2106"}],"wp:attachment":[{"href":"https:\/\/wp.kristdemokraterna.se\/taby\/wp-json\/wp\/v2\/media?parent=2104"}],"wp:term":[{"taxonomy":"category","embeddable":true,"href":"https:\/\/wp.kristdemokraterna.se\/taby\/wp-json\/wp\/v2\/categories?post=2104"},{"taxonomy":"post_tag","embeddable":true,"href":"https:\/\/wp.kristdemokraterna.se\/taby\/wp-json\/wp\/v2\/tags?post=2104"}],"curies":[{"name":"wp","href":"https:\/\/api.w.org\/{rel}","templated":true}]}}