{"id":2122,"date":"2020-08-29T10:29:46","date_gmt":"2020-08-29T08:29:46","guid":{"rendered":"http:\/\/wp.kristdemokraterna.se\/taby\/?p=2122"},"modified":"2020-08-31T10:37:01","modified_gmt":"2020-08-31T08:37:01","slug":"nej-till-aterinford-fastighetsskatt","status":"publish","type":"post","link":"https:\/\/wp.kristdemokraterna.se\/taby\/nej-till-aterinford-fastighetsskatt\/","title":{"rendered":"Nej till \u00e5terinf\u00f6rd fastighetsskatt"},"content":{"rendered":"<div class=\"\" dir=\"auto\">\n<div id=\"jsc_c_f1\" class=\"ecm0bbzt hv4rvrfc ihqw7lf3 dati1w0a\" data-ad-comet-preview=\"message\" data-ad-preview=\"message\">\n<div class=\"j83agx80 cbu4d94t ew0dbk1b irj2b8pg\">\n<div class=\"qzhwtbm6 knvmm38d\">\n<div class=\"kvgmc6g5 cxmmr5t8 oygrvhab hcukyx3x c1et5uql ii04i59q\">\n<div dir=\"auto\">Med j\u00e4mna mellanrum h\u00f6rs r\u00f6ster om att \u00e5terinf\u00f6ra fastighetsskatten. Urs\u00e4kterna har varit m\u00e5nga. Nu skyller man p\u00e5 Coronan. Har du h\u00f6rt om hur det var f\u00f6rr?<\/div>\n<div dir=\"auto\"><\/div>\n<\/div>\n<div class=\"o9v6fnle cxmmr5t8 oygrvhab hcukyx3x c1et5uql ii04i59q\">\n<div dir=\"auto\">KD b\u00f6rjade driva fastighetsskattens avskaffande redan i b\u00f6rjan av 2000-talet. I alliansregeringen var det v\u00e5rt krav.<\/div>\n<\/div>\n<div class=\"o9v6fnle cxmmr5t8 oygrvhab hcukyx3x c1et5uql ii04i59q\">\n<div dir=\"auto\"><\/div>\n<div dir=\"auto\">Hos KD \u00e4r vi n\u00e5gra som minns Alf Svensson ber\u00e4tta om \u00e4nkan Britta:<\/div>\n<\/div>\n<div class=\"o9v6fnle cxmmr5t8 oygrvhab hcukyx3x c1et5uql ii04i59q\">\n<div dir=\"auto\">\nJag talade med Britta f\u00f6r n\u00e5gra f\u00e5 dagar sedan. Hon skrev ett brev med darrig hand. Jag ringde upp. Hon gr\u00e4t bittert d\u00e5 hon ber\u00e4ttade: &#8221;- Jag v\u00e4nde mig inte om n\u00e4r flyttlasset gick, sa hon. Vi har slitit och sl\u00e4pat b\u00e5da. Den som \u00e4r satt i skuld \u00e4r inte fri. Britta citerade statsministern. Vi hade gjort allt f\u00f6r att klara av v\u00e5ra skulder. Men friheten togs ifr\u00e5n oss \u00e4nd\u00e5. Ingen kan ana hur vi slet f\u00f6r att trygga v\u00e5rt boende p\u00e5 \u00e5lderns h\u00f6st. Det hj\u00e4lpte inte.&#8221;<\/div>\n<\/div>\n<\/div>\n<div dir=\"auto\"><\/div>\n<div class=\"qzhwtbm6 knvmm38d\">\n<div class=\"o9v6fnle cxmmr5t8 oygrvhab hcukyx3x c1et5uql ii04i59q\">\n<div dir=\"auto\">Tycker du ocks\u00e5 som oss? V\u00e4lkommen att bli medlem och st\u00f6tta oss och\/eller engagera dig mer!<\/div>\n<div dir=\"auto\"><\/div>\n<\/div>\n<div dir=\"auto\"><a href=\"https:\/\/l.facebook.com\/l.php?u=http%3A%2F%2FKD.nu%2Fblimedlem%3Ffbclid%3DIwAR2iz539k7kIR_1PyNEyHMyZNSu0ELHgdnmXtLVARXbAWAWlOFEzi5UNhUI&amp;h=AT1vLTBqCYJdjAVMvalUYlzrLKssfd-HAY-TBRWe2Txs12X_4Kyln5bDCKnaouI3KaxRH5O_mnmaAWzoAI3mscmbx_hIS-W2uTstG9AZiseq7p9sH6o5mSf5APu70rfLg6ionQ8&amp;__tn__=-UK-R&amp;c[0]=AT2ud8iZvDT9OF_gkpDBOM7jT6j1qz3UdK6kNQOHK03iY3usexCxyloOrYGWlUPXxnDBrpAbkfR44BlTlwSA9TvxMOkz7GDPQNSAa7djD81HsRxt-GUUaL-9YaQslcCH8gbxmTfNY6JqVFMrvSwmqnNUXZovvUQGh2ZPw3DBdLDQ8edgGC5EwiVkIzelPys\" target=\"_blank\" rel=\"noopener noreferrer\">Bli medlem idag!<\/a><\/div>\n<div class=\"o9v6fnle cxmmr5t8 oygrvhab hcukyx3x c1et5uql ii04i59q\">\n<div dir=\"auto\"><\/div>\n<\/div>\n<\/div>\n<\/div>\n<\/div>\n<\/div>\n","protected":false},"excerpt":{"rendered":"<p>Med j\u00e4mna mellanrum h\u00f6rs r\u00f6ster om att \u00e5terinf\u00f6ra fastighetsskatten. Urs\u00e4kterna har varit m\u00e5nga. Nu skyller man p\u00e5 Coronan. Har du h\u00f6rt om hur det var f\u00f6rr? KD b\u00f6rjade driva fastighetsskattens avskaffande redan i b\u00f6rjan av 2000-talet. I alliansregeringen var det v\u00e5rt krav. Hos KD \u00e4r vi n\u00e5gra som minns Alf Svensson ber\u00e4tta om \u00e4nkan Britta: <a class=\"read-more-link\" href=\"https:\/\/wp.kristdemokraterna.se\/taby\/nej-till-aterinford-fastighetsskatt\/\">Read More<\/a><\/p>\n","protected":false},"author":26,"featured_media":0,"comment_status":"closed","ping_status":"closed","sticky":false,"template":"","format":"standard","meta":{"_acf_changed":false,"footnotes":""},"categories":[30,29,1],"tags":[],"class_list":["post-2122","post","type-post","status-publish","format-standard","hentry","category-inlagg","category-nyheter","category-okategoriserade"],"acf":[],"yoast_head":"<!-- This site is optimized with the Yoast SEO plugin v27.4 - https:\/\/yoast.com\/product\/yoast-seo-wordpress\/ -->\n<title>Nej till \u00e5terinf\u00f6rd fastighetsskatt - T\u00e4by<\/title>\n<meta name=\"robots\" content=\"index, follow, max-snippet:-1, max-image-preview:large, max-video-preview:-1\" \/>\n<link rel=\"canonical\" href=\"https:\/\/wp.kristdemokraterna.se\/taby\/nej-till-aterinford-fastighetsskatt\/\" \/>\n<meta property=\"og:locale\" content=\"sv_SE\" \/>\n<meta property=\"og:type\" content=\"article\" \/>\n<meta property=\"og:title\" content=\"Nej till \u00e5terinf\u00f6rd fastighetsskatt - T\u00e4by\" \/>\n<meta property=\"og:description\" content=\"Med j\u00e4mna mellanrum h\u00f6rs r\u00f6ster om att \u00e5terinf\u00f6ra fastighetsskatten. Urs\u00e4kterna har varit m\u00e5nga. Nu skyller man p\u00e5 Coronan. Har du h\u00f6rt om hur det var f\u00f6rr? KD b\u00f6rjade driva fastighetsskattens avskaffande redan i b\u00f6rjan av 2000-talet. I alliansregeringen var det v\u00e5rt krav. Hos KD \u00e4r vi n\u00e5gra som minns Alf Svensson ber\u00e4tta om \u00e4nkan Britta: Read More\" \/>\n<meta property=\"og:url\" content=\"https:\/\/wp.kristdemokraterna.se\/taby\/nej-till-aterinford-fastighetsskatt\/\" \/>\n<meta property=\"og:site_name\" content=\"T\u00e4by\" \/>\n<meta property=\"article:published_time\" content=\"2020-08-29T08:29:46+00:00\" \/>\n<meta property=\"article:modified_time\" content=\"2020-08-31T08:37:01+00:00\" \/>\n<meta name=\"author\" content=\"taby\" \/>\n<meta name=\"twitter:card\" content=\"summary_large_image\" \/>\n<meta name=\"twitter:label1\" content=\"Skriven av\" \/>\n\t<meta name=\"twitter:data1\" content=\"taby\" \/>\n\t<meta name=\"twitter:label2\" content=\"Ber\u00e4knad l\u00e4stid\" \/>\n\t<meta name=\"twitter:data2\" content=\"1 minut\" \/>\n<script type=\"application\/ld+json\" class=\"yoast-schema-graph\">{\"@context\":\"https:\\\/\\\/schema.org\",\"@graph\":[{\"@type\":\"Article\",\"@id\":\"https:\\\/\\\/wp.kristdemokraterna.se\\\/taby\\\/nej-till-aterinford-fastighetsskatt\\\/#article\",\"isPartOf\":{\"@id\":\"https:\\\/\\\/wp.kristdemokraterna.se\\\/taby\\\/nej-till-aterinford-fastighetsskatt\\\/\"},\"author\":{\"name\":\"taby\",\"@id\":\"https:\\\/\\\/wp.kristdemokraterna.se\\\/taby\\\/#\\\/schema\\\/person\\\/12b9024c714759d0acdc1da1e754d06c\"},\"headline\":\"Nej till \u00e5terinf\u00f6rd fastighetsskatt\",\"datePublished\":\"2020-08-29T08:29:46+00:00\",\"dateModified\":\"2020-08-31T08:37:01+00:00\",\"mainEntityOfPage\":{\"@id\":\"https:\\\/\\\/wp.kristdemokraterna.se\\\/taby\\\/nej-till-aterinford-fastighetsskatt\\\/\"},\"wordCount\":197,\"articleSection\":[\"inl\u00e4gg\",\"Nyheter\",\"Senaste nytt\"],\"inLanguage\":\"sv-SE\"},{\"@type\":\"WebPage\",\"@id\":\"https:\\\/\\\/wp.kristdemokraterna.se\\\/taby\\\/nej-till-aterinford-fastighetsskatt\\\/\",\"url\":\"https:\\\/\\\/wp.kristdemokraterna.se\\\/taby\\\/nej-till-aterinford-fastighetsskatt\\\/\",\"name\":\"Nej till \u00e5terinf\u00f6rd fastighetsskatt - T\u00e4by\",\"isPartOf\":{\"@id\":\"https:\\\/\\\/wp.kristdemokraterna.se\\\/taby\\\/#website\"},\"datePublished\":\"2020-08-29T08:29:46+00:00\",\"dateModified\":\"2020-08-31T08:37:01+00:00\",\"author\":{\"@id\":\"https:\\\/\\\/wp.kristdemokraterna.se\\\/taby\\\/#\\\/schema\\\/person\\\/12b9024c714759d0acdc1da1e754d06c\"},\"breadcrumb\":{\"@id\":\"https:\\\/\\\/wp.kristdemokraterna.se\\\/taby\\\/nej-till-aterinford-fastighetsskatt\\\/#breadcrumb\"},\"inLanguage\":\"sv-SE\",\"potentialAction\":[{\"@type\":\"ReadAction\",\"target\":[\"https:\\\/\\\/wp.kristdemokraterna.se\\\/taby\\\/nej-till-aterinford-fastighetsskatt\\\/\"]}]},{\"@type\":\"BreadcrumbList\",\"@id\":\"https:\\\/\\\/wp.kristdemokraterna.se\\\/taby\\\/nej-till-aterinford-fastighetsskatt\\\/#breadcrumb\",\"itemListElement\":[{\"@type\":\"ListItem\",\"position\":1,\"name\":\"Hem\",\"item\":\"https:\\\/\\\/wp.kristdemokraterna.se\\\/taby\\\/\"},{\"@type\":\"ListItem\",\"position\":2,\"name\":\"Nej till \u00e5terinf\u00f6rd fastighetsskatt\"}]},{\"@type\":\"WebSite\",\"@id\":\"https:\\\/\\\/wp.kristdemokraterna.se\\\/taby\\\/#website\",\"url\":\"https:\\\/\\\/wp.kristdemokraterna.se\\\/taby\\\/\",\"name\":\"T\u00e4by\",\"description\":\"&quot;Det ska vara l\u00e4ttare att f\u00e5 ihop arbetsliv och familjeliv i T\u00e4by&quot;\",\"inLanguage\":\"sv-SE\"},{\"@type\":\"Person\",\"@id\":\"https:\\\/\\\/wp.kristdemokraterna.se\\\/taby\\\/#\\\/schema\\\/person\\\/12b9024c714759d0acdc1da1e754d06c\",\"name\":\"taby\",\"image\":{\"@type\":\"ImageObject\",\"inLanguage\":\"sv-SE\",\"@id\":\"https:\\\/\\\/secure.gravatar.com\\\/avatar\\\/62f6aca44d1f9c34b49438e5fdf4be3554253b04b49a76f013049906786db305?s=96&d=mm&r=g\",\"url\":\"https:\\\/\\\/secure.gravatar.com\\\/avatar\\\/62f6aca44d1f9c34b49438e5fdf4be3554253b04b49a76f013049906786db305?s=96&d=mm&r=g\",\"contentUrl\":\"https:\\\/\\\/secure.gravatar.com\\\/avatar\\\/62f6aca44d1f9c34b49438e5fdf4be3554253b04b49a76f013049906786db305?s=96&d=mm&r=g\",\"caption\":\"taby\"},\"url\":\"https:\\\/\\\/wp.kristdemokraterna.se\\\/taby\\\/author\\\/taby\\\/\"}]}<\/script>\n<!-- \/ Yoast SEO plugin. -->","yoast_head_json":{"title":"Nej till \u00e5terinf\u00f6rd fastighetsskatt - T\u00e4by","robots":{"index":"index","follow":"follow","max-snippet":"max-snippet:-1","max-image-preview":"max-image-preview:large","max-video-preview":"max-video-preview:-1"},"canonical":"https:\/\/wp.kristdemokraterna.se\/taby\/nej-till-aterinford-fastighetsskatt\/","og_locale":"sv_SE","og_type":"article","og_title":"Nej till \u00e5terinf\u00f6rd fastighetsskatt - T\u00e4by","og_description":"Med j\u00e4mna mellanrum h\u00f6rs r\u00f6ster om att \u00e5terinf\u00f6ra fastighetsskatten. Urs\u00e4kterna har varit m\u00e5nga. Nu skyller man p\u00e5 Coronan. Har du h\u00f6rt om hur det var f\u00f6rr? KD b\u00f6rjade driva fastighetsskattens avskaffande redan i b\u00f6rjan av 2000-talet. I alliansregeringen var det v\u00e5rt krav. Hos KD \u00e4r vi n\u00e5gra som minns Alf Svensson ber\u00e4tta om \u00e4nkan Britta: Read More","og_url":"https:\/\/wp.kristdemokraterna.se\/taby\/nej-till-aterinford-fastighetsskatt\/","og_site_name":"T\u00e4by","article_published_time":"2020-08-29T08:29:46+00:00","article_modified_time":"2020-08-31T08:37:01+00:00","author":"taby","twitter_card":"summary_large_image","twitter_misc":{"Skriven av":"taby","Ber\u00e4knad l\u00e4stid":"1 minut"},"schema":{"@context":"https:\/\/schema.org","@graph":[{"@type":"Article","@id":"https:\/\/wp.kristdemokraterna.se\/taby\/nej-till-aterinford-fastighetsskatt\/#article","isPartOf":{"@id":"https:\/\/wp.kristdemokraterna.se\/taby\/nej-till-aterinford-fastighetsskatt\/"},"author":{"name":"taby","@id":"https:\/\/wp.kristdemokraterna.se\/taby\/#\/schema\/person\/12b9024c714759d0acdc1da1e754d06c"},"headline":"Nej till \u00e5terinf\u00f6rd fastighetsskatt","datePublished":"2020-08-29T08:29:46+00:00","dateModified":"2020-08-31T08:37:01+00:00","mainEntityOfPage":{"@id":"https:\/\/wp.kristdemokraterna.se\/taby\/nej-till-aterinford-fastighetsskatt\/"},"wordCount":197,"articleSection":["inl\u00e4gg","Nyheter","Senaste nytt"],"inLanguage":"sv-SE"},{"@type":"WebPage","@id":"https:\/\/wp.kristdemokraterna.se\/taby\/nej-till-aterinford-fastighetsskatt\/","url":"https:\/\/wp.kristdemokraterna.se\/taby\/nej-till-aterinford-fastighetsskatt\/","name":"Nej till \u00e5terinf\u00f6rd fastighetsskatt - T\u00e4by","isPartOf":{"@id":"https:\/\/wp.kristdemokraterna.se\/taby\/#website"},"datePublished":"2020-08-29T08:29:46+00:00","dateModified":"2020-08-31T08:37:01+00:00","author":{"@id":"https:\/\/wp.kristdemokraterna.se\/taby\/#\/schema\/person\/12b9024c714759d0acdc1da1e754d06c"},"breadcrumb":{"@id":"https:\/\/wp.kristdemokraterna.se\/taby\/nej-till-aterinford-fastighetsskatt\/#breadcrumb"},"inLanguage":"sv-SE","potentialAction":[{"@type":"ReadAction","target":["https:\/\/wp.kristdemokraterna.se\/taby\/nej-till-aterinford-fastighetsskatt\/"]}]},{"@type":"BreadcrumbList","@id":"https:\/\/wp.kristdemokraterna.se\/taby\/nej-till-aterinford-fastighetsskatt\/#breadcrumb","itemListElement":[{"@type":"ListItem","position":1,"name":"Hem","item":"https:\/\/wp.kristdemokraterna.se\/taby\/"},{"@type":"ListItem","position":2,"name":"Nej till \u00e5terinf\u00f6rd fastighetsskatt"}]},{"@type":"WebSite","@id":"https:\/\/wp.kristdemokraterna.se\/taby\/#website","url":"https:\/\/wp.kristdemokraterna.se\/taby\/","name":"T\u00e4by","description":"&quot;Det ska vara l\u00e4ttare att f\u00e5 ihop arbetsliv och familjeliv i T\u00e4by&quot;","inLanguage":"sv-SE"},{"@type":"Person","@id":"https:\/\/wp.kristdemokraterna.se\/taby\/#\/schema\/person\/12b9024c714759d0acdc1da1e754d06c","name":"taby","image":{"@type":"ImageObject","inLanguage":"sv-SE","@id":"https:\/\/secure.gravatar.com\/avatar\/62f6aca44d1f9c34b49438e5fdf4be3554253b04b49a76f013049906786db305?s=96&d=mm&r=g","url":"https:\/\/secure.gravatar.com\/avatar\/62f6aca44d1f9c34b49438e5fdf4be3554253b04b49a76f013049906786db305?s=96&d=mm&r=g","contentUrl":"https:\/\/secure.gravatar.com\/avatar\/62f6aca44d1f9c34b49438e5fdf4be3554253b04b49a76f013049906786db305?s=96&d=mm&r=g","caption":"taby"},"url":"https:\/\/wp.kristdemokraterna.se\/taby\/author\/taby\/"}]}},"_links":{"self":[{"href":"https:\/\/wp.kristdemokraterna.se\/taby\/wp-json\/wp\/v2\/posts\/2122","targetHints":{"allow":["GET"]}}],"collection":[{"href":"https:\/\/wp.kristdemokraterna.se\/taby\/wp-json\/wp\/v2\/posts"}],"about":[{"href":"https:\/\/wp.kristdemokraterna.se\/taby\/wp-json\/wp\/v2\/types\/post"}],"author":[{"embeddable":true,"href":"https:\/\/wp.kristdemokraterna.se\/taby\/wp-json\/wp\/v2\/users\/26"}],"replies":[{"embeddable":true,"href":"https:\/\/wp.kristdemokraterna.se\/taby\/wp-json\/wp\/v2\/comments?post=2122"}],"version-history":[{"count":1,"href":"https:\/\/wp.kristdemokraterna.se\/taby\/wp-json\/wp\/v2\/posts\/2122\/revisions"}],"predecessor-version":[{"id":2124,"href":"https:\/\/wp.kristdemokraterna.se\/taby\/wp-json\/wp\/v2\/posts\/2122\/revisions\/2124"}],"wp:attachment":[{"href":"https:\/\/wp.kristdemokraterna.se\/taby\/wp-json\/wp\/v2\/media?parent=2122"}],"wp:term":[{"taxonomy":"category","embeddable":true,"href":"https:\/\/wp.kristdemokraterna.se\/taby\/wp-json\/wp\/v2\/categories?post=2122"},{"taxonomy":"post_tag","embeddable":true,"href":"https:\/\/wp.kristdemokraterna.se\/taby\/wp-json\/wp\/v2\/tags?post=2122"}],"curies":[{"name":"wp","href":"https:\/\/api.w.org\/{rel}","templated":true}]}}