{"id":2134,"date":"2020-09-12T13:03:47","date_gmt":"2020-09-12T11:03:47","guid":{"rendered":"http:\/\/wp.kristdemokraterna.se\/taby\/?p=2134"},"modified":"2020-09-14T13:08:27","modified_gmt":"2020-09-14T11:08:27","slug":"foretagen-i-taby-ar-livsviktiga","status":"publish","type":"post","link":"https:\/\/wp.kristdemokraterna.se\/taby\/foretagen-i-taby-ar-livsviktiga\/","title":{"rendered":"F\u00f6retagen i T\u00e4by \u00e4r livsviktiga!"},"content":{"rendered":"<div class=\"\" dir=\"auto\">\n<div id=\"jsc_c_69\" class=\"ecm0bbzt hv4rvrfc ihqw7lf3 dati1w0a\" data-ad-comet-preview=\"message\" data-ad-preview=\"message\">\n<div class=\"j83agx80 cbu4d94t ew0dbk1b irj2b8pg\">\n<div class=\"qzhwtbm6 knvmm38d\">\n<div class=\"kvgmc6g5 cxmmr5t8 oygrvhab hcukyx3x c1et5uql ii04i59q\">\n<div dir=\"auto\">H\u00e5rt arbete f\u00f6r att f\u00f6rb\u00e4ttra f\u00f6retagsklimatet har varit i fokus under de senaste \u00e5ren i T\u00e4by d\u00e4r KD ansvarar f\u00f6r fr\u00e5gorna och utvecklingen! Gl\u00e4djande att det hittills i \u00e5r varit f\u00e4rre konkurser \u00e4n i fjol <span class=\"pq6dq46d tbxw36s4 knj5qynh kvgmc6g5 ditlmg2l oygrvhab nvdbi5me sf5mxxl7 gl3lb2sf hhz5lgdu\"><img loading=\"lazy\" decoding=\"async\" src=\"https:\/\/static.xx.fbcdn.net\/images\/emoji.php\/v9\/t9b\/2\/16\/1f44d.png\" alt=\"\ud83d\udc4d\" width=\"16\" height=\"16\" \/><\/span> Heja alla ni som sliter, jobbar och v\u00e5gar satsa &#8211; ni \u00e4r v\u00e4rdefulla.<\/div>\n<div dir=\"auto\"><\/div>\n<div dir=\"auto\">En eloge till Caroline Arenander som arbetar med f\u00f6retagen i T\u00e4by!<\/div>\n<div dir=\"auto\"><\/div>\n<\/div>\n<div dir=\"auto\">\n<p><a href=\"https:\/\/mitti.se\/nyheter\/trots-corona-konkurser\/?omrade=taby&#038;fbclid=IwAR24ts3kIJPIs68Puja7Z0UiVnsqfX9Nmgm-WGas_bmEGYQVjPHzqMU3yZc\">https:\/\/mitti.se\/nyheter\/trots-corona-konkurser\/?omrade=taby&amp;fbclid=IwAR24ts3kIJPIs68Puja7Z0UiVnsqfX9Nmgm-WGas_bmEGYQVjPHzqMU3yZc<\/a><\/p>\n<\/div>\n<div class=\"kvgmc6g5 cxmmr5t8 oygrvhab hcukyx3x c1et5uql ii04i59q\">\n<div dir=\"auto\"><\/div>\n<\/div>\n<div class=\"o9v6fnle cxmmr5t8 oygrvhab hcukyx3x c1et5uql ii04i59q\">\n<div dir=\"auto\"><\/div>\n<\/div>\n<\/div>\n<\/div>\n<\/div>\n<\/div>\n","protected":false},"excerpt":{"rendered":"<p>H\u00e5rt arbete f\u00f6r att f\u00f6rb\u00e4ttra f\u00f6retagsklimatet har varit i fokus under de senaste \u00e5ren i T\u00e4by d\u00e4r KD ansvarar f\u00f6r fr\u00e5gorna och utvecklingen! Gl\u00e4djande att det hittills i \u00e5r varit f\u00e4rre konkurser \u00e4n i fjol Heja alla ni som sliter, jobbar och v\u00e5gar satsa &#8211; ni \u00e4r v\u00e4rdefulla. En eloge till Caroline Arenander som arbetar <a class=\"read-more-link\" href=\"https:\/\/wp.kristdemokraterna.se\/taby\/foretagen-i-taby-ar-livsviktiga\/\">Read More<\/a><\/p>\n","protected":false},"author":26,"featured_media":0,"comment_status":"closed","ping_status":"closed","sticky":false,"template":"","format":"standard","meta":{"_acf_changed":false,"footnotes":""},"categories":[30,29,1],"tags":[],"class_list":["post-2134","post","type-post","status-publish","format-standard","hentry","category-inlagg","category-nyheter","category-okategoriserade"],"acf":[],"yoast_head":"<!-- This site is optimized with the Yoast SEO plugin v27.4 - https:\/\/yoast.com\/product\/yoast-seo-wordpress\/ -->\n<title>F\u00f6retagen i T\u00e4by \u00e4r livsviktiga!<\/title>\n<meta name=\"description\" content=\"F\u00f6retagen i T\u00e4by \u00e4r livsviktiga. D\u00e4rf\u00f6r vill vi att fler vill satsa och driva f\u00f6retag i v\u00e5r kommun! Detta ger arbetstillf\u00e4llen!\" \/>\n<meta name=\"robots\" content=\"index, follow, max-snippet:-1, max-image-preview:large, max-video-preview:-1\" \/>\n<link rel=\"canonical\" href=\"https:\/\/wp.kristdemokraterna.se\/taby\/foretagen-i-taby-ar-livsviktiga\/\" \/>\n<meta property=\"og:locale\" content=\"sv_SE\" \/>\n<meta property=\"og:type\" content=\"article\" \/>\n<meta property=\"og:title\" content=\"F\u00f6retagen i T\u00e4by \u00e4r livsviktiga!\" \/>\n<meta property=\"og:description\" content=\"F\u00f6retagen i T\u00e4by \u00e4r livsviktiga. D\u00e4rf\u00f6r vill vi att fler vill satsa och driva f\u00f6retag i v\u00e5r kommun! Detta ger arbetstillf\u00e4llen!\" \/>\n<meta property=\"og:url\" content=\"https:\/\/wp.kristdemokraterna.se\/taby\/foretagen-i-taby-ar-livsviktiga\/\" \/>\n<meta property=\"og:site_name\" content=\"T\u00e4by\" \/>\n<meta property=\"article:published_time\" content=\"2020-09-12T11:03:47+00:00\" \/>\n<meta property=\"article:modified_time\" content=\"2020-09-14T11:08:27+00:00\" \/>\n<meta property=\"og:image\" content=\"https:\/\/static.xx.fbcdn.net\/images\/emoji.php\/v9\/t9b\/2\/16\/1f44d.png\" \/>\n<meta name=\"author\" content=\"taby\" \/>\n<meta name=\"twitter:card\" content=\"summary_large_image\" \/>\n<meta name=\"twitter:label1\" content=\"Skriven av\" \/>\n\t<meta name=\"twitter:data1\" content=\"taby\" \/>\n<script type=\"application\/ld+json\" class=\"yoast-schema-graph\">{\"@context\":\"https:\\\/\\\/schema.org\",\"@graph\":[{\"@type\":\"Article\",\"@id\":\"https:\\\/\\\/wp.kristdemokraterna.se\\\/taby\\\/foretagen-i-taby-ar-livsviktiga\\\/#article\",\"isPartOf\":{\"@id\":\"https:\\\/\\\/wp.kristdemokraterna.se\\\/taby\\\/foretagen-i-taby-ar-livsviktiga\\\/\"},\"author\":{\"name\":\"taby\",\"@id\":\"https:\\\/\\\/wp.kristdemokraterna.se\\\/taby\\\/#\\\/schema\\\/person\\\/12b9024c714759d0acdc1da1e754d06c\"},\"headline\":\"F\u00f6retagen i T\u00e4by \u00e4r livsviktiga!\",\"datePublished\":\"2020-09-12T11:03:47+00:00\",\"dateModified\":\"2020-09-14T11:08:27+00:00\",\"mainEntityOfPage\":{\"@id\":\"https:\\\/\\\/wp.kristdemokraterna.se\\\/taby\\\/foretagen-i-taby-ar-livsviktiga\\\/\"},\"wordCount\":101,\"image\":{\"@id\":\"https:\\\/\\\/wp.kristdemokraterna.se\\\/taby\\\/foretagen-i-taby-ar-livsviktiga\\\/#primaryimage\"},\"thumbnailUrl\":\"https:\\\/\\\/static.xx.fbcdn.net\\\/images\\\/emoji.php\\\/v9\\\/t9b\\\/2\\\/16\\\/1f44d.png\",\"articleSection\":[\"inl\u00e4gg\",\"Nyheter\",\"Senaste nytt\"],\"inLanguage\":\"sv-SE\"},{\"@type\":\"WebPage\",\"@id\":\"https:\\\/\\\/wp.kristdemokraterna.se\\\/taby\\\/foretagen-i-taby-ar-livsviktiga\\\/\",\"url\":\"https:\\\/\\\/wp.kristdemokraterna.se\\\/taby\\\/foretagen-i-taby-ar-livsviktiga\\\/\",\"name\":\"F\u00f6retagen i T\u00e4by \u00e4r livsviktiga!\",\"isPartOf\":{\"@id\":\"https:\\\/\\\/wp.kristdemokraterna.se\\\/taby\\\/#website\"},\"primaryImageOfPage\":{\"@id\":\"https:\\\/\\\/wp.kristdemokraterna.se\\\/taby\\\/foretagen-i-taby-ar-livsviktiga\\\/#primaryimage\"},\"image\":{\"@id\":\"https:\\\/\\\/wp.kristdemokraterna.se\\\/taby\\\/foretagen-i-taby-ar-livsviktiga\\\/#primaryimage\"},\"thumbnailUrl\":\"https:\\\/\\\/static.xx.fbcdn.net\\\/images\\\/emoji.php\\\/v9\\\/t9b\\\/2\\\/16\\\/1f44d.png\",\"datePublished\":\"2020-09-12T11:03:47+00:00\",\"dateModified\":\"2020-09-14T11:08:27+00:00\",\"author\":{\"@id\":\"https:\\\/\\\/wp.kristdemokraterna.se\\\/taby\\\/#\\\/schema\\\/person\\\/12b9024c714759d0acdc1da1e754d06c\"},\"description\":\"F\u00f6retagen i T\u00e4by \u00e4r livsviktiga. D\u00e4rf\u00f6r vill vi att fler vill satsa och driva f\u00f6retag i v\u00e5r kommun! Detta ger arbetstillf\u00e4llen!\",\"breadcrumb\":{\"@id\":\"https:\\\/\\\/wp.kristdemokraterna.se\\\/taby\\\/foretagen-i-taby-ar-livsviktiga\\\/#breadcrumb\"},\"inLanguage\":\"sv-SE\",\"potentialAction\":[{\"@type\":\"ReadAction\",\"target\":[\"https:\\\/\\\/wp.kristdemokraterna.se\\\/taby\\\/foretagen-i-taby-ar-livsviktiga\\\/\"]}]},{\"@type\":\"ImageObject\",\"inLanguage\":\"sv-SE\",\"@id\":\"https:\\\/\\\/wp.kristdemokraterna.se\\\/taby\\\/foretagen-i-taby-ar-livsviktiga\\\/#primaryimage\",\"url\":\"https:\\\/\\\/static.xx.fbcdn.net\\\/images\\\/emoji.php\\\/v9\\\/t9b\\\/2\\\/16\\\/1f44d.png\",\"contentUrl\":\"https:\\\/\\\/static.xx.fbcdn.net\\\/images\\\/emoji.php\\\/v9\\\/t9b\\\/2\\\/16\\\/1f44d.png\"},{\"@type\":\"BreadcrumbList\",\"@id\":\"https:\\\/\\\/wp.kristdemokraterna.se\\\/taby\\\/foretagen-i-taby-ar-livsviktiga\\\/#breadcrumb\",\"itemListElement\":[{\"@type\":\"ListItem\",\"position\":1,\"name\":\"Hem\",\"item\":\"https:\\\/\\\/wp.kristdemokraterna.se\\\/taby\\\/\"},{\"@type\":\"ListItem\",\"position\":2,\"name\":\"F\u00f6retagen i T\u00e4by \u00e4r livsviktiga!\"}]},{\"@type\":\"WebSite\",\"@id\":\"https:\\\/\\\/wp.kristdemokraterna.se\\\/taby\\\/#website\",\"url\":\"https:\\\/\\\/wp.kristdemokraterna.se\\\/taby\\\/\",\"name\":\"T\u00e4by\",\"description\":\"&quot;Det ska vara l\u00e4ttare att f\u00e5 ihop arbetsliv och familjeliv i T\u00e4by&quot;\",\"inLanguage\":\"sv-SE\"},{\"@type\":\"Person\",\"@id\":\"https:\\\/\\\/wp.kristdemokraterna.se\\\/taby\\\/#\\\/schema\\\/person\\\/12b9024c714759d0acdc1da1e754d06c\",\"name\":\"taby\",\"image\":{\"@type\":\"ImageObject\",\"inLanguage\":\"sv-SE\",\"@id\":\"https:\\\/\\\/secure.gravatar.com\\\/avatar\\\/62f6aca44d1f9c34b49438e5fdf4be3554253b04b49a76f013049906786db305?s=96&d=mm&r=g\",\"url\":\"https:\\\/\\\/secure.gravatar.com\\\/avatar\\\/62f6aca44d1f9c34b49438e5fdf4be3554253b04b49a76f013049906786db305?s=96&d=mm&r=g\",\"contentUrl\":\"https:\\\/\\\/secure.gravatar.com\\\/avatar\\\/62f6aca44d1f9c34b49438e5fdf4be3554253b04b49a76f013049906786db305?s=96&d=mm&r=g\",\"caption\":\"taby\"},\"url\":\"https:\\\/\\\/wp.kristdemokraterna.se\\\/taby\\\/author\\\/taby\\\/\"}]}<\/script>\n<!-- \/ Yoast SEO plugin. -->","yoast_head_json":{"title":"F\u00f6retagen i T\u00e4by \u00e4r livsviktiga!","description":"F\u00f6retagen i T\u00e4by \u00e4r livsviktiga. D\u00e4rf\u00f6r vill vi att fler vill satsa och driva f\u00f6retag i v\u00e5r kommun! Detta ger arbetstillf\u00e4llen!","robots":{"index":"index","follow":"follow","max-snippet":"max-snippet:-1","max-image-preview":"max-image-preview:large","max-video-preview":"max-video-preview:-1"},"canonical":"https:\/\/wp.kristdemokraterna.se\/taby\/foretagen-i-taby-ar-livsviktiga\/","og_locale":"sv_SE","og_type":"article","og_title":"F\u00f6retagen i T\u00e4by \u00e4r livsviktiga!","og_description":"F\u00f6retagen i T\u00e4by \u00e4r livsviktiga. D\u00e4rf\u00f6r vill vi att fler vill satsa och driva f\u00f6retag i v\u00e5r kommun! Detta ger arbetstillf\u00e4llen!","og_url":"https:\/\/wp.kristdemokraterna.se\/taby\/foretagen-i-taby-ar-livsviktiga\/","og_site_name":"T\u00e4by","article_published_time":"2020-09-12T11:03:47+00:00","article_modified_time":"2020-09-14T11:08:27+00:00","og_image":[{"url":"https:\/\/static.xx.fbcdn.net\/images\/emoji.php\/v9\/t9b\/2\/16\/1f44d.png","type":"","width":"","height":""}],"author":"taby","twitter_card":"summary_large_image","twitter_misc":{"Skriven av":"taby"},"schema":{"@context":"https:\/\/schema.org","@graph":[{"@type":"Article","@id":"https:\/\/wp.kristdemokraterna.se\/taby\/foretagen-i-taby-ar-livsviktiga\/#article","isPartOf":{"@id":"https:\/\/wp.kristdemokraterna.se\/taby\/foretagen-i-taby-ar-livsviktiga\/"},"author":{"name":"taby","@id":"https:\/\/wp.kristdemokraterna.se\/taby\/#\/schema\/person\/12b9024c714759d0acdc1da1e754d06c"},"headline":"F\u00f6retagen i T\u00e4by \u00e4r livsviktiga!","datePublished":"2020-09-12T11:03:47+00:00","dateModified":"2020-09-14T11:08:27+00:00","mainEntityOfPage":{"@id":"https:\/\/wp.kristdemokraterna.se\/taby\/foretagen-i-taby-ar-livsviktiga\/"},"wordCount":101,"image":{"@id":"https:\/\/wp.kristdemokraterna.se\/taby\/foretagen-i-taby-ar-livsviktiga\/#primaryimage"},"thumbnailUrl":"https:\/\/static.xx.fbcdn.net\/images\/emoji.php\/v9\/t9b\/2\/16\/1f44d.png","articleSection":["inl\u00e4gg","Nyheter","Senaste nytt"],"inLanguage":"sv-SE"},{"@type":"WebPage","@id":"https:\/\/wp.kristdemokraterna.se\/taby\/foretagen-i-taby-ar-livsviktiga\/","url":"https:\/\/wp.kristdemokraterna.se\/taby\/foretagen-i-taby-ar-livsviktiga\/","name":"F\u00f6retagen i T\u00e4by \u00e4r livsviktiga!","isPartOf":{"@id":"https:\/\/wp.kristdemokraterna.se\/taby\/#website"},"primaryImageOfPage":{"@id":"https:\/\/wp.kristdemokraterna.se\/taby\/foretagen-i-taby-ar-livsviktiga\/#primaryimage"},"image":{"@id":"https:\/\/wp.kristdemokraterna.se\/taby\/foretagen-i-taby-ar-livsviktiga\/#primaryimage"},"thumbnailUrl":"https:\/\/static.xx.fbcdn.net\/images\/emoji.php\/v9\/t9b\/2\/16\/1f44d.png","datePublished":"2020-09-12T11:03:47+00:00","dateModified":"2020-09-14T11:08:27+00:00","author":{"@id":"https:\/\/wp.kristdemokraterna.se\/taby\/#\/schema\/person\/12b9024c714759d0acdc1da1e754d06c"},"description":"F\u00f6retagen i T\u00e4by \u00e4r livsviktiga. D\u00e4rf\u00f6r vill vi att fler vill satsa och driva f\u00f6retag i v\u00e5r kommun! Detta ger arbetstillf\u00e4llen!","breadcrumb":{"@id":"https:\/\/wp.kristdemokraterna.se\/taby\/foretagen-i-taby-ar-livsviktiga\/#breadcrumb"},"inLanguage":"sv-SE","potentialAction":[{"@type":"ReadAction","target":["https:\/\/wp.kristdemokraterna.se\/taby\/foretagen-i-taby-ar-livsviktiga\/"]}]},{"@type":"ImageObject","inLanguage":"sv-SE","@id":"https:\/\/wp.kristdemokraterna.se\/taby\/foretagen-i-taby-ar-livsviktiga\/#primaryimage","url":"https:\/\/static.xx.fbcdn.net\/images\/emoji.php\/v9\/t9b\/2\/16\/1f44d.png","contentUrl":"https:\/\/static.xx.fbcdn.net\/images\/emoji.php\/v9\/t9b\/2\/16\/1f44d.png"},{"@type":"BreadcrumbList","@id":"https:\/\/wp.kristdemokraterna.se\/taby\/foretagen-i-taby-ar-livsviktiga\/#breadcrumb","itemListElement":[{"@type":"ListItem","position":1,"name":"Hem","item":"https:\/\/wp.kristdemokraterna.se\/taby\/"},{"@type":"ListItem","position":2,"name":"F\u00f6retagen i T\u00e4by \u00e4r livsviktiga!"}]},{"@type":"WebSite","@id":"https:\/\/wp.kristdemokraterna.se\/taby\/#website","url":"https:\/\/wp.kristdemokraterna.se\/taby\/","name":"T\u00e4by","description":"&quot;Det ska vara l\u00e4ttare att f\u00e5 ihop arbetsliv och familjeliv i T\u00e4by&quot;","inLanguage":"sv-SE"},{"@type":"Person","@id":"https:\/\/wp.kristdemokraterna.se\/taby\/#\/schema\/person\/12b9024c714759d0acdc1da1e754d06c","name":"taby","image":{"@type":"ImageObject","inLanguage":"sv-SE","@id":"https:\/\/secure.gravatar.com\/avatar\/62f6aca44d1f9c34b49438e5fdf4be3554253b04b49a76f013049906786db305?s=96&d=mm&r=g","url":"https:\/\/secure.gravatar.com\/avatar\/62f6aca44d1f9c34b49438e5fdf4be3554253b04b49a76f013049906786db305?s=96&d=mm&r=g","contentUrl":"https:\/\/secure.gravatar.com\/avatar\/62f6aca44d1f9c34b49438e5fdf4be3554253b04b49a76f013049906786db305?s=96&d=mm&r=g","caption":"taby"},"url":"https:\/\/wp.kristdemokraterna.se\/taby\/author\/taby\/"}]}},"_links":{"self":[{"href":"https:\/\/wp.kristdemokraterna.se\/taby\/wp-json\/wp\/v2\/posts\/2134","targetHints":{"allow":["GET"]}}],"collection":[{"href":"https:\/\/wp.kristdemokraterna.se\/taby\/wp-json\/wp\/v2\/posts"}],"about":[{"href":"https:\/\/wp.kristdemokraterna.se\/taby\/wp-json\/wp\/v2\/types\/post"}],"author":[{"embeddable":true,"href":"https:\/\/wp.kristdemokraterna.se\/taby\/wp-json\/wp\/v2\/users\/26"}],"replies":[{"embeddable":true,"href":"https:\/\/wp.kristdemokraterna.se\/taby\/wp-json\/wp\/v2\/comments?post=2134"}],"version-history":[{"count":1,"href":"https:\/\/wp.kristdemokraterna.se\/taby\/wp-json\/wp\/v2\/posts\/2134\/revisions"}],"predecessor-version":[{"id":2138,"href":"https:\/\/wp.kristdemokraterna.se\/taby\/wp-json\/wp\/v2\/posts\/2134\/revisions\/2138"}],"wp:attachment":[{"href":"https:\/\/wp.kristdemokraterna.se\/taby\/wp-json\/wp\/v2\/media?parent=2134"}],"wp:term":[{"taxonomy":"category","embeddable":true,"href":"https:\/\/wp.kristdemokraterna.se\/taby\/wp-json\/wp\/v2\/categories?post=2134"},{"taxonomy":"post_tag","embeddable":true,"href":"https:\/\/wp.kristdemokraterna.se\/taby\/wp-json\/wp\/v2\/tags?post=2134"}],"curies":[{"name":"wp","href":"https:\/\/api.w.org\/{rel}","templated":true}]}}