{"id":2152,"date":"2020-09-24T17:10:15","date_gmt":"2020-09-24T15:10:15","guid":{"rendered":"http:\/\/wp.kristdemokraterna.se\/taby\/?p=2152"},"modified":"2020-10-07T17:13:40","modified_gmt":"2020-10-07T15:13:40","slug":"kriminaliteten-i-taby","status":"publish","type":"post","link":"https:\/\/wp.kristdemokraterna.se\/taby\/kriminaliteten-i-taby\/","title":{"rendered":"Vi \u00e4r tr\u00f6tta kriminaliteten i T\u00e4by"},"content":{"rendered":"<div class=\"\" dir=\"auto\">\n<div id=\"jsc_c_7x\" class=\"ecm0bbzt hv4rvrfc ihqw7lf3 dati1w0a\" data-ad-comet-preview=\"message\" data-ad-preview=\"message\">\n<div class=\"j83agx80 cbu4d94t ew0dbk1b irj2b8pg\">\n<div class=\"qzhwtbm6 knvmm38d\">\n<div class=\"kvgmc6g5 cxmmr5t8 oygrvhab hcukyx3x c1et5uql ii04i59q\">\n<div dir=\"auto\">KD \u00f6kar till 7 procent i DN\/Ipsos. Det \u00e4r rimligt!<\/div>\n<div dir=\"auto\"><\/div>\n<\/div>\n<div class=\"o9v6fnle cxmmr5t8 oygrvhab hcukyx3x c1et5uql ii04i59q\">\n<div dir=\"auto\">Svenska folket \u00e4r urbota less p\u00e5 kriminaliteten. KD \u00e4r ocks\u00e5 tr\u00f6tta p\u00e5 kriminaliteten. Det har vi gjort tydligt i f\u00f6rslag efter f\u00f6rslag.<\/div>\n<\/div>\n<div class=\"o9v6fnle cxmmr5t8 oygrvhab hcukyx3x c1et5uql ii04i59q\">\n<div dir=\"auto\">Bara en ny regering kan ge Sverige ett nytt ledarskap. Den h\u00e4r unders\u00f6kningen visar att det finns inom r\u00e4ckh\u00e5ll.<\/div>\n<\/div>\n<div class=\"o9v6fnle cxmmr5t8 oygrvhab hcukyx3x c1et5uql ii04i59q\">\n<div dir=\"auto\">\nL\u00e4s hela unders\u00f6kningen h\u00e4r:<\/div>\n<div dir=\"auto\"><a class=\"oajrlxb2 g5ia77u1 qu0x051f esr5mh6w e9989ue4 r7d6kgcz rq0escxv nhd2j8a9 nc684nl6 p7hjln8o kvgmc6g5 cxmmr5t8 oygrvhab hcukyx3x jb3vyjys rz4wbd8a qt6c0cv9 a8nywdso i1ao9s8h esuyzwwr f1sip0of lzcic4wl py34i1dx gpro0wi8\" role=\"link\" href=\"http:\/\/expressen.se\/nyheter\/dnipsos-stodet-storre-for-sdmkd-an-januaripartierna\/?fbclid=IwAR3MDh3MQV2g0vbL60OTZ3RvZFDe3TvLMBbhQMGar4hNBcZ-LN1Dqc7bII4\" target=\"_blank\" rel=\"nofollow noopener noreferrer\">http:\/\/expressen.se\/&#8230;\/dnipsos-stodet-storre-for-sdmkd&#8230;\/<\/a><\/div>\n<\/div>\n<div class=\"o9v6fnle cxmmr5t8 oygrvhab hcukyx3x c1et5uql ii04i59q\">\n<div dir=\"auto\">\nHj\u00e4lp oss byta regering.<\/div>\n<\/div>\n<div class=\"o9v6fnle cxmmr5t8 oygrvhab hcukyx3x c1et5uql ii04i59q\">\n<div dir=\"auto\">G\u00e5 med i KD!<\/div>\n<\/div>\n<div class=\"o9v6fnle cxmmr5t8 oygrvhab hcukyx3x c1et5uql ii04i59q\">\n<div dir=\"auto\"><a class=\"oajrlxb2 g5ia77u1 qu0x051f esr5mh6w e9989ue4 r7d6kgcz rq0escxv nhd2j8a9 nc684nl6 p7hjln8o kvgmc6g5 cxmmr5t8 oygrvhab hcukyx3x jb3vyjys rz4wbd8a qt6c0cv9 a8nywdso i1ao9s8h esuyzwwr f1sip0of lzcic4wl py34i1dx gpro0wi8\" role=\"link\" href=\"https:\/\/l.facebook.com\/l.php?u=http%3A%2F%2FKD.nu%2Fblimedlem%3Ffbclid%3DIwAR0EzZLp-cjLyFM1gsZG1Uw5-dTnZJ6j6XVsj3zbWBlmhjMmBv6BLEOXYDA&amp;h=AT3VxJUaGrdmEYJy8DMfs6dYzTeNXfI6xN8Qjhx74ghGkhxX4LTWrDkHZFIMSSFl5DDL7Gc44tjUhdGWDtnmHpB6e4g218_sdIugNCMuDeAFRmqt0I3T6gxiFBiabZNJgJ8kY3A&amp;__tn__=-UK-R&amp;c[0]=AT106qKST-EUrPiYY73JKjUx1kFrAM-5CRHniA3IA3JetIJNPuQSnN2q7PxeKXZSshaafs08e4nPIbiSvKbbFvqNeTegumFjLAOcxrneFYgMuOWQ7weVLxqUEGJd34bObjKrtt7iQayZIRAb_M65Ovqmc9bLVFBkWme5LnKs9OPn33Sw09Kw8L-N-nYa6CA\" target=\"_blank\" rel=\"nofollow noopener noreferrer\">KD.nu\/blimedlem<\/a><\/div>\n<\/div>\n<\/div>\n<\/div>\n<\/div>\n<\/div>\n","protected":false},"excerpt":{"rendered":"<p>KD \u00f6kar till 7 procent i DN\/Ipsos. Det \u00e4r rimligt! Svenska folket \u00e4r urbota less p\u00e5 kriminaliteten. KD \u00e4r ocks\u00e5 tr\u00f6tta p\u00e5 kriminaliteten. Det har vi gjort tydligt i f\u00f6rslag efter f\u00f6rslag. Bara en ny regering kan ge Sverige ett nytt ledarskap. Den h\u00e4r unders\u00f6kningen visar att det finns inom r\u00e4ckh\u00e5ll. L\u00e4s hela unders\u00f6kningen h\u00e4r: <a class=\"read-more-link\" href=\"https:\/\/wp.kristdemokraterna.se\/taby\/kriminaliteten-i-taby\/\">Read More<\/a><\/p>\n","protected":false},"author":26,"featured_media":0,"comment_status":"closed","ping_status":"closed","sticky":false,"template":"","format":"standard","meta":{"_acf_changed":false,"footnotes":""},"categories":[30,29,1],"tags":[],"class_list":["post-2152","post","type-post","status-publish","format-standard","hentry","category-inlagg","category-nyheter","category-okategoriserade"],"acf":[],"yoast_head":"<!-- This site is optimized with the Yoast SEO plugin v27.4 - https:\/\/yoast.com\/product\/yoast-seo-wordpress\/ -->\n<title>Vi \u00e4r tr\u00f6tta kriminaliteten i T\u00e4by - vad tycker du?<\/title>\n<meta name=\"description\" content=\"\u00c4r du ocks\u00e5 tr\u00f6tt p\u00e5 kriminaliteten i T\u00e4by? R\u00f6sta p\u00e5 oss och \/ eller v\u00e4lkommen att arbeta mot nolltolerans mot kriminalitet!\" \/>\n<meta name=\"robots\" content=\"index, follow, max-snippet:-1, max-image-preview:large, max-video-preview:-1\" \/>\n<link rel=\"canonical\" href=\"https:\/\/wp.kristdemokraterna.se\/taby\/kriminaliteten-i-taby\/\" \/>\n<meta property=\"og:locale\" content=\"sv_SE\" \/>\n<meta property=\"og:type\" content=\"article\" \/>\n<meta property=\"og:title\" content=\"Vi \u00e4r tr\u00f6tta kriminaliteten i T\u00e4by - vad tycker du?\" \/>\n<meta property=\"og:description\" content=\"\u00c4r du ocks\u00e5 tr\u00f6tt p\u00e5 kriminaliteten i T\u00e4by? R\u00f6sta p\u00e5 oss och \/ eller v\u00e4lkommen att arbeta mot nolltolerans mot kriminalitet!\" \/>\n<meta property=\"og:url\" content=\"https:\/\/wp.kristdemokraterna.se\/taby\/kriminaliteten-i-taby\/\" \/>\n<meta property=\"og:site_name\" content=\"T\u00e4by\" \/>\n<meta property=\"article:published_time\" content=\"2020-09-24T15:10:15+00:00\" \/>\n<meta property=\"article:modified_time\" content=\"2020-10-07T15:13:40+00:00\" \/>\n<meta name=\"author\" content=\"taby\" \/>\n<meta name=\"twitter:card\" content=\"summary_large_image\" \/>\n<meta name=\"twitter:label1\" content=\"Skriven av\" \/>\n\t<meta name=\"twitter:data1\" content=\"taby\" \/>\n<script type=\"application\/ld+json\" class=\"yoast-schema-graph\">{\"@context\":\"https:\\\/\\\/schema.org\",\"@graph\":[{\"@type\":\"Article\",\"@id\":\"https:\\\/\\\/wp.kristdemokraterna.se\\\/taby\\\/kriminaliteten-i-taby\\\/#article\",\"isPartOf\":{\"@id\":\"https:\\\/\\\/wp.kristdemokraterna.se\\\/taby\\\/kriminaliteten-i-taby\\\/\"},\"author\":{\"name\":\"taby\",\"@id\":\"https:\\\/\\\/wp.kristdemokraterna.se\\\/taby\\\/#\\\/schema\\\/person\\\/12b9024c714759d0acdc1da1e754d06c\"},\"headline\":\"Vi \u00e4r tr\u00f6tta kriminaliteten i T\u00e4by\",\"datePublished\":\"2020-09-24T15:10:15+00:00\",\"dateModified\":\"2020-10-07T15:13:40+00:00\",\"mainEntityOfPage\":{\"@id\":\"https:\\\/\\\/wp.kristdemokraterna.se\\\/taby\\\/kriminaliteten-i-taby\\\/\"},\"wordCount\":89,\"articleSection\":[\"inl\u00e4gg\",\"Nyheter\",\"Senaste nytt\"],\"inLanguage\":\"sv-SE\"},{\"@type\":\"WebPage\",\"@id\":\"https:\\\/\\\/wp.kristdemokraterna.se\\\/taby\\\/kriminaliteten-i-taby\\\/\",\"url\":\"https:\\\/\\\/wp.kristdemokraterna.se\\\/taby\\\/kriminaliteten-i-taby\\\/\",\"name\":\"Vi \u00e4r tr\u00f6tta kriminaliteten i T\u00e4by - vad tycker du?\",\"isPartOf\":{\"@id\":\"https:\\\/\\\/wp.kristdemokraterna.se\\\/taby\\\/#website\"},\"datePublished\":\"2020-09-24T15:10:15+00:00\",\"dateModified\":\"2020-10-07T15:13:40+00:00\",\"author\":{\"@id\":\"https:\\\/\\\/wp.kristdemokraterna.se\\\/taby\\\/#\\\/schema\\\/person\\\/12b9024c714759d0acdc1da1e754d06c\"},\"description\":\"\u00c4r du ocks\u00e5 tr\u00f6tt p\u00e5 kriminaliteten i T\u00e4by? R\u00f6sta p\u00e5 oss och \\\/ eller v\u00e4lkommen att arbeta mot nolltolerans mot kriminalitet!\",\"breadcrumb\":{\"@id\":\"https:\\\/\\\/wp.kristdemokraterna.se\\\/taby\\\/kriminaliteten-i-taby\\\/#breadcrumb\"},\"inLanguage\":\"sv-SE\",\"potentialAction\":[{\"@type\":\"ReadAction\",\"target\":[\"https:\\\/\\\/wp.kristdemokraterna.se\\\/taby\\\/kriminaliteten-i-taby\\\/\"]}]},{\"@type\":\"BreadcrumbList\",\"@id\":\"https:\\\/\\\/wp.kristdemokraterna.se\\\/taby\\\/kriminaliteten-i-taby\\\/#breadcrumb\",\"itemListElement\":[{\"@type\":\"ListItem\",\"position\":1,\"name\":\"Hem\",\"item\":\"https:\\\/\\\/wp.kristdemokraterna.se\\\/taby\\\/\"},{\"@type\":\"ListItem\",\"position\":2,\"name\":\"Vi \u00e4r tr\u00f6tta kriminaliteten i T\u00e4by\"}]},{\"@type\":\"WebSite\",\"@id\":\"https:\\\/\\\/wp.kristdemokraterna.se\\\/taby\\\/#website\",\"url\":\"https:\\\/\\\/wp.kristdemokraterna.se\\\/taby\\\/\",\"name\":\"T\u00e4by\",\"description\":\"&quot;Det ska vara l\u00e4ttare att f\u00e5 ihop arbetsliv och familjeliv i T\u00e4by&quot;\",\"inLanguage\":\"sv-SE\"},{\"@type\":\"Person\",\"@id\":\"https:\\\/\\\/wp.kristdemokraterna.se\\\/taby\\\/#\\\/schema\\\/person\\\/12b9024c714759d0acdc1da1e754d06c\",\"name\":\"taby\",\"image\":{\"@type\":\"ImageObject\",\"inLanguage\":\"sv-SE\",\"@id\":\"https:\\\/\\\/secure.gravatar.com\\\/avatar\\\/62f6aca44d1f9c34b49438e5fdf4be3554253b04b49a76f013049906786db305?s=96&d=mm&r=g\",\"url\":\"https:\\\/\\\/secure.gravatar.com\\\/avatar\\\/62f6aca44d1f9c34b49438e5fdf4be3554253b04b49a76f013049906786db305?s=96&d=mm&r=g\",\"contentUrl\":\"https:\\\/\\\/secure.gravatar.com\\\/avatar\\\/62f6aca44d1f9c34b49438e5fdf4be3554253b04b49a76f013049906786db305?s=96&d=mm&r=g\",\"caption\":\"taby\"},\"url\":\"https:\\\/\\\/wp.kristdemokraterna.se\\\/taby\\\/author\\\/taby\\\/\"}]}<\/script>\n<!-- \/ Yoast SEO plugin. -->","yoast_head_json":{"title":"Vi \u00e4r tr\u00f6tta kriminaliteten i T\u00e4by - vad tycker du?","description":"\u00c4r du ocks\u00e5 tr\u00f6tt p\u00e5 kriminaliteten i T\u00e4by? R\u00f6sta p\u00e5 oss och \/ eller v\u00e4lkommen att arbeta mot nolltolerans mot kriminalitet!","robots":{"index":"index","follow":"follow","max-snippet":"max-snippet:-1","max-image-preview":"max-image-preview:large","max-video-preview":"max-video-preview:-1"},"canonical":"https:\/\/wp.kristdemokraterna.se\/taby\/kriminaliteten-i-taby\/","og_locale":"sv_SE","og_type":"article","og_title":"Vi \u00e4r tr\u00f6tta kriminaliteten i T\u00e4by - vad tycker du?","og_description":"\u00c4r du ocks\u00e5 tr\u00f6tt p\u00e5 kriminaliteten i T\u00e4by? R\u00f6sta p\u00e5 oss och \/ eller v\u00e4lkommen att arbeta mot nolltolerans mot kriminalitet!","og_url":"https:\/\/wp.kristdemokraterna.se\/taby\/kriminaliteten-i-taby\/","og_site_name":"T\u00e4by","article_published_time":"2020-09-24T15:10:15+00:00","article_modified_time":"2020-10-07T15:13:40+00:00","author":"taby","twitter_card":"summary_large_image","twitter_misc":{"Skriven av":"taby"},"schema":{"@context":"https:\/\/schema.org","@graph":[{"@type":"Article","@id":"https:\/\/wp.kristdemokraterna.se\/taby\/kriminaliteten-i-taby\/#article","isPartOf":{"@id":"https:\/\/wp.kristdemokraterna.se\/taby\/kriminaliteten-i-taby\/"},"author":{"name":"taby","@id":"https:\/\/wp.kristdemokraterna.se\/taby\/#\/schema\/person\/12b9024c714759d0acdc1da1e754d06c"},"headline":"Vi \u00e4r tr\u00f6tta kriminaliteten i T\u00e4by","datePublished":"2020-09-24T15:10:15+00:00","dateModified":"2020-10-07T15:13:40+00:00","mainEntityOfPage":{"@id":"https:\/\/wp.kristdemokraterna.se\/taby\/kriminaliteten-i-taby\/"},"wordCount":89,"articleSection":["inl\u00e4gg","Nyheter","Senaste nytt"],"inLanguage":"sv-SE"},{"@type":"WebPage","@id":"https:\/\/wp.kristdemokraterna.se\/taby\/kriminaliteten-i-taby\/","url":"https:\/\/wp.kristdemokraterna.se\/taby\/kriminaliteten-i-taby\/","name":"Vi \u00e4r tr\u00f6tta kriminaliteten i T\u00e4by - vad tycker du?","isPartOf":{"@id":"https:\/\/wp.kristdemokraterna.se\/taby\/#website"},"datePublished":"2020-09-24T15:10:15+00:00","dateModified":"2020-10-07T15:13:40+00:00","author":{"@id":"https:\/\/wp.kristdemokraterna.se\/taby\/#\/schema\/person\/12b9024c714759d0acdc1da1e754d06c"},"description":"\u00c4r du ocks\u00e5 tr\u00f6tt p\u00e5 kriminaliteten i T\u00e4by? R\u00f6sta p\u00e5 oss och \/ eller v\u00e4lkommen att arbeta mot nolltolerans mot kriminalitet!","breadcrumb":{"@id":"https:\/\/wp.kristdemokraterna.se\/taby\/kriminaliteten-i-taby\/#breadcrumb"},"inLanguage":"sv-SE","potentialAction":[{"@type":"ReadAction","target":["https:\/\/wp.kristdemokraterna.se\/taby\/kriminaliteten-i-taby\/"]}]},{"@type":"BreadcrumbList","@id":"https:\/\/wp.kristdemokraterna.se\/taby\/kriminaliteten-i-taby\/#breadcrumb","itemListElement":[{"@type":"ListItem","position":1,"name":"Hem","item":"https:\/\/wp.kristdemokraterna.se\/taby\/"},{"@type":"ListItem","position":2,"name":"Vi \u00e4r tr\u00f6tta kriminaliteten i T\u00e4by"}]},{"@type":"WebSite","@id":"https:\/\/wp.kristdemokraterna.se\/taby\/#website","url":"https:\/\/wp.kristdemokraterna.se\/taby\/","name":"T\u00e4by","description":"&quot;Det ska vara l\u00e4ttare att f\u00e5 ihop arbetsliv och familjeliv i T\u00e4by&quot;","inLanguage":"sv-SE"},{"@type":"Person","@id":"https:\/\/wp.kristdemokraterna.se\/taby\/#\/schema\/person\/12b9024c714759d0acdc1da1e754d06c","name":"taby","image":{"@type":"ImageObject","inLanguage":"sv-SE","@id":"https:\/\/secure.gravatar.com\/avatar\/62f6aca44d1f9c34b49438e5fdf4be3554253b04b49a76f013049906786db305?s=96&d=mm&r=g","url":"https:\/\/secure.gravatar.com\/avatar\/62f6aca44d1f9c34b49438e5fdf4be3554253b04b49a76f013049906786db305?s=96&d=mm&r=g","contentUrl":"https:\/\/secure.gravatar.com\/avatar\/62f6aca44d1f9c34b49438e5fdf4be3554253b04b49a76f013049906786db305?s=96&d=mm&r=g","caption":"taby"},"url":"https:\/\/wp.kristdemokraterna.se\/taby\/author\/taby\/"}]}},"_links":{"self":[{"href":"https:\/\/wp.kristdemokraterna.se\/taby\/wp-json\/wp\/v2\/posts\/2152","targetHints":{"allow":["GET"]}}],"collection":[{"href":"https:\/\/wp.kristdemokraterna.se\/taby\/wp-json\/wp\/v2\/posts"}],"about":[{"href":"https:\/\/wp.kristdemokraterna.se\/taby\/wp-json\/wp\/v2\/types\/post"}],"author":[{"embeddable":true,"href":"https:\/\/wp.kristdemokraterna.se\/taby\/wp-json\/wp\/v2\/users\/26"}],"replies":[{"embeddable":true,"href":"https:\/\/wp.kristdemokraterna.se\/taby\/wp-json\/wp\/v2\/comments?post=2152"}],"version-history":[{"count":1,"href":"https:\/\/wp.kristdemokraterna.se\/taby\/wp-json\/wp\/v2\/posts\/2152\/revisions"}],"predecessor-version":[{"id":2154,"href":"https:\/\/wp.kristdemokraterna.se\/taby\/wp-json\/wp\/v2\/posts\/2152\/revisions\/2154"}],"wp:attachment":[{"href":"https:\/\/wp.kristdemokraterna.se\/taby\/wp-json\/wp\/v2\/media?parent=2152"}],"wp:term":[{"taxonomy":"category","embeddable":true,"href":"https:\/\/wp.kristdemokraterna.se\/taby\/wp-json\/wp\/v2\/categories?post=2152"},{"taxonomy":"post_tag","embeddable":true,"href":"https:\/\/wp.kristdemokraterna.se\/taby\/wp-json\/wp\/v2\/tags?post=2152"}],"curies":[{"name":"wp","href":"https:\/\/api.w.org\/{rel}","templated":true}]}}