{"id":2155,"date":"2020-09-22T17:14:05","date_gmt":"2020-09-22T15:14:05","guid":{"rendered":"http:\/\/wp.kristdemokraterna.se\/taby\/?p=2155"},"modified":"2020-10-07T17:19:52","modified_gmt":"2020-10-07T15:19:52","slug":"alla-ska-ha-rad-med-ett-eget-hus","status":"publish","type":"post","link":"https:\/\/wp.kristdemokraterna.se\/taby\/alla-ska-ha-rad-med-ett-eget-hus\/","title":{"rendered":"Alla ska ha r\u00e5d med ett eget hus!"},"content":{"rendered":"<div class=\"\" dir=\"auto\">\n<div id=\"jsc_c_8c\" class=\"ecm0bbzt hv4rvrfc ihqw7lf3 dati1w0a\" data-ad-comet-preview=\"message\" data-ad-preview=\"message\">\n<div class=\"j83agx80 cbu4d94t ew0dbk1b irj2b8pg\">\n<div class=\"qzhwtbm6 knvmm38d\">\n<div class=\"kvgmc6g5 cxmmr5t8 oygrvhab hcukyx3x c1et5uql ii04i59q\">\n<div dir=\"auto\">Fler ska ha r\u00e5d med eget hus!<\/div>\n<div dir=\"auto\"><\/div>\n<div dir=\"auto\">Och sj\u00e4lvklart ska ingen fastighetsskatt \u00e5terinf\u00f6ras!<\/div>\n<\/div>\n<div dir=\"auto\"><\/div>\n<div dir=\"auto\">Vad tycker du?<\/div>\n<\/div>\n<div dir=\"auto\"><\/div>\n<div class=\"qzhwtbm6 knvmm38d\">\n<div dir=\"auto\"><a href=\"https:\/\/www.svd.se\/kd-fler-ska-ha-rad-med-eget-hus?fbclid=IwAR1IN5VR5ktgJPWjSO5hadSY11bQ9qT_X8voM_peUfV3L_6CUfVWH3g5V_w\">L\u00e4s artikel i Svenska Dagbladet h\u00e4r!<\/a><\/div>\n<div dir=\"auto\"><\/div>\n<\/div>\n<\/div>\n<\/div>\n<\/div>\n","protected":false},"excerpt":{"rendered":"<p>Fler ska ha r\u00e5d med eget hus! Och sj\u00e4lvklart ska ingen fastighetsskatt \u00e5terinf\u00f6ras! Vad tycker du? L\u00e4s artikel i Svenska Dagbladet h\u00e4r!<\/p>\n","protected":false},"author":26,"featured_media":0,"comment_status":"closed","ping_status":"closed","sticky":false,"template":"","format":"standard","meta":{"_acf_changed":false,"footnotes":""},"categories":[30,29,1],"tags":[],"class_list":["post-2155","post","type-post","status-publish","format-standard","hentry","category-inlagg","category-nyheter","category-okategoriserade"],"acf":[],"yoast_head":"<!-- This site is optimized with the Yoast SEO plugin v27.4 - https:\/\/yoast.com\/product\/yoast-seo-wordpress\/ -->\n<title>Alla ska ha r\u00e5d med ett eget hus! Har du?<\/title>\n<meta name=\"description\" content=\"Vi tycker att alla ska ha r\u00e5d med ett eget hus. Hemmet \u00e4r v\u00e5r viktigaste plats f\u00f6r att \u00e5terh\u00e4mtning. Vad tycker du?\" \/>\n<meta name=\"robots\" content=\"index, follow, max-snippet:-1, max-image-preview:large, max-video-preview:-1\" \/>\n<link rel=\"canonical\" href=\"https:\/\/wp.kristdemokraterna.se\/taby\/alla-ska-ha-rad-med-ett-eget-hus\/\" \/>\n<meta property=\"og:locale\" content=\"sv_SE\" \/>\n<meta property=\"og:type\" content=\"article\" \/>\n<meta property=\"og:title\" content=\"Alla ska ha r\u00e5d med ett eget hus! Har du?\" \/>\n<meta property=\"og:description\" content=\"Vi tycker att alla ska ha r\u00e5d med ett eget hus. Hemmet \u00e4r v\u00e5r viktigaste plats f\u00f6r att \u00e5terh\u00e4mtning. Vad tycker du?\" \/>\n<meta property=\"og:url\" content=\"https:\/\/wp.kristdemokraterna.se\/taby\/alla-ska-ha-rad-med-ett-eget-hus\/\" \/>\n<meta property=\"og:site_name\" content=\"T\u00e4by\" \/>\n<meta property=\"article:published_time\" content=\"2020-09-22T15:14:05+00:00\" \/>\n<meta property=\"article:modified_time\" content=\"2020-10-07T15:19:52+00:00\" \/>\n<meta name=\"author\" content=\"taby\" \/>\n<meta name=\"twitter:card\" content=\"summary_large_image\" \/>\n<meta name=\"twitter:label1\" content=\"Skriven av\" \/>\n\t<meta name=\"twitter:data1\" content=\"taby\" \/>\n<script type=\"application\/ld+json\" class=\"yoast-schema-graph\">{\"@context\":\"https:\\\/\\\/schema.org\",\"@graph\":[{\"@type\":\"Article\",\"@id\":\"https:\\\/\\\/wp.kristdemokraterna.se\\\/taby\\\/alla-ska-ha-rad-med-ett-eget-hus\\\/#article\",\"isPartOf\":{\"@id\":\"https:\\\/\\\/wp.kristdemokraterna.se\\\/taby\\\/alla-ska-ha-rad-med-ett-eget-hus\\\/\"},\"author\":{\"name\":\"taby\",\"@id\":\"https:\\\/\\\/wp.kristdemokraterna.se\\\/taby\\\/#\\\/schema\\\/person\\\/12b9024c714759d0acdc1da1e754d06c\"},\"headline\":\"Alla ska ha r\u00e5d med ett eget hus!\",\"datePublished\":\"2020-09-22T15:14:05+00:00\",\"dateModified\":\"2020-10-07T15:19:52+00:00\",\"mainEntityOfPage\":{\"@id\":\"https:\\\/\\\/wp.kristdemokraterna.se\\\/taby\\\/alla-ska-ha-rad-med-ett-eget-hus\\\/\"},\"wordCount\":36,\"articleSection\":[\"inl\u00e4gg\",\"Nyheter\",\"Senaste nytt\"],\"inLanguage\":\"sv-SE\"},{\"@type\":\"WebPage\",\"@id\":\"https:\\\/\\\/wp.kristdemokraterna.se\\\/taby\\\/alla-ska-ha-rad-med-ett-eget-hus\\\/\",\"url\":\"https:\\\/\\\/wp.kristdemokraterna.se\\\/taby\\\/alla-ska-ha-rad-med-ett-eget-hus\\\/\",\"name\":\"Alla ska ha r\u00e5d med ett eget hus! Har du?\",\"isPartOf\":{\"@id\":\"https:\\\/\\\/wp.kristdemokraterna.se\\\/taby\\\/#website\"},\"datePublished\":\"2020-09-22T15:14:05+00:00\",\"dateModified\":\"2020-10-07T15:19:52+00:00\",\"author\":{\"@id\":\"https:\\\/\\\/wp.kristdemokraterna.se\\\/taby\\\/#\\\/schema\\\/person\\\/12b9024c714759d0acdc1da1e754d06c\"},\"description\":\"Vi tycker att alla ska ha r\u00e5d med ett eget hus. Hemmet \u00e4r v\u00e5r viktigaste plats f\u00f6r att \u00e5terh\u00e4mtning. Vad tycker du?\",\"breadcrumb\":{\"@id\":\"https:\\\/\\\/wp.kristdemokraterna.se\\\/taby\\\/alla-ska-ha-rad-med-ett-eget-hus\\\/#breadcrumb\"},\"inLanguage\":\"sv-SE\",\"potentialAction\":[{\"@type\":\"ReadAction\",\"target\":[\"https:\\\/\\\/wp.kristdemokraterna.se\\\/taby\\\/alla-ska-ha-rad-med-ett-eget-hus\\\/\"]}]},{\"@type\":\"BreadcrumbList\",\"@id\":\"https:\\\/\\\/wp.kristdemokraterna.se\\\/taby\\\/alla-ska-ha-rad-med-ett-eget-hus\\\/#breadcrumb\",\"itemListElement\":[{\"@type\":\"ListItem\",\"position\":1,\"name\":\"Hem\",\"item\":\"https:\\\/\\\/wp.kristdemokraterna.se\\\/taby\\\/\"},{\"@type\":\"ListItem\",\"position\":2,\"name\":\"Alla ska ha r\u00e5d med ett eget hus!\"}]},{\"@type\":\"WebSite\",\"@id\":\"https:\\\/\\\/wp.kristdemokraterna.se\\\/taby\\\/#website\",\"url\":\"https:\\\/\\\/wp.kristdemokraterna.se\\\/taby\\\/\",\"name\":\"T\u00e4by\",\"description\":\"&quot;Det ska vara l\u00e4ttare att f\u00e5 ihop arbetsliv och familjeliv i T\u00e4by&quot;\",\"inLanguage\":\"sv-SE\"},{\"@type\":\"Person\",\"@id\":\"https:\\\/\\\/wp.kristdemokraterna.se\\\/taby\\\/#\\\/schema\\\/person\\\/12b9024c714759d0acdc1da1e754d06c\",\"name\":\"taby\",\"image\":{\"@type\":\"ImageObject\",\"inLanguage\":\"sv-SE\",\"@id\":\"https:\\\/\\\/secure.gravatar.com\\\/avatar\\\/62f6aca44d1f9c34b49438e5fdf4be3554253b04b49a76f013049906786db305?s=96&d=mm&r=g\",\"url\":\"https:\\\/\\\/secure.gravatar.com\\\/avatar\\\/62f6aca44d1f9c34b49438e5fdf4be3554253b04b49a76f013049906786db305?s=96&d=mm&r=g\",\"contentUrl\":\"https:\\\/\\\/secure.gravatar.com\\\/avatar\\\/62f6aca44d1f9c34b49438e5fdf4be3554253b04b49a76f013049906786db305?s=96&d=mm&r=g\",\"caption\":\"taby\"},\"url\":\"https:\\\/\\\/wp.kristdemokraterna.se\\\/taby\\\/author\\\/taby\\\/\"}]}<\/script>\n<!-- \/ Yoast SEO plugin. -->","yoast_head_json":{"title":"Alla ska ha r\u00e5d med ett eget hus! Har du?","description":"Vi tycker att alla ska ha r\u00e5d med ett eget hus. Hemmet \u00e4r v\u00e5r viktigaste plats f\u00f6r att \u00e5terh\u00e4mtning. Vad tycker du?","robots":{"index":"index","follow":"follow","max-snippet":"max-snippet:-1","max-image-preview":"max-image-preview:large","max-video-preview":"max-video-preview:-1"},"canonical":"https:\/\/wp.kristdemokraterna.se\/taby\/alla-ska-ha-rad-med-ett-eget-hus\/","og_locale":"sv_SE","og_type":"article","og_title":"Alla ska ha r\u00e5d med ett eget hus! Har du?","og_description":"Vi tycker att alla ska ha r\u00e5d med ett eget hus. Hemmet \u00e4r v\u00e5r viktigaste plats f\u00f6r att \u00e5terh\u00e4mtning. Vad tycker du?","og_url":"https:\/\/wp.kristdemokraterna.se\/taby\/alla-ska-ha-rad-med-ett-eget-hus\/","og_site_name":"T\u00e4by","article_published_time":"2020-09-22T15:14:05+00:00","article_modified_time":"2020-10-07T15:19:52+00:00","author":"taby","twitter_card":"summary_large_image","twitter_misc":{"Skriven av":"taby"},"schema":{"@context":"https:\/\/schema.org","@graph":[{"@type":"Article","@id":"https:\/\/wp.kristdemokraterna.se\/taby\/alla-ska-ha-rad-med-ett-eget-hus\/#article","isPartOf":{"@id":"https:\/\/wp.kristdemokraterna.se\/taby\/alla-ska-ha-rad-med-ett-eget-hus\/"},"author":{"name":"taby","@id":"https:\/\/wp.kristdemokraterna.se\/taby\/#\/schema\/person\/12b9024c714759d0acdc1da1e754d06c"},"headline":"Alla ska ha r\u00e5d med ett eget hus!","datePublished":"2020-09-22T15:14:05+00:00","dateModified":"2020-10-07T15:19:52+00:00","mainEntityOfPage":{"@id":"https:\/\/wp.kristdemokraterna.se\/taby\/alla-ska-ha-rad-med-ett-eget-hus\/"},"wordCount":36,"articleSection":["inl\u00e4gg","Nyheter","Senaste nytt"],"inLanguage":"sv-SE"},{"@type":"WebPage","@id":"https:\/\/wp.kristdemokraterna.se\/taby\/alla-ska-ha-rad-med-ett-eget-hus\/","url":"https:\/\/wp.kristdemokraterna.se\/taby\/alla-ska-ha-rad-med-ett-eget-hus\/","name":"Alla ska ha r\u00e5d med ett eget hus! Har du?","isPartOf":{"@id":"https:\/\/wp.kristdemokraterna.se\/taby\/#website"},"datePublished":"2020-09-22T15:14:05+00:00","dateModified":"2020-10-07T15:19:52+00:00","author":{"@id":"https:\/\/wp.kristdemokraterna.se\/taby\/#\/schema\/person\/12b9024c714759d0acdc1da1e754d06c"},"description":"Vi tycker att alla ska ha r\u00e5d med ett eget hus. Hemmet \u00e4r v\u00e5r viktigaste plats f\u00f6r att \u00e5terh\u00e4mtning. Vad tycker du?","breadcrumb":{"@id":"https:\/\/wp.kristdemokraterna.se\/taby\/alla-ska-ha-rad-med-ett-eget-hus\/#breadcrumb"},"inLanguage":"sv-SE","potentialAction":[{"@type":"ReadAction","target":["https:\/\/wp.kristdemokraterna.se\/taby\/alla-ska-ha-rad-med-ett-eget-hus\/"]}]},{"@type":"BreadcrumbList","@id":"https:\/\/wp.kristdemokraterna.se\/taby\/alla-ska-ha-rad-med-ett-eget-hus\/#breadcrumb","itemListElement":[{"@type":"ListItem","position":1,"name":"Hem","item":"https:\/\/wp.kristdemokraterna.se\/taby\/"},{"@type":"ListItem","position":2,"name":"Alla ska ha r\u00e5d med ett eget hus!"}]},{"@type":"WebSite","@id":"https:\/\/wp.kristdemokraterna.se\/taby\/#website","url":"https:\/\/wp.kristdemokraterna.se\/taby\/","name":"T\u00e4by","description":"&quot;Det ska vara l\u00e4ttare att f\u00e5 ihop arbetsliv och familjeliv i T\u00e4by&quot;","inLanguage":"sv-SE"},{"@type":"Person","@id":"https:\/\/wp.kristdemokraterna.se\/taby\/#\/schema\/person\/12b9024c714759d0acdc1da1e754d06c","name":"taby","image":{"@type":"ImageObject","inLanguage":"sv-SE","@id":"https:\/\/secure.gravatar.com\/avatar\/62f6aca44d1f9c34b49438e5fdf4be3554253b04b49a76f013049906786db305?s=96&d=mm&r=g","url":"https:\/\/secure.gravatar.com\/avatar\/62f6aca44d1f9c34b49438e5fdf4be3554253b04b49a76f013049906786db305?s=96&d=mm&r=g","contentUrl":"https:\/\/secure.gravatar.com\/avatar\/62f6aca44d1f9c34b49438e5fdf4be3554253b04b49a76f013049906786db305?s=96&d=mm&r=g","caption":"taby"},"url":"https:\/\/wp.kristdemokraterna.se\/taby\/author\/taby\/"}]}},"_links":{"self":[{"href":"https:\/\/wp.kristdemokraterna.se\/taby\/wp-json\/wp\/v2\/posts\/2155","targetHints":{"allow":["GET"]}}],"collection":[{"href":"https:\/\/wp.kristdemokraterna.se\/taby\/wp-json\/wp\/v2\/posts"}],"about":[{"href":"https:\/\/wp.kristdemokraterna.se\/taby\/wp-json\/wp\/v2\/types\/post"}],"author":[{"embeddable":true,"href":"https:\/\/wp.kristdemokraterna.se\/taby\/wp-json\/wp\/v2\/users\/26"}],"replies":[{"embeddable":true,"href":"https:\/\/wp.kristdemokraterna.se\/taby\/wp-json\/wp\/v2\/comments?post=2155"}],"version-history":[{"count":1,"href":"https:\/\/wp.kristdemokraterna.se\/taby\/wp-json\/wp\/v2\/posts\/2155\/revisions"}],"predecessor-version":[{"id":2156,"href":"https:\/\/wp.kristdemokraterna.se\/taby\/wp-json\/wp\/v2\/posts\/2155\/revisions\/2156"}],"wp:attachment":[{"href":"https:\/\/wp.kristdemokraterna.se\/taby\/wp-json\/wp\/v2\/media?parent=2155"}],"wp:term":[{"taxonomy":"category","embeddable":true,"href":"https:\/\/wp.kristdemokraterna.se\/taby\/wp-json\/wp\/v2\/categories?post=2155"},{"taxonomy":"post_tag","embeddable":true,"href":"https:\/\/wp.kristdemokraterna.se\/taby\/wp-json\/wp\/v2\/tags?post=2155"}],"curies":[{"name":"wp","href":"https:\/\/api.w.org\/{rel}","templated":true}]}}