{"id":2166,"date":"2020-10-20T08:38:18","date_gmt":"2020-10-20T06:38:18","guid":{"rendered":"http:\/\/wp.kristdemokraterna.se\/taby\/?p=2166"},"modified":"2020-10-23T08:45:18","modified_gmt":"2020-10-23T06:45:18","slug":"nej-till-regeringens-vindkraftstvang","status":"publish","type":"post","link":"https:\/\/wp.kristdemokraterna.se\/taby\/nej-till-regeringens-vindkraftstvang\/","title":{"rendered":"Nej till regeringens vindkraftstv\u00e5ng!"},"content":{"rendered":"<div class=\"\" dir=\"auto\">\n<div id=\"jsc_c_il\" class=\"ecm0bbzt hv4rvrfc ihqw7lf3 dati1w0a\" data-ad-comet-preview=\"message\" data-ad-preview=\"message\">\n<div class=\"j83agx80 cbu4d94t ew0dbk1b irj2b8pg\">\n<div class=\"qzhwtbm6 knvmm38d\">\n<div class=\"kvgmc6g5 cxmmr5t8 oygrvhab hcukyx3x c1et5uql ii04i59q\">\n<div dir=\"auto\">Regeringen vill slopa kommunernas r\u00e4tt att s\u00e4ga nej till vindkraft. Och fort ska det g\u00e5. De vill tills\u00e4tta en snabbutredning f\u00f6r att ta bort det kommunala vetot vid utbyggnaden av vindkraft.<\/div>\n<div dir=\"auto\"><\/div>\n<\/div>\n<div dir=\"auto\"><a href=\"http:\/\/wp.kristdemokraterna.se\/taby\/files\/2020\/10\/camilla-brodin-energipolitiskt-talesperson-kd-scaled.jpg\"><img loading=\"lazy\" decoding=\"async\" class=\"aligncenter size-medium wp-image-2167\" src=\"http:\/\/wp.kristdemokraterna.se\/taby\/files\/2020\/10\/camilla-brodin-energipolitiskt-talesperson-kd-200x300.jpg\" alt=\"\" width=\"200\" height=\"300\" srcset=\"https:\/\/wp.kristdemokraterna.se\/taby\/files\/2020\/10\/camilla-brodin-energipolitiskt-talesperson-kd-200x300.jpg 200w, https:\/\/wp.kristdemokraterna.se\/taby\/files\/2020\/10\/camilla-brodin-energipolitiskt-talesperson-kd-683x1024.jpg 683w, https:\/\/wp.kristdemokraterna.se\/taby\/files\/2020\/10\/camilla-brodin-energipolitiskt-talesperson-kd-768x1152.jpg 768w, https:\/\/wp.kristdemokraterna.se\/taby\/files\/2020\/10\/camilla-brodin-energipolitiskt-talesperson-kd-1024x1536.jpg 1024w, https:\/\/wp.kristdemokraterna.se\/taby\/files\/2020\/10\/camilla-brodin-energipolitiskt-talesperson-kd-1365x2048.jpg 1365w, https:\/\/wp.kristdemokraterna.se\/taby\/files\/2020\/10\/camilla-brodin-energipolitiskt-talesperson-kd-133x200.jpg 133w, https:\/\/wp.kristdemokraterna.se\/taby\/files\/2020\/10\/camilla-brodin-energipolitiskt-talesperson-kd-370x555.jpg 370w, https:\/\/wp.kristdemokraterna.se\/taby\/files\/2020\/10\/camilla-brodin-energipolitiskt-talesperson-kd-770x1155.jpg 770w, https:\/\/wp.kristdemokraterna.se\/taby\/files\/2020\/10\/camilla-brodin-energipolitiskt-talesperson-kd-450x675.jpg 450w, https:\/\/wp.kristdemokraterna.se\/taby\/files\/2020\/10\/camilla-brodin-energipolitiskt-talesperson-kd-268x402.jpg 268w, https:\/\/wp.kristdemokraterna.se\/taby\/files\/2020\/10\/camilla-brodin-energipolitiskt-talesperson-kd-340x510.jpg 340w, https:\/\/wp.kristdemokraterna.se\/taby\/files\/2020\/10\/camilla-brodin-energipolitiskt-talesperson-kd-37x56.jpg 37w, https:\/\/wp.kristdemokraterna.se\/taby\/files\/2020\/10\/camilla-brodin-energipolitiskt-talesperson-kd-scaled.jpg 1707w\" sizes=\"auto, (max-width: 200px) 100vw, 200px\" \/><\/a><\/div>\n<div class=\"kvgmc6g5 cxmmr5t8 oygrvhab hcukyx3x c1et5uql ii04i59q\">\n<div dir=\"auto\"><\/div>\n<\/div>\n<div class=\"o9v6fnle cxmmr5t8 oygrvhab hcukyx3x c1et5uql ii04i59q\">\n<div dir=\"auto\">\u201dMan k\u00f6r \u00f6ver kommunerna genom att ensidigt ta armkrok med vindkraftsbolagen och helt ignorera medborgarnas intressen.\u201d,<\/div>\n<div dir=\"auto\">det s\u00e4ger Camilla Brodin, energipolitisk talesperson i KD.<\/div>\n<\/div>\n<div dir=\"auto\"><\/div>\n<div class=\"o9v6fnle cxmmr5t8 oygrvhab hcukyx3x c1et5uql ii04i59q\">\n<div dir=\"auto\"><a href=\"http:\/\/Nej till regeringens vindkraftstv\u00e5ng!\">G\u00e5 med i KD idag!<\/a><\/div>\n<\/div>\n<\/div>\n<\/div>\n<\/div>\n<\/div>\n","protected":false},"excerpt":{"rendered":"<p>Regeringen vill slopa kommunernas r\u00e4tt att s\u00e4ga nej till vindkraft. Och fort ska det g\u00e5. De vill tills\u00e4tta en snabbutredning f\u00f6r att ta bort det kommunala vetot vid utbyggnaden av vindkraft. \u201dMan k\u00f6r \u00f6ver kommunerna genom att ensidigt ta armkrok med vindkraftsbolagen och helt ignorera medborgarnas intressen.\u201d, det s\u00e4ger Camilla Brodin, energipolitisk talesperson i KD. <a class=\"read-more-link\" href=\"https:\/\/wp.kristdemokraterna.se\/taby\/nej-till-regeringens-vindkraftstvang\/\">Read More<\/a><\/p>\n","protected":false},"author":26,"featured_media":0,"comment_status":"closed","ping_status":"closed","sticky":false,"template":"","format":"standard","meta":{"_acf_changed":false,"footnotes":""},"categories":[30,29,1],"tags":[],"class_list":["post-2166","post","type-post","status-publish","format-standard","hentry","category-inlagg","category-nyheter","category-okategoriserade"],"acf":[],"yoast_head":"<!-- This site is optimized with the Yoast SEO plugin v27.4 - https:\/\/yoast.com\/product\/yoast-seo-wordpress\/ -->\n<title>Nej till regeringens vindkraftstv\u00e5ng!<\/title>\n<meta name=\"description\" content=\"Vi s\u00e4ger nej till regeringens vindkraftstv\u00e5ng f\u00f6r Sveriges kommuner. Vad vill du? Om du vill som oss, bli medlem idag!\" \/>\n<meta name=\"robots\" content=\"index, follow, max-snippet:-1, max-image-preview:large, max-video-preview:-1\" \/>\n<link rel=\"canonical\" href=\"https:\/\/wp.kristdemokraterna.se\/taby\/nej-till-regeringens-vindkraftstvang\/\" \/>\n<meta property=\"og:locale\" content=\"sv_SE\" \/>\n<meta property=\"og:type\" content=\"article\" \/>\n<meta property=\"og:title\" content=\"Nej till regeringens vindkraftstv\u00e5ng!\" \/>\n<meta property=\"og:description\" content=\"Vi s\u00e4ger nej till regeringens vindkraftstv\u00e5ng f\u00f6r Sveriges kommuner. Vad vill du? Om du vill som oss, bli medlem idag!\" \/>\n<meta property=\"og:url\" content=\"https:\/\/wp.kristdemokraterna.se\/taby\/nej-till-regeringens-vindkraftstvang\/\" \/>\n<meta property=\"og:site_name\" content=\"T\u00e4by\" \/>\n<meta property=\"article:published_time\" content=\"2020-10-20T06:38:18+00:00\" \/>\n<meta property=\"article:modified_time\" content=\"2020-10-23T06:45:18+00:00\" \/>\n<meta property=\"og:image\" content=\"http:\/\/wp.kristdemokraterna.se\/taby\/files\/2020\/10\/camilla-brodin-energipolitiskt-talesperson-kd-200x300.jpg\" \/>\n<meta name=\"author\" content=\"taby\" \/>\n<meta name=\"twitter:card\" content=\"summary_large_image\" \/>\n<meta name=\"twitter:label1\" content=\"Skriven av\" \/>\n\t<meta name=\"twitter:data1\" content=\"taby\" \/>\n<script type=\"application\/ld+json\" class=\"yoast-schema-graph\">{\"@context\":\"https:\\\/\\\/schema.org\",\"@graph\":[{\"@type\":\"Article\",\"@id\":\"https:\\\/\\\/wp.kristdemokraterna.se\\\/taby\\\/nej-till-regeringens-vindkraftstvang\\\/#article\",\"isPartOf\":{\"@id\":\"https:\\\/\\\/wp.kristdemokraterna.se\\\/taby\\\/nej-till-regeringens-vindkraftstvang\\\/\"},\"author\":{\"name\":\"taby\",\"@id\":\"https:\\\/\\\/wp.kristdemokraterna.se\\\/taby\\\/#\\\/schema\\\/person\\\/12b9024c714759d0acdc1da1e754d06c\"},\"headline\":\"Nej till regeringens vindkraftstv\u00e5ng!\",\"datePublished\":\"2020-10-20T06:38:18+00:00\",\"dateModified\":\"2020-10-23T06:45:18+00:00\",\"mainEntityOfPage\":{\"@id\":\"https:\\\/\\\/wp.kristdemokraterna.se\\\/taby\\\/nej-till-regeringens-vindkraftstvang\\\/\"},\"wordCount\":71,\"image\":{\"@id\":\"https:\\\/\\\/wp.kristdemokraterna.se\\\/taby\\\/nej-till-regeringens-vindkraftstvang\\\/#primaryimage\"},\"thumbnailUrl\":\"http:\\\/\\\/wp.kristdemokraterna.se\\\/taby\\\/files\\\/2020\\\/10\\\/camilla-brodin-energipolitiskt-talesperson-kd-200x300.jpg\",\"articleSection\":[\"inl\u00e4gg\",\"Nyheter\",\"Senaste nytt\"],\"inLanguage\":\"sv-SE\"},{\"@type\":\"WebPage\",\"@id\":\"https:\\\/\\\/wp.kristdemokraterna.se\\\/taby\\\/nej-till-regeringens-vindkraftstvang\\\/\",\"url\":\"https:\\\/\\\/wp.kristdemokraterna.se\\\/taby\\\/nej-till-regeringens-vindkraftstvang\\\/\",\"name\":\"Nej till regeringens vindkraftstv\u00e5ng!\",\"isPartOf\":{\"@id\":\"https:\\\/\\\/wp.kristdemokraterna.se\\\/taby\\\/#website\"},\"primaryImageOfPage\":{\"@id\":\"https:\\\/\\\/wp.kristdemokraterna.se\\\/taby\\\/nej-till-regeringens-vindkraftstvang\\\/#primaryimage\"},\"image\":{\"@id\":\"https:\\\/\\\/wp.kristdemokraterna.se\\\/taby\\\/nej-till-regeringens-vindkraftstvang\\\/#primaryimage\"},\"thumbnailUrl\":\"http:\\\/\\\/wp.kristdemokraterna.se\\\/taby\\\/files\\\/2020\\\/10\\\/camilla-brodin-energipolitiskt-talesperson-kd-200x300.jpg\",\"datePublished\":\"2020-10-20T06:38:18+00:00\",\"dateModified\":\"2020-10-23T06:45:18+00:00\",\"author\":{\"@id\":\"https:\\\/\\\/wp.kristdemokraterna.se\\\/taby\\\/#\\\/schema\\\/person\\\/12b9024c714759d0acdc1da1e754d06c\"},\"description\":\"Vi s\u00e4ger nej till regeringens vindkraftstv\u00e5ng f\u00f6r Sveriges kommuner. Vad vill du? Om du vill som oss, bli medlem idag!\",\"breadcrumb\":{\"@id\":\"https:\\\/\\\/wp.kristdemokraterna.se\\\/taby\\\/nej-till-regeringens-vindkraftstvang\\\/#breadcrumb\"},\"inLanguage\":\"sv-SE\",\"potentialAction\":[{\"@type\":\"ReadAction\",\"target\":[\"https:\\\/\\\/wp.kristdemokraterna.se\\\/taby\\\/nej-till-regeringens-vindkraftstvang\\\/\"]}]},{\"@type\":\"ImageObject\",\"inLanguage\":\"sv-SE\",\"@id\":\"https:\\\/\\\/wp.kristdemokraterna.se\\\/taby\\\/nej-till-regeringens-vindkraftstvang\\\/#primaryimage\",\"url\":\"http:\\\/\\\/wp.kristdemokraterna.se\\\/taby\\\/files\\\/2020\\\/10\\\/camilla-brodin-energipolitiskt-talesperson-kd-200x300.jpg\",\"contentUrl\":\"http:\\\/\\\/wp.kristdemokraterna.se\\\/taby\\\/files\\\/2020\\\/10\\\/camilla-brodin-energipolitiskt-talesperson-kd-200x300.jpg\"},{\"@type\":\"BreadcrumbList\",\"@id\":\"https:\\\/\\\/wp.kristdemokraterna.se\\\/taby\\\/nej-till-regeringens-vindkraftstvang\\\/#breadcrumb\",\"itemListElement\":[{\"@type\":\"ListItem\",\"position\":1,\"name\":\"Hem\",\"item\":\"https:\\\/\\\/wp.kristdemokraterna.se\\\/taby\\\/\"},{\"@type\":\"ListItem\",\"position\":2,\"name\":\"Nej till regeringens vindkraftstv\u00e5ng!\"}]},{\"@type\":\"WebSite\",\"@id\":\"https:\\\/\\\/wp.kristdemokraterna.se\\\/taby\\\/#website\",\"url\":\"https:\\\/\\\/wp.kristdemokraterna.se\\\/taby\\\/\",\"name\":\"T\u00e4by\",\"description\":\"&quot;Det ska vara l\u00e4ttare att f\u00e5 ihop arbetsliv och familjeliv i T\u00e4by&quot;\",\"inLanguage\":\"sv-SE\"},{\"@type\":\"Person\",\"@id\":\"https:\\\/\\\/wp.kristdemokraterna.se\\\/taby\\\/#\\\/schema\\\/person\\\/12b9024c714759d0acdc1da1e754d06c\",\"name\":\"taby\",\"image\":{\"@type\":\"ImageObject\",\"inLanguage\":\"sv-SE\",\"@id\":\"https:\\\/\\\/secure.gravatar.com\\\/avatar\\\/62f6aca44d1f9c34b49438e5fdf4be3554253b04b49a76f013049906786db305?s=96&d=mm&r=g\",\"url\":\"https:\\\/\\\/secure.gravatar.com\\\/avatar\\\/62f6aca44d1f9c34b49438e5fdf4be3554253b04b49a76f013049906786db305?s=96&d=mm&r=g\",\"contentUrl\":\"https:\\\/\\\/secure.gravatar.com\\\/avatar\\\/62f6aca44d1f9c34b49438e5fdf4be3554253b04b49a76f013049906786db305?s=96&d=mm&r=g\",\"caption\":\"taby\"},\"url\":\"https:\\\/\\\/wp.kristdemokraterna.se\\\/taby\\\/author\\\/taby\\\/\"}]}<\/script>\n<!-- \/ Yoast SEO plugin. -->","yoast_head_json":{"title":"Nej till regeringens vindkraftstv\u00e5ng!","description":"Vi s\u00e4ger nej till regeringens vindkraftstv\u00e5ng f\u00f6r Sveriges kommuner. Vad vill du? Om du vill som oss, bli medlem idag!","robots":{"index":"index","follow":"follow","max-snippet":"max-snippet:-1","max-image-preview":"max-image-preview:large","max-video-preview":"max-video-preview:-1"},"canonical":"https:\/\/wp.kristdemokraterna.se\/taby\/nej-till-regeringens-vindkraftstvang\/","og_locale":"sv_SE","og_type":"article","og_title":"Nej till regeringens vindkraftstv\u00e5ng!","og_description":"Vi s\u00e4ger nej till regeringens vindkraftstv\u00e5ng f\u00f6r Sveriges kommuner. Vad vill du? Om du vill som oss, bli medlem idag!","og_url":"https:\/\/wp.kristdemokraterna.se\/taby\/nej-till-regeringens-vindkraftstvang\/","og_site_name":"T\u00e4by","article_published_time":"2020-10-20T06:38:18+00:00","article_modified_time":"2020-10-23T06:45:18+00:00","og_image":[{"url":"http:\/\/wp.kristdemokraterna.se\/taby\/files\/2020\/10\/camilla-brodin-energipolitiskt-talesperson-kd-200x300.jpg","type":"","width":"","height":""}],"author":"taby","twitter_card":"summary_large_image","twitter_misc":{"Skriven av":"taby"},"schema":{"@context":"https:\/\/schema.org","@graph":[{"@type":"Article","@id":"https:\/\/wp.kristdemokraterna.se\/taby\/nej-till-regeringens-vindkraftstvang\/#article","isPartOf":{"@id":"https:\/\/wp.kristdemokraterna.se\/taby\/nej-till-regeringens-vindkraftstvang\/"},"author":{"name":"taby","@id":"https:\/\/wp.kristdemokraterna.se\/taby\/#\/schema\/person\/12b9024c714759d0acdc1da1e754d06c"},"headline":"Nej till regeringens vindkraftstv\u00e5ng!","datePublished":"2020-10-20T06:38:18+00:00","dateModified":"2020-10-23T06:45:18+00:00","mainEntityOfPage":{"@id":"https:\/\/wp.kristdemokraterna.se\/taby\/nej-till-regeringens-vindkraftstvang\/"},"wordCount":71,"image":{"@id":"https:\/\/wp.kristdemokraterna.se\/taby\/nej-till-regeringens-vindkraftstvang\/#primaryimage"},"thumbnailUrl":"http:\/\/wp.kristdemokraterna.se\/taby\/files\/2020\/10\/camilla-brodin-energipolitiskt-talesperson-kd-200x300.jpg","articleSection":["inl\u00e4gg","Nyheter","Senaste nytt"],"inLanguage":"sv-SE"},{"@type":"WebPage","@id":"https:\/\/wp.kristdemokraterna.se\/taby\/nej-till-regeringens-vindkraftstvang\/","url":"https:\/\/wp.kristdemokraterna.se\/taby\/nej-till-regeringens-vindkraftstvang\/","name":"Nej till regeringens vindkraftstv\u00e5ng!","isPartOf":{"@id":"https:\/\/wp.kristdemokraterna.se\/taby\/#website"},"primaryImageOfPage":{"@id":"https:\/\/wp.kristdemokraterna.se\/taby\/nej-till-regeringens-vindkraftstvang\/#primaryimage"},"image":{"@id":"https:\/\/wp.kristdemokraterna.se\/taby\/nej-till-regeringens-vindkraftstvang\/#primaryimage"},"thumbnailUrl":"http:\/\/wp.kristdemokraterna.se\/taby\/files\/2020\/10\/camilla-brodin-energipolitiskt-talesperson-kd-200x300.jpg","datePublished":"2020-10-20T06:38:18+00:00","dateModified":"2020-10-23T06:45:18+00:00","author":{"@id":"https:\/\/wp.kristdemokraterna.se\/taby\/#\/schema\/person\/12b9024c714759d0acdc1da1e754d06c"},"description":"Vi s\u00e4ger nej till regeringens vindkraftstv\u00e5ng f\u00f6r Sveriges kommuner. Vad vill du? Om du vill som oss, bli medlem idag!","breadcrumb":{"@id":"https:\/\/wp.kristdemokraterna.se\/taby\/nej-till-regeringens-vindkraftstvang\/#breadcrumb"},"inLanguage":"sv-SE","potentialAction":[{"@type":"ReadAction","target":["https:\/\/wp.kristdemokraterna.se\/taby\/nej-till-regeringens-vindkraftstvang\/"]}]},{"@type":"ImageObject","inLanguage":"sv-SE","@id":"https:\/\/wp.kristdemokraterna.se\/taby\/nej-till-regeringens-vindkraftstvang\/#primaryimage","url":"http:\/\/wp.kristdemokraterna.se\/taby\/files\/2020\/10\/camilla-brodin-energipolitiskt-talesperson-kd-200x300.jpg","contentUrl":"http:\/\/wp.kristdemokraterna.se\/taby\/files\/2020\/10\/camilla-brodin-energipolitiskt-talesperson-kd-200x300.jpg"},{"@type":"BreadcrumbList","@id":"https:\/\/wp.kristdemokraterna.se\/taby\/nej-till-regeringens-vindkraftstvang\/#breadcrumb","itemListElement":[{"@type":"ListItem","position":1,"name":"Hem","item":"https:\/\/wp.kristdemokraterna.se\/taby\/"},{"@type":"ListItem","position":2,"name":"Nej till regeringens vindkraftstv\u00e5ng!"}]},{"@type":"WebSite","@id":"https:\/\/wp.kristdemokraterna.se\/taby\/#website","url":"https:\/\/wp.kristdemokraterna.se\/taby\/","name":"T\u00e4by","description":"&quot;Det ska vara l\u00e4ttare att f\u00e5 ihop arbetsliv och familjeliv i T\u00e4by&quot;","inLanguage":"sv-SE"},{"@type":"Person","@id":"https:\/\/wp.kristdemokraterna.se\/taby\/#\/schema\/person\/12b9024c714759d0acdc1da1e754d06c","name":"taby","image":{"@type":"ImageObject","inLanguage":"sv-SE","@id":"https:\/\/secure.gravatar.com\/avatar\/62f6aca44d1f9c34b49438e5fdf4be3554253b04b49a76f013049906786db305?s=96&d=mm&r=g","url":"https:\/\/secure.gravatar.com\/avatar\/62f6aca44d1f9c34b49438e5fdf4be3554253b04b49a76f013049906786db305?s=96&d=mm&r=g","contentUrl":"https:\/\/secure.gravatar.com\/avatar\/62f6aca44d1f9c34b49438e5fdf4be3554253b04b49a76f013049906786db305?s=96&d=mm&r=g","caption":"taby"},"url":"https:\/\/wp.kristdemokraterna.se\/taby\/author\/taby\/"}]}},"_links":{"self":[{"href":"https:\/\/wp.kristdemokraterna.se\/taby\/wp-json\/wp\/v2\/posts\/2166","targetHints":{"allow":["GET"]}}],"collection":[{"href":"https:\/\/wp.kristdemokraterna.se\/taby\/wp-json\/wp\/v2\/posts"}],"about":[{"href":"https:\/\/wp.kristdemokraterna.se\/taby\/wp-json\/wp\/v2\/types\/post"}],"author":[{"embeddable":true,"href":"https:\/\/wp.kristdemokraterna.se\/taby\/wp-json\/wp\/v2\/users\/26"}],"replies":[{"embeddable":true,"href":"https:\/\/wp.kristdemokraterna.se\/taby\/wp-json\/wp\/v2\/comments?post=2166"}],"version-history":[{"count":1,"href":"https:\/\/wp.kristdemokraterna.se\/taby\/wp-json\/wp\/v2\/posts\/2166\/revisions"}],"predecessor-version":[{"id":2169,"href":"https:\/\/wp.kristdemokraterna.se\/taby\/wp-json\/wp\/v2\/posts\/2166\/revisions\/2169"}],"wp:attachment":[{"href":"https:\/\/wp.kristdemokraterna.se\/taby\/wp-json\/wp\/v2\/media?parent=2166"}],"wp:term":[{"taxonomy":"category","embeddable":true,"href":"https:\/\/wp.kristdemokraterna.se\/taby\/wp-json\/wp\/v2\/categories?post=2166"},{"taxonomy":"post_tag","embeddable":true,"href":"https:\/\/wp.kristdemokraterna.se\/taby\/wp-json\/wp\/v2\/tags?post=2166"}],"curies":[{"name":"wp","href":"https:\/\/api.w.org\/{rel}","templated":true}]}}