{"id":2170,"date":"2020-10-19T08:45:36","date_gmt":"2020-10-19T06:45:36","guid":{"rendered":"http:\/\/wp.kristdemokraterna.se\/taby\/?p=2170"},"modified":"2020-10-23T08:51:07","modified_gmt":"2020-10-23T06:51:07","slug":"tappat-greppet-om-kriminaliteten","status":"publish","type":"post","link":"https:\/\/wp.kristdemokraterna.se\/taby\/tappat-greppet-om-kriminaliteten\/","title":{"rendered":"Januaripartierna har tappat greppet om kriminaliteten"},"content":{"rendered":"<div class=\"kvgmc6g5 cxmmr5t8 oygrvhab hcukyx3x c1et5uql ii04i59q\">\n<div dir=\"auto\">Januaripartierna har tappat greppet om kriminaliteten och brottsligheten blir allt gr\u00f6vre i Sverige. Skjutningar p\u00e5g\u00e5r i of\u00f6rminskad takt och m\u00e5nga \u00e4r r\u00e4dda f\u00f6r att g\u00e5 ut p\u00e5 gator och torg.<\/div>\n<div dir=\"auto\"><\/div>\n<\/div>\n<div class=\"o9v6fnle cxmmr5t8 oygrvhab hcukyx3x c1et5uql ii04i59q\">\n<div dir=\"auto\">Sverige f\u00f6rtj\u00e4nar b\u00e4ttre.<\/div>\n<div dir=\"auto\"><\/div>\n<\/div>\n<div dir=\"auto\"><a href=\"http:\/\/www.Kd.nu\/blimedlem\">Vill du ocks\u00e5 engagera dig &#8211; bli medlem i Kristdemokraterna idag!<\/a><\/div>\n","protected":false},"excerpt":{"rendered":"<p>Januaripartierna har tappat greppet om kriminaliteten och brottsligheten blir allt gr\u00f6vre i Sverige. Skjutningar p\u00e5g\u00e5r i of\u00f6rminskad takt och m\u00e5nga \u00e4r r\u00e4dda f\u00f6r att g\u00e5 ut p\u00e5 gator och torg. Sverige f\u00f6rtj\u00e4nar b\u00e4ttre. Vill du ocks\u00e5 engagera dig &#8211; bli medlem i Kristdemokraterna idag!<\/p>\n","protected":false},"author":26,"featured_media":0,"comment_status":"closed","ping_status":"closed","sticky":false,"template":"","format":"standard","meta":{"_acf_changed":false,"footnotes":""},"categories":[30,29,1],"tags":[],"class_list":["post-2170","post","type-post","status-publish","format-standard","hentry","category-inlagg","category-nyheter","category-okategoriserade"],"acf":[],"yoast_head":"<!-- This site is optimized with the Yoast SEO plugin v27.4 - https:\/\/yoast.com\/product\/yoast-seo-wordpress\/ -->\n<title>Januaripartierna har tappat greppet om kriminaliteten<\/title>\n<meta name=\"description\" content=\"Januaripartierna har tappat greppet om kriminaliteten och g\u00e4ngv\u00e5ldet. Skjutningar p\u00e5g\u00e5r i of\u00f6rminskad takt och m\u00e5nga \u00e4r r\u00e4dda.\" \/>\n<meta name=\"robots\" content=\"index, follow, max-snippet:-1, max-image-preview:large, max-video-preview:-1\" \/>\n<link rel=\"canonical\" href=\"https:\/\/wp.kristdemokraterna.se\/taby\/tappat-greppet-om-kriminaliteten\/\" \/>\n<meta property=\"og:locale\" content=\"sv_SE\" \/>\n<meta property=\"og:type\" content=\"article\" \/>\n<meta property=\"og:title\" content=\"Januaripartierna har tappat greppet om kriminaliteten\" \/>\n<meta property=\"og:description\" content=\"Januaripartierna har tappat greppet om kriminaliteten och g\u00e4ngv\u00e5ldet. Skjutningar p\u00e5g\u00e5r i of\u00f6rminskad takt och m\u00e5nga \u00e4r r\u00e4dda.\" \/>\n<meta property=\"og:url\" content=\"https:\/\/wp.kristdemokraterna.se\/taby\/tappat-greppet-om-kriminaliteten\/\" \/>\n<meta property=\"og:site_name\" content=\"T\u00e4by\" \/>\n<meta property=\"article:published_time\" content=\"2020-10-19T06:45:36+00:00\" \/>\n<meta property=\"article:modified_time\" content=\"2020-10-23T06:51:07+00:00\" \/>\n<meta name=\"author\" content=\"taby\" \/>\n<meta name=\"twitter:card\" content=\"summary_large_image\" \/>\n<meta name=\"twitter:label1\" content=\"Skriven av\" \/>\n\t<meta name=\"twitter:data1\" content=\"taby\" \/>\n<script type=\"application\/ld+json\" class=\"yoast-schema-graph\">{\"@context\":\"https:\\\/\\\/schema.org\",\"@graph\":[{\"@type\":\"Article\",\"@id\":\"https:\\\/\\\/wp.kristdemokraterna.se\\\/taby\\\/tappat-greppet-om-kriminaliteten\\\/#article\",\"isPartOf\":{\"@id\":\"https:\\\/\\\/wp.kristdemokraterna.se\\\/taby\\\/tappat-greppet-om-kriminaliteten\\\/\"},\"author\":{\"name\":\"taby\",\"@id\":\"https:\\\/\\\/wp.kristdemokraterna.se\\\/taby\\\/#\\\/schema\\\/person\\\/12b9024c714759d0acdc1da1e754d06c\"},\"headline\":\"Januaripartierna har tappat greppet om kriminaliteten\",\"datePublished\":\"2020-10-19T06:45:36+00:00\",\"dateModified\":\"2020-10-23T06:51:07+00:00\",\"mainEntityOfPage\":{\"@id\":\"https:\\\/\\\/wp.kristdemokraterna.se\\\/taby\\\/tappat-greppet-om-kriminaliteten\\\/\"},\"wordCount\":60,\"articleSection\":[\"inl\u00e4gg\",\"Nyheter\",\"Senaste nytt\"],\"inLanguage\":\"sv-SE\"},{\"@type\":\"WebPage\",\"@id\":\"https:\\\/\\\/wp.kristdemokraterna.se\\\/taby\\\/tappat-greppet-om-kriminaliteten\\\/\",\"url\":\"https:\\\/\\\/wp.kristdemokraterna.se\\\/taby\\\/tappat-greppet-om-kriminaliteten\\\/\",\"name\":\"Januaripartierna har tappat greppet om kriminaliteten\",\"isPartOf\":{\"@id\":\"https:\\\/\\\/wp.kristdemokraterna.se\\\/taby\\\/#website\"},\"datePublished\":\"2020-10-19T06:45:36+00:00\",\"dateModified\":\"2020-10-23T06:51:07+00:00\",\"author\":{\"@id\":\"https:\\\/\\\/wp.kristdemokraterna.se\\\/taby\\\/#\\\/schema\\\/person\\\/12b9024c714759d0acdc1da1e754d06c\"},\"description\":\"Januaripartierna har tappat greppet om kriminaliteten och g\u00e4ngv\u00e5ldet. Skjutningar p\u00e5g\u00e5r i of\u00f6rminskad takt och m\u00e5nga \u00e4r r\u00e4dda.\",\"breadcrumb\":{\"@id\":\"https:\\\/\\\/wp.kristdemokraterna.se\\\/taby\\\/tappat-greppet-om-kriminaliteten\\\/#breadcrumb\"},\"inLanguage\":\"sv-SE\",\"potentialAction\":[{\"@type\":\"ReadAction\",\"target\":[\"https:\\\/\\\/wp.kristdemokraterna.se\\\/taby\\\/tappat-greppet-om-kriminaliteten\\\/\"]}]},{\"@type\":\"BreadcrumbList\",\"@id\":\"https:\\\/\\\/wp.kristdemokraterna.se\\\/taby\\\/tappat-greppet-om-kriminaliteten\\\/#breadcrumb\",\"itemListElement\":[{\"@type\":\"ListItem\",\"position\":1,\"name\":\"Hem\",\"item\":\"https:\\\/\\\/wp.kristdemokraterna.se\\\/taby\\\/\"},{\"@type\":\"ListItem\",\"position\":2,\"name\":\"Januaripartierna har tappat greppet om kriminaliteten\"}]},{\"@type\":\"WebSite\",\"@id\":\"https:\\\/\\\/wp.kristdemokraterna.se\\\/taby\\\/#website\",\"url\":\"https:\\\/\\\/wp.kristdemokraterna.se\\\/taby\\\/\",\"name\":\"T\u00e4by\",\"description\":\"&quot;Det ska vara l\u00e4ttare att f\u00e5 ihop arbetsliv och familjeliv i T\u00e4by&quot;\",\"inLanguage\":\"sv-SE\"},{\"@type\":\"Person\",\"@id\":\"https:\\\/\\\/wp.kristdemokraterna.se\\\/taby\\\/#\\\/schema\\\/person\\\/12b9024c714759d0acdc1da1e754d06c\",\"name\":\"taby\",\"image\":{\"@type\":\"ImageObject\",\"inLanguage\":\"sv-SE\",\"@id\":\"https:\\\/\\\/secure.gravatar.com\\\/avatar\\\/62f6aca44d1f9c34b49438e5fdf4be3554253b04b49a76f013049906786db305?s=96&d=mm&r=g\",\"url\":\"https:\\\/\\\/secure.gravatar.com\\\/avatar\\\/62f6aca44d1f9c34b49438e5fdf4be3554253b04b49a76f013049906786db305?s=96&d=mm&r=g\",\"contentUrl\":\"https:\\\/\\\/secure.gravatar.com\\\/avatar\\\/62f6aca44d1f9c34b49438e5fdf4be3554253b04b49a76f013049906786db305?s=96&d=mm&r=g\",\"caption\":\"taby\"},\"url\":\"https:\\\/\\\/wp.kristdemokraterna.se\\\/taby\\\/author\\\/taby\\\/\"}]}<\/script>\n<!-- \/ Yoast SEO plugin. -->","yoast_head_json":{"title":"Januaripartierna har tappat greppet om kriminaliteten","description":"Januaripartierna har tappat greppet om kriminaliteten och g\u00e4ngv\u00e5ldet. Skjutningar p\u00e5g\u00e5r i of\u00f6rminskad takt och m\u00e5nga \u00e4r r\u00e4dda.","robots":{"index":"index","follow":"follow","max-snippet":"max-snippet:-1","max-image-preview":"max-image-preview:large","max-video-preview":"max-video-preview:-1"},"canonical":"https:\/\/wp.kristdemokraterna.se\/taby\/tappat-greppet-om-kriminaliteten\/","og_locale":"sv_SE","og_type":"article","og_title":"Januaripartierna har tappat greppet om kriminaliteten","og_description":"Januaripartierna har tappat greppet om kriminaliteten och g\u00e4ngv\u00e5ldet. Skjutningar p\u00e5g\u00e5r i of\u00f6rminskad takt och m\u00e5nga \u00e4r r\u00e4dda.","og_url":"https:\/\/wp.kristdemokraterna.se\/taby\/tappat-greppet-om-kriminaliteten\/","og_site_name":"T\u00e4by","article_published_time":"2020-10-19T06:45:36+00:00","article_modified_time":"2020-10-23T06:51:07+00:00","author":"taby","twitter_card":"summary_large_image","twitter_misc":{"Skriven av":"taby"},"schema":{"@context":"https:\/\/schema.org","@graph":[{"@type":"Article","@id":"https:\/\/wp.kristdemokraterna.se\/taby\/tappat-greppet-om-kriminaliteten\/#article","isPartOf":{"@id":"https:\/\/wp.kristdemokraterna.se\/taby\/tappat-greppet-om-kriminaliteten\/"},"author":{"name":"taby","@id":"https:\/\/wp.kristdemokraterna.se\/taby\/#\/schema\/person\/12b9024c714759d0acdc1da1e754d06c"},"headline":"Januaripartierna har tappat greppet om kriminaliteten","datePublished":"2020-10-19T06:45:36+00:00","dateModified":"2020-10-23T06:51:07+00:00","mainEntityOfPage":{"@id":"https:\/\/wp.kristdemokraterna.se\/taby\/tappat-greppet-om-kriminaliteten\/"},"wordCount":60,"articleSection":["inl\u00e4gg","Nyheter","Senaste nytt"],"inLanguage":"sv-SE"},{"@type":"WebPage","@id":"https:\/\/wp.kristdemokraterna.se\/taby\/tappat-greppet-om-kriminaliteten\/","url":"https:\/\/wp.kristdemokraterna.se\/taby\/tappat-greppet-om-kriminaliteten\/","name":"Januaripartierna har tappat greppet om kriminaliteten","isPartOf":{"@id":"https:\/\/wp.kristdemokraterna.se\/taby\/#website"},"datePublished":"2020-10-19T06:45:36+00:00","dateModified":"2020-10-23T06:51:07+00:00","author":{"@id":"https:\/\/wp.kristdemokraterna.se\/taby\/#\/schema\/person\/12b9024c714759d0acdc1da1e754d06c"},"description":"Januaripartierna har tappat greppet om kriminaliteten och g\u00e4ngv\u00e5ldet. Skjutningar p\u00e5g\u00e5r i of\u00f6rminskad takt och m\u00e5nga \u00e4r r\u00e4dda.","breadcrumb":{"@id":"https:\/\/wp.kristdemokraterna.se\/taby\/tappat-greppet-om-kriminaliteten\/#breadcrumb"},"inLanguage":"sv-SE","potentialAction":[{"@type":"ReadAction","target":["https:\/\/wp.kristdemokraterna.se\/taby\/tappat-greppet-om-kriminaliteten\/"]}]},{"@type":"BreadcrumbList","@id":"https:\/\/wp.kristdemokraterna.se\/taby\/tappat-greppet-om-kriminaliteten\/#breadcrumb","itemListElement":[{"@type":"ListItem","position":1,"name":"Hem","item":"https:\/\/wp.kristdemokraterna.se\/taby\/"},{"@type":"ListItem","position":2,"name":"Januaripartierna har tappat greppet om kriminaliteten"}]},{"@type":"WebSite","@id":"https:\/\/wp.kristdemokraterna.se\/taby\/#website","url":"https:\/\/wp.kristdemokraterna.se\/taby\/","name":"T\u00e4by","description":"&quot;Det ska vara l\u00e4ttare att f\u00e5 ihop arbetsliv och familjeliv i T\u00e4by&quot;","inLanguage":"sv-SE"},{"@type":"Person","@id":"https:\/\/wp.kristdemokraterna.se\/taby\/#\/schema\/person\/12b9024c714759d0acdc1da1e754d06c","name":"taby","image":{"@type":"ImageObject","inLanguage":"sv-SE","@id":"https:\/\/secure.gravatar.com\/avatar\/62f6aca44d1f9c34b49438e5fdf4be3554253b04b49a76f013049906786db305?s=96&d=mm&r=g","url":"https:\/\/secure.gravatar.com\/avatar\/62f6aca44d1f9c34b49438e5fdf4be3554253b04b49a76f013049906786db305?s=96&d=mm&r=g","contentUrl":"https:\/\/secure.gravatar.com\/avatar\/62f6aca44d1f9c34b49438e5fdf4be3554253b04b49a76f013049906786db305?s=96&d=mm&r=g","caption":"taby"},"url":"https:\/\/wp.kristdemokraterna.se\/taby\/author\/taby\/"}]}},"_links":{"self":[{"href":"https:\/\/wp.kristdemokraterna.se\/taby\/wp-json\/wp\/v2\/posts\/2170","targetHints":{"allow":["GET"]}}],"collection":[{"href":"https:\/\/wp.kristdemokraterna.se\/taby\/wp-json\/wp\/v2\/posts"}],"about":[{"href":"https:\/\/wp.kristdemokraterna.se\/taby\/wp-json\/wp\/v2\/types\/post"}],"author":[{"embeddable":true,"href":"https:\/\/wp.kristdemokraterna.se\/taby\/wp-json\/wp\/v2\/users\/26"}],"replies":[{"embeddable":true,"href":"https:\/\/wp.kristdemokraterna.se\/taby\/wp-json\/wp\/v2\/comments?post=2170"}],"version-history":[{"count":1,"href":"https:\/\/wp.kristdemokraterna.se\/taby\/wp-json\/wp\/v2\/posts\/2170\/revisions"}],"predecessor-version":[{"id":2172,"href":"https:\/\/wp.kristdemokraterna.se\/taby\/wp-json\/wp\/v2\/posts\/2170\/revisions\/2172"}],"wp:attachment":[{"href":"https:\/\/wp.kristdemokraterna.se\/taby\/wp-json\/wp\/v2\/media?parent=2170"}],"wp:term":[{"taxonomy":"category","embeddable":true,"href":"https:\/\/wp.kristdemokraterna.se\/taby\/wp-json\/wp\/v2\/categories?post=2170"},{"taxonomy":"post_tag","embeddable":true,"href":"https:\/\/wp.kristdemokraterna.se\/taby\/wp-json\/wp\/v2\/tags?post=2170"}],"curies":[{"name":"wp","href":"https:\/\/api.w.org\/{rel}","templated":true}]}}