{"id":2176,"date":"2020-10-12T08:00:13","date_gmt":"2020-10-12T06:00:13","guid":{"rendered":"http:\/\/wp.kristdemokraterna.se\/taby\/?p=2176"},"modified":"2020-10-23T09:02:51","modified_gmt":"2020-10-23T07:02:51","slug":"vi-vill-vacka-misstroendeforklaring","status":"publish","type":"post","link":"https:\/\/wp.kristdemokraterna.se\/taby\/vi-vill-vacka-misstroendeforklaring\/","title":{"rendered":"VI vill v\u00e4cka misstroendef\u00f6rklaring!"},"content":{"rendered":"<div class=\"\" dir=\"auto\">\n<div id=\"jsc_c_l0\" class=\"ecm0bbzt hv4rvrfc ihqw7lf3 dati1w0a\" data-ad-comet-preview=\"message\" data-ad-preview=\"message\">\n<div class=\"j83agx80 cbu4d94t ew0dbk1b irj2b8pg\">\n<div class=\"qzhwtbm6 knvmm38d\">\n<div class=\"kvgmc6g5 cxmmr5t8 oygrvhab hcukyx3x c1et5uql ii04i59q\">\n<div dir=\"auto\">Vi har best\u00e4mt oss!<\/div>\n<div dir=\"auto\"><\/div>\n<div dir=\"auto\">H\u00e4r \u00e4r tillr\u00e4ckligt med underskrifter fr\u00e5n kristdemokratiska riksdagsledam\u00f6ter f\u00f6r att v\u00e4cka misstroende med n\u00e5got annat parti. Vi \u00e4r strykt\u00e5liga. Vi \u00e4r beredda att agera murbr\u00e4cka f\u00f6r att avs\u00e4tta den h\u00e4r regeringen.<\/div>\n<div dir=\"auto\"><\/div>\n<\/div>\n<div class=\"o9v6fnle cxmmr5t8 oygrvhab hcukyx3x c1et5uql ii04i59q\">\n<div dir=\"auto\">Det r\u00e5der total enighet i v\u00e5r riksdagsgrupp och partistyrelse \u2013 alla vill vi avs\u00e4tta Stefan L\u00f6fven och ge Sverige en ny regering. Sverige f\u00f6rtj\u00e4nar b\u00e4ttre.<\/div>\n<div dir=\"auto\"><\/div>\n<\/div>\n<div class=\"o9v6fnle cxmmr5t8 oygrvhab hcukyx3x c1et5uql ii04i59q\">\n<ul>\n<li>Brottsligheten har b\u00e5de \u00f6kat och tagit sig nya uttryck. R\u00e5n mot barn och \u00e4ldre \u00f6kar, liksom omfattande g\u00e4ngbaserad kriminalitet.<\/li>\n<li>Den svenska arbetsl\u00f6sheten tillh\u00f6r numera Europas bottenliga.<\/li>\n<li>V\u00e5rdk\u00f6erna har \u00f6kat stadigt sedan G\u00f6ran H\u00e4gglund (KD) avgick som socialminister och just nu har n\u00e4rmare 160 000 personer v\u00e4ntat olagligt l\u00e4nge p\u00e5 den v\u00e5rd de har r\u00e4tt till.<\/li>\n<\/ul>\n<p>Regeringen L\u00f6fven har varit of\u00f6rm\u00f6gen att g\u00f6ra det som kr\u00e4vs f\u00f6r ett Sverige att lita p\u00e5. Sverige beh\u00f6ver ett nytt ledarskap och en ny regering. F\u00f6r Sverige f\u00f6rtj\u00e4nar b\u00e4ttre!<\/p>\n<div dir=\"auto\"><\/div>\n<\/div>\n<div class=\"o9v6fnle cxmmr5t8 oygrvhab hcukyx3x c1et5uql ii04i59q\">\n<div dir=\"auto\">Se hela partiledardebatten i Agenda p\u00e5 SVT Play.<\/div>\n<\/div>\n<\/div>\n<\/div>\n<\/div>\n<\/div>\n","protected":false},"excerpt":{"rendered":"<p>Vi har best\u00e4mt oss! H\u00e4r \u00e4r tillr\u00e4ckligt med underskrifter fr\u00e5n kristdemokratiska riksdagsledam\u00f6ter f\u00f6r att v\u00e4cka misstroende med n\u00e5got annat parti. Vi \u00e4r strykt\u00e5liga. Vi \u00e4r beredda att agera murbr\u00e4cka f\u00f6r att avs\u00e4tta den h\u00e4r regeringen. Det r\u00e5der total enighet i v\u00e5r riksdagsgrupp och partistyrelse \u2013 alla vill vi avs\u00e4tta Stefan L\u00f6fven och ge Sverige en <a class=\"read-more-link\" href=\"https:\/\/wp.kristdemokraterna.se\/taby\/vi-vill-vacka-misstroendeforklaring\/\">Read More<\/a><\/p>\n","protected":false},"author":26,"featured_media":0,"comment_status":"closed","ping_status":"closed","sticky":false,"template":"","format":"standard","meta":{"_acf_changed":false,"footnotes":""},"categories":[30,29,1],"tags":[],"class_list":["post-2176","post","type-post","status-publish","format-standard","hentry","category-inlagg","category-nyheter","category-okategoriserade"],"acf":[],"yoast_head":"<!-- This site is optimized with the Yoast SEO plugin v27.4 - https:\/\/yoast.com\/product\/yoast-seo-wordpress\/ -->\n<title>VI vill v\u00e4cka misstroendef\u00f6rklaring!<\/title>\n<meta name=\"description\" content=\"Vi vill v\u00e4cka misstroendef\u00f6rklaring mot Sveriges regering. V\u00e5rdk\u00f6er, \u00f6kad brottslighet och \u00f6kad arbetsl\u00f6shet \u00e4r n\u00e5gra orsaker.\" \/>\n<meta name=\"robots\" content=\"index, follow, max-snippet:-1, max-image-preview:large, max-video-preview:-1\" \/>\n<link rel=\"canonical\" href=\"https:\/\/wp.kristdemokraterna.se\/taby\/vi-vill-vacka-misstroendeforklaring\/\" \/>\n<meta property=\"og:locale\" content=\"sv_SE\" \/>\n<meta property=\"og:type\" content=\"article\" \/>\n<meta property=\"og:title\" content=\"VI vill v\u00e4cka misstroendef\u00f6rklaring!\" \/>\n<meta property=\"og:description\" content=\"Vi vill v\u00e4cka misstroendef\u00f6rklaring mot Sveriges regering. V\u00e5rdk\u00f6er, \u00f6kad brottslighet och \u00f6kad arbetsl\u00f6shet \u00e4r n\u00e5gra orsaker.\" \/>\n<meta property=\"og:url\" content=\"https:\/\/wp.kristdemokraterna.se\/taby\/vi-vill-vacka-misstroendeforklaring\/\" \/>\n<meta property=\"og:site_name\" content=\"T\u00e4by\" \/>\n<meta property=\"article:published_time\" content=\"2020-10-12T06:00:13+00:00\" \/>\n<meta property=\"article:modified_time\" content=\"2020-10-23T07:02:51+00:00\" \/>\n<meta name=\"author\" content=\"taby\" \/>\n<meta name=\"twitter:card\" content=\"summary_large_image\" \/>\n<meta name=\"twitter:label1\" content=\"Skriven av\" \/>\n\t<meta name=\"twitter:data1\" content=\"taby\" \/>\n\t<meta name=\"twitter:label2\" content=\"Ber\u00e4knad l\u00e4stid\" \/>\n\t<meta name=\"twitter:data2\" content=\"1 minut\" \/>\n<script type=\"application\/ld+json\" class=\"yoast-schema-graph\">{\"@context\":\"https:\\\/\\\/schema.org\",\"@graph\":[{\"@type\":\"Article\",\"@id\":\"https:\\\/\\\/wp.kristdemokraterna.se\\\/taby\\\/vi-vill-vacka-misstroendeforklaring\\\/#article\",\"isPartOf\":{\"@id\":\"https:\\\/\\\/wp.kristdemokraterna.se\\\/taby\\\/vi-vill-vacka-misstroendeforklaring\\\/\"},\"author\":{\"name\":\"taby\",\"@id\":\"https:\\\/\\\/wp.kristdemokraterna.se\\\/taby\\\/#\\\/schema\\\/person\\\/12b9024c714759d0acdc1da1e754d06c\"},\"headline\":\"VI vill v\u00e4cka misstroendef\u00f6rklaring!\",\"datePublished\":\"2020-10-12T06:00:13+00:00\",\"dateModified\":\"2020-10-23T07:02:51+00:00\",\"mainEntityOfPage\":{\"@id\":\"https:\\\/\\\/wp.kristdemokraterna.se\\\/taby\\\/vi-vill-vacka-misstroendeforklaring\\\/\"},\"wordCount\":200,\"articleSection\":[\"inl\u00e4gg\",\"Nyheter\",\"Senaste nytt\"],\"inLanguage\":\"sv-SE\"},{\"@type\":\"WebPage\",\"@id\":\"https:\\\/\\\/wp.kristdemokraterna.se\\\/taby\\\/vi-vill-vacka-misstroendeforklaring\\\/\",\"url\":\"https:\\\/\\\/wp.kristdemokraterna.se\\\/taby\\\/vi-vill-vacka-misstroendeforklaring\\\/\",\"name\":\"VI vill v\u00e4cka misstroendef\u00f6rklaring!\",\"isPartOf\":{\"@id\":\"https:\\\/\\\/wp.kristdemokraterna.se\\\/taby\\\/#website\"},\"datePublished\":\"2020-10-12T06:00:13+00:00\",\"dateModified\":\"2020-10-23T07:02:51+00:00\",\"author\":{\"@id\":\"https:\\\/\\\/wp.kristdemokraterna.se\\\/taby\\\/#\\\/schema\\\/person\\\/12b9024c714759d0acdc1da1e754d06c\"},\"description\":\"Vi vill v\u00e4cka misstroendef\u00f6rklaring mot Sveriges regering. V\u00e5rdk\u00f6er, \u00f6kad brottslighet och \u00f6kad arbetsl\u00f6shet \u00e4r n\u00e5gra orsaker.\",\"breadcrumb\":{\"@id\":\"https:\\\/\\\/wp.kristdemokraterna.se\\\/taby\\\/vi-vill-vacka-misstroendeforklaring\\\/#breadcrumb\"},\"inLanguage\":\"sv-SE\",\"potentialAction\":[{\"@type\":\"ReadAction\",\"target\":[\"https:\\\/\\\/wp.kristdemokraterna.se\\\/taby\\\/vi-vill-vacka-misstroendeforklaring\\\/\"]}]},{\"@type\":\"BreadcrumbList\",\"@id\":\"https:\\\/\\\/wp.kristdemokraterna.se\\\/taby\\\/vi-vill-vacka-misstroendeforklaring\\\/#breadcrumb\",\"itemListElement\":[{\"@type\":\"ListItem\",\"position\":1,\"name\":\"Hem\",\"item\":\"https:\\\/\\\/wp.kristdemokraterna.se\\\/taby\\\/\"},{\"@type\":\"ListItem\",\"position\":2,\"name\":\"VI vill v\u00e4cka misstroendef\u00f6rklaring!\"}]},{\"@type\":\"WebSite\",\"@id\":\"https:\\\/\\\/wp.kristdemokraterna.se\\\/taby\\\/#website\",\"url\":\"https:\\\/\\\/wp.kristdemokraterna.se\\\/taby\\\/\",\"name\":\"T\u00e4by\",\"description\":\"&quot;Det ska vara l\u00e4ttare att f\u00e5 ihop arbetsliv och familjeliv i T\u00e4by&quot;\",\"inLanguage\":\"sv-SE\"},{\"@type\":\"Person\",\"@id\":\"https:\\\/\\\/wp.kristdemokraterna.se\\\/taby\\\/#\\\/schema\\\/person\\\/12b9024c714759d0acdc1da1e754d06c\",\"name\":\"taby\",\"image\":{\"@type\":\"ImageObject\",\"inLanguage\":\"sv-SE\",\"@id\":\"https:\\\/\\\/secure.gravatar.com\\\/avatar\\\/62f6aca44d1f9c34b49438e5fdf4be3554253b04b49a76f013049906786db305?s=96&d=mm&r=g\",\"url\":\"https:\\\/\\\/secure.gravatar.com\\\/avatar\\\/62f6aca44d1f9c34b49438e5fdf4be3554253b04b49a76f013049906786db305?s=96&d=mm&r=g\",\"contentUrl\":\"https:\\\/\\\/secure.gravatar.com\\\/avatar\\\/62f6aca44d1f9c34b49438e5fdf4be3554253b04b49a76f013049906786db305?s=96&d=mm&r=g\",\"caption\":\"taby\"},\"url\":\"https:\\\/\\\/wp.kristdemokraterna.se\\\/taby\\\/author\\\/taby\\\/\"}]}<\/script>\n<!-- \/ Yoast SEO plugin. -->","yoast_head_json":{"title":"VI vill v\u00e4cka misstroendef\u00f6rklaring!","description":"Vi vill v\u00e4cka misstroendef\u00f6rklaring mot Sveriges regering. V\u00e5rdk\u00f6er, \u00f6kad brottslighet och \u00f6kad arbetsl\u00f6shet \u00e4r n\u00e5gra orsaker.","robots":{"index":"index","follow":"follow","max-snippet":"max-snippet:-1","max-image-preview":"max-image-preview:large","max-video-preview":"max-video-preview:-1"},"canonical":"https:\/\/wp.kristdemokraterna.se\/taby\/vi-vill-vacka-misstroendeforklaring\/","og_locale":"sv_SE","og_type":"article","og_title":"VI vill v\u00e4cka misstroendef\u00f6rklaring!","og_description":"Vi vill v\u00e4cka misstroendef\u00f6rklaring mot Sveriges regering. V\u00e5rdk\u00f6er, \u00f6kad brottslighet och \u00f6kad arbetsl\u00f6shet \u00e4r n\u00e5gra orsaker.","og_url":"https:\/\/wp.kristdemokraterna.se\/taby\/vi-vill-vacka-misstroendeforklaring\/","og_site_name":"T\u00e4by","article_published_time":"2020-10-12T06:00:13+00:00","article_modified_time":"2020-10-23T07:02:51+00:00","author":"taby","twitter_card":"summary_large_image","twitter_misc":{"Skriven av":"taby","Ber\u00e4knad l\u00e4stid":"1 minut"},"schema":{"@context":"https:\/\/schema.org","@graph":[{"@type":"Article","@id":"https:\/\/wp.kristdemokraterna.se\/taby\/vi-vill-vacka-misstroendeforklaring\/#article","isPartOf":{"@id":"https:\/\/wp.kristdemokraterna.se\/taby\/vi-vill-vacka-misstroendeforklaring\/"},"author":{"name":"taby","@id":"https:\/\/wp.kristdemokraterna.se\/taby\/#\/schema\/person\/12b9024c714759d0acdc1da1e754d06c"},"headline":"VI vill v\u00e4cka misstroendef\u00f6rklaring!","datePublished":"2020-10-12T06:00:13+00:00","dateModified":"2020-10-23T07:02:51+00:00","mainEntityOfPage":{"@id":"https:\/\/wp.kristdemokraterna.se\/taby\/vi-vill-vacka-misstroendeforklaring\/"},"wordCount":200,"articleSection":["inl\u00e4gg","Nyheter","Senaste nytt"],"inLanguage":"sv-SE"},{"@type":"WebPage","@id":"https:\/\/wp.kristdemokraterna.se\/taby\/vi-vill-vacka-misstroendeforklaring\/","url":"https:\/\/wp.kristdemokraterna.se\/taby\/vi-vill-vacka-misstroendeforklaring\/","name":"VI vill v\u00e4cka misstroendef\u00f6rklaring!","isPartOf":{"@id":"https:\/\/wp.kristdemokraterna.se\/taby\/#website"},"datePublished":"2020-10-12T06:00:13+00:00","dateModified":"2020-10-23T07:02:51+00:00","author":{"@id":"https:\/\/wp.kristdemokraterna.se\/taby\/#\/schema\/person\/12b9024c714759d0acdc1da1e754d06c"},"description":"Vi vill v\u00e4cka misstroendef\u00f6rklaring mot Sveriges regering. V\u00e5rdk\u00f6er, \u00f6kad brottslighet och \u00f6kad arbetsl\u00f6shet \u00e4r n\u00e5gra orsaker.","breadcrumb":{"@id":"https:\/\/wp.kristdemokraterna.se\/taby\/vi-vill-vacka-misstroendeforklaring\/#breadcrumb"},"inLanguage":"sv-SE","potentialAction":[{"@type":"ReadAction","target":["https:\/\/wp.kristdemokraterna.se\/taby\/vi-vill-vacka-misstroendeforklaring\/"]}]},{"@type":"BreadcrumbList","@id":"https:\/\/wp.kristdemokraterna.se\/taby\/vi-vill-vacka-misstroendeforklaring\/#breadcrumb","itemListElement":[{"@type":"ListItem","position":1,"name":"Hem","item":"https:\/\/wp.kristdemokraterna.se\/taby\/"},{"@type":"ListItem","position":2,"name":"VI vill v\u00e4cka misstroendef\u00f6rklaring!"}]},{"@type":"WebSite","@id":"https:\/\/wp.kristdemokraterna.se\/taby\/#website","url":"https:\/\/wp.kristdemokraterna.se\/taby\/","name":"T\u00e4by","description":"&quot;Det ska vara l\u00e4ttare att f\u00e5 ihop arbetsliv och familjeliv i T\u00e4by&quot;","inLanguage":"sv-SE"},{"@type":"Person","@id":"https:\/\/wp.kristdemokraterna.se\/taby\/#\/schema\/person\/12b9024c714759d0acdc1da1e754d06c","name":"taby","image":{"@type":"ImageObject","inLanguage":"sv-SE","@id":"https:\/\/secure.gravatar.com\/avatar\/62f6aca44d1f9c34b49438e5fdf4be3554253b04b49a76f013049906786db305?s=96&d=mm&r=g","url":"https:\/\/secure.gravatar.com\/avatar\/62f6aca44d1f9c34b49438e5fdf4be3554253b04b49a76f013049906786db305?s=96&d=mm&r=g","contentUrl":"https:\/\/secure.gravatar.com\/avatar\/62f6aca44d1f9c34b49438e5fdf4be3554253b04b49a76f013049906786db305?s=96&d=mm&r=g","caption":"taby"},"url":"https:\/\/wp.kristdemokraterna.se\/taby\/author\/taby\/"}]}},"_links":{"self":[{"href":"https:\/\/wp.kristdemokraterna.se\/taby\/wp-json\/wp\/v2\/posts\/2176","targetHints":{"allow":["GET"]}}],"collection":[{"href":"https:\/\/wp.kristdemokraterna.se\/taby\/wp-json\/wp\/v2\/posts"}],"about":[{"href":"https:\/\/wp.kristdemokraterna.se\/taby\/wp-json\/wp\/v2\/types\/post"}],"author":[{"embeddable":true,"href":"https:\/\/wp.kristdemokraterna.se\/taby\/wp-json\/wp\/v2\/users\/26"}],"replies":[{"embeddable":true,"href":"https:\/\/wp.kristdemokraterna.se\/taby\/wp-json\/wp\/v2\/comments?post=2176"}],"version-history":[{"count":1,"href":"https:\/\/wp.kristdemokraterna.se\/taby\/wp-json\/wp\/v2\/posts\/2176\/revisions"}],"predecessor-version":[{"id":2178,"href":"https:\/\/wp.kristdemokraterna.se\/taby\/wp-json\/wp\/v2\/posts\/2176\/revisions\/2178"}],"wp:attachment":[{"href":"https:\/\/wp.kristdemokraterna.se\/taby\/wp-json\/wp\/v2\/media?parent=2176"}],"wp:term":[{"taxonomy":"category","embeddable":true,"href":"https:\/\/wp.kristdemokraterna.se\/taby\/wp-json\/wp\/v2\/categories?post=2176"},{"taxonomy":"post_tag","embeddable":true,"href":"https:\/\/wp.kristdemokraterna.se\/taby\/wp-json\/wp\/v2\/tags?post=2176"}],"curies":[{"name":"wp","href":"https:\/\/api.w.org\/{rel}","templated":true}]}}