{"id":2215,"date":"2021-02-02T08:27:49","date_gmt":"2021-02-02T07:27:49","guid":{"rendered":"http:\/\/wp.kristdemokraterna.se\/taby\/?p=2215"},"modified":"2021-02-05T08:33:17","modified_gmt":"2021-02-05T07:33:17","slug":"kommunalrad-i-taby-fornyat-fortroende","status":"publish","type":"post","link":"https:\/\/wp.kristdemokraterna.se\/taby\/kommunalrad-i-taby-fornyat-fortroende\/","title":{"rendered":"Eva fick f\u00f6rnyat f\u00f6rtroende"},"content":{"rendered":"<div dir=\"auto\">KD T\u00e4by har haft\u00a0 \u00e5rsm\u00f6te.<\/div>\n<div dir=\"auto\"><\/div>\n<div dir=\"auto\">Vi fick lyssna p\u00e5 v\u00e5rt kommunalr\u00e5d Eva von Wowern, behandla motioner och v\u00e4lja styrelse, d\u00e4r ordf\u00f6rande Christer Swaretz fick f\u00f6rnyat f\u00f6rtroende.<\/div>\n<div dir=\"auto\"><\/div>\n<div dir=\"auto\">Vi tog ett enh\u00e4lligt beslut om att Eva von Wowern ska vara f\u00f6rstanamn p\u00e5 kommunvalslistan vid valet 2022.<\/div>\n<div dir=\"auto\"><\/div>\n<div dir=\"auto\">&#8221;- Jag \u00e4r glad och tacksam \u00f6ver f\u00f6rtroendet och ser fram emot kommande valr\u00f6relse tillsammans med de andra i KD-teamet. Efter att ha bott i kommunen i ca 40 \u00e5r v\u00e5gar jag p\u00e5st\u00e5 att T\u00e4by \u00e4r en riktigt bra kommun att leva och bo i. Jag vill vara med och p\u00e5verka s\u00e5 att det forts\u00e4tter att s\u00e5 vara&#8221;, s\u00e4ger Eva.<\/div>\n","protected":false},"excerpt":{"rendered":"<p>KD T\u00e4by har haft\u00a0 \u00e5rsm\u00f6te. Vi fick lyssna p\u00e5 v\u00e5rt kommunalr\u00e5d Eva von Wowern, behandla motioner och v\u00e4lja styrelse, d\u00e4r ordf\u00f6rande Christer Swaretz fick f\u00f6rnyat f\u00f6rtroende. Vi tog ett enh\u00e4lligt beslut om att Eva von Wowern ska vara f\u00f6rstanamn p\u00e5 kommunvalslistan vid valet 2022. &#8221;- Jag \u00e4r glad och tacksam \u00f6ver f\u00f6rtroendet och ser fram <a class=\"read-more-link\" href=\"https:\/\/wp.kristdemokraterna.se\/taby\/kommunalrad-i-taby-fornyat-fortroende\/\">Read More<\/a><\/p>\n","protected":false},"author":26,"featured_media":0,"comment_status":"closed","ping_status":"closed","sticky":false,"template":"","format":"standard","meta":{"_acf_changed":false,"footnotes":""},"categories":[30,29,1],"tags":[],"class_list":["post-2215","post","type-post","status-publish","format-standard","hentry","category-inlagg","category-nyheter","category-okategoriserade"],"acf":[],"yoast_head":"<!-- This site is optimized with the Yoast SEO plugin v27.4 - https:\/\/yoast.com\/product\/yoast-seo-wordpress\/ -->\n<title>Kommunalr\u00e5det Eva fick f\u00f6rnyat f\u00f6rtroende f\u00f6r KD T\u00e4by!<\/title>\n<meta name=\"description\" content=\"Kommunalr\u00e5det f\u00f6r KD T\u00e4by Eva von Wowern fick f\u00f6rnyat f\u00f6rtroende. F\u00f6lj Evas arbete f\u00f6r att g\u00f6ra T\u00e4by \u00e4n b\u00e4ttre!\" \/>\n<meta name=\"robots\" content=\"index, follow, max-snippet:-1, max-image-preview:large, max-video-preview:-1\" \/>\n<link rel=\"canonical\" href=\"https:\/\/wp.kristdemokraterna.se\/taby\/kommunalrad-i-taby-fornyat-fortroende\/\" \/>\n<meta property=\"og:locale\" content=\"sv_SE\" \/>\n<meta property=\"og:type\" content=\"article\" \/>\n<meta property=\"og:title\" content=\"Kommunalr\u00e5det Eva fick f\u00f6rnyat f\u00f6rtroende f\u00f6r KD T\u00e4by!\" \/>\n<meta property=\"og:description\" content=\"Kommunalr\u00e5det f\u00f6r KD T\u00e4by Eva von Wowern fick f\u00f6rnyat f\u00f6rtroende. F\u00f6lj Evas arbete f\u00f6r att g\u00f6ra T\u00e4by \u00e4n b\u00e4ttre!\" \/>\n<meta property=\"og:url\" content=\"https:\/\/wp.kristdemokraterna.se\/taby\/kommunalrad-i-taby-fornyat-fortroende\/\" \/>\n<meta property=\"og:site_name\" content=\"T\u00e4by\" \/>\n<meta property=\"article:published_time\" content=\"2021-02-02T07:27:49+00:00\" \/>\n<meta property=\"article:modified_time\" content=\"2021-02-05T07:33:17+00:00\" \/>\n<meta name=\"author\" content=\"taby\" \/>\n<meta name=\"twitter:card\" content=\"summary_large_image\" \/>\n<meta name=\"twitter:label1\" content=\"Skriven av\" \/>\n\t<meta name=\"twitter:data1\" content=\"taby\" \/>\n\t<meta name=\"twitter:label2\" content=\"Ber\u00e4knad l\u00e4stid\" \/>\n\t<meta name=\"twitter:data2\" content=\"1 minut\" \/>\n<script type=\"application\/ld+json\" class=\"yoast-schema-graph\">{\"@context\":\"https:\\\/\\\/schema.org\",\"@graph\":[{\"@type\":\"Article\",\"@id\":\"https:\\\/\\\/wp.kristdemokraterna.se\\\/taby\\\/kommunalrad-i-taby-fornyat-fortroende\\\/#article\",\"isPartOf\":{\"@id\":\"https:\\\/\\\/wp.kristdemokraterna.se\\\/taby\\\/kommunalrad-i-taby-fornyat-fortroende\\\/\"},\"author\":{\"name\":\"taby\",\"@id\":\"https:\\\/\\\/wp.kristdemokraterna.se\\\/taby\\\/#\\\/schema\\\/person\\\/12b9024c714759d0acdc1da1e754d06c\"},\"headline\":\"Eva fick f\u00f6rnyat f\u00f6rtroende\",\"datePublished\":\"2021-02-02T07:27:49+00:00\",\"dateModified\":\"2021-02-05T07:33:17+00:00\",\"mainEntityOfPage\":{\"@id\":\"https:\\\/\\\/wp.kristdemokraterna.se\\\/taby\\\/kommunalrad-i-taby-fornyat-fortroende\\\/\"},\"wordCount\":127,\"articleSection\":[\"inl\u00e4gg\",\"Nyheter\",\"Senaste nytt\"],\"inLanguage\":\"sv-SE\"},{\"@type\":\"WebPage\",\"@id\":\"https:\\\/\\\/wp.kristdemokraterna.se\\\/taby\\\/kommunalrad-i-taby-fornyat-fortroende\\\/\",\"url\":\"https:\\\/\\\/wp.kristdemokraterna.se\\\/taby\\\/kommunalrad-i-taby-fornyat-fortroende\\\/\",\"name\":\"Kommunalr\u00e5det Eva fick f\u00f6rnyat f\u00f6rtroende f\u00f6r KD T\u00e4by!\",\"isPartOf\":{\"@id\":\"https:\\\/\\\/wp.kristdemokraterna.se\\\/taby\\\/#website\"},\"datePublished\":\"2021-02-02T07:27:49+00:00\",\"dateModified\":\"2021-02-05T07:33:17+00:00\",\"author\":{\"@id\":\"https:\\\/\\\/wp.kristdemokraterna.se\\\/taby\\\/#\\\/schema\\\/person\\\/12b9024c714759d0acdc1da1e754d06c\"},\"description\":\"Kommunalr\u00e5det f\u00f6r KD T\u00e4by Eva von Wowern fick f\u00f6rnyat f\u00f6rtroende. F\u00f6lj Evas arbete f\u00f6r att g\u00f6ra T\u00e4by \u00e4n b\u00e4ttre!\",\"breadcrumb\":{\"@id\":\"https:\\\/\\\/wp.kristdemokraterna.se\\\/taby\\\/kommunalrad-i-taby-fornyat-fortroende\\\/#breadcrumb\"},\"inLanguage\":\"sv-SE\",\"potentialAction\":[{\"@type\":\"ReadAction\",\"target\":[\"https:\\\/\\\/wp.kristdemokraterna.se\\\/taby\\\/kommunalrad-i-taby-fornyat-fortroende\\\/\"]}]},{\"@type\":\"BreadcrumbList\",\"@id\":\"https:\\\/\\\/wp.kristdemokraterna.se\\\/taby\\\/kommunalrad-i-taby-fornyat-fortroende\\\/#breadcrumb\",\"itemListElement\":[{\"@type\":\"ListItem\",\"position\":1,\"name\":\"Hem\",\"item\":\"https:\\\/\\\/wp.kristdemokraterna.se\\\/taby\\\/\"},{\"@type\":\"ListItem\",\"position\":2,\"name\":\"Eva fick f\u00f6rnyat f\u00f6rtroende\"}]},{\"@type\":\"WebSite\",\"@id\":\"https:\\\/\\\/wp.kristdemokraterna.se\\\/taby\\\/#website\",\"url\":\"https:\\\/\\\/wp.kristdemokraterna.se\\\/taby\\\/\",\"name\":\"T\u00e4by\",\"description\":\"&quot;Det ska vara l\u00e4ttare att f\u00e5 ihop arbetsliv och familjeliv i T\u00e4by&quot;\",\"inLanguage\":\"sv-SE\"},{\"@type\":\"Person\",\"@id\":\"https:\\\/\\\/wp.kristdemokraterna.se\\\/taby\\\/#\\\/schema\\\/person\\\/12b9024c714759d0acdc1da1e754d06c\",\"name\":\"taby\",\"image\":{\"@type\":\"ImageObject\",\"inLanguage\":\"sv-SE\",\"@id\":\"https:\\\/\\\/secure.gravatar.com\\\/avatar\\\/62f6aca44d1f9c34b49438e5fdf4be3554253b04b49a76f013049906786db305?s=96&d=mm&r=g\",\"url\":\"https:\\\/\\\/secure.gravatar.com\\\/avatar\\\/62f6aca44d1f9c34b49438e5fdf4be3554253b04b49a76f013049906786db305?s=96&d=mm&r=g\",\"contentUrl\":\"https:\\\/\\\/secure.gravatar.com\\\/avatar\\\/62f6aca44d1f9c34b49438e5fdf4be3554253b04b49a76f013049906786db305?s=96&d=mm&r=g\",\"caption\":\"taby\"},\"url\":\"https:\\\/\\\/wp.kristdemokraterna.se\\\/taby\\\/author\\\/taby\\\/\"}]}<\/script>\n<!-- \/ Yoast SEO plugin. -->","yoast_head_json":{"title":"Kommunalr\u00e5det Eva fick f\u00f6rnyat f\u00f6rtroende f\u00f6r KD T\u00e4by!","description":"Kommunalr\u00e5det f\u00f6r KD T\u00e4by Eva von Wowern fick f\u00f6rnyat f\u00f6rtroende. F\u00f6lj Evas arbete f\u00f6r att g\u00f6ra T\u00e4by \u00e4n b\u00e4ttre!","robots":{"index":"index","follow":"follow","max-snippet":"max-snippet:-1","max-image-preview":"max-image-preview:large","max-video-preview":"max-video-preview:-1"},"canonical":"https:\/\/wp.kristdemokraterna.se\/taby\/kommunalrad-i-taby-fornyat-fortroende\/","og_locale":"sv_SE","og_type":"article","og_title":"Kommunalr\u00e5det Eva fick f\u00f6rnyat f\u00f6rtroende f\u00f6r KD T\u00e4by!","og_description":"Kommunalr\u00e5det f\u00f6r KD T\u00e4by Eva von Wowern fick f\u00f6rnyat f\u00f6rtroende. F\u00f6lj Evas arbete f\u00f6r att g\u00f6ra T\u00e4by \u00e4n b\u00e4ttre!","og_url":"https:\/\/wp.kristdemokraterna.se\/taby\/kommunalrad-i-taby-fornyat-fortroende\/","og_site_name":"T\u00e4by","article_published_time":"2021-02-02T07:27:49+00:00","article_modified_time":"2021-02-05T07:33:17+00:00","author":"taby","twitter_card":"summary_large_image","twitter_misc":{"Skriven av":"taby","Ber\u00e4knad l\u00e4stid":"1 minut"},"schema":{"@context":"https:\/\/schema.org","@graph":[{"@type":"Article","@id":"https:\/\/wp.kristdemokraterna.se\/taby\/kommunalrad-i-taby-fornyat-fortroende\/#article","isPartOf":{"@id":"https:\/\/wp.kristdemokraterna.se\/taby\/kommunalrad-i-taby-fornyat-fortroende\/"},"author":{"name":"taby","@id":"https:\/\/wp.kristdemokraterna.se\/taby\/#\/schema\/person\/12b9024c714759d0acdc1da1e754d06c"},"headline":"Eva fick f\u00f6rnyat f\u00f6rtroende","datePublished":"2021-02-02T07:27:49+00:00","dateModified":"2021-02-05T07:33:17+00:00","mainEntityOfPage":{"@id":"https:\/\/wp.kristdemokraterna.se\/taby\/kommunalrad-i-taby-fornyat-fortroende\/"},"wordCount":127,"articleSection":["inl\u00e4gg","Nyheter","Senaste nytt"],"inLanguage":"sv-SE"},{"@type":"WebPage","@id":"https:\/\/wp.kristdemokraterna.se\/taby\/kommunalrad-i-taby-fornyat-fortroende\/","url":"https:\/\/wp.kristdemokraterna.se\/taby\/kommunalrad-i-taby-fornyat-fortroende\/","name":"Kommunalr\u00e5det Eva fick f\u00f6rnyat f\u00f6rtroende f\u00f6r KD T\u00e4by!","isPartOf":{"@id":"https:\/\/wp.kristdemokraterna.se\/taby\/#website"},"datePublished":"2021-02-02T07:27:49+00:00","dateModified":"2021-02-05T07:33:17+00:00","author":{"@id":"https:\/\/wp.kristdemokraterna.se\/taby\/#\/schema\/person\/12b9024c714759d0acdc1da1e754d06c"},"description":"Kommunalr\u00e5det f\u00f6r KD T\u00e4by Eva von Wowern fick f\u00f6rnyat f\u00f6rtroende. F\u00f6lj Evas arbete f\u00f6r att g\u00f6ra T\u00e4by \u00e4n b\u00e4ttre!","breadcrumb":{"@id":"https:\/\/wp.kristdemokraterna.se\/taby\/kommunalrad-i-taby-fornyat-fortroende\/#breadcrumb"},"inLanguage":"sv-SE","potentialAction":[{"@type":"ReadAction","target":["https:\/\/wp.kristdemokraterna.se\/taby\/kommunalrad-i-taby-fornyat-fortroende\/"]}]},{"@type":"BreadcrumbList","@id":"https:\/\/wp.kristdemokraterna.se\/taby\/kommunalrad-i-taby-fornyat-fortroende\/#breadcrumb","itemListElement":[{"@type":"ListItem","position":1,"name":"Hem","item":"https:\/\/wp.kristdemokraterna.se\/taby\/"},{"@type":"ListItem","position":2,"name":"Eva fick f\u00f6rnyat f\u00f6rtroende"}]},{"@type":"WebSite","@id":"https:\/\/wp.kristdemokraterna.se\/taby\/#website","url":"https:\/\/wp.kristdemokraterna.se\/taby\/","name":"T\u00e4by","description":"&quot;Det ska vara l\u00e4ttare att f\u00e5 ihop arbetsliv och familjeliv i T\u00e4by&quot;","inLanguage":"sv-SE"},{"@type":"Person","@id":"https:\/\/wp.kristdemokraterna.se\/taby\/#\/schema\/person\/12b9024c714759d0acdc1da1e754d06c","name":"taby","image":{"@type":"ImageObject","inLanguage":"sv-SE","@id":"https:\/\/secure.gravatar.com\/avatar\/62f6aca44d1f9c34b49438e5fdf4be3554253b04b49a76f013049906786db305?s=96&d=mm&r=g","url":"https:\/\/secure.gravatar.com\/avatar\/62f6aca44d1f9c34b49438e5fdf4be3554253b04b49a76f013049906786db305?s=96&d=mm&r=g","contentUrl":"https:\/\/secure.gravatar.com\/avatar\/62f6aca44d1f9c34b49438e5fdf4be3554253b04b49a76f013049906786db305?s=96&d=mm&r=g","caption":"taby"},"url":"https:\/\/wp.kristdemokraterna.se\/taby\/author\/taby\/"}]}},"_links":{"self":[{"href":"https:\/\/wp.kristdemokraterna.se\/taby\/wp-json\/wp\/v2\/posts\/2215","targetHints":{"allow":["GET"]}}],"collection":[{"href":"https:\/\/wp.kristdemokraterna.se\/taby\/wp-json\/wp\/v2\/posts"}],"about":[{"href":"https:\/\/wp.kristdemokraterna.se\/taby\/wp-json\/wp\/v2\/types\/post"}],"author":[{"embeddable":true,"href":"https:\/\/wp.kristdemokraterna.se\/taby\/wp-json\/wp\/v2\/users\/26"}],"replies":[{"embeddable":true,"href":"https:\/\/wp.kristdemokraterna.se\/taby\/wp-json\/wp\/v2\/comments?post=2215"}],"version-history":[{"count":1,"href":"https:\/\/wp.kristdemokraterna.se\/taby\/wp-json\/wp\/v2\/posts\/2215\/revisions"}],"predecessor-version":[{"id":2217,"href":"https:\/\/wp.kristdemokraterna.se\/taby\/wp-json\/wp\/v2\/posts\/2215\/revisions\/2217"}],"wp:attachment":[{"href":"https:\/\/wp.kristdemokraterna.se\/taby\/wp-json\/wp\/v2\/media?parent=2215"}],"wp:term":[{"taxonomy":"category","embeddable":true,"href":"https:\/\/wp.kristdemokraterna.se\/taby\/wp-json\/wp\/v2\/categories?post=2215"},{"taxonomy":"post_tag","embeddable":true,"href":"https:\/\/wp.kristdemokraterna.se\/taby\/wp-json\/wp\/v2\/tags?post=2215"}],"curies":[{"name":"wp","href":"https:\/\/api.w.org\/{rel}","templated":true}]}}