{"id":2231,"date":"2021-02-14T08:41:25","date_gmt":"2021-02-14T07:41:25","guid":{"rendered":"http:\/\/wp.kristdemokraterna.se\/taby\/?p=2231"},"modified":"2021-02-17T08:46:17","modified_gmt":"2021-02-17T07:46:17","slug":"ingen-av-sveriges-regioner-fungerar","status":"publish","type":"post","link":"https:\/\/wp.kristdemokraterna.se\/taby\/ingen-av-sveriges-regioner-fungerar\/","title":{"rendered":"Ingen av Sveriges regioner fungerar&#8230;"},"content":{"rendered":"<div class=\"\" dir=\"auto\">\n<div id=\"jsc_c_31\" class=\"ecm0bbzt hv4rvrfc ihqw7lf3 dati1w0a\" data-ad-comet-preview=\"message\" data-ad-preview=\"message\">\n<div class=\"j83agx80 cbu4d94t ew0dbk1b irj2b8pg\">\n<div class=\"qzhwtbm6 knvmm38d\">\n<div class=\"kvgmc6g5 cxmmr5t8 oygrvhab hcukyx3x c1et5uql ii04i59q\">\n<div dir=\"auto\">&#8221;Sveriges system med 21 olika regioner har varit en stor besvikelse avseende n\u00e5got av det viktigaste man kan t\u00e4nka sig \u2013 att hantera pandemin&#8221;, s\u00e5 skriver den k\u00e4nde politiske kommentatorn Marcus Oscarsson i en analys av vaccineringsl\u00e4get nu i veckan.<\/div>\n<\/div>\n<div class=\"o9v6fnle cxmmr5t8 oygrvhab hcukyx3x c1et5uql ii04i59q\">\n<div dir=\"auto\">Danmark \u00e4r ett av de EU-l\u00e4nder som har kommit l\u00e4ngst med att vaccinera sin befolkning. En centralt styrd organisation och ett enhetligt bokningssystem uppges som ett par f\u00f6rklaringar bakom framg\u00e5ngarna \u2013 och d\u00e4r Danmark skiljer sig fr\u00e5n Sverige, redovisar tidningen Dagens Nyheter 11 februari.<\/p>\n<\/div>\n<\/div>\n<div class=\"o9v6fnle cxmmr5t8 oygrvhab hcukyx3x c1et5uql ii04i59q\">\n<div dir=\"auto\">Pandemin visar tydligt att vi beh\u00f6ver EN tydlig styrning av v\u00e5rden! Uppdelningen av 21 regioner f\u00f6rsv\u00e5rar arbetet under pandemin, sa Folkh\u00e4lsomyndighetens generaldirekt\u00f6r Johan Carlsson i Ekot i november.<\/p>\n<\/div>\n<\/div>\n<div class=\"o9v6fnle cxmmr5t8 oygrvhab hcukyx3x c1et5uql ii04i59q\">\n<div dir=\"auto\">F\u00f6r att alla &#8211; i hela landet &#8211; ska f\u00e5 tillg\u00e5ng till h\u00f6gkvalitativ v\u00e5rd i tid kr\u00e4vs ett \u00f6kat statligt ansvarstagande f\u00f6r v\u00e5rdens organisation. KD har drivit den h\u00e4r fr\u00e5gan l\u00e4nge och det har gett oss ett grundmurat f\u00f6rtroende i v\u00e5rdfr\u00e5gorna.<\/p>\n<\/div>\n<\/div>\n<div class=\"o9v6fnle cxmmr5t8 oygrvhab hcukyx3x c1et5uql ii04i59q\">\n<div dir=\"auto\">Vi vill b\u00f6rja redan nu med att inf\u00f6ra en nationell v\u00e5rdf\u00f6rmedling. Den nationella v\u00e5rdf\u00f6rmedlingen skulle hj\u00e4lpa patienter som v\u00e4ntat l\u00e4ngre \u00e4n v\u00e5rdgarantins 90 dagar att hitta ledig v\u00e5rdplats var som helst i hela landet.<\/p>\n<\/div>\n<\/div>\n<div class=\"o9v6fnle cxmmr5t8 oygrvhab hcukyx3x c1et5uql ii04i59q\">\n<div dir=\"auto\"><a href=\"https:\/\/l.facebook.com\/l.php?u=http%3A%2F%2FKD.nu%2Fblimedlem%3Ffbclid%3DIwAR3IOtj3UlZNjGB3z_FNCVprZmeOpZaPjp3rE7D-yeXMIt27bep4rhRXY2w&amp;h=AT2cg3rkAnR6jQMU1pQ_eu7WGIMSybY79KIRksXsMglF6nxblD_S8lYPE_X611l4t8SfFIRu1yZ0hHeFvB7odndU52rSIezDANqhKKdOh7IXo6nUrxdore-pkBGY0O1a3ETDcYg&amp;__tn__=-UK-R&amp;c[0]=AT1BbbwHXoeCbVgdJ6ODhjbJ5JnqjwEJuV0O8Np9z2MVRLL-CgY3TgzjPLituoBgwOW9UXFrchjX7xjsrwCukZEfvjIwHsQOHp5Cgr2vr34KsK_taBSpfUP4Kj-FW5yE9U8tzIrT8DdoLx15_oA6S1NfSSVpfOSaSw01pCAtO5RkeLivVzGy3xW3jCVy3LgvAAu2uNKH\" target=\"_blank\" rel=\"noopener\">G\u00e5 med i KD!<\/a><\/div>\n<\/div>\n<\/div>\n<\/div>\n<\/div>\n<\/div>\n","protected":false},"excerpt":{"rendered":"<p>&#8221;Sveriges system med 21 olika regioner har varit en stor besvikelse avseende n\u00e5got av det viktigaste man kan t\u00e4nka sig \u2013 att hantera pandemin&#8221;, s\u00e5 skriver den k\u00e4nde politiske kommentatorn Marcus Oscarsson i en analys av vaccineringsl\u00e4get nu i veckan. Danmark \u00e4r ett av de EU-l\u00e4nder som har kommit l\u00e4ngst med att vaccinera sin befolkning. <a class=\"read-more-link\" href=\"https:\/\/wp.kristdemokraterna.se\/taby\/ingen-av-sveriges-regioner-fungerar\/\">Read More<\/a><\/p>\n","protected":false},"author":26,"featured_media":0,"comment_status":"closed","ping_status":"closed","sticky":false,"template":"","format":"standard","meta":{"_acf_changed":false,"footnotes":""},"categories":[30,29,1],"tags":[],"class_list":["post-2231","post","type-post","status-publish","format-standard","hentry","category-inlagg","category-nyheter","category-okategoriserade"],"acf":[],"yoast_head":"<!-- This site is optimized with the Yoast SEO plugin v27.4 - https:\/\/yoast.com\/product\/yoast-seo-wordpress\/ -->\n<title>Ingen av Sveriges regioner fungerar... Systemet fungerar inte!<\/title>\n<meta name=\"description\" content=\"Det beh\u00f6vs en systemf\u00f6r\u00e4ndring f\u00f6r ingen av Sveriges 21 regioner fungerar i dagsl\u00e4get. L\u00e4s v\u00e5rt f\u00f6rslag h\u00e4r!\" \/>\n<meta name=\"robots\" content=\"index, follow, max-snippet:-1, max-image-preview:large, max-video-preview:-1\" \/>\n<link rel=\"canonical\" href=\"https:\/\/wp.kristdemokraterna.se\/taby\/ingen-av-sveriges-regioner-fungerar\/\" \/>\n<meta property=\"og:locale\" content=\"sv_SE\" \/>\n<meta property=\"og:type\" content=\"article\" \/>\n<meta property=\"og:title\" content=\"Ingen av Sveriges regioner fungerar... Systemet fungerar inte!\" \/>\n<meta property=\"og:description\" content=\"Det beh\u00f6vs en systemf\u00f6r\u00e4ndring f\u00f6r ingen av Sveriges 21 regioner fungerar i dagsl\u00e4get. L\u00e4s v\u00e5rt f\u00f6rslag h\u00e4r!\" \/>\n<meta property=\"og:url\" content=\"https:\/\/wp.kristdemokraterna.se\/taby\/ingen-av-sveriges-regioner-fungerar\/\" \/>\n<meta property=\"og:site_name\" content=\"T\u00e4by\" \/>\n<meta property=\"article:published_time\" content=\"2021-02-14T07:41:25+00:00\" \/>\n<meta property=\"article:modified_time\" content=\"2021-02-17T07:46:17+00:00\" \/>\n<meta name=\"author\" content=\"taby\" \/>\n<meta name=\"twitter:card\" content=\"summary_large_image\" \/>\n<meta name=\"twitter:label1\" content=\"Skriven av\" \/>\n\t<meta name=\"twitter:data1\" content=\"taby\" \/>\n\t<meta name=\"twitter:label2\" content=\"Ber\u00e4knad l\u00e4stid\" \/>\n\t<meta name=\"twitter:data2\" content=\"1 minut\" \/>\n<script type=\"application\/ld+json\" class=\"yoast-schema-graph\">{\"@context\":\"https:\\\/\\\/schema.org\",\"@graph\":[{\"@type\":\"Article\",\"@id\":\"https:\\\/\\\/wp.kristdemokraterna.se\\\/taby\\\/ingen-av-sveriges-regioner-fungerar\\\/#article\",\"isPartOf\":{\"@id\":\"https:\\\/\\\/wp.kristdemokraterna.se\\\/taby\\\/ingen-av-sveriges-regioner-fungerar\\\/\"},\"author\":{\"name\":\"taby\",\"@id\":\"https:\\\/\\\/wp.kristdemokraterna.se\\\/taby\\\/#\\\/schema\\\/person\\\/12b9024c714759d0acdc1da1e754d06c\"},\"headline\":\"Ingen av Sveriges regioner fungerar&#8230;\",\"datePublished\":\"2021-02-14T07:41:25+00:00\",\"dateModified\":\"2021-02-17T07:46:17+00:00\",\"mainEntityOfPage\":{\"@id\":\"https:\\\/\\\/wp.kristdemokraterna.se\\\/taby\\\/ingen-av-sveriges-regioner-fungerar\\\/\"},\"wordCount\":230,\"articleSection\":[\"inl\u00e4gg\",\"Nyheter\",\"Senaste nytt\"],\"inLanguage\":\"sv-SE\"},{\"@type\":\"WebPage\",\"@id\":\"https:\\\/\\\/wp.kristdemokraterna.se\\\/taby\\\/ingen-av-sveriges-regioner-fungerar\\\/\",\"url\":\"https:\\\/\\\/wp.kristdemokraterna.se\\\/taby\\\/ingen-av-sveriges-regioner-fungerar\\\/\",\"name\":\"Ingen av Sveriges regioner fungerar... Systemet fungerar inte!\",\"isPartOf\":{\"@id\":\"https:\\\/\\\/wp.kristdemokraterna.se\\\/taby\\\/#website\"},\"datePublished\":\"2021-02-14T07:41:25+00:00\",\"dateModified\":\"2021-02-17T07:46:17+00:00\",\"author\":{\"@id\":\"https:\\\/\\\/wp.kristdemokraterna.se\\\/taby\\\/#\\\/schema\\\/person\\\/12b9024c714759d0acdc1da1e754d06c\"},\"description\":\"Det beh\u00f6vs en systemf\u00f6r\u00e4ndring f\u00f6r ingen av Sveriges 21 regioner fungerar i dagsl\u00e4get. L\u00e4s v\u00e5rt f\u00f6rslag h\u00e4r!\",\"breadcrumb\":{\"@id\":\"https:\\\/\\\/wp.kristdemokraterna.se\\\/taby\\\/ingen-av-sveriges-regioner-fungerar\\\/#breadcrumb\"},\"inLanguage\":\"sv-SE\",\"potentialAction\":[{\"@type\":\"ReadAction\",\"target\":[\"https:\\\/\\\/wp.kristdemokraterna.se\\\/taby\\\/ingen-av-sveriges-regioner-fungerar\\\/\"]}]},{\"@type\":\"BreadcrumbList\",\"@id\":\"https:\\\/\\\/wp.kristdemokraterna.se\\\/taby\\\/ingen-av-sveriges-regioner-fungerar\\\/#breadcrumb\",\"itemListElement\":[{\"@type\":\"ListItem\",\"position\":1,\"name\":\"Hem\",\"item\":\"https:\\\/\\\/wp.kristdemokraterna.se\\\/taby\\\/\"},{\"@type\":\"ListItem\",\"position\":2,\"name\":\"Ingen av Sveriges regioner fungerar&#8230;\"}]},{\"@type\":\"WebSite\",\"@id\":\"https:\\\/\\\/wp.kristdemokraterna.se\\\/taby\\\/#website\",\"url\":\"https:\\\/\\\/wp.kristdemokraterna.se\\\/taby\\\/\",\"name\":\"T\u00e4by\",\"description\":\"&quot;Det ska vara l\u00e4ttare att f\u00e5 ihop arbetsliv och familjeliv i T\u00e4by&quot;\",\"inLanguage\":\"sv-SE\"},{\"@type\":\"Person\",\"@id\":\"https:\\\/\\\/wp.kristdemokraterna.se\\\/taby\\\/#\\\/schema\\\/person\\\/12b9024c714759d0acdc1da1e754d06c\",\"name\":\"taby\",\"image\":{\"@type\":\"ImageObject\",\"inLanguage\":\"sv-SE\",\"@id\":\"https:\\\/\\\/secure.gravatar.com\\\/avatar\\\/62f6aca44d1f9c34b49438e5fdf4be3554253b04b49a76f013049906786db305?s=96&d=mm&r=g\",\"url\":\"https:\\\/\\\/secure.gravatar.com\\\/avatar\\\/62f6aca44d1f9c34b49438e5fdf4be3554253b04b49a76f013049906786db305?s=96&d=mm&r=g\",\"contentUrl\":\"https:\\\/\\\/secure.gravatar.com\\\/avatar\\\/62f6aca44d1f9c34b49438e5fdf4be3554253b04b49a76f013049906786db305?s=96&d=mm&r=g\",\"caption\":\"taby\"},\"url\":\"https:\\\/\\\/wp.kristdemokraterna.se\\\/taby\\\/author\\\/taby\\\/\"}]}<\/script>\n<!-- \/ Yoast SEO plugin. -->","yoast_head_json":{"title":"Ingen av Sveriges regioner fungerar... Systemet fungerar inte!","description":"Det beh\u00f6vs en systemf\u00f6r\u00e4ndring f\u00f6r ingen av Sveriges 21 regioner fungerar i dagsl\u00e4get. L\u00e4s v\u00e5rt f\u00f6rslag h\u00e4r!","robots":{"index":"index","follow":"follow","max-snippet":"max-snippet:-1","max-image-preview":"max-image-preview:large","max-video-preview":"max-video-preview:-1"},"canonical":"https:\/\/wp.kristdemokraterna.se\/taby\/ingen-av-sveriges-regioner-fungerar\/","og_locale":"sv_SE","og_type":"article","og_title":"Ingen av Sveriges regioner fungerar... Systemet fungerar inte!","og_description":"Det beh\u00f6vs en systemf\u00f6r\u00e4ndring f\u00f6r ingen av Sveriges 21 regioner fungerar i dagsl\u00e4get. L\u00e4s v\u00e5rt f\u00f6rslag h\u00e4r!","og_url":"https:\/\/wp.kristdemokraterna.se\/taby\/ingen-av-sveriges-regioner-fungerar\/","og_site_name":"T\u00e4by","article_published_time":"2021-02-14T07:41:25+00:00","article_modified_time":"2021-02-17T07:46:17+00:00","author":"taby","twitter_card":"summary_large_image","twitter_misc":{"Skriven av":"taby","Ber\u00e4knad l\u00e4stid":"1 minut"},"schema":{"@context":"https:\/\/schema.org","@graph":[{"@type":"Article","@id":"https:\/\/wp.kristdemokraterna.se\/taby\/ingen-av-sveriges-regioner-fungerar\/#article","isPartOf":{"@id":"https:\/\/wp.kristdemokraterna.se\/taby\/ingen-av-sveriges-regioner-fungerar\/"},"author":{"name":"taby","@id":"https:\/\/wp.kristdemokraterna.se\/taby\/#\/schema\/person\/12b9024c714759d0acdc1da1e754d06c"},"headline":"Ingen av Sveriges regioner fungerar&#8230;","datePublished":"2021-02-14T07:41:25+00:00","dateModified":"2021-02-17T07:46:17+00:00","mainEntityOfPage":{"@id":"https:\/\/wp.kristdemokraterna.se\/taby\/ingen-av-sveriges-regioner-fungerar\/"},"wordCount":230,"articleSection":["inl\u00e4gg","Nyheter","Senaste nytt"],"inLanguage":"sv-SE"},{"@type":"WebPage","@id":"https:\/\/wp.kristdemokraterna.se\/taby\/ingen-av-sveriges-regioner-fungerar\/","url":"https:\/\/wp.kristdemokraterna.se\/taby\/ingen-av-sveriges-regioner-fungerar\/","name":"Ingen av Sveriges regioner fungerar... Systemet fungerar inte!","isPartOf":{"@id":"https:\/\/wp.kristdemokraterna.se\/taby\/#website"},"datePublished":"2021-02-14T07:41:25+00:00","dateModified":"2021-02-17T07:46:17+00:00","author":{"@id":"https:\/\/wp.kristdemokraterna.se\/taby\/#\/schema\/person\/12b9024c714759d0acdc1da1e754d06c"},"description":"Det beh\u00f6vs en systemf\u00f6r\u00e4ndring f\u00f6r ingen av Sveriges 21 regioner fungerar i dagsl\u00e4get. L\u00e4s v\u00e5rt f\u00f6rslag h\u00e4r!","breadcrumb":{"@id":"https:\/\/wp.kristdemokraterna.se\/taby\/ingen-av-sveriges-regioner-fungerar\/#breadcrumb"},"inLanguage":"sv-SE","potentialAction":[{"@type":"ReadAction","target":["https:\/\/wp.kristdemokraterna.se\/taby\/ingen-av-sveriges-regioner-fungerar\/"]}]},{"@type":"BreadcrumbList","@id":"https:\/\/wp.kristdemokraterna.se\/taby\/ingen-av-sveriges-regioner-fungerar\/#breadcrumb","itemListElement":[{"@type":"ListItem","position":1,"name":"Hem","item":"https:\/\/wp.kristdemokraterna.se\/taby\/"},{"@type":"ListItem","position":2,"name":"Ingen av Sveriges regioner fungerar&#8230;"}]},{"@type":"WebSite","@id":"https:\/\/wp.kristdemokraterna.se\/taby\/#website","url":"https:\/\/wp.kristdemokraterna.se\/taby\/","name":"T\u00e4by","description":"&quot;Det ska vara l\u00e4ttare att f\u00e5 ihop arbetsliv och familjeliv i T\u00e4by&quot;","inLanguage":"sv-SE"},{"@type":"Person","@id":"https:\/\/wp.kristdemokraterna.se\/taby\/#\/schema\/person\/12b9024c714759d0acdc1da1e754d06c","name":"taby","image":{"@type":"ImageObject","inLanguage":"sv-SE","@id":"https:\/\/secure.gravatar.com\/avatar\/62f6aca44d1f9c34b49438e5fdf4be3554253b04b49a76f013049906786db305?s=96&d=mm&r=g","url":"https:\/\/secure.gravatar.com\/avatar\/62f6aca44d1f9c34b49438e5fdf4be3554253b04b49a76f013049906786db305?s=96&d=mm&r=g","contentUrl":"https:\/\/secure.gravatar.com\/avatar\/62f6aca44d1f9c34b49438e5fdf4be3554253b04b49a76f013049906786db305?s=96&d=mm&r=g","caption":"taby"},"url":"https:\/\/wp.kristdemokraterna.se\/taby\/author\/taby\/"}]}},"_links":{"self":[{"href":"https:\/\/wp.kristdemokraterna.se\/taby\/wp-json\/wp\/v2\/posts\/2231","targetHints":{"allow":["GET"]}}],"collection":[{"href":"https:\/\/wp.kristdemokraterna.se\/taby\/wp-json\/wp\/v2\/posts"}],"about":[{"href":"https:\/\/wp.kristdemokraterna.se\/taby\/wp-json\/wp\/v2\/types\/post"}],"author":[{"embeddable":true,"href":"https:\/\/wp.kristdemokraterna.se\/taby\/wp-json\/wp\/v2\/users\/26"}],"replies":[{"embeddable":true,"href":"https:\/\/wp.kristdemokraterna.se\/taby\/wp-json\/wp\/v2\/comments?post=2231"}],"version-history":[{"count":1,"href":"https:\/\/wp.kristdemokraterna.se\/taby\/wp-json\/wp\/v2\/posts\/2231\/revisions"}],"predecessor-version":[{"id":2233,"href":"https:\/\/wp.kristdemokraterna.se\/taby\/wp-json\/wp\/v2\/posts\/2231\/revisions\/2233"}],"wp:attachment":[{"href":"https:\/\/wp.kristdemokraterna.se\/taby\/wp-json\/wp\/v2\/media?parent=2231"}],"wp:term":[{"taxonomy":"category","embeddable":true,"href":"https:\/\/wp.kristdemokraterna.se\/taby\/wp-json\/wp\/v2\/categories?post=2231"},{"taxonomy":"post_tag","embeddable":true,"href":"https:\/\/wp.kristdemokraterna.se\/taby\/wp-json\/wp\/v2\/tags?post=2231"}],"curies":[{"name":"wp","href":"https:\/\/api.w.org\/{rel}","templated":true}]}}