{"id":2235,"date":"2021-03-08T11:41:26","date_gmt":"2021-03-08T10:41:26","guid":{"rendered":"http:\/\/wp.kristdemokraterna.se\/taby\/?p=2235"},"modified":"2021-03-08T11:41:26","modified_gmt":"2021-03-08T10:41:26","slug":"brott-mot-kvinnor-maste-straffas-hardare","status":"publish","type":"post","link":"https:\/\/wp.kristdemokraterna.se\/taby\/brott-mot-kvinnor-maste-straffas-hardare\/","title":{"rendered":"Brott mot kvinnor m\u00e5ste straffas h\u00e5rdare"},"content":{"rendered":"<div class=\"\" dir=\"auto\">\n<div id=\"jsc_c_31\" class=\"ecm0bbzt hv4rvrfc ihqw7lf3 dati1w0a\" data-ad-comet-preview=\"message\" data-ad-preview=\"message\">\n<div class=\"j83agx80 cbu4d94t ew0dbk1b irj2b8pg\">\n<div class=\"qzhwtbm6 knvmm38d\">\n<div class=\"kvgmc6g5 cxmmr5t8 oygrvhab hcukyx3x c1et5uql ii04i59q\">\n<div dir=\"auto\">J\u00e4mst\u00e4lldhet reduceras f\u00f6r ofta till symbolfr\u00e5gor. Det kan vi inte acceptera samtidigt som kvinnors trygghet alltmer f\u00f6rs\u00e4mras. Kvinnor har samma r\u00e4tt som m\u00e4n att vistas i det offentliga rummet.<\/div>\n<div dir=\"auto\"><\/div>\n<\/div>\n<div class=\"o9v6fnle cxmmr5t8 oygrvhab hcukyx3x c1et5uql ii04i59q\">\n<div dir=\"auto\">Man ska inte som kvinna beh\u00f6va se sig \u00f6ver axeln och k\u00e4nna sig otrygg n\u00e4r man g\u00e5r en kv\u00e4llspromenad. Eller n\u00e4r man v\u00e4l tagit sig modet att anm\u00e4la en v\u00e5ldt\u00e4kt. D\u00e5 ska man inte beh\u00f6va m\u00f6ta sin f\u00f6r\u00f6vare i matbutiken dagen d\u00e4rp\u00e5.<\/div>\n<div dir=\"auto\"><\/div>\n<\/div>\n<div class=\"o9v6fnle cxmmr5t8 oygrvhab hcukyx3x c1et5uql ii04i59q\">\n<div dir=\"auto\">Det \u00e4r brottsoffret, inte f\u00f6r\u00f6varen som ska st\u00e5 i centrum. Det m\u00e5ste straffa sig h\u00e5rdare att beg\u00e5 den h\u00e4r typen av brott &#8211; de drabbar dessutom fr\u00e4mst kvinnor. Vi beh\u00f6ver ha straff som st\u00e5r i proportion till den kr\u00e4nkning som m\u00e4nniskov\u00e4rdet uts\u00e4tts f\u00f6r.<\/div>\n<div dir=\"auto\"><\/div>\n<\/div>\n<div class=\"o9v6fnle cxmmr5t8 oygrvhab hcukyx3x c1et5uql ii04i59q\">\n<div dir=\"auto\"><span class=\"pq6dq46d tbxw36s4 knj5qynh kvgmc6g5 ditlmg2l oygrvhab nvdbi5me sf5mxxl7 gl3lb2sf hhz5lgdu\"><img loading=\"lazy\" decoding=\"async\" src=\"https:\/\/static.xx.fbcdn.net\/images\/emoji.php\/v9\/tb4\/2\/16\/2705.png\" alt=\"\u2705\" width=\"16\" height=\"16\" \/><\/span> H\u00f6j straffet f\u00f6r v\u00e5ldt\u00e4kt<\/div>\n<\/div>\n<div class=\"o9v6fnle cxmmr5t8 oygrvhab hcukyx3x c1et5uql ii04i59q\">\n<div dir=\"auto\"><span class=\"pq6dq46d tbxw36s4 knj5qynh kvgmc6g5 ditlmg2l oygrvhab nvdbi5me sf5mxxl7 gl3lb2sf hhz5lgdu\"><img loading=\"lazy\" decoding=\"async\" src=\"https:\/\/static.xx.fbcdn.net\/images\/emoji.php\/v9\/tb4\/2\/16\/2705.png\" alt=\"\u2705\" width=\"16\" height=\"16\" \/><\/span> Ingen preskriptionstid p\u00e5 grov v\u00e5ldt\u00e4kt<\/div>\n<\/div>\n<div class=\"o9v6fnle cxmmr5t8 oygrvhab hcukyx3x c1et5uql ii04i59q\">\n<div dir=\"auto\"><span class=\"pq6dq46d tbxw36s4 knj5qynh kvgmc6g5 ditlmg2l oygrvhab nvdbi5me sf5mxxl7 gl3lb2sf hhz5lgdu\"><img loading=\"lazy\" decoding=\"async\" src=\"https:\/\/static.xx.fbcdn.net\/images\/emoji.php\/v9\/tb4\/2\/16\/2705.png\" alt=\"\u2705\" width=\"16\" height=\"16\" \/><\/span> Sexualbrottsoffer ska inte beh\u00f6va driva in sitt skadest\u00e5nd<\/div>\n<\/div>\n<div class=\"o9v6fnle cxmmr5t8 oygrvhab hcukyx3x c1et5uql ii04i59q\">\n<div dir=\"auto\"><span class=\"pq6dq46d tbxw36s4 knj5qynh kvgmc6g5 ditlmg2l oygrvhab nvdbi5me sf5mxxl7 gl3lb2sf hhz5lgdu\"><img loading=\"lazy\" decoding=\"async\" src=\"https:\/\/static.xx.fbcdn.net\/images\/emoji.php\/v9\/tb4\/2\/16\/2705.png\" alt=\"\u2705\" width=\"16\" height=\"16\" \/><\/span> R\u00e4tt till m\u00e5ls\u00e4garbitr\u00e4de \u00e4ven i h\u00f6gre instanser<\/div>\n<\/div>\n<div class=\"o9v6fnle cxmmr5t8 oygrvhab hcukyx3x c1et5uql ii04i59q\">\n<div dir=\"auto\"><span class=\"pq6dq46d tbxw36s4 knj5qynh kvgmc6g5 ditlmg2l oygrvhab nvdbi5me sf5mxxl7 gl3lb2sf hhz5lgdu\"><img loading=\"lazy\" decoding=\"async\" src=\"https:\/\/static.xx.fbcdn.net\/images\/emoji.php\/v9\/tb4\/2\/16\/2705.png\" alt=\"\u2705\" width=\"16\" height=\"16\" \/><\/span> Bygg ut kriminalv\u00e5rden och l\u00e5t utl\u00e4ndska brottslingar avtj\u00e4na straff i sina heml\u00e4nder<\/div>\n<div dir=\"auto\"><\/div>\n<\/div>\n<div class=\"o9v6fnle cxmmr5t8 oygrvhab hcukyx3x c1et5uql ii04i59q\">\n<div dir=\"auto\">Det h\u00e4r f\u00f6resl\u00e5r v\u00e5r partiledare Ebba Busch tillsammans med D\u00e9sir\u00e9e Pethrus som driver v\u00e5r j\u00e4mst\u00e4lldhetspolitiska id\u00e9grupp.<\/div>\n<div dir=\"auto\"><\/div>\n<\/div>\n<div class=\"o9v6fnle cxmmr5t8 oygrvhab hcukyx3x c1et5uql ii04i59q\">\n<div dir=\"auto\"><a href=\"https:\/\/l.facebook.com\/l.php?u=http%3A%2F%2FKD.nu%2F8mars%3Ffbclid%3DIwAR3ltiPyPFMmZ3NCLTlkAWVD3NTwvxsZEgiQtwgF1c44GVfExjhAOjHIJnA&amp;h=AT2ZLB2FOuKvN07RSK3VHnQA-SvRLF5BYq_V-7On67C_aRTNh6xhJ2csQa4vF9gEfd7qZpE5d5o2mRafFYpvK3HEqJXNpbflhWXuFm0vYrrkclg9F6PVrMltvheeg31SyGW8U6Q&amp;__tn__=-UK-R&amp;c[0]=AT1QEzjmLB-NlMdeD6cfcaOgTD-Pa665hXAAy3o7rzzWmM1GEy8XVvsHsKnDQTH4rOOTXCbzFfyewGlADCdbysmXBQVrvc4coQpJTphbMRKA2LslqIwZu5xvs-2ugoQ7_cdlrwNIClqYQm88dHg74CqQD0jQkVqn7Zmt8ga0maQQ8395_vnVZdhhyDPAqssmr6u6lQJh\" target=\"_blank\" rel=\"noopener\">L\u00e4s hela artikeln i Expressen h\u00e4r!<\/a><\/div>\n<\/div>\n<\/div>\n<\/div>\n<\/div>\n<\/div>\n","protected":false},"excerpt":{"rendered":"<p>J\u00e4mst\u00e4lldhet reduceras f\u00f6r ofta till symbolfr\u00e5gor. Det kan vi inte acceptera samtidigt som kvinnors trygghet alltmer f\u00f6rs\u00e4mras. Kvinnor har samma r\u00e4tt som m\u00e4n att vistas i det offentliga rummet. Man ska inte som kvinna beh\u00f6va se sig \u00f6ver axeln och k\u00e4nna sig otrygg n\u00e4r man g\u00e5r en kv\u00e4llspromenad. Eller n\u00e4r man v\u00e4l tagit sig modet <a class=\"read-more-link\" href=\"https:\/\/wp.kristdemokraterna.se\/taby\/brott-mot-kvinnor-maste-straffas-hardare\/\">Read More<\/a><\/p>\n","protected":false},"author":26,"featured_media":0,"comment_status":"closed","ping_status":"closed","sticky":false,"template":"","format":"standard","meta":{"_acf_changed":false,"footnotes":""},"categories":[30,29,1],"tags":[],"class_list":["post-2235","post","type-post","status-publish","format-standard","hentry","category-inlagg","category-nyheter","category-okategoriserade"],"acf":[],"yoast_head":"<!-- This site is optimized with the Yoast SEO plugin v27.4 - https:\/\/yoast.com\/product\/yoast-seo-wordpress\/ -->\n<title>Brott mot kvinnor m\u00e5ste straffas h\u00e5rdare !<\/title>\n<meta name=\"description\" content=\"Det \u00e4r brottsoffret, inte f\u00f6r\u00f6varen som ska st\u00e5 i centrum. Det m\u00e5ste straffa sig h\u00e5rdare att beg\u00e5 den h\u00e4r typen av brott!\" \/>\n<meta name=\"robots\" content=\"index, follow, max-snippet:-1, max-image-preview:large, max-video-preview:-1\" \/>\n<link rel=\"canonical\" href=\"https:\/\/wp.kristdemokraterna.se\/taby\/brott-mot-kvinnor-maste-straffas-hardare\/\" \/>\n<meta property=\"og:locale\" content=\"sv_SE\" \/>\n<meta property=\"og:type\" content=\"article\" \/>\n<meta property=\"og:title\" content=\"Brott mot kvinnor m\u00e5ste straffas h\u00e5rdare !\" \/>\n<meta property=\"og:description\" content=\"Det \u00e4r brottsoffret, inte f\u00f6r\u00f6varen som ska st\u00e5 i centrum. Det m\u00e5ste straffa sig h\u00e5rdare att beg\u00e5 den h\u00e4r typen av brott!\" \/>\n<meta property=\"og:url\" content=\"https:\/\/wp.kristdemokraterna.se\/taby\/brott-mot-kvinnor-maste-straffas-hardare\/\" \/>\n<meta property=\"og:site_name\" content=\"T\u00e4by\" \/>\n<meta property=\"article:published_time\" content=\"2021-03-08T10:41:26+00:00\" \/>\n<meta property=\"og:image\" content=\"https:\/\/static.xx.fbcdn.net\/images\/emoji.php\/v9\/tb4\/2\/16\/2705.png\" \/>\n<meta name=\"author\" content=\"taby\" \/>\n<meta name=\"twitter:card\" content=\"summary_large_image\" \/>\n<meta name=\"twitter:label1\" content=\"Skriven av\" \/>\n\t<meta name=\"twitter:data1\" content=\"taby\" \/>\n\t<meta name=\"twitter:label2\" content=\"Ber\u00e4knad l\u00e4stid\" \/>\n\t<meta name=\"twitter:data2\" content=\"2 minuter\" \/>\n<script type=\"application\/ld+json\" class=\"yoast-schema-graph\">{\"@context\":\"https:\\\/\\\/schema.org\",\"@graph\":[{\"@type\":\"Article\",\"@id\":\"https:\\\/\\\/wp.kristdemokraterna.se\\\/taby\\\/brott-mot-kvinnor-maste-straffas-hardare\\\/#article\",\"isPartOf\":{\"@id\":\"https:\\\/\\\/wp.kristdemokraterna.se\\\/taby\\\/brott-mot-kvinnor-maste-straffas-hardare\\\/\"},\"author\":{\"name\":\"taby\",\"@id\":\"https:\\\/\\\/wp.kristdemokraterna.se\\\/taby\\\/#\\\/schema\\\/person\\\/12b9024c714759d0acdc1da1e754d06c\"},\"headline\":\"Brott mot kvinnor m\u00e5ste straffas h\u00e5rdare\",\"datePublished\":\"2021-03-08T10:41:26+00:00\",\"mainEntityOfPage\":{\"@id\":\"https:\\\/\\\/wp.kristdemokraterna.se\\\/taby\\\/brott-mot-kvinnor-maste-straffas-hardare\\\/\"},\"wordCount\":246,\"image\":{\"@id\":\"https:\\\/\\\/wp.kristdemokraterna.se\\\/taby\\\/brott-mot-kvinnor-maste-straffas-hardare\\\/#primaryimage\"},\"thumbnailUrl\":\"https:\\\/\\\/static.xx.fbcdn.net\\\/images\\\/emoji.php\\\/v9\\\/tb4\\\/2\\\/16\\\/2705.png\",\"articleSection\":[\"inl\u00e4gg\",\"Nyheter\",\"Senaste nytt\"],\"inLanguage\":\"sv-SE\"},{\"@type\":\"WebPage\",\"@id\":\"https:\\\/\\\/wp.kristdemokraterna.se\\\/taby\\\/brott-mot-kvinnor-maste-straffas-hardare\\\/\",\"url\":\"https:\\\/\\\/wp.kristdemokraterna.se\\\/taby\\\/brott-mot-kvinnor-maste-straffas-hardare\\\/\",\"name\":\"Brott mot kvinnor m\u00e5ste straffas h\u00e5rdare !\",\"isPartOf\":{\"@id\":\"https:\\\/\\\/wp.kristdemokraterna.se\\\/taby\\\/#website\"},\"primaryImageOfPage\":{\"@id\":\"https:\\\/\\\/wp.kristdemokraterna.se\\\/taby\\\/brott-mot-kvinnor-maste-straffas-hardare\\\/#primaryimage\"},\"image\":{\"@id\":\"https:\\\/\\\/wp.kristdemokraterna.se\\\/taby\\\/brott-mot-kvinnor-maste-straffas-hardare\\\/#primaryimage\"},\"thumbnailUrl\":\"https:\\\/\\\/static.xx.fbcdn.net\\\/images\\\/emoji.php\\\/v9\\\/tb4\\\/2\\\/16\\\/2705.png\",\"datePublished\":\"2021-03-08T10:41:26+00:00\",\"author\":{\"@id\":\"https:\\\/\\\/wp.kristdemokraterna.se\\\/taby\\\/#\\\/schema\\\/person\\\/12b9024c714759d0acdc1da1e754d06c\"},\"description\":\"Det \u00e4r brottsoffret, inte f\u00f6r\u00f6varen som ska st\u00e5 i centrum. Det m\u00e5ste straffa sig h\u00e5rdare att beg\u00e5 den h\u00e4r typen av brott!\",\"breadcrumb\":{\"@id\":\"https:\\\/\\\/wp.kristdemokraterna.se\\\/taby\\\/brott-mot-kvinnor-maste-straffas-hardare\\\/#breadcrumb\"},\"inLanguage\":\"sv-SE\",\"potentialAction\":[{\"@type\":\"ReadAction\",\"target\":[\"https:\\\/\\\/wp.kristdemokraterna.se\\\/taby\\\/brott-mot-kvinnor-maste-straffas-hardare\\\/\"]}]},{\"@type\":\"ImageObject\",\"inLanguage\":\"sv-SE\",\"@id\":\"https:\\\/\\\/wp.kristdemokraterna.se\\\/taby\\\/brott-mot-kvinnor-maste-straffas-hardare\\\/#primaryimage\",\"url\":\"https:\\\/\\\/static.xx.fbcdn.net\\\/images\\\/emoji.php\\\/v9\\\/tb4\\\/2\\\/16\\\/2705.png\",\"contentUrl\":\"https:\\\/\\\/static.xx.fbcdn.net\\\/images\\\/emoji.php\\\/v9\\\/tb4\\\/2\\\/16\\\/2705.png\"},{\"@type\":\"BreadcrumbList\",\"@id\":\"https:\\\/\\\/wp.kristdemokraterna.se\\\/taby\\\/brott-mot-kvinnor-maste-straffas-hardare\\\/#breadcrumb\",\"itemListElement\":[{\"@type\":\"ListItem\",\"position\":1,\"name\":\"Hem\",\"item\":\"https:\\\/\\\/wp.kristdemokraterna.se\\\/taby\\\/\"},{\"@type\":\"ListItem\",\"position\":2,\"name\":\"Brott mot kvinnor m\u00e5ste straffas h\u00e5rdare\"}]},{\"@type\":\"WebSite\",\"@id\":\"https:\\\/\\\/wp.kristdemokraterna.se\\\/taby\\\/#website\",\"url\":\"https:\\\/\\\/wp.kristdemokraterna.se\\\/taby\\\/\",\"name\":\"T\u00e4by\",\"description\":\"&quot;Det ska vara l\u00e4ttare att f\u00e5 ihop arbetsliv och familjeliv i T\u00e4by&quot;\",\"inLanguage\":\"sv-SE\"},{\"@type\":\"Person\",\"@id\":\"https:\\\/\\\/wp.kristdemokraterna.se\\\/taby\\\/#\\\/schema\\\/person\\\/12b9024c714759d0acdc1da1e754d06c\",\"name\":\"taby\",\"image\":{\"@type\":\"ImageObject\",\"inLanguage\":\"sv-SE\",\"@id\":\"https:\\\/\\\/secure.gravatar.com\\\/avatar\\\/62f6aca44d1f9c34b49438e5fdf4be3554253b04b49a76f013049906786db305?s=96&d=mm&r=g\",\"url\":\"https:\\\/\\\/secure.gravatar.com\\\/avatar\\\/62f6aca44d1f9c34b49438e5fdf4be3554253b04b49a76f013049906786db305?s=96&d=mm&r=g\",\"contentUrl\":\"https:\\\/\\\/secure.gravatar.com\\\/avatar\\\/62f6aca44d1f9c34b49438e5fdf4be3554253b04b49a76f013049906786db305?s=96&d=mm&r=g\",\"caption\":\"taby\"},\"url\":\"https:\\\/\\\/wp.kristdemokraterna.se\\\/taby\\\/author\\\/taby\\\/\"}]}<\/script>\n<!-- \/ Yoast SEO plugin. -->","yoast_head_json":{"title":"Brott mot kvinnor m\u00e5ste straffas h\u00e5rdare !","description":"Det \u00e4r brottsoffret, inte f\u00f6r\u00f6varen som ska st\u00e5 i centrum. Det m\u00e5ste straffa sig h\u00e5rdare att beg\u00e5 den h\u00e4r typen av brott!","robots":{"index":"index","follow":"follow","max-snippet":"max-snippet:-1","max-image-preview":"max-image-preview:large","max-video-preview":"max-video-preview:-1"},"canonical":"https:\/\/wp.kristdemokraterna.se\/taby\/brott-mot-kvinnor-maste-straffas-hardare\/","og_locale":"sv_SE","og_type":"article","og_title":"Brott mot kvinnor m\u00e5ste straffas h\u00e5rdare !","og_description":"Det \u00e4r brottsoffret, inte f\u00f6r\u00f6varen som ska st\u00e5 i centrum. Det m\u00e5ste straffa sig h\u00e5rdare att beg\u00e5 den h\u00e4r typen av brott!","og_url":"https:\/\/wp.kristdemokraterna.se\/taby\/brott-mot-kvinnor-maste-straffas-hardare\/","og_site_name":"T\u00e4by","article_published_time":"2021-03-08T10:41:26+00:00","og_image":[{"url":"https:\/\/static.xx.fbcdn.net\/images\/emoji.php\/v9\/tb4\/2\/16\/2705.png","type":"","width":"","height":""}],"author":"taby","twitter_card":"summary_large_image","twitter_misc":{"Skriven av":"taby","Ber\u00e4knad l\u00e4stid":"2 minuter"},"schema":{"@context":"https:\/\/schema.org","@graph":[{"@type":"Article","@id":"https:\/\/wp.kristdemokraterna.se\/taby\/brott-mot-kvinnor-maste-straffas-hardare\/#article","isPartOf":{"@id":"https:\/\/wp.kristdemokraterna.se\/taby\/brott-mot-kvinnor-maste-straffas-hardare\/"},"author":{"name":"taby","@id":"https:\/\/wp.kristdemokraterna.se\/taby\/#\/schema\/person\/12b9024c714759d0acdc1da1e754d06c"},"headline":"Brott mot kvinnor m\u00e5ste straffas h\u00e5rdare","datePublished":"2021-03-08T10:41:26+00:00","mainEntityOfPage":{"@id":"https:\/\/wp.kristdemokraterna.se\/taby\/brott-mot-kvinnor-maste-straffas-hardare\/"},"wordCount":246,"image":{"@id":"https:\/\/wp.kristdemokraterna.se\/taby\/brott-mot-kvinnor-maste-straffas-hardare\/#primaryimage"},"thumbnailUrl":"https:\/\/static.xx.fbcdn.net\/images\/emoji.php\/v9\/tb4\/2\/16\/2705.png","articleSection":["inl\u00e4gg","Nyheter","Senaste nytt"],"inLanguage":"sv-SE"},{"@type":"WebPage","@id":"https:\/\/wp.kristdemokraterna.se\/taby\/brott-mot-kvinnor-maste-straffas-hardare\/","url":"https:\/\/wp.kristdemokraterna.se\/taby\/brott-mot-kvinnor-maste-straffas-hardare\/","name":"Brott mot kvinnor m\u00e5ste straffas h\u00e5rdare !","isPartOf":{"@id":"https:\/\/wp.kristdemokraterna.se\/taby\/#website"},"primaryImageOfPage":{"@id":"https:\/\/wp.kristdemokraterna.se\/taby\/brott-mot-kvinnor-maste-straffas-hardare\/#primaryimage"},"image":{"@id":"https:\/\/wp.kristdemokraterna.se\/taby\/brott-mot-kvinnor-maste-straffas-hardare\/#primaryimage"},"thumbnailUrl":"https:\/\/static.xx.fbcdn.net\/images\/emoji.php\/v9\/tb4\/2\/16\/2705.png","datePublished":"2021-03-08T10:41:26+00:00","author":{"@id":"https:\/\/wp.kristdemokraterna.se\/taby\/#\/schema\/person\/12b9024c714759d0acdc1da1e754d06c"},"description":"Det \u00e4r brottsoffret, inte f\u00f6r\u00f6varen som ska st\u00e5 i centrum. Det m\u00e5ste straffa sig h\u00e5rdare att beg\u00e5 den h\u00e4r typen av brott!","breadcrumb":{"@id":"https:\/\/wp.kristdemokraterna.se\/taby\/brott-mot-kvinnor-maste-straffas-hardare\/#breadcrumb"},"inLanguage":"sv-SE","potentialAction":[{"@type":"ReadAction","target":["https:\/\/wp.kristdemokraterna.se\/taby\/brott-mot-kvinnor-maste-straffas-hardare\/"]}]},{"@type":"ImageObject","inLanguage":"sv-SE","@id":"https:\/\/wp.kristdemokraterna.se\/taby\/brott-mot-kvinnor-maste-straffas-hardare\/#primaryimage","url":"https:\/\/static.xx.fbcdn.net\/images\/emoji.php\/v9\/tb4\/2\/16\/2705.png","contentUrl":"https:\/\/static.xx.fbcdn.net\/images\/emoji.php\/v9\/tb4\/2\/16\/2705.png"},{"@type":"BreadcrumbList","@id":"https:\/\/wp.kristdemokraterna.se\/taby\/brott-mot-kvinnor-maste-straffas-hardare\/#breadcrumb","itemListElement":[{"@type":"ListItem","position":1,"name":"Hem","item":"https:\/\/wp.kristdemokraterna.se\/taby\/"},{"@type":"ListItem","position":2,"name":"Brott mot kvinnor m\u00e5ste straffas h\u00e5rdare"}]},{"@type":"WebSite","@id":"https:\/\/wp.kristdemokraterna.se\/taby\/#website","url":"https:\/\/wp.kristdemokraterna.se\/taby\/","name":"T\u00e4by","description":"&quot;Det ska vara l\u00e4ttare att f\u00e5 ihop arbetsliv och familjeliv i T\u00e4by&quot;","inLanguage":"sv-SE"},{"@type":"Person","@id":"https:\/\/wp.kristdemokraterna.se\/taby\/#\/schema\/person\/12b9024c714759d0acdc1da1e754d06c","name":"taby","image":{"@type":"ImageObject","inLanguage":"sv-SE","@id":"https:\/\/secure.gravatar.com\/avatar\/62f6aca44d1f9c34b49438e5fdf4be3554253b04b49a76f013049906786db305?s=96&d=mm&r=g","url":"https:\/\/secure.gravatar.com\/avatar\/62f6aca44d1f9c34b49438e5fdf4be3554253b04b49a76f013049906786db305?s=96&d=mm&r=g","contentUrl":"https:\/\/secure.gravatar.com\/avatar\/62f6aca44d1f9c34b49438e5fdf4be3554253b04b49a76f013049906786db305?s=96&d=mm&r=g","caption":"taby"},"url":"https:\/\/wp.kristdemokraterna.se\/taby\/author\/taby\/"}]}},"_links":{"self":[{"href":"https:\/\/wp.kristdemokraterna.se\/taby\/wp-json\/wp\/v2\/posts\/2235","targetHints":{"allow":["GET"]}}],"collection":[{"href":"https:\/\/wp.kristdemokraterna.se\/taby\/wp-json\/wp\/v2\/posts"}],"about":[{"href":"https:\/\/wp.kristdemokraterna.se\/taby\/wp-json\/wp\/v2\/types\/post"}],"author":[{"embeddable":true,"href":"https:\/\/wp.kristdemokraterna.se\/taby\/wp-json\/wp\/v2\/users\/26"}],"replies":[{"embeddable":true,"href":"https:\/\/wp.kristdemokraterna.se\/taby\/wp-json\/wp\/v2\/comments?post=2235"}],"version-history":[{"count":1,"href":"https:\/\/wp.kristdemokraterna.se\/taby\/wp-json\/wp\/v2\/posts\/2235\/revisions"}],"predecessor-version":[{"id":2237,"href":"https:\/\/wp.kristdemokraterna.se\/taby\/wp-json\/wp\/v2\/posts\/2235\/revisions\/2237"}],"wp:attachment":[{"href":"https:\/\/wp.kristdemokraterna.se\/taby\/wp-json\/wp\/v2\/media?parent=2235"}],"wp:term":[{"taxonomy":"category","embeddable":true,"href":"https:\/\/wp.kristdemokraterna.se\/taby\/wp-json\/wp\/v2\/categories?post=2235"},{"taxonomy":"post_tag","embeddable":true,"href":"https:\/\/wp.kristdemokraterna.se\/taby\/wp-json\/wp\/v2\/tags?post=2235"}],"curies":[{"name":"wp","href":"https:\/\/api.w.org\/{rel}","templated":true}]}}