{"id":1,"date":"2026-01-10T11:34:08","date_gmt":"2026-01-10T10:34:08","guid":{"rendered":"http:\/\/wp.kristdemokraterna.se\/lokalavdelningsmall20140404\/?p=1"},"modified":"2026-02-03T08:33:54","modified_gmt":"2026-02-03T07:33:54","slug":"hej-varlden","status":"publish","type":"post","link":"https:\/\/wp.kristdemokraterna.se\/tidaholm\/hej-varlden\/","title":{"rendered":"Ordf\u00f6rande har ordet"},"content":{"rendered":"<p><span data-contrast=\"auto\">God Jul och Gott Nytt \u00c5r, 2026, \u00f6nskar Kristdemokraterna i Tidaholm.<\/p>\n<p>Som ordf\u00f6rande i det lilla modiga partiet KD, s\u00e5 vill jag presentera mig sj\u00e4lv. <\/span><span data-ccp-props=\"{&quot;201341983&quot;:0,&quot;335559739&quot;:160,&quot;335559740&quot;:259}\">\u00a0<\/span><\/p>\n<p><span data-contrast=\"auto\">Mitt namn \u00e4r J\u00f6rgen Josefsson, bor p\u00e5 Karlav\u00e4gen 7 med fru Anna-Lena och dotter Stina, jag har \u00e4ven tre bonusbarn Lisa och Filip som bor i Stockholm och Ludvig i Sk\u00f6vde.\u00a0<\/span><\/p>\n<p><span data-ccp-props=\"{&quot;201341983&quot;:0,&quot;335559739&quot;:160,&quot;335559740&quot;:259}\">Jag arbetar som produktionschef p\u00e5 Skanska Industrial Solutions AB Region Asfalt med kontor i Sk\u00f6vde d\u00e4r jag har ansvar f\u00f6r entreprenad utl\u00e4ggning med kommunkontrakt, privatpersoner och markentrepren\u00f6rer.\u00a0<\/span><\/p>\n<p><span data-contrast=\"auto\">Jag \u00e4r politiskt val f\u00f6r KD som ordinarie ledamot i Samh\u00e4llsbyggnadsn\u00e4mnden SBN, i Tidaholms kommun.<\/span><span data-ccp-props=\"{&quot;201341983&quot;:0,&quot;335559739&quot;:160,&quot;335559740&quot;:259}\"><br \/>\n<\/span><span data-contrast=\"auto\">KDs k\u00e4rnv\u00e4rden som skola o familj och ordning och reda, \u00e4r viktiga f\u00f6r mig, b\u00e5de i lokalt arbete, men \u00e4ven regionalt och p\u00e5 riksniv\u00e5.\u00a0 KD \u00e4r \u00e4ven f\u00f6r utbyggnad av k\u00e4rnkraft.<\/span><\/p>\n<p>Jag \u00e4r en f\u00f6reningsm\u00e4nniska, bl.a. i IFK Tidaholm d\u00e4r jag var lagledare f\u00f6r A-laget och ledamot i styrelsen under en period, har ocks\u00e5 varit ordf\u00f6rande i Sportdansklubben Dansverkstan Tidaholm, samt tidigare president i Lions mm.<br \/>\n<span data-contrast=\"auto\">Mitt intresse f\u00f6r samh\u00e4lle har alltid funnits och f\u00f6rst\u00e4rktes efter mina erfarenheter fr\u00e5n utlandstj\u00e4nstg\u00f6ringar f\u00f6r FN och NATO i Mellan\u00f6stern och Forna Jugoslavien.\u00a0<\/span><span data-ccp-props=\"{&quot;201341983&quot;:0,&quot;335559739&quot;:160,&quot;335559740&quot;:259}\">\u00a0<\/span><span data-contrast=\"auto\">Jag har varit stationerad i S\u00f6dra Libanon med mycket resor i Libanon och Israel. Blev senare uttagen och stationerad under inb\u00f6rdeskriget p\u00e5 Balkan, d\u00e4r jag bla genom F\u00f6rsvarsmakten Sverige hade uppdrag f\u00f6r UNPROFOR i Kroatien d\u00e4r jag fick f\u00f6rm\u00e5nen att vara livvakt\/f\u00f6rare \u00e5t de av EU ICFYs uts\u00e4nda f\u00f6rhandlare Kai Eide och Thorvald Stoltenberg som p\u00e5 ett lugnt, diplomatiskt och \u00f6dmjukt s\u00e4tt f\u00f6rhandlade mellan de olika parterna. Jag var \u00e4ven stationerad i Tuzla Bosnien d\u00e5 FN,s mandat upph\u00f6rde och \u00f6vergick till att bli en NATO-insats med f\u00f6ljd att vi gick fr\u00e5n den bl\u00e5a FN-baskern som fredsbevarande styrka till att ist\u00e4llet lyda under NATOs bef\u00e4l. <\/span><span data-ccp-props=\"{&quot;201341983&quot;:0,&quot;335559739&quot;:160,&quot;335559740&quot;:259}\">\u00a0<\/span><\/p>\n<p><span data-contrast=\"auto\">Dessa uppdrag har givit mig viktig erfarenhet och format mig som person. D\u00e5 s\u00e5g man \u00e4ven hur viktigt civilf\u00f6rsvaret \u00e4r och det ideella arbetet \u00e4r i ett samh\u00e4lle och hur man sluter upp gemensamt i f\u00f6rsvar f\u00f6r den sida man tror p\u00e5. Att g\u00f6ra sin plikt och d\u00e4refter kr\u00e4va sin r\u00e4tt \u00e4r ett bra uttryck jag tagit med mig. Och att f\u00e5 representera Sveriges f\u00f6rsvarsmakt utomlands med duktiga tjejer och killar enade i uniform och flagga \u00e4r stolta minnen.<\/span><span data-ccp-props=\"{&quot;201341983&quot;:0,&quot;335559739&quot;:160,&quot;335559740&quot;:259}\">\u00a0<\/span><\/p>\n<p><span data-contrast=\"auto\">I \u00e5r kommer mycket fokus vara p\u00e5 EP-valet den 9 juni, KD ihop med de \u00f6vriga majoritetspartierna vill f\u00e5 bort EU,s\u00a0 detaljstyrning,\u00a0 tex f\u00f6rslaget om h\u00f6jd \u00e5ldersgr\u00e4ns f\u00f6r A-traktor som vi inte tycker \u00e4r r\u00e4tt.\u00a0 EU ska ist\u00e4llet fokusera mer p\u00e5 gemensam syns\u00e4tt\u00a0 p\u00e5 milj\u00f6arbetet, migration, st\u00e4rka EU,s roll med handel mm.<br \/>\n<strong>Hoppas ni anv\u00e4nder er r\u00f6st f\u00f6r att kunna p\u00e5verka.<\/strong><\/span><strong> R\u00f6sta i EU-valet!!!<\/strong><\/p>\n<p><span data-contrast=\"auto\">Om ni vill f\u00e5 kontakt s\u00e5 \u00e4r min mejl:\u00a0 <\/span><a href=\"mailto:josefssoj@gmail.com\"><span data-contrast=\"none\">josefssoj@gmail.com<\/span><\/a><span data-contrast=\"auto\">\u00a0<\/span><span data-ccp-props=\"{&quot;201341983&quot;:0,&quot;335559739&quot;:160,&quot;335559740&quot;:259}\"><br \/>\nJag finns \u00e4ven p\u00e5 Facebook och Instagram.\u00a0<\/span><\/p>\n<p><span data-contrast=\"auto\">\/\/ J\u00f6rgen Josefsson<\/span><span data-ccp-props=\"{&quot;201341983&quot;:0,&quot;335559739&quot;:160,&quot;335559740&quot;:259}\">\u00a0<\/span><\/p>\n","protected":false},"excerpt":{"rendered":"<p>God Jul och Gott Nytt \u00c5r, 2026, \u00f6nskar Kristdemokraterna i Tidaholm. Som ordf\u00f6rande i det lilla modiga partiet KD, s\u00e5 vill jag presentera mig sj\u00e4lv. \u00a0 Mitt namn \u00e4r J\u00f6rgen Josefsson, bor p\u00e5 Karlav\u00e4gen 7 med fru Anna-Lena och dotter Stina, jag har \u00e4ven tre bonusbarn Lisa och Filip som bor i Stockholm och Ludvig <a class=\"read-more-link\" href=\"https:\/\/wp.kristdemokraterna.se\/tidaholm\/hej-varlden\/\">L\u00e4s mer<\/a><\/p>\n","protected":false},"author":897,"featured_media":0,"comment_status":"closed","ping_status":"closed","sticky":false,"template":"","format":"standard","meta":{"_acf_changed":false,"footnotes":""},"categories":[11,3],"tags":[],"class_list":["post-1","post","type-post","status-publish","format-standard","hentry","category-inlagg","category-var-politik"],"acf":[],"yoast_head":"<!-- This site is optimized with the Yoast SEO plugin v27.4 - https:\/\/yoast.com\/product\/yoast-seo-wordpress\/ -->\n<title>Ordf\u00f6rande har ordet - Kristdemokraterna | Tidaholm<\/title>\n<meta name=\"robots\" content=\"index, follow, max-snippet:-1, max-image-preview:large, max-video-preview:-1\" \/>\n<link rel=\"canonical\" href=\"https:\/\/wp.kristdemokraterna.se\/tidaholm\/hej-varlden\/\" \/>\n<meta property=\"og:locale\" content=\"sv_SE\" \/>\n<meta property=\"og:type\" content=\"article\" \/>\n<meta property=\"og:title\" content=\"Ordf\u00f6rande har ordet - Kristdemokraterna | Tidaholm\" \/>\n<meta property=\"og:description\" content=\"God Jul och Gott Nytt \u00c5r, 2026, \u00f6nskar Kristdemokraterna i Tidaholm. Som ordf\u00f6rande i det lilla modiga partiet KD, s\u00e5 vill jag presentera mig sj\u00e4lv. \u00a0 Mitt namn \u00e4r J\u00f6rgen Josefsson, bor p\u00e5 Karlav\u00e4gen 7 med fru Anna-Lena och dotter Stina, jag har \u00e4ven tre bonusbarn Lisa och Filip som bor i Stockholm och Ludvig L\u00e4s mer\" \/>\n<meta property=\"og:url\" content=\"https:\/\/wp.kristdemokraterna.se\/tidaholm\/hej-varlden\/\" \/>\n<meta property=\"og:site_name\" content=\"Kristdemokraterna | Tidaholm\" \/>\n<meta property=\"article:published_time\" content=\"2026-01-10T10:34:08+00:00\" \/>\n<meta property=\"article:modified_time\" content=\"2026-02-03T07:33:54+00:00\" \/>\n<meta name=\"author\" content=\"tidaholm\" \/>\n<meta name=\"twitter:card\" content=\"summary_large_image\" \/>\n<meta name=\"twitter:label1\" content=\"Skriven av\" \/>\n\t<meta name=\"twitter:data1\" content=\"tidaholm\" \/>\n\t<meta name=\"twitter:label2\" content=\"Ber\u00e4knad l\u00e4stid\" \/>\n\t<meta name=\"twitter:data2\" content=\"3 minuter\" \/>\n<script type=\"application\/ld+json\" class=\"yoast-schema-graph\">{\"@context\":\"https:\\\/\\\/schema.org\",\"@graph\":[{\"@type\":\"Article\",\"@id\":\"https:\\\/\\\/wp.kristdemokraterna.se\\\/tidaholm\\\/hej-varlden\\\/#article\",\"isPartOf\":{\"@id\":\"https:\\\/\\\/wp.kristdemokraterna.se\\\/tidaholm\\\/hej-varlden\\\/\"},\"author\":{\"name\":\"tidaholm\",\"@id\":\"https:\\\/\\\/wp.kristdemokraterna.se\\\/tidaholm\\\/#\\\/schema\\\/person\\\/229f339c24676510190d49def2fb3466\"},\"headline\":\"Ordf\u00f6rande har ordet\",\"datePublished\":\"2026-01-10T10:34:08+00:00\",\"dateModified\":\"2026-02-03T07:33:54+00:00\",\"mainEntityOfPage\":{\"@id\":\"https:\\\/\\\/wp.kristdemokraterna.se\\\/tidaholm\\\/hej-varlden\\\/\"},\"wordCount\":538,\"articleSection\":[\"inl\u00e4gg\",\"V\u00e5r politik\"],\"inLanguage\":\"sv-SE\"},{\"@type\":\"WebPage\",\"@id\":\"https:\\\/\\\/wp.kristdemokraterna.se\\\/tidaholm\\\/hej-varlden\\\/\",\"url\":\"https:\\\/\\\/wp.kristdemokraterna.se\\\/tidaholm\\\/hej-varlden\\\/\",\"name\":\"Ordf\u00f6rande har ordet - Kristdemokraterna | Tidaholm\",\"isPartOf\":{\"@id\":\"https:\\\/\\\/wp.kristdemokraterna.se\\\/tidaholm\\\/#website\"},\"datePublished\":\"2026-01-10T10:34:08+00:00\",\"dateModified\":\"2026-02-03T07:33:54+00:00\",\"author\":{\"@id\":\"https:\\\/\\\/wp.kristdemokraterna.se\\\/tidaholm\\\/#\\\/schema\\\/person\\\/229f339c24676510190d49def2fb3466\"},\"breadcrumb\":{\"@id\":\"https:\\\/\\\/wp.kristdemokraterna.se\\\/tidaholm\\\/hej-varlden\\\/#breadcrumb\"},\"inLanguage\":\"sv-SE\",\"potentialAction\":[{\"@type\":\"ReadAction\",\"target\":[\"https:\\\/\\\/wp.kristdemokraterna.se\\\/tidaholm\\\/hej-varlden\\\/\"]}]},{\"@type\":\"BreadcrumbList\",\"@id\":\"https:\\\/\\\/wp.kristdemokraterna.se\\\/tidaholm\\\/hej-varlden\\\/#breadcrumb\",\"itemListElement\":[{\"@type\":\"ListItem\",\"position\":1,\"name\":\"Hem\",\"item\":\"https:\\\/\\\/wp.kristdemokraterna.se\\\/tidaholm\\\/\"},{\"@type\":\"ListItem\",\"position\":2,\"name\":\"Ordf\u00f6rande har ordet\"}]},{\"@type\":\"WebSite\",\"@id\":\"https:\\\/\\\/wp.kristdemokraterna.se\\\/tidaholm\\\/#website\",\"url\":\"https:\\\/\\\/wp.kristdemokraterna.se\\\/tidaholm\\\/\",\"name\":\"Kristdemokraterna | Tidaholm\",\"description\":\"En till Kristdemokraterna webbplats\",\"inLanguage\":\"sv-SE\"},{\"@type\":\"Person\",\"@id\":\"https:\\\/\\\/wp.kristdemokraterna.se\\\/tidaholm\\\/#\\\/schema\\\/person\\\/229f339c24676510190d49def2fb3466\",\"name\":\"tidaholm\",\"image\":{\"@type\":\"ImageObject\",\"inLanguage\":\"sv-SE\",\"@id\":\"https:\\\/\\\/secure.gravatar.com\\\/avatar\\\/9d22bf75f1e96d7d78c158c36c17f38942d5c3d49ab43c11175f2f7e8f9554a1?s=96&d=mm&r=g\",\"url\":\"https:\\\/\\\/secure.gravatar.com\\\/avatar\\\/9d22bf75f1e96d7d78c158c36c17f38942d5c3d49ab43c11175f2f7e8f9554a1?s=96&d=mm&r=g\",\"contentUrl\":\"https:\\\/\\\/secure.gravatar.com\\\/avatar\\\/9d22bf75f1e96d7d78c158c36c17f38942d5c3d49ab43c11175f2f7e8f9554a1?s=96&d=mm&r=g\",\"caption\":\"tidaholm\"},\"url\":\"https:\\\/\\\/wp.kristdemokraterna.se\\\/tidaholm\\\/author\\\/tidaholm\\\/\"}]}<\/script>\n<!-- \/ Yoast SEO plugin. -->","yoast_head_json":{"title":"Ordf\u00f6rande har ordet - Kristdemokraterna | Tidaholm","robots":{"index":"index","follow":"follow","max-snippet":"max-snippet:-1","max-image-preview":"max-image-preview:large","max-video-preview":"max-video-preview:-1"},"canonical":"https:\/\/wp.kristdemokraterna.se\/tidaholm\/hej-varlden\/","og_locale":"sv_SE","og_type":"article","og_title":"Ordf\u00f6rande har ordet - Kristdemokraterna | Tidaholm","og_description":"God Jul och Gott Nytt \u00c5r, 2026, \u00f6nskar Kristdemokraterna i Tidaholm. Som ordf\u00f6rande i det lilla modiga partiet KD, s\u00e5 vill jag presentera mig sj\u00e4lv. \u00a0 Mitt namn \u00e4r J\u00f6rgen Josefsson, bor p\u00e5 Karlav\u00e4gen 7 med fru Anna-Lena och dotter Stina, jag har \u00e4ven tre bonusbarn Lisa och Filip som bor i Stockholm och Ludvig L\u00e4s mer","og_url":"https:\/\/wp.kristdemokraterna.se\/tidaholm\/hej-varlden\/","og_site_name":"Kristdemokraterna | Tidaholm","article_published_time":"2026-01-10T10:34:08+00:00","article_modified_time":"2026-02-03T07:33:54+00:00","author":"tidaholm","twitter_card":"summary_large_image","twitter_misc":{"Skriven av":"tidaholm","Ber\u00e4knad l\u00e4stid":"3 minuter"},"schema":{"@context":"https:\/\/schema.org","@graph":[{"@type":"Article","@id":"https:\/\/wp.kristdemokraterna.se\/tidaholm\/hej-varlden\/#article","isPartOf":{"@id":"https:\/\/wp.kristdemokraterna.se\/tidaholm\/hej-varlden\/"},"author":{"name":"tidaholm","@id":"https:\/\/wp.kristdemokraterna.se\/tidaholm\/#\/schema\/person\/229f339c24676510190d49def2fb3466"},"headline":"Ordf\u00f6rande har ordet","datePublished":"2026-01-10T10:34:08+00:00","dateModified":"2026-02-03T07:33:54+00:00","mainEntityOfPage":{"@id":"https:\/\/wp.kristdemokraterna.se\/tidaholm\/hej-varlden\/"},"wordCount":538,"articleSection":["inl\u00e4gg","V\u00e5r politik"],"inLanguage":"sv-SE"},{"@type":"WebPage","@id":"https:\/\/wp.kristdemokraterna.se\/tidaholm\/hej-varlden\/","url":"https:\/\/wp.kristdemokraterna.se\/tidaholm\/hej-varlden\/","name":"Ordf\u00f6rande har ordet - Kristdemokraterna | Tidaholm","isPartOf":{"@id":"https:\/\/wp.kristdemokraterna.se\/tidaholm\/#website"},"datePublished":"2026-01-10T10:34:08+00:00","dateModified":"2026-02-03T07:33:54+00:00","author":{"@id":"https:\/\/wp.kristdemokraterna.se\/tidaholm\/#\/schema\/person\/229f339c24676510190d49def2fb3466"},"breadcrumb":{"@id":"https:\/\/wp.kristdemokraterna.se\/tidaholm\/hej-varlden\/#breadcrumb"},"inLanguage":"sv-SE","potentialAction":[{"@type":"ReadAction","target":["https:\/\/wp.kristdemokraterna.se\/tidaholm\/hej-varlden\/"]}]},{"@type":"BreadcrumbList","@id":"https:\/\/wp.kristdemokraterna.se\/tidaholm\/hej-varlden\/#breadcrumb","itemListElement":[{"@type":"ListItem","position":1,"name":"Hem","item":"https:\/\/wp.kristdemokraterna.se\/tidaholm\/"},{"@type":"ListItem","position":2,"name":"Ordf\u00f6rande har ordet"}]},{"@type":"WebSite","@id":"https:\/\/wp.kristdemokraterna.se\/tidaholm\/#website","url":"https:\/\/wp.kristdemokraterna.se\/tidaholm\/","name":"Kristdemokraterna | Tidaholm","description":"En till Kristdemokraterna webbplats","inLanguage":"sv-SE"},{"@type":"Person","@id":"https:\/\/wp.kristdemokraterna.se\/tidaholm\/#\/schema\/person\/229f339c24676510190d49def2fb3466","name":"tidaholm","image":{"@type":"ImageObject","inLanguage":"sv-SE","@id":"https:\/\/secure.gravatar.com\/avatar\/9d22bf75f1e96d7d78c158c36c17f38942d5c3d49ab43c11175f2f7e8f9554a1?s=96&d=mm&r=g","url":"https:\/\/secure.gravatar.com\/avatar\/9d22bf75f1e96d7d78c158c36c17f38942d5c3d49ab43c11175f2f7e8f9554a1?s=96&d=mm&r=g","contentUrl":"https:\/\/secure.gravatar.com\/avatar\/9d22bf75f1e96d7d78c158c36c17f38942d5c3d49ab43c11175f2f7e8f9554a1?s=96&d=mm&r=g","caption":"tidaholm"},"url":"https:\/\/wp.kristdemokraterna.se\/tidaholm\/author\/tidaholm\/"}]}},"_links":{"self":[{"href":"https:\/\/wp.kristdemokraterna.se\/tidaholm\/wp-json\/wp\/v2\/posts\/1","targetHints":{"allow":["GET"]}}],"collection":[{"href":"https:\/\/wp.kristdemokraterna.se\/tidaholm\/wp-json\/wp\/v2\/posts"}],"about":[{"href":"https:\/\/wp.kristdemokraterna.se\/tidaholm\/wp-json\/wp\/v2\/types\/post"}],"author":[{"embeddable":true,"href":"https:\/\/wp.kristdemokraterna.se\/tidaholm\/wp-json\/wp\/v2\/users\/897"}],"replies":[{"embeddable":true,"href":"https:\/\/wp.kristdemokraterna.se\/tidaholm\/wp-json\/wp\/v2\/comments?post=1"}],"version-history":[{"count":22,"href":"https:\/\/wp.kristdemokraterna.se\/tidaholm\/wp-json\/wp\/v2\/posts\/1\/revisions"}],"predecessor-version":[{"id":669,"href":"https:\/\/wp.kristdemokraterna.se\/tidaholm\/wp-json\/wp\/v2\/posts\/1\/revisions\/669"}],"wp:attachment":[{"href":"https:\/\/wp.kristdemokraterna.se\/tidaholm\/wp-json\/wp\/v2\/media?parent=1"}],"wp:term":[{"taxonomy":"category","embeddable":true,"href":"https:\/\/wp.kristdemokraterna.se\/tidaholm\/wp-json\/wp\/v2\/categories?post=1"},{"taxonomy":"post_tag","embeddable":true,"href":"https:\/\/wp.kristdemokraterna.se\/tidaholm\/wp-json\/wp\/v2\/tags?post=1"}],"curies":[{"name":"wp","href":"https:\/\/api.w.org\/{rel}","templated":true}]}}