{"id":11,"date":"2023-08-04T13:57:13","date_gmt":"2023-08-04T11:57:13","guid":{"rendered":"http:\/\/wp.kristdemokraterna.se\/lokalavdelningsmall20140404\/?p=11"},"modified":"2026-02-03T08:34:31","modified_gmt":"2026-02-03T07:34:31","slug":"brinner-du-for-samma-fragor-som-jag","status":"publish","type":"post","link":"https:\/\/wp.kristdemokraterna.se\/tidaholm\/brinner-du-for-samma-fragor-som-jag\/","title":{"rendered":"Trygghet, Utveckling och Framtidstro"},"content":{"rendered":"<p><strong>Trygghet, Utveckling och Framtidstro<\/strong><\/p>\n<p>Detta \u00e4r v\u00e5ra ledord!<br \/>\nKristdemokraterna ser hela Tidaholm som en tillg\u00e5ng. Ett samh\u00e4lles yttersta tillg\u00e5ng \u00e4r individen med dess olika och unika egenskaper. F\u00f6rm\u00e5gan till moraliskt t\u00e4nkande, behovet av gemenskaper, viljan att utvecklas och vara en del av samh\u00e4llet. Det \u00e4r drivkrafter som skapar merv\u00e4rde f\u00f6r alla i en stor gemenskap som en stad eller mindre ort.<\/p>\n<p>D\u00e4rf\u00f6r \u00e4r det s\u00e5 viktigt att fokus ligger p\u00e5 att skapa f\u00f6ruts\u00e4ttningar f\u00f6r m\u00e4nniskor att leva och bo i Tidaholm. Vi har en fantastisk liten stad med underbar landsbygd som ger utrymme f\u00f6r ett trivsamt liv n\u00e4ra naturen men ocks\u00e5 n\u00e4rhet till st\u00f6rre st\u00e4der.<\/p>\n<p>I detta sammanhang \u00e4r det viktigt att l\u00e4gga fokus p\u00e5 hur vi kan f\u00e5 fler att v\u00e4lja Tidaholm som boendeort och f\u00e5 fler f\u00f6retagsetableringar. Hur g\u00f6r man d\u00e5 det?<\/p>\n<p>H\u00e4r kommer ett antal f\u00f6rslag:<\/p>\n<ul>\n<li>Satsa p\u00e5 att kraftigt \u00f6ka antalet byggklara tomter i hela kommunen.<\/li>\n<li>Bevara och utveckla servicen i ytteromr\u00e5dena. Beh\u00e5lla skolor och f\u00f6rskolor.<\/li>\n<li>Korta handl\u00e4ggningstider f\u00f6r bygglov.<\/li>\n<li>Korta handl\u00e4ggningstider f\u00f6r tomtmark f\u00f6r f\u00f6retagsetableringar.<\/li>\n<li>Ta h\u00e4nsyn till eventuell negativ p\u00e5verkan av befolkningsutvecklingen i alla politiska beslut.<\/li>\n<li>Anta en offensiv linje i att locka f\u00f6retag och offentliga institutioner till<\/li>\n<li>Aktiv arbeta f\u00f6r en trygg milj\u00f6 f\u00f6r b\u00e5de inv\u00e5nare och f\u00f6retag.<\/li>\n<li>Involvera det lokala n\u00e4ringslivet i arbetet med kommunens marknadsf\u00f6ring.<\/li>\n<li>Satsa p\u00e5 att vara en familjev\u00e4nlig kommun med rikt kulturliv och stort utbud av fritidsaktiviteter.<\/li>\n<\/ul>\n<p>Tidaholm ska utvecklas!<\/p>\n<p>Kristdemokraterna i Tidaholm<\/p>\n<p><em>Trygghet Utveckling Framtidstro <\/em><\/p>\n<p>&nbsp;<\/p>\n","protected":false},"excerpt":{"rendered":"<p>Trygghet, Utveckling och Framtidstro Detta \u00e4r v\u00e5ra ledord! Kristdemokraterna ser hela Tidaholm som en tillg\u00e5ng. Ett samh\u00e4lles yttersta tillg\u00e5ng \u00e4r individen med dess olika och unika egenskaper. F\u00f6rm\u00e5gan till moraliskt t\u00e4nkande, behovet av gemenskaper, viljan att utvecklas och vara en del av samh\u00e4llet. Det \u00e4r drivkrafter som skapar merv\u00e4rde f\u00f6r alla i en stor gemenskap <a class=\"read-more-link\" href=\"https:\/\/wp.kristdemokraterna.se\/tidaholm\/brinner-du-for-samma-fragor-som-jag\/\">L\u00e4s mer<\/a><\/p>\n","protected":false},"author":897,"featured_media":184,"comment_status":"closed","ping_status":"closed","sticky":false,"template":"","format":"standard","meta":{"_acf_changed":false,"footnotes":""},"categories":[11,10,3],"tags":[],"class_list":["post-11","post","type-post","status-publish","format-standard","hentry","category-inlagg","category-nyheter","category-var-politik"],"acf":[],"yoast_head":"<!-- This site is optimized with the Yoast SEO plugin v27.4 - https:\/\/yoast.com\/product\/yoast-seo-wordpress\/ -->\n<title>Trygghet, Utveckling och Framtidstro - Kristdemokraterna | Tidaholm<\/title>\n<meta name=\"description\" content=\"Bild p\u00e5 h\u00e4nder i olika storlekar.\" \/>\n<meta name=\"robots\" content=\"index, follow, max-snippet:-1, max-image-preview:large, max-video-preview:-1\" \/>\n<link rel=\"canonical\" href=\"https:\/\/wp.kristdemokraterna.se\/tidaholm\/brinner-du-for-samma-fragor-som-jag\/\" \/>\n<meta property=\"og:locale\" content=\"sv_SE\" \/>\n<meta property=\"og:type\" content=\"article\" \/>\n<meta property=\"og:title\" content=\"Trygghet, Utveckling och Framtidstro - Kristdemokraterna | Tidaholm\" \/>\n<meta property=\"og:description\" content=\"Bild p\u00e5 h\u00e4nder i olika storlekar.\" \/>\n<meta property=\"og:url\" content=\"https:\/\/wp.kristdemokraterna.se\/tidaholm\/brinner-du-for-samma-fragor-som-jag\/\" \/>\n<meta property=\"og:site_name\" content=\"Kristdemokraterna | Tidaholm\" \/>\n<meta property=\"article:published_time\" content=\"2023-08-04T11:57:13+00:00\" \/>\n<meta property=\"article:modified_time\" content=\"2026-02-03T07:34:31+00:00\" \/>\n<meta property=\"og:image\" content=\"http:\/\/wp.kristdemokraterna.se\/tidaholm\/files\/2014\/04\/ebba-478x262-1.jpg\" \/>\n\t<meta property=\"og:image:width\" content=\"478\" \/>\n\t<meta property=\"og:image:height\" content=\"262\" \/>\n\t<meta property=\"og:image:type\" content=\"image\/jpeg\" \/>\n<meta name=\"author\" content=\"tidaholm\" \/>\n<meta name=\"twitter:card\" content=\"summary_large_image\" \/>\n<meta name=\"twitter:label1\" content=\"Skriven av\" \/>\n\t<meta name=\"twitter:data1\" content=\"tidaholm\" \/>\n\t<meta name=\"twitter:label2\" content=\"Ber\u00e4knad l\u00e4stid\" \/>\n\t<meta name=\"twitter:data2\" content=\"2 minuter\" \/>\n<script type=\"application\/ld+json\" class=\"yoast-schema-graph\">{\"@context\":\"https:\\\/\\\/schema.org\",\"@graph\":[{\"@type\":\"Article\",\"@id\":\"https:\\\/\\\/wp.kristdemokraterna.se\\\/tidaholm\\\/brinner-du-for-samma-fragor-som-jag\\\/#article\",\"isPartOf\":{\"@id\":\"https:\\\/\\\/wp.kristdemokraterna.se\\\/tidaholm\\\/brinner-du-for-samma-fragor-som-jag\\\/\"},\"author\":{\"name\":\"tidaholm\",\"@id\":\"https:\\\/\\\/wp.kristdemokraterna.se\\\/tidaholm\\\/#\\\/schema\\\/person\\\/229f339c24676510190d49def2fb3466\"},\"headline\":\"Trygghet, Utveckling och Framtidstro\",\"datePublished\":\"2023-08-04T11:57:13+00:00\",\"dateModified\":\"2026-02-03T07:34:31+00:00\",\"mainEntityOfPage\":{\"@id\":\"https:\\\/\\\/wp.kristdemokraterna.se\\\/tidaholm\\\/brinner-du-for-samma-fragor-som-jag\\\/\"},\"wordCount\":290,\"image\":{\"@id\":\"https:\\\/\\\/wp.kristdemokraterna.se\\\/tidaholm\\\/brinner-du-for-samma-fragor-som-jag\\\/#primaryimage\"},\"thumbnailUrl\":\"https:\\\/\\\/wp.kristdemokraterna.se\\\/tidaholm\\\/files\\\/2014\\\/04\\\/ebba-478x262-1.jpg\",\"articleSection\":[\"inl\u00e4gg\",\"Nyheter\",\"V\u00e5r politik\"],\"inLanguage\":\"sv-SE\"},{\"@type\":\"WebPage\",\"@id\":\"https:\\\/\\\/wp.kristdemokraterna.se\\\/tidaholm\\\/brinner-du-for-samma-fragor-som-jag\\\/\",\"url\":\"https:\\\/\\\/wp.kristdemokraterna.se\\\/tidaholm\\\/brinner-du-for-samma-fragor-som-jag\\\/\",\"name\":\"Trygghet, Utveckling och Framtidstro - Kristdemokraterna | Tidaholm\",\"isPartOf\":{\"@id\":\"https:\\\/\\\/wp.kristdemokraterna.se\\\/tidaholm\\\/#website\"},\"primaryImageOfPage\":{\"@id\":\"https:\\\/\\\/wp.kristdemokraterna.se\\\/tidaholm\\\/brinner-du-for-samma-fragor-som-jag\\\/#primaryimage\"},\"image\":{\"@id\":\"https:\\\/\\\/wp.kristdemokraterna.se\\\/tidaholm\\\/brinner-du-for-samma-fragor-som-jag\\\/#primaryimage\"},\"thumbnailUrl\":\"https:\\\/\\\/wp.kristdemokraterna.se\\\/tidaholm\\\/files\\\/2014\\\/04\\\/ebba-478x262-1.jpg\",\"datePublished\":\"2023-08-04T11:57:13+00:00\",\"dateModified\":\"2026-02-03T07:34:31+00:00\",\"author\":{\"@id\":\"https:\\\/\\\/wp.kristdemokraterna.se\\\/tidaholm\\\/#\\\/schema\\\/person\\\/229f339c24676510190d49def2fb3466\"},\"description\":\"Bild p\u00e5 h\u00e4nder i olika storlekar.\",\"breadcrumb\":{\"@id\":\"https:\\\/\\\/wp.kristdemokraterna.se\\\/tidaholm\\\/brinner-du-for-samma-fragor-som-jag\\\/#breadcrumb\"},\"inLanguage\":\"sv-SE\",\"potentialAction\":[{\"@type\":\"ReadAction\",\"target\":[\"https:\\\/\\\/wp.kristdemokraterna.se\\\/tidaholm\\\/brinner-du-for-samma-fragor-som-jag\\\/\"]}]},{\"@type\":\"ImageObject\",\"inLanguage\":\"sv-SE\",\"@id\":\"https:\\\/\\\/wp.kristdemokraterna.se\\\/tidaholm\\\/brinner-du-for-samma-fragor-som-jag\\\/#primaryimage\",\"url\":\"https:\\\/\\\/wp.kristdemokraterna.se\\\/tidaholm\\\/files\\\/2014\\\/04\\\/ebba-478x262-1.jpg\",\"contentUrl\":\"https:\\\/\\\/wp.kristdemokraterna.se\\\/tidaholm\\\/files\\\/2014\\\/04\\\/ebba-478x262-1.jpg\",\"width\":478,\"height\":262},{\"@type\":\"BreadcrumbList\",\"@id\":\"https:\\\/\\\/wp.kristdemokraterna.se\\\/tidaholm\\\/brinner-du-for-samma-fragor-som-jag\\\/#breadcrumb\",\"itemListElement\":[{\"@type\":\"ListItem\",\"position\":1,\"name\":\"Hem\",\"item\":\"https:\\\/\\\/wp.kristdemokraterna.se\\\/tidaholm\\\/\"},{\"@type\":\"ListItem\",\"position\":2,\"name\":\"Trygghet, Utveckling och Framtidstro\"}]},{\"@type\":\"WebSite\",\"@id\":\"https:\\\/\\\/wp.kristdemokraterna.se\\\/tidaholm\\\/#website\",\"url\":\"https:\\\/\\\/wp.kristdemokraterna.se\\\/tidaholm\\\/\",\"name\":\"Kristdemokraterna | Tidaholm\",\"description\":\"En till Kristdemokraterna webbplats\",\"inLanguage\":\"sv-SE\"},{\"@type\":\"Person\",\"@id\":\"https:\\\/\\\/wp.kristdemokraterna.se\\\/tidaholm\\\/#\\\/schema\\\/person\\\/229f339c24676510190d49def2fb3466\",\"name\":\"tidaholm\",\"image\":{\"@type\":\"ImageObject\",\"inLanguage\":\"sv-SE\",\"@id\":\"https:\\\/\\\/secure.gravatar.com\\\/avatar\\\/9d22bf75f1e96d7d78c158c36c17f38942d5c3d49ab43c11175f2f7e8f9554a1?s=96&d=mm&r=g\",\"url\":\"https:\\\/\\\/secure.gravatar.com\\\/avatar\\\/9d22bf75f1e96d7d78c158c36c17f38942d5c3d49ab43c11175f2f7e8f9554a1?s=96&d=mm&r=g\",\"contentUrl\":\"https:\\\/\\\/secure.gravatar.com\\\/avatar\\\/9d22bf75f1e96d7d78c158c36c17f38942d5c3d49ab43c11175f2f7e8f9554a1?s=96&d=mm&r=g\",\"caption\":\"tidaholm\"},\"url\":\"https:\\\/\\\/wp.kristdemokraterna.se\\\/tidaholm\\\/author\\\/tidaholm\\\/\"}]}<\/script>\n<!-- \/ Yoast SEO plugin. -->","yoast_head_json":{"title":"Trygghet, Utveckling och Framtidstro - Kristdemokraterna | Tidaholm","description":"Bild p\u00e5 h\u00e4nder i olika storlekar.","robots":{"index":"index","follow":"follow","max-snippet":"max-snippet:-1","max-image-preview":"max-image-preview:large","max-video-preview":"max-video-preview:-1"},"canonical":"https:\/\/wp.kristdemokraterna.se\/tidaholm\/brinner-du-for-samma-fragor-som-jag\/","og_locale":"sv_SE","og_type":"article","og_title":"Trygghet, Utveckling och Framtidstro - Kristdemokraterna | Tidaholm","og_description":"Bild p\u00e5 h\u00e4nder i olika storlekar.","og_url":"https:\/\/wp.kristdemokraterna.se\/tidaholm\/brinner-du-for-samma-fragor-som-jag\/","og_site_name":"Kristdemokraterna | Tidaholm","article_published_time":"2023-08-04T11:57:13+00:00","article_modified_time":"2026-02-03T07:34:31+00:00","og_image":[{"width":478,"height":262,"url":"http:\/\/wp.kristdemokraterna.se\/tidaholm\/files\/2014\/04\/ebba-478x262-1.jpg","type":"image\/jpeg"}],"author":"tidaholm","twitter_card":"summary_large_image","twitter_misc":{"Skriven av":"tidaholm","Ber\u00e4knad l\u00e4stid":"2 minuter"},"schema":{"@context":"https:\/\/schema.org","@graph":[{"@type":"Article","@id":"https:\/\/wp.kristdemokraterna.se\/tidaholm\/brinner-du-for-samma-fragor-som-jag\/#article","isPartOf":{"@id":"https:\/\/wp.kristdemokraterna.se\/tidaholm\/brinner-du-for-samma-fragor-som-jag\/"},"author":{"name":"tidaholm","@id":"https:\/\/wp.kristdemokraterna.se\/tidaholm\/#\/schema\/person\/229f339c24676510190d49def2fb3466"},"headline":"Trygghet, Utveckling och Framtidstro","datePublished":"2023-08-04T11:57:13+00:00","dateModified":"2026-02-03T07:34:31+00:00","mainEntityOfPage":{"@id":"https:\/\/wp.kristdemokraterna.se\/tidaholm\/brinner-du-for-samma-fragor-som-jag\/"},"wordCount":290,"image":{"@id":"https:\/\/wp.kristdemokraterna.se\/tidaholm\/brinner-du-for-samma-fragor-som-jag\/#primaryimage"},"thumbnailUrl":"https:\/\/wp.kristdemokraterna.se\/tidaholm\/files\/2014\/04\/ebba-478x262-1.jpg","articleSection":["inl\u00e4gg","Nyheter","V\u00e5r politik"],"inLanguage":"sv-SE"},{"@type":"WebPage","@id":"https:\/\/wp.kristdemokraterna.se\/tidaholm\/brinner-du-for-samma-fragor-som-jag\/","url":"https:\/\/wp.kristdemokraterna.se\/tidaholm\/brinner-du-for-samma-fragor-som-jag\/","name":"Trygghet, Utveckling och Framtidstro - Kristdemokraterna | Tidaholm","isPartOf":{"@id":"https:\/\/wp.kristdemokraterna.se\/tidaholm\/#website"},"primaryImageOfPage":{"@id":"https:\/\/wp.kristdemokraterna.se\/tidaholm\/brinner-du-for-samma-fragor-som-jag\/#primaryimage"},"image":{"@id":"https:\/\/wp.kristdemokraterna.se\/tidaholm\/brinner-du-for-samma-fragor-som-jag\/#primaryimage"},"thumbnailUrl":"https:\/\/wp.kristdemokraterna.se\/tidaholm\/files\/2014\/04\/ebba-478x262-1.jpg","datePublished":"2023-08-04T11:57:13+00:00","dateModified":"2026-02-03T07:34:31+00:00","author":{"@id":"https:\/\/wp.kristdemokraterna.se\/tidaholm\/#\/schema\/person\/229f339c24676510190d49def2fb3466"},"description":"Bild p\u00e5 h\u00e4nder i olika storlekar.","breadcrumb":{"@id":"https:\/\/wp.kristdemokraterna.se\/tidaholm\/brinner-du-for-samma-fragor-som-jag\/#breadcrumb"},"inLanguage":"sv-SE","potentialAction":[{"@type":"ReadAction","target":["https:\/\/wp.kristdemokraterna.se\/tidaholm\/brinner-du-for-samma-fragor-som-jag\/"]}]},{"@type":"ImageObject","inLanguage":"sv-SE","@id":"https:\/\/wp.kristdemokraterna.se\/tidaholm\/brinner-du-for-samma-fragor-som-jag\/#primaryimage","url":"https:\/\/wp.kristdemokraterna.se\/tidaholm\/files\/2014\/04\/ebba-478x262-1.jpg","contentUrl":"https:\/\/wp.kristdemokraterna.se\/tidaholm\/files\/2014\/04\/ebba-478x262-1.jpg","width":478,"height":262},{"@type":"BreadcrumbList","@id":"https:\/\/wp.kristdemokraterna.se\/tidaholm\/brinner-du-for-samma-fragor-som-jag\/#breadcrumb","itemListElement":[{"@type":"ListItem","position":1,"name":"Hem","item":"https:\/\/wp.kristdemokraterna.se\/tidaholm\/"},{"@type":"ListItem","position":2,"name":"Trygghet, Utveckling och Framtidstro"}]},{"@type":"WebSite","@id":"https:\/\/wp.kristdemokraterna.se\/tidaholm\/#website","url":"https:\/\/wp.kristdemokraterna.se\/tidaholm\/","name":"Kristdemokraterna | Tidaholm","description":"En till Kristdemokraterna webbplats","inLanguage":"sv-SE"},{"@type":"Person","@id":"https:\/\/wp.kristdemokraterna.se\/tidaholm\/#\/schema\/person\/229f339c24676510190d49def2fb3466","name":"tidaholm","image":{"@type":"ImageObject","inLanguage":"sv-SE","@id":"https:\/\/secure.gravatar.com\/avatar\/9d22bf75f1e96d7d78c158c36c17f38942d5c3d49ab43c11175f2f7e8f9554a1?s=96&d=mm&r=g","url":"https:\/\/secure.gravatar.com\/avatar\/9d22bf75f1e96d7d78c158c36c17f38942d5c3d49ab43c11175f2f7e8f9554a1?s=96&d=mm&r=g","contentUrl":"https:\/\/secure.gravatar.com\/avatar\/9d22bf75f1e96d7d78c158c36c17f38942d5c3d49ab43c11175f2f7e8f9554a1?s=96&d=mm&r=g","caption":"tidaholm"},"url":"https:\/\/wp.kristdemokraterna.se\/tidaholm\/author\/tidaholm\/"}]}},"_links":{"self":[{"href":"https:\/\/wp.kristdemokraterna.se\/tidaholm\/wp-json\/wp\/v2\/posts\/11","targetHints":{"allow":["GET"]}}],"collection":[{"href":"https:\/\/wp.kristdemokraterna.se\/tidaholm\/wp-json\/wp\/v2\/posts"}],"about":[{"href":"https:\/\/wp.kristdemokraterna.se\/tidaholm\/wp-json\/wp\/v2\/types\/post"}],"author":[{"embeddable":true,"href":"https:\/\/wp.kristdemokraterna.se\/tidaholm\/wp-json\/wp\/v2\/users\/897"}],"replies":[{"embeddable":true,"href":"https:\/\/wp.kristdemokraterna.se\/tidaholm\/wp-json\/wp\/v2\/comments?post=11"}],"version-history":[{"count":13,"href":"https:\/\/wp.kristdemokraterna.se\/tidaholm\/wp-json\/wp\/v2\/posts\/11\/revisions"}],"predecessor-version":[{"id":673,"href":"https:\/\/wp.kristdemokraterna.se\/tidaholm\/wp-json\/wp\/v2\/posts\/11\/revisions\/673"}],"wp:featuredmedia":[{"embeddable":true,"href":"https:\/\/wp.kristdemokraterna.se\/tidaholm\/wp-json\/wp\/v2\/media\/184"}],"wp:attachment":[{"href":"https:\/\/wp.kristdemokraterna.se\/tidaholm\/wp-json\/wp\/v2\/media?parent=11"}],"wp:term":[{"taxonomy":"category","embeddable":true,"href":"https:\/\/wp.kristdemokraterna.se\/tidaholm\/wp-json\/wp\/v2\/categories?post=11"},{"taxonomy":"post_tag","embeddable":true,"href":"https:\/\/wp.kristdemokraterna.se\/tidaholm\/wp-json\/wp\/v2\/tags?post=11"}],"curies":[{"name":"wp","href":"https:\/\/api.w.org\/{rel}","templated":true}]}}