{"id":130,"date":"2023-08-16T09:55:36","date_gmt":"2023-08-16T07:55:36","guid":{"rendered":"http:\/\/wp.kristdemokraterna.se\/tidaholm\/?p=130"},"modified":"2023-08-20T12:36:57","modified_gmt":"2023-08-20T10:36:57","slug":"kristdemokraternas-politik-syftar-till-att-det-ska-lona-sig-att-arbeta","status":"publish","type":"post","link":"https:\/\/wp.kristdemokraterna.se\/tidaholm\/kristdemokraternas-politik-syftar-till-att-det-ska-lona-sig-att-arbeta\/","title":{"rendered":"Visionsdokument f\u00f6r KD, Tidaholm"},"content":{"rendered":"<p>Detta vill vi fokusera p\u00e5 och utveckla:<\/p>\n<h3>TILLV\u00c4XT I KOMMUNEN:<\/h3>\n<ul>\n<li>Vi vill att fler v\u00e4ljer att leva och bo i Tidaholms kommun.<\/li>\n<li>Det ska finnas god tillg\u00e5ng till attraktiva och byggklara tomter i hela kommunen.<\/li>\n<li>En attraktiv landsbygd med n\u00e4rhet till f\u00f6rskola och skola.<\/li>\n<li>Tidaholms kommun ska vara attraktiv f\u00f6r inv\u00e5nare och f\u00f6retag<\/li>\n<li>Aktiv marknadsf\u00f6ring av Tidaholm.<\/li>\n<li>Det ska vara l\u00e4tt att bygga och bo i kommunen.<\/li>\n<li>F\u00f6renkla processerna f\u00f6r f\u00f6retagsetableringar.<\/li>\n<\/ul>\n<h3>N\u00c4RINGSLIV<\/h3>\n<ul>\n<li>Levande och god kontakt mellan politik och n\u00e4ringsliv.<\/li>\n<li>Byggklara attraktiva tomter f\u00f6r f\u00f6retagsetableringar.<\/li>\n<li>Verka f\u00f6r ett levande centrum och m\u00f6tesplatser. Viktigt med tillg\u00e4nglig kommunal service, samt kv\u00e4lls\u00f6ppna caf\u00e9, matst\u00e4llen m.m.<\/li>\n<li>Vi vill v\u00e4rna om den lokala handeln.<\/li>\n<\/ul>\n<h3>TRYGGHET OCH V\u00c4LF\u00c4RD<\/h3>\n<ul>\n<li>Det ska vara tryggt att bo och leva i Tidaholm.<\/li>\n<li>Fortsatt kontinuerlig polisn\u00e4rvaro.<\/li>\n<li>V\u00e4rna om valfriheten att fritt f\u00e5 v\u00e4lja \u00e4ldreomsorg.<\/li>\n<li>V\u00e4rna om valfriheten att fritt v\u00e4lja skola och f\u00f6rskola.<\/li>\n<li>Vi vill utveckla \u00e4ldreomsorgen som m\u00f6ter framtidens behov.<\/li>\n<\/ul>\n<h3>BARN, FAMILJ, F\u00d6RSKOLA, SKOLA<\/h3>\n<ul>\n<li>Utveckla f\u00f6rskolorna och skolorna b\u00e5de p\u00e5 landsbygden och i t\u00e4torten.<\/li>\n<li>L\u00e5ta barn och unga vara delaktiga i sin framtid inom skola och fritid.<\/li>\n<li>Utveckla Rudbecksgymnasiet och KompetensCentrum.<\/li>\n<li>V\u00e5r vision \u00e4r en aktivitetspark d\u00e4r barn och vuxna kan m\u00f6tas och trivas.<\/li>\n<\/ul>\n<h3>KULTUR &amp; FRITID &amp; IDROTT<\/h3>\n<ul>\n<li>Rikt kulturutbud.<\/li>\n<li>Vi prioriterar en l\u00e5ngsiktig och h\u00e5llbar finansiering f\u00f6r Kulturskolan.<\/li>\n<li>Fortsatt st\u00f6d till rikt och varierat idrottsutbud.<\/li>\n<li>Fler m\u00f6tesplatser d\u00e4r ungdomar trivs. Viktigt med dialog!!!<\/li>\n<\/ul>\n<h3>EKONOMI<\/h3>\n<ul>\n<li>Kommunen ska vara kostnadseffektiv.<\/li>\n<li>B\u00e4ttre ekonomisk samordning i kommunen.<\/li>\n<li>God ekonomisk hush\u00e5llning av skattepengarna.<\/li>\n<\/ul>\n<h3>MILJ\u00d6<\/h3>\n<ul>\n<li>Senast \u00e5r 2025 ska kommunens alla nya bilar drivas fossilfritt. Senast \u00e5r 2030 ska alla gamla fordon vara utbytta mot fossilfria fordon.<\/li>\n<li>Ge verksamheterna f\u00f6ruts\u00e4ttningar att f\u00f6lja dokumentet Koldioxidbudget och strategisk handlingsplan.<\/li>\n<li>V\u00e5r vision \u00e4r att ca 10 miljoner avs\u00e4tts per \u00e5r som en milj\u00f6investering f\u00f6r att n\u00e5 m\u00e5len i koldioxidbudgeten och strategisk handlingsplan.<\/li>\n<li>Skydda och v\u00e4rna om kommunens bioptoper (omgivning, med naturliga gr\u00e4nser, d\u00e4r vissa v\u00e4xt- eller djursamh\u00e4llen h\u00f6r hemma.)<\/li>\n<\/ul>\n","protected":false},"excerpt":{"rendered":"<p>Detta vill vi fokusera p\u00e5 och utveckla: TILLV\u00c4XT I KOMMUNEN: Vi vill att fler v\u00e4ljer att leva och bo i Tidaholms kommun. Det ska finnas god tillg\u00e5ng till attraktiva och byggklara tomter i hela kommunen. En attraktiv landsbygd med n\u00e4rhet till f\u00f6rskola och skola. Tidaholms kommun ska vara attraktiv f\u00f6r inv\u00e5nare och f\u00f6retag Aktiv marknadsf\u00f6ring <a class=\"read-more-link\" href=\"https:\/\/wp.kristdemokraterna.se\/tidaholm\/kristdemokraternas-politik-syftar-till-att-det-ska-lona-sig-att-arbeta\/\">L\u00e4s mer<\/a><\/p>\n","protected":false},"author":897,"featured_media":147,"comment_status":"closed","ping_status":"closed","sticky":false,"template":"","format":"standard","meta":{"_acf_changed":false,"footnotes":""},"categories":[11,10,1,3],"tags":[],"class_list":["post-130","post","type-post","status-publish","format-standard","hentry","category-inlagg","category-nyheter","category-okategoriserade","category-var-politik"],"acf":[],"yoast_head":"<!-- This site is optimized with the Yoast SEO plugin v27.4 - https:\/\/yoast.com\/product\/yoast-seo-wordpress\/ -->\n<title>Visionsdokument f\u00f6r KD, Tidaholm - Kristdemokraterna | Tidaholm<\/title>\n<meta name=\"robots\" content=\"index, follow, max-snippet:-1, max-image-preview:large, max-video-preview:-1\" \/>\n<link rel=\"canonical\" href=\"https:\/\/wp.kristdemokraterna.se\/tidaholm\/kristdemokraternas-politik-syftar-till-att-det-ska-lona-sig-att-arbeta\/\" \/>\n<meta property=\"og:locale\" content=\"sv_SE\" \/>\n<meta property=\"og:type\" content=\"article\" \/>\n<meta property=\"og:title\" content=\"Visionsdokument f\u00f6r KD, Tidaholm - Kristdemokraterna | Tidaholm\" \/>\n<meta property=\"og:description\" content=\"Detta vill vi fokusera p\u00e5 och utveckla: TILLV\u00c4XT I KOMMUNEN: Vi vill att fler v\u00e4ljer att leva och bo i Tidaholms kommun. Det ska finnas god tillg\u00e5ng till attraktiva och byggklara tomter i hela kommunen. En attraktiv landsbygd med n\u00e4rhet till f\u00f6rskola och skola. Tidaholms kommun ska vara attraktiv f\u00f6r inv\u00e5nare och f\u00f6retag Aktiv marknadsf\u00f6ring L\u00e4s mer\" \/>\n<meta property=\"og:url\" content=\"https:\/\/wp.kristdemokraterna.se\/tidaholm\/kristdemokraternas-politik-syftar-till-att-det-ska-lona-sig-att-arbeta\/\" \/>\n<meta property=\"og:site_name\" content=\"Kristdemokraterna | Tidaholm\" \/>\n<meta property=\"article:published_time\" content=\"2023-08-16T07:55:36+00:00\" \/>\n<meta property=\"article:modified_time\" content=\"2023-08-20T10:36:57+00:00\" \/>\n<meta property=\"og:image\" content=\"http:\/\/wp.kristdemokraterna.se\/tidaholm\/files\/2016\/11\/foretag_ej_logga.jpg\" \/>\n\t<meta property=\"og:image:width\" content=\"478\" \/>\n\t<meta property=\"og:image:height\" content=\"262\" \/>\n\t<meta property=\"og:image:type\" content=\"image\/jpeg\" \/>\n<meta name=\"author\" content=\"tidaholm\" \/>\n<meta name=\"twitter:card\" content=\"summary_large_image\" \/>\n<meta name=\"twitter:label1\" content=\"Skriven av\" \/>\n\t<meta name=\"twitter:data1\" content=\"tidaholm\" \/>\n\t<meta name=\"twitter:label2\" content=\"Ber\u00e4knad l\u00e4stid\" \/>\n\t<meta name=\"twitter:data2\" content=\"2 minuter\" \/>\n<script type=\"application\/ld+json\" class=\"yoast-schema-graph\">{\"@context\":\"https:\\\/\\\/schema.org\",\"@graph\":[{\"@type\":\"Article\",\"@id\":\"https:\\\/\\\/wp.kristdemokraterna.se\\\/tidaholm\\\/kristdemokraternas-politik-syftar-till-att-det-ska-lona-sig-att-arbeta\\\/#article\",\"isPartOf\":{\"@id\":\"https:\\\/\\\/wp.kristdemokraterna.se\\\/tidaholm\\\/kristdemokraternas-politik-syftar-till-att-det-ska-lona-sig-att-arbeta\\\/\"},\"author\":{\"name\":\"tidaholm\",\"@id\":\"https:\\\/\\\/wp.kristdemokraterna.se\\\/tidaholm\\\/#\\\/schema\\\/person\\\/229f339c24676510190d49def2fb3466\"},\"headline\":\"Visionsdokument f\u00f6r KD, Tidaholm\",\"datePublished\":\"2023-08-16T07:55:36+00:00\",\"dateModified\":\"2023-08-20T10:36:57+00:00\",\"mainEntityOfPage\":{\"@id\":\"https:\\\/\\\/wp.kristdemokraterna.se\\\/tidaholm\\\/kristdemokraternas-politik-syftar-till-att-det-ska-lona-sig-att-arbeta\\\/\"},\"wordCount\":378,\"image\":{\"@id\":\"https:\\\/\\\/wp.kristdemokraterna.se\\\/tidaholm\\\/kristdemokraternas-politik-syftar-till-att-det-ska-lona-sig-att-arbeta\\\/#primaryimage\"},\"thumbnailUrl\":\"https:\\\/\\\/wp.kristdemokraterna.se\\\/tidaholm\\\/files\\\/2016\\\/11\\\/foretag_ej_logga.jpg\",\"articleSection\":{\"0\":\"inl\u00e4gg\",\"1\":\"Nyheter\",\"3\":\"V\u00e5r politik\"},\"inLanguage\":\"sv-SE\"},{\"@type\":\"WebPage\",\"@id\":\"https:\\\/\\\/wp.kristdemokraterna.se\\\/tidaholm\\\/kristdemokraternas-politik-syftar-till-att-det-ska-lona-sig-att-arbeta\\\/\",\"url\":\"https:\\\/\\\/wp.kristdemokraterna.se\\\/tidaholm\\\/kristdemokraternas-politik-syftar-till-att-det-ska-lona-sig-att-arbeta\\\/\",\"name\":\"Visionsdokument f\u00f6r KD, Tidaholm - Kristdemokraterna | Tidaholm\",\"isPartOf\":{\"@id\":\"https:\\\/\\\/wp.kristdemokraterna.se\\\/tidaholm\\\/#website\"},\"primaryImageOfPage\":{\"@id\":\"https:\\\/\\\/wp.kristdemokraterna.se\\\/tidaholm\\\/kristdemokraternas-politik-syftar-till-att-det-ska-lona-sig-att-arbeta\\\/#primaryimage\"},\"image\":{\"@id\":\"https:\\\/\\\/wp.kristdemokraterna.se\\\/tidaholm\\\/kristdemokraternas-politik-syftar-till-att-det-ska-lona-sig-att-arbeta\\\/#primaryimage\"},\"thumbnailUrl\":\"https:\\\/\\\/wp.kristdemokraterna.se\\\/tidaholm\\\/files\\\/2016\\\/11\\\/foretag_ej_logga.jpg\",\"datePublished\":\"2023-08-16T07:55:36+00:00\",\"dateModified\":\"2023-08-20T10:36:57+00:00\",\"author\":{\"@id\":\"https:\\\/\\\/wp.kristdemokraterna.se\\\/tidaholm\\\/#\\\/schema\\\/person\\\/229f339c24676510190d49def2fb3466\"},\"breadcrumb\":{\"@id\":\"https:\\\/\\\/wp.kristdemokraterna.se\\\/tidaholm\\\/kristdemokraternas-politik-syftar-till-att-det-ska-lona-sig-att-arbeta\\\/#breadcrumb\"},\"inLanguage\":\"sv-SE\",\"potentialAction\":[{\"@type\":\"ReadAction\",\"target\":[\"https:\\\/\\\/wp.kristdemokraterna.se\\\/tidaholm\\\/kristdemokraternas-politik-syftar-till-att-det-ska-lona-sig-att-arbeta\\\/\"]}]},{\"@type\":\"ImageObject\",\"inLanguage\":\"sv-SE\",\"@id\":\"https:\\\/\\\/wp.kristdemokraterna.se\\\/tidaholm\\\/kristdemokraternas-politik-syftar-till-att-det-ska-lona-sig-att-arbeta\\\/#primaryimage\",\"url\":\"https:\\\/\\\/wp.kristdemokraterna.se\\\/tidaholm\\\/files\\\/2016\\\/11\\\/foretag_ej_logga.jpg\",\"contentUrl\":\"https:\\\/\\\/wp.kristdemokraterna.se\\\/tidaholm\\\/files\\\/2016\\\/11\\\/foretag_ej_logga.jpg\",\"width\":478,\"height\":262},{\"@type\":\"BreadcrumbList\",\"@id\":\"https:\\\/\\\/wp.kristdemokraterna.se\\\/tidaholm\\\/kristdemokraternas-politik-syftar-till-att-det-ska-lona-sig-att-arbeta\\\/#breadcrumb\",\"itemListElement\":[{\"@type\":\"ListItem\",\"position\":1,\"name\":\"Hem\",\"item\":\"https:\\\/\\\/wp.kristdemokraterna.se\\\/tidaholm\\\/\"},{\"@type\":\"ListItem\",\"position\":2,\"name\":\"Visionsdokument f\u00f6r KD, Tidaholm\"}]},{\"@type\":\"WebSite\",\"@id\":\"https:\\\/\\\/wp.kristdemokraterna.se\\\/tidaholm\\\/#website\",\"url\":\"https:\\\/\\\/wp.kristdemokraterna.se\\\/tidaholm\\\/\",\"name\":\"Kristdemokraterna | Tidaholm\",\"description\":\"En till Kristdemokraterna webbplats\",\"inLanguage\":\"sv-SE\"},{\"@type\":\"Person\",\"@id\":\"https:\\\/\\\/wp.kristdemokraterna.se\\\/tidaholm\\\/#\\\/schema\\\/person\\\/229f339c24676510190d49def2fb3466\",\"name\":\"tidaholm\",\"image\":{\"@type\":\"ImageObject\",\"inLanguage\":\"sv-SE\",\"@id\":\"https:\\\/\\\/secure.gravatar.com\\\/avatar\\\/9d22bf75f1e96d7d78c158c36c17f38942d5c3d49ab43c11175f2f7e8f9554a1?s=96&d=mm&r=g\",\"url\":\"https:\\\/\\\/secure.gravatar.com\\\/avatar\\\/9d22bf75f1e96d7d78c158c36c17f38942d5c3d49ab43c11175f2f7e8f9554a1?s=96&d=mm&r=g\",\"contentUrl\":\"https:\\\/\\\/secure.gravatar.com\\\/avatar\\\/9d22bf75f1e96d7d78c158c36c17f38942d5c3d49ab43c11175f2f7e8f9554a1?s=96&d=mm&r=g\",\"caption\":\"tidaholm\"},\"url\":\"https:\\\/\\\/wp.kristdemokraterna.se\\\/tidaholm\\\/author\\\/tidaholm\\\/\"}]}<\/script>\n<!-- \/ Yoast SEO plugin. -->","yoast_head_json":{"title":"Visionsdokument f\u00f6r KD, Tidaholm - Kristdemokraterna | Tidaholm","robots":{"index":"index","follow":"follow","max-snippet":"max-snippet:-1","max-image-preview":"max-image-preview:large","max-video-preview":"max-video-preview:-1"},"canonical":"https:\/\/wp.kristdemokraterna.se\/tidaholm\/kristdemokraternas-politik-syftar-till-att-det-ska-lona-sig-att-arbeta\/","og_locale":"sv_SE","og_type":"article","og_title":"Visionsdokument f\u00f6r KD, Tidaholm - Kristdemokraterna | Tidaholm","og_description":"Detta vill vi fokusera p\u00e5 och utveckla: TILLV\u00c4XT I KOMMUNEN: Vi vill att fler v\u00e4ljer att leva och bo i Tidaholms kommun. Det ska finnas god tillg\u00e5ng till attraktiva och byggklara tomter i hela kommunen. En attraktiv landsbygd med n\u00e4rhet till f\u00f6rskola och skola. Tidaholms kommun ska vara attraktiv f\u00f6r inv\u00e5nare och f\u00f6retag Aktiv marknadsf\u00f6ring L\u00e4s mer","og_url":"https:\/\/wp.kristdemokraterna.se\/tidaholm\/kristdemokraternas-politik-syftar-till-att-det-ska-lona-sig-att-arbeta\/","og_site_name":"Kristdemokraterna | Tidaholm","article_published_time":"2023-08-16T07:55:36+00:00","article_modified_time":"2023-08-20T10:36:57+00:00","og_image":[{"width":478,"height":262,"url":"http:\/\/wp.kristdemokraterna.se\/tidaholm\/files\/2016\/11\/foretag_ej_logga.jpg","type":"image\/jpeg"}],"author":"tidaholm","twitter_card":"summary_large_image","twitter_misc":{"Skriven av":"tidaholm","Ber\u00e4knad l\u00e4stid":"2 minuter"},"schema":{"@context":"https:\/\/schema.org","@graph":[{"@type":"Article","@id":"https:\/\/wp.kristdemokraterna.se\/tidaholm\/kristdemokraternas-politik-syftar-till-att-det-ska-lona-sig-att-arbeta\/#article","isPartOf":{"@id":"https:\/\/wp.kristdemokraterna.se\/tidaholm\/kristdemokraternas-politik-syftar-till-att-det-ska-lona-sig-att-arbeta\/"},"author":{"name":"tidaholm","@id":"https:\/\/wp.kristdemokraterna.se\/tidaholm\/#\/schema\/person\/229f339c24676510190d49def2fb3466"},"headline":"Visionsdokument f\u00f6r KD, Tidaholm","datePublished":"2023-08-16T07:55:36+00:00","dateModified":"2023-08-20T10:36:57+00:00","mainEntityOfPage":{"@id":"https:\/\/wp.kristdemokraterna.se\/tidaholm\/kristdemokraternas-politik-syftar-till-att-det-ska-lona-sig-att-arbeta\/"},"wordCount":378,"image":{"@id":"https:\/\/wp.kristdemokraterna.se\/tidaholm\/kristdemokraternas-politik-syftar-till-att-det-ska-lona-sig-att-arbeta\/#primaryimage"},"thumbnailUrl":"https:\/\/wp.kristdemokraterna.se\/tidaholm\/files\/2016\/11\/foretag_ej_logga.jpg","articleSection":{"0":"inl\u00e4gg","1":"Nyheter","3":"V\u00e5r politik"},"inLanguage":"sv-SE"},{"@type":"WebPage","@id":"https:\/\/wp.kristdemokraterna.se\/tidaholm\/kristdemokraternas-politik-syftar-till-att-det-ska-lona-sig-att-arbeta\/","url":"https:\/\/wp.kristdemokraterna.se\/tidaholm\/kristdemokraternas-politik-syftar-till-att-det-ska-lona-sig-att-arbeta\/","name":"Visionsdokument f\u00f6r KD, Tidaholm - Kristdemokraterna | Tidaholm","isPartOf":{"@id":"https:\/\/wp.kristdemokraterna.se\/tidaholm\/#website"},"primaryImageOfPage":{"@id":"https:\/\/wp.kristdemokraterna.se\/tidaholm\/kristdemokraternas-politik-syftar-till-att-det-ska-lona-sig-att-arbeta\/#primaryimage"},"image":{"@id":"https:\/\/wp.kristdemokraterna.se\/tidaholm\/kristdemokraternas-politik-syftar-till-att-det-ska-lona-sig-att-arbeta\/#primaryimage"},"thumbnailUrl":"https:\/\/wp.kristdemokraterna.se\/tidaholm\/files\/2016\/11\/foretag_ej_logga.jpg","datePublished":"2023-08-16T07:55:36+00:00","dateModified":"2023-08-20T10:36:57+00:00","author":{"@id":"https:\/\/wp.kristdemokraterna.se\/tidaholm\/#\/schema\/person\/229f339c24676510190d49def2fb3466"},"breadcrumb":{"@id":"https:\/\/wp.kristdemokraterna.se\/tidaholm\/kristdemokraternas-politik-syftar-till-att-det-ska-lona-sig-att-arbeta\/#breadcrumb"},"inLanguage":"sv-SE","potentialAction":[{"@type":"ReadAction","target":["https:\/\/wp.kristdemokraterna.se\/tidaholm\/kristdemokraternas-politik-syftar-till-att-det-ska-lona-sig-att-arbeta\/"]}]},{"@type":"ImageObject","inLanguage":"sv-SE","@id":"https:\/\/wp.kristdemokraterna.se\/tidaholm\/kristdemokraternas-politik-syftar-till-att-det-ska-lona-sig-att-arbeta\/#primaryimage","url":"https:\/\/wp.kristdemokraterna.se\/tidaholm\/files\/2016\/11\/foretag_ej_logga.jpg","contentUrl":"https:\/\/wp.kristdemokraterna.se\/tidaholm\/files\/2016\/11\/foretag_ej_logga.jpg","width":478,"height":262},{"@type":"BreadcrumbList","@id":"https:\/\/wp.kristdemokraterna.se\/tidaholm\/kristdemokraternas-politik-syftar-till-att-det-ska-lona-sig-att-arbeta\/#breadcrumb","itemListElement":[{"@type":"ListItem","position":1,"name":"Hem","item":"https:\/\/wp.kristdemokraterna.se\/tidaholm\/"},{"@type":"ListItem","position":2,"name":"Visionsdokument f\u00f6r KD, Tidaholm"}]},{"@type":"WebSite","@id":"https:\/\/wp.kristdemokraterna.se\/tidaholm\/#website","url":"https:\/\/wp.kristdemokraterna.se\/tidaholm\/","name":"Kristdemokraterna | Tidaholm","description":"En till Kristdemokraterna webbplats","inLanguage":"sv-SE"},{"@type":"Person","@id":"https:\/\/wp.kristdemokraterna.se\/tidaholm\/#\/schema\/person\/229f339c24676510190d49def2fb3466","name":"tidaholm","image":{"@type":"ImageObject","inLanguage":"sv-SE","@id":"https:\/\/secure.gravatar.com\/avatar\/9d22bf75f1e96d7d78c158c36c17f38942d5c3d49ab43c11175f2f7e8f9554a1?s=96&d=mm&r=g","url":"https:\/\/secure.gravatar.com\/avatar\/9d22bf75f1e96d7d78c158c36c17f38942d5c3d49ab43c11175f2f7e8f9554a1?s=96&d=mm&r=g","contentUrl":"https:\/\/secure.gravatar.com\/avatar\/9d22bf75f1e96d7d78c158c36c17f38942d5c3d49ab43c11175f2f7e8f9554a1?s=96&d=mm&r=g","caption":"tidaholm"},"url":"https:\/\/wp.kristdemokraterna.se\/tidaholm\/author\/tidaholm\/"}]}},"_links":{"self":[{"href":"https:\/\/wp.kristdemokraterna.se\/tidaholm\/wp-json\/wp\/v2\/posts\/130","targetHints":{"allow":["GET"]}}],"collection":[{"href":"https:\/\/wp.kristdemokraterna.se\/tidaholm\/wp-json\/wp\/v2\/posts"}],"about":[{"href":"https:\/\/wp.kristdemokraterna.se\/tidaholm\/wp-json\/wp\/v2\/types\/post"}],"author":[{"embeddable":true,"href":"https:\/\/wp.kristdemokraterna.se\/tidaholm\/wp-json\/wp\/v2\/users\/897"}],"replies":[{"embeddable":true,"href":"https:\/\/wp.kristdemokraterna.se\/tidaholm\/wp-json\/wp\/v2\/comments?post=130"}],"version-history":[{"count":20,"href":"https:\/\/wp.kristdemokraterna.se\/tidaholm\/wp-json\/wp\/v2\/posts\/130\/revisions"}],"predecessor-version":[{"id":598,"href":"https:\/\/wp.kristdemokraterna.se\/tidaholm\/wp-json\/wp\/v2\/posts\/130\/revisions\/598"}],"wp:featuredmedia":[{"embeddable":true,"href":"https:\/\/wp.kristdemokraterna.se\/tidaholm\/wp-json\/wp\/v2\/media\/147"}],"wp:attachment":[{"href":"https:\/\/wp.kristdemokraterna.se\/tidaholm\/wp-json\/wp\/v2\/media?parent=130"}],"wp:term":[{"taxonomy":"category","embeddable":true,"href":"https:\/\/wp.kristdemokraterna.se\/tidaholm\/wp-json\/wp\/v2\/categories?post=130"},{"taxonomy":"post_tag","embeddable":true,"href":"https:\/\/wp.kristdemokraterna.se\/tidaholm\/wp-json\/wp\/v2\/tags?post=130"}],"curies":[{"name":"wp","href":"https:\/\/api.w.org\/{rel}","templated":true}]}}