{"id":588,"date":"2018-04-16T14:08:14","date_gmt":"2018-04-16T12:08:14","guid":{"rendered":"http:\/\/wp.kristdemokraterna.se\/timra\/?p=588"},"modified":"2018-07-10T14:09:23","modified_gmt":"2018-07-10T12:09:23","slug":"massor-att-gora-inom-skolan-och-barnomsorgen","status":"publish","type":"post","link":"https:\/\/wp.kristdemokraterna.se\/timra\/massor-att-gora-inom-skolan-och-barnomsorgen\/","title":{"rendered":"Massor att g\u00f6ra inom skolan och barnomsorgen"},"content":{"rendered":"<p>Det finns massor att g\u00f6ra inom skolomr\u00e5det. Barngruppernas storlek i f\u00f6rskolan beh\u00f6ver minska och s\u00e5 ska kommunen erbjuda \u00f6ppen f\u00f6rskola. Skolorna ska ha kompetens och avs\u00e4tta resurser f\u00f6r att tidigt uppt\u00e4cka och hj\u00e4lpa barn i behov av s\u00e4rskilt st\u00f6d. Ett aktivt arbete mot s\u00e5v\u00e4l mobbing som annan kr\u00e4nkande behandling beh\u00f6vs.<\/p>\n<p>Vi ser med oro p\u00e5 den bristande j\u00e4mst\u00e4lldheten i skolan. Ett exempel p\u00e5 detta \u00e4r att i \u00e5k 9 uppn\u00e5dde 80 procent av flickorna kunskapskraven i alla \u00e4mnen 2017, f\u00f6r pojkar var motsvarande siffra inte ens 70 procent. Det h\u00e4r beh\u00f6ver man ta tag i, analysera och \u00e5tg\u00e4rda.<\/p>\n","protected":false},"excerpt":{"rendered":"<p>Det finns massor att g\u00f6ra inom skolomr\u00e5det. Barngruppernas storlek i f\u00f6rskolan beh\u00f6ver minska och s\u00e5 ska kommunen erbjuda \u00f6ppen f\u00f6rskola. Skolorna ska ha kompetens och avs\u00e4tta resurser f\u00f6r att tidigt uppt\u00e4cka och hj\u00e4lpa barn i behov av s\u00e4rskilt st\u00f6d. Ett aktivt arbete mot s\u00e5v\u00e4l mobbing som annan kr\u00e4nkande behandling beh\u00f6vs. Vi ser med oro p\u00e5 <a class=\"read-more-link\" href=\"https:\/\/wp.kristdemokraterna.se\/timra\/massor-att-gora-inom-skolan-och-barnomsorgen\/\">L\u00e4s mer<\/a><\/p>\n","protected":false},"author":787,"featured_media":0,"comment_status":"closed","ping_status":"closed","sticky":false,"template":"","format":"standard","meta":{"_acf_changed":false,"footnotes":""},"categories":[11,12,26],"tags":[30,46,42,29],"class_list":["post-588","post","type-post","status-publish","format-standard","hentry","category-inlagg","category-barn-unga","category-skola-utbildning","tag-barnomsorg","tag-jamstalldhet","tag-mobbning","tag-skola"],"acf":[],"yoast_head":"<!-- This site is optimized with the Yoast SEO plugin v27.5 - https:\/\/yoast.com\/product\/yoast-seo-wordpress\/ -->\n<title>Massor att g\u00f6ra inom skolan och barnomsorgen - Kristdemokraterna i Timr\u00e5<\/title>\n<meta name=\"robots\" content=\"index, follow, max-snippet:-1, max-image-preview:large, max-video-preview:-1\" \/>\n<link rel=\"canonical\" href=\"https:\/\/wp.kristdemokraterna.se\/timra\/massor-att-gora-inom-skolan-och-barnomsorgen\/\" \/>\n<meta property=\"og:locale\" content=\"sv_SE\" \/>\n<meta property=\"og:type\" content=\"article\" \/>\n<meta property=\"og:title\" content=\"Massor att g\u00f6ra inom skolan och barnomsorgen - Kristdemokraterna i Timr\u00e5\" \/>\n<meta property=\"og:description\" content=\"Det finns massor att g\u00f6ra inom skolomr\u00e5det. Barngruppernas storlek i f\u00f6rskolan beh\u00f6ver minska och s\u00e5 ska kommunen erbjuda \u00f6ppen f\u00f6rskola. Skolorna ska ha kompetens och avs\u00e4tta resurser f\u00f6r att tidigt uppt\u00e4cka och hj\u00e4lpa barn i behov av s\u00e4rskilt st\u00f6d. Ett aktivt arbete mot s\u00e5v\u00e4l mobbing som annan kr\u00e4nkande behandling beh\u00f6vs. Vi ser med oro p\u00e5 L\u00e4s mer\" \/>\n<meta property=\"og:url\" content=\"https:\/\/wp.kristdemokraterna.se\/timra\/massor-att-gora-inom-skolan-och-barnomsorgen\/\" \/>\n<meta property=\"og:site_name\" content=\"Kristdemokraterna i Timr\u00e5\" \/>\n<meta property=\"article:published_time\" content=\"2018-04-16T12:08:14+00:00\" \/>\n<meta property=\"article:modified_time\" content=\"2018-07-10T12:09:23+00:00\" \/>\n<meta name=\"author\" content=\"timra\" \/>\n<meta name=\"twitter:card\" content=\"summary_large_image\" \/>\n<meta name=\"twitter:label1\" content=\"Skriven av\" \/>\n\t<meta name=\"twitter:data1\" content=\"timra\" \/>\n\t<meta name=\"twitter:label2\" content=\"Ber\u00e4knad l\u00e4stid\" \/>\n\t<meta name=\"twitter:data2\" content=\"1 minut\" \/>\n<script type=\"application\/ld+json\" class=\"yoast-schema-graph\">{\"@context\":\"https:\\\/\\\/schema.org\",\"@graph\":[{\"@type\":\"Article\",\"@id\":\"https:\\\/\\\/wp.kristdemokraterna.se\\\/timra\\\/massor-att-gora-inom-skolan-och-barnomsorgen\\\/#article\",\"isPartOf\":{\"@id\":\"https:\\\/\\\/wp.kristdemokraterna.se\\\/timra\\\/massor-att-gora-inom-skolan-och-barnomsorgen\\\/\"},\"author\":{\"name\":\"timra\",\"@id\":\"https:\\\/\\\/wp.kristdemokraterna.se\\\/timra\\\/#\\\/schema\\\/person\\\/49784c93d3806490fb376f5a3b3dd4cd\"},\"headline\":\"Massor att g\u00f6ra inom skolan och barnomsorgen\",\"datePublished\":\"2018-04-16T12:08:14+00:00\",\"dateModified\":\"2018-07-10T12:09:23+00:00\",\"mainEntityOfPage\":{\"@id\":\"https:\\\/\\\/wp.kristdemokraterna.se\\\/timra\\\/massor-att-gora-inom-skolan-och-barnomsorgen\\\/\"},\"wordCount\":124,\"keywords\":[\"barnomsorg\",\"j\u00e4mst\u00e4lldhet\",\"mobbning\",\"skola\"],\"articleSection\":[\"Alla nyheter\",\"Barn och unga\",\"Skola\"],\"inLanguage\":\"sv-SE\"},{\"@type\":\"WebPage\",\"@id\":\"https:\\\/\\\/wp.kristdemokraterna.se\\\/timra\\\/massor-att-gora-inom-skolan-och-barnomsorgen\\\/\",\"url\":\"https:\\\/\\\/wp.kristdemokraterna.se\\\/timra\\\/massor-att-gora-inom-skolan-och-barnomsorgen\\\/\",\"name\":\"Massor att g\u00f6ra inom skolan och barnomsorgen - Kristdemokraterna i Timr\u00e5\",\"isPartOf\":{\"@id\":\"https:\\\/\\\/wp.kristdemokraterna.se\\\/timra\\\/#website\"},\"datePublished\":\"2018-04-16T12:08:14+00:00\",\"dateModified\":\"2018-07-10T12:09:23+00:00\",\"author\":{\"@id\":\"https:\\\/\\\/wp.kristdemokraterna.se\\\/timra\\\/#\\\/schema\\\/person\\\/49784c93d3806490fb376f5a3b3dd4cd\"},\"breadcrumb\":{\"@id\":\"https:\\\/\\\/wp.kristdemokraterna.se\\\/timra\\\/massor-att-gora-inom-skolan-och-barnomsorgen\\\/#breadcrumb\"},\"inLanguage\":\"sv-SE\",\"potentialAction\":[{\"@type\":\"ReadAction\",\"target\":[\"https:\\\/\\\/wp.kristdemokraterna.se\\\/timra\\\/massor-att-gora-inom-skolan-och-barnomsorgen\\\/\"]}]},{\"@type\":\"BreadcrumbList\",\"@id\":\"https:\\\/\\\/wp.kristdemokraterna.se\\\/timra\\\/massor-att-gora-inom-skolan-och-barnomsorgen\\\/#breadcrumb\",\"itemListElement\":[{\"@type\":\"ListItem\",\"position\":1,\"name\":\"Hem\",\"item\":\"https:\\\/\\\/wp.kristdemokraterna.se\\\/timra\\\/\"},{\"@type\":\"ListItem\",\"position\":2,\"name\":\"Massor att g\u00f6ra inom skolan och barnomsorgen\"}]},{\"@type\":\"WebSite\",\"@id\":\"https:\\\/\\\/wp.kristdemokraterna.se\\\/timra\\\/#website\",\"url\":\"https:\\\/\\\/wp.kristdemokraterna.se\\\/timra\\\/\",\"name\":\"Kristdemokraterna i Timr\u00e5\",\"description\":\"Vill du ocks\u00e5 ha maktskifte?\",\"inLanguage\":\"sv-SE\"},{\"@type\":\"Person\",\"@id\":\"https:\\\/\\\/wp.kristdemokraterna.se\\\/timra\\\/#\\\/schema\\\/person\\\/49784c93d3806490fb376f5a3b3dd4cd\",\"name\":\"timra\",\"image\":{\"@type\":\"ImageObject\",\"inLanguage\":\"sv-SE\",\"@id\":\"https:\\\/\\\/secure.gravatar.com\\\/avatar\\\/2d9a04bf0b09a2c8909797508e81e5c3faf9a9ba8962c579b9100cffe14b6f7b?s=96&d=mm&r=g\",\"url\":\"https:\\\/\\\/secure.gravatar.com\\\/avatar\\\/2d9a04bf0b09a2c8909797508e81e5c3faf9a9ba8962c579b9100cffe14b6f7b?s=96&d=mm&r=g\",\"contentUrl\":\"https:\\\/\\\/secure.gravatar.com\\\/avatar\\\/2d9a04bf0b09a2c8909797508e81e5c3faf9a9ba8962c579b9100cffe14b6f7b?s=96&d=mm&r=g\",\"caption\":\"timra\"},\"url\":\"https:\\\/\\\/wp.kristdemokraterna.se\\\/timra\\\/author\\\/timra\\\/\"}]}<\/script>\n<!-- \/ Yoast SEO plugin. -->","yoast_head_json":{"title":"Massor att g\u00f6ra inom skolan och barnomsorgen - Kristdemokraterna i Timr\u00e5","robots":{"index":"index","follow":"follow","max-snippet":"max-snippet:-1","max-image-preview":"max-image-preview:large","max-video-preview":"max-video-preview:-1"},"canonical":"https:\/\/wp.kristdemokraterna.se\/timra\/massor-att-gora-inom-skolan-och-barnomsorgen\/","og_locale":"sv_SE","og_type":"article","og_title":"Massor att g\u00f6ra inom skolan och barnomsorgen - Kristdemokraterna i Timr\u00e5","og_description":"Det finns massor att g\u00f6ra inom skolomr\u00e5det. Barngruppernas storlek i f\u00f6rskolan beh\u00f6ver minska och s\u00e5 ska kommunen erbjuda \u00f6ppen f\u00f6rskola. Skolorna ska ha kompetens och avs\u00e4tta resurser f\u00f6r att tidigt uppt\u00e4cka och hj\u00e4lpa barn i behov av s\u00e4rskilt st\u00f6d. Ett aktivt arbete mot s\u00e5v\u00e4l mobbing som annan kr\u00e4nkande behandling beh\u00f6vs. Vi ser med oro p\u00e5 L\u00e4s mer","og_url":"https:\/\/wp.kristdemokraterna.se\/timra\/massor-att-gora-inom-skolan-och-barnomsorgen\/","og_site_name":"Kristdemokraterna i Timr\u00e5","article_published_time":"2018-04-16T12:08:14+00:00","article_modified_time":"2018-07-10T12:09:23+00:00","author":"timra","twitter_card":"summary_large_image","twitter_misc":{"Skriven av":"timra","Ber\u00e4knad l\u00e4stid":"1 minut"},"schema":{"@context":"https:\/\/schema.org","@graph":[{"@type":"Article","@id":"https:\/\/wp.kristdemokraterna.se\/timra\/massor-att-gora-inom-skolan-och-barnomsorgen\/#article","isPartOf":{"@id":"https:\/\/wp.kristdemokraterna.se\/timra\/massor-att-gora-inom-skolan-och-barnomsorgen\/"},"author":{"name":"timra","@id":"https:\/\/wp.kristdemokraterna.se\/timra\/#\/schema\/person\/49784c93d3806490fb376f5a3b3dd4cd"},"headline":"Massor att g\u00f6ra inom skolan och barnomsorgen","datePublished":"2018-04-16T12:08:14+00:00","dateModified":"2018-07-10T12:09:23+00:00","mainEntityOfPage":{"@id":"https:\/\/wp.kristdemokraterna.se\/timra\/massor-att-gora-inom-skolan-och-barnomsorgen\/"},"wordCount":124,"keywords":["barnomsorg","j\u00e4mst\u00e4lldhet","mobbning","skola"],"articleSection":["Alla nyheter","Barn och unga","Skola"],"inLanguage":"sv-SE"},{"@type":"WebPage","@id":"https:\/\/wp.kristdemokraterna.se\/timra\/massor-att-gora-inom-skolan-och-barnomsorgen\/","url":"https:\/\/wp.kristdemokraterna.se\/timra\/massor-att-gora-inom-skolan-och-barnomsorgen\/","name":"Massor att g\u00f6ra inom skolan och barnomsorgen - Kristdemokraterna i Timr\u00e5","isPartOf":{"@id":"https:\/\/wp.kristdemokraterna.se\/timra\/#website"},"datePublished":"2018-04-16T12:08:14+00:00","dateModified":"2018-07-10T12:09:23+00:00","author":{"@id":"https:\/\/wp.kristdemokraterna.se\/timra\/#\/schema\/person\/49784c93d3806490fb376f5a3b3dd4cd"},"breadcrumb":{"@id":"https:\/\/wp.kristdemokraterna.se\/timra\/massor-att-gora-inom-skolan-och-barnomsorgen\/#breadcrumb"},"inLanguage":"sv-SE","potentialAction":[{"@type":"ReadAction","target":["https:\/\/wp.kristdemokraterna.se\/timra\/massor-att-gora-inom-skolan-och-barnomsorgen\/"]}]},{"@type":"BreadcrumbList","@id":"https:\/\/wp.kristdemokraterna.se\/timra\/massor-att-gora-inom-skolan-och-barnomsorgen\/#breadcrumb","itemListElement":[{"@type":"ListItem","position":1,"name":"Hem","item":"https:\/\/wp.kristdemokraterna.se\/timra\/"},{"@type":"ListItem","position":2,"name":"Massor att g\u00f6ra inom skolan och barnomsorgen"}]},{"@type":"WebSite","@id":"https:\/\/wp.kristdemokraterna.se\/timra\/#website","url":"https:\/\/wp.kristdemokraterna.se\/timra\/","name":"Kristdemokraterna i Timr\u00e5","description":"Vill du ocks\u00e5 ha maktskifte?","inLanguage":"sv-SE"},{"@type":"Person","@id":"https:\/\/wp.kristdemokraterna.se\/timra\/#\/schema\/person\/49784c93d3806490fb376f5a3b3dd4cd","name":"timra","image":{"@type":"ImageObject","inLanguage":"sv-SE","@id":"https:\/\/secure.gravatar.com\/avatar\/2d9a04bf0b09a2c8909797508e81e5c3faf9a9ba8962c579b9100cffe14b6f7b?s=96&d=mm&r=g","url":"https:\/\/secure.gravatar.com\/avatar\/2d9a04bf0b09a2c8909797508e81e5c3faf9a9ba8962c579b9100cffe14b6f7b?s=96&d=mm&r=g","contentUrl":"https:\/\/secure.gravatar.com\/avatar\/2d9a04bf0b09a2c8909797508e81e5c3faf9a9ba8962c579b9100cffe14b6f7b?s=96&d=mm&r=g","caption":"timra"},"url":"https:\/\/wp.kristdemokraterna.se\/timra\/author\/timra\/"}]}},"_links":{"self":[{"href":"https:\/\/wp.kristdemokraterna.se\/timra\/wp-json\/wp\/v2\/posts\/588","targetHints":{"allow":["GET"]}}],"collection":[{"href":"https:\/\/wp.kristdemokraterna.se\/timra\/wp-json\/wp\/v2\/posts"}],"about":[{"href":"https:\/\/wp.kristdemokraterna.se\/timra\/wp-json\/wp\/v2\/types\/post"}],"author":[{"embeddable":true,"href":"https:\/\/wp.kristdemokraterna.se\/timra\/wp-json\/wp\/v2\/users\/787"}],"replies":[{"embeddable":true,"href":"https:\/\/wp.kristdemokraterna.se\/timra\/wp-json\/wp\/v2\/comments?post=588"}],"version-history":[{"count":1,"href":"https:\/\/wp.kristdemokraterna.se\/timra\/wp-json\/wp\/v2\/posts\/588\/revisions"}],"predecessor-version":[{"id":589,"href":"https:\/\/wp.kristdemokraterna.se\/timra\/wp-json\/wp\/v2\/posts\/588\/revisions\/589"}],"wp:attachment":[{"href":"https:\/\/wp.kristdemokraterna.se\/timra\/wp-json\/wp\/v2\/media?parent=588"}],"wp:term":[{"taxonomy":"category","embeddable":true,"href":"https:\/\/wp.kristdemokraterna.se\/timra\/wp-json\/wp\/v2\/categories?post=588"},{"taxonomy":"post_tag","embeddable":true,"href":"https:\/\/wp.kristdemokraterna.se\/timra\/wp-json\/wp\/v2\/tags?post=588"}],"curies":[{"name":"wp","href":"https:\/\/api.w.org\/{rel}","templated":true}]}}