{"id":606,"date":"2009-12-19T12:57:10","date_gmt":"2009-12-19T11:57:10","guid":{"rendered":"http:\/\/wp.kristdemokraterna.se\/timra\/?p=606"},"modified":"2018-07-10T13:52:47","modified_gmt":"2018-07-10T11:52:47","slug":"vart-ar-solidariteten-med-de-svagaste-i-timras-skolor","status":"publish","type":"post","link":"https:\/\/wp.kristdemokraterna.se\/timra\/vart-ar-solidariteten-med-de-svagaste-i-timras-skolor\/","title":{"rendered":"Vart \u00e4r solidariteten med de svagaste i Timr\u00e5s skolor?"},"content":{"rendered":"<p>Det verkar som att Timr\u00e5 kommun f\u00f6r att spara in pengar till barn och utbildningsn\u00e4mnden m\u00e5ste sk\u00e4ra i n\u00e4sta \u00e5r budget, och det ser ut som att det \u00e4r speciall\u00e4rarna och elevassistenterna som \u00e4r mest utsatta f\u00f6r nedsk\u00e4rningar. Om s\u00e5 blir fallet tillslut s\u00e5 blir det de elever med de st\u00f6rsta behoven som kommer att drabbas h\u00e5rdast, vilket \u00e4r mycket olyckligt enligt min mening har det \u00e4ven fram\u00adkommit i den senaste tidens debatt i kommunen.<\/p>\n<p>Denna debatt kulminerade med ett torgm\u00f6te och demonstrationst\u00e5g den 18 december till kommunhuset i Timr\u00e5. Jag tycker att aktionen var riktig och viktig, bra initiativ av arrang\u00f6rerna! Utanf\u00f6r kommunhuset stod ett uppenbart irriterat kommunalr\u00e5d Ewa Lindstrand, s, och bland annat beskyllde demonstranterna f\u00f6r att vara ditkommenderade av l\u00e4rarna\u2026<\/p>\n<p>Som om inte f\u00f6r\u00e4ldrar och elever kan t\u00e4nka en sj\u00e4lvst\u00e4ndig tanke och agera n\u00e4r de ser skolan i Timr\u00e5 hotad av drastiska nedsk\u00e4rningar? Det h\u00e4r \u00e4r att omyndigf\u00f6rklara kommuninv\u00e5narna, bland annat dina egna v\u00e4ljare, Ewa.<\/p>\n<p>En av de f\u00f6r\u00e4ldrar som hade m\u00f6tt upp sa i en intervju i tv att han sk\u00e4mdes \u00f6ver att vara socialdemokrat. Jag kan f\u00f6rst\u00e5 honom. Ewa skyllde som vanligt kommunens minskade inkomster p\u00e5 alliansregeringen, att det var deras s\u00e4nkta statsbidrag som var orsaken i det prek\u00e4ra ekonomiska l\u00e4get f\u00f6r kommunen. Jag tycker det \u00e4r bekl\u00e4mmande att v\u00e5rt kommunalr\u00e5d inte kan erk\u00e4nna sitt eget partis del i problemet, och bara skylla ifr\u00e5n sig, det visar p\u00e5 d\u00e5ligt ansvarstagande!<\/p>\n<p>Oroliga kommuninnev\u00e5nare har fr\u00e5gat mig varf\u00f6r kommunen har s\u00e5 d\u00e5lig ekonomi just nu, n\u00e4r den i 2007 n\u00e4rmast kastade pengar till skolorna? Som jag ser det beror den allvarliga ekonomiska situationen i Timr\u00e5 p\u00e5 f\u00f6ljande:<\/p>\n<p>F\u00f6r det f\u00f6rsta, en stor del av den dystra ekonomiska situationen med alla varsel beror p\u00e5 den internationella l\u00e5gkonjunkturen, den leder som bekant till mindre folk i arbete och det i sin tur inneb\u00e4r mindre skatteinkomster f\u00f6r kommunen.<\/p>\n<p>Inte ens socialdemokraterna kan skylla den p\u00e5 alliansregeringen.<\/p>\n<p>F\u00f6r det andra s\u00e5 har det varit k\u00e4nt i flera \u00e5r att barnantalet kommer att minska ett tag, det borde ha varit m\u00f6jligt att i god tid anpassa verksamheten i skola och barnomsorg till det r\u00e5dande l\u00e4get, och inte hux flux sk\u00e4ra med st\u00f6rsta osthyveln.<\/p>\n<p>F\u00f6r det tredje \u00e4r det allm\u00e4nt k\u00e4nt att Timr\u00e5 kommun ligger bland de l\u00e4gsta i landet n\u00e4r det g\u00e4ller satsningar p\u00e5 skola och l\u00e4rart\u00e4thet och nu vill socialdemokraterna ytterligare f\u00f6rv\u00e4rra ett d\u00e5ligt utg\u00e5ngsl\u00e4ge. Det v\u00e4rsta av allt \u00e4r att det verkar vara speciall\u00e4rarna som f\u00e5r g\u00e5 f\u00f6rst, och detta kommer att drabba de mest beh\u00f6vande eleverna h\u00e5rdast.<\/p>\n<p>F\u00f6r det fj\u00e4rde s\u00e5 st\u00e5r Timr\u00e5 kommun och betalar dyra r\u00e4ntor och amorteringar f\u00f6r socialdemokraternas gamla synder i form av v\u00e5ghalsiga borgen\u00e4rstaganden f\u00f6r diverse projekt som de satsade p\u00e5 under tidigare mandatperioder som till exempel Midlanda Konsthall.<\/p>\n<p>F\u00f6r det femte har vi socialn\u00e4mndens skenande kostnader f\u00f6r placeringar av ungdomar med problem som medverkar till att deras budget inte h\u00e5lls. Man kan ju fr\u00e5ga sig om inte just dessa skenande kostnader f\u00f6r ungdomar som m\u00e5r d\u00e5ligt hade kunnat undvikas om Timr\u00e5 kommun hade satsat mer p\u00e5 skola och barnomsorg. Jag \u00e4r \u00f6vertygad om att det \u00e4r s\u00e5, att varje krona som satsas p\u00e5 barn och ungdomar ger tiofalt tillbaka i form av f\u00f6rb\u00e4ttrade skolresultat, trivsel i skolan, trygga ungdomar som blir sedda och f\u00e5r hj\u00e4lp i god tid innan det hinner g\u00e5 s\u00e5 l\u00e5ngt att de m\u00e5ste placeras.<\/p>\n<p>En av riskerna med de stora nedsk\u00e4rningarna i skola och barnomsorg \u00e4r att f\u00e4rre barnfamiljer v\u00e4ljer att bos\u00e4tta sig i kommunen, vissa kanske till och med v\u00e4ljer att flytta h\u00e4rifr\u00e5n. F\u00f6r vad \u00e4r det viktigast vi har? Jo, barnen!<\/p>\n<p>Det \u00e4r inte l\u00e5ngt till n\u00e4sta val, kom d\u00e5 ih\u00e5g hur kortsiktigt och oklokt socialdemokraterna har agerat i denna sak, och ge kristdemokraterna chansen att visa hur vi p\u00e5 ett ansvarsfullt och lyh\u00f6rt s\u00e4tt kan vara med p\u00e5 att skapa den skola och barnomsorg i Timr\u00e5 som v\u00e5ra barn och unga f\u00f6rtj\u00e4nar!<\/p>\n","protected":false},"excerpt":{"rendered":"<p>Det verkar som att Timr\u00e5 kommun f\u00f6r att spara in pengar till barn och utbildningsn\u00e4mnden m\u00e5ste sk\u00e4ra i n\u00e4sta \u00e5r budget, och det ser ut som att det \u00e4r speciall\u00e4rarna och elevassistenterna som \u00e4r mest utsatta f\u00f6r nedsk\u00e4rningar. Om s\u00e5 blir fallet tillslut s\u00e5 blir det de elever med de st\u00f6rsta behoven som kommer att <a class=\"read-more-link\" href=\"https:\/\/wp.kristdemokraterna.se\/timra\/vart-ar-solidariteten-med-de-svagaste-i-timras-skolor\/\">L\u00e4s mer<\/a><\/p>\n","protected":false},"author":787,"featured_media":0,"comment_status":"closed","ping_status":"closed","sticky":false,"template":"","format":"standard","meta":{"_acf_changed":false,"footnotes":""},"categories":[11,12],"tags":[],"class_list":["post-606","post","type-post","status-publish","format-standard","hentry","category-inlagg","category-barn-unga"],"acf":[],"yoast_head":"<!-- This site is optimized with the Yoast SEO plugin v27.4 - https:\/\/yoast.com\/product\/yoast-seo-wordpress\/ -->\n<title>Vart \u00e4r solidariteten med de svagaste i Timr\u00e5s skolor? - Kristdemokraterna i Timr\u00e5<\/title>\n<meta name=\"robots\" content=\"index, follow, max-snippet:-1, max-image-preview:large, max-video-preview:-1\" \/>\n<link rel=\"canonical\" href=\"https:\/\/wp.kristdemokraterna.se\/timra\/vart-ar-solidariteten-med-de-svagaste-i-timras-skolor\/\" \/>\n<meta property=\"og:locale\" content=\"sv_SE\" \/>\n<meta property=\"og:type\" content=\"article\" \/>\n<meta property=\"og:title\" content=\"Vart \u00e4r solidariteten med de svagaste i Timr\u00e5s skolor? - Kristdemokraterna i Timr\u00e5\" \/>\n<meta property=\"og:description\" content=\"Det verkar som att Timr\u00e5 kommun f\u00f6r att spara in pengar till barn och utbildningsn\u00e4mnden m\u00e5ste sk\u00e4ra i n\u00e4sta \u00e5r budget, och det ser ut som att det \u00e4r speciall\u00e4rarna och elevassistenterna som \u00e4r mest utsatta f\u00f6r nedsk\u00e4rningar. Om s\u00e5 blir fallet tillslut s\u00e5 blir det de elever med de st\u00f6rsta behoven som kommer att L\u00e4s mer\" \/>\n<meta property=\"og:url\" content=\"https:\/\/wp.kristdemokraterna.se\/timra\/vart-ar-solidariteten-med-de-svagaste-i-timras-skolor\/\" \/>\n<meta property=\"og:site_name\" content=\"Kristdemokraterna i Timr\u00e5\" \/>\n<meta property=\"article:published_time\" content=\"2009-12-19T11:57:10+00:00\" \/>\n<meta property=\"article:modified_time\" content=\"2018-07-10T11:52:47+00:00\" \/>\n<meta name=\"author\" content=\"timra\" \/>\n<meta name=\"twitter:card\" content=\"summary_large_image\" \/>\n<meta name=\"twitter:label1\" content=\"Skriven av\" \/>\n\t<meta name=\"twitter:data1\" content=\"timra\" \/>\n\t<meta name=\"twitter:label2\" content=\"Ber\u00e4knad l\u00e4stid\" \/>\n\t<meta name=\"twitter:data2\" content=\"4 minuter\" \/>\n<script type=\"application\/ld+json\" class=\"yoast-schema-graph\">{\"@context\":\"https:\\\/\\\/schema.org\",\"@graph\":[{\"@type\":\"Article\",\"@id\":\"https:\\\/\\\/wp.kristdemokraterna.se\\\/timra\\\/vart-ar-solidariteten-med-de-svagaste-i-timras-skolor\\\/#article\",\"isPartOf\":{\"@id\":\"https:\\\/\\\/wp.kristdemokraterna.se\\\/timra\\\/vart-ar-solidariteten-med-de-svagaste-i-timras-skolor\\\/\"},\"author\":{\"name\":\"timra\",\"@id\":\"https:\\\/\\\/wp.kristdemokraterna.se\\\/timra\\\/#\\\/schema\\\/person\\\/49784c93d3806490fb376f5a3b3dd4cd\"},\"headline\":\"Vart \u00e4r solidariteten med de svagaste i Timr\u00e5s skolor?\",\"datePublished\":\"2009-12-19T11:57:10+00:00\",\"dateModified\":\"2018-07-10T11:52:47+00:00\",\"mainEntityOfPage\":{\"@id\":\"https:\\\/\\\/wp.kristdemokraterna.se\\\/timra\\\/vart-ar-solidariteten-med-de-svagaste-i-timras-skolor\\\/\"},\"wordCount\":774,\"articleSection\":[\"Alla nyheter\",\"Barn och unga\"],\"inLanguage\":\"sv-SE\"},{\"@type\":\"WebPage\",\"@id\":\"https:\\\/\\\/wp.kristdemokraterna.se\\\/timra\\\/vart-ar-solidariteten-med-de-svagaste-i-timras-skolor\\\/\",\"url\":\"https:\\\/\\\/wp.kristdemokraterna.se\\\/timra\\\/vart-ar-solidariteten-med-de-svagaste-i-timras-skolor\\\/\",\"name\":\"Vart \u00e4r solidariteten med de svagaste i Timr\u00e5s skolor? - Kristdemokraterna i Timr\u00e5\",\"isPartOf\":{\"@id\":\"https:\\\/\\\/wp.kristdemokraterna.se\\\/timra\\\/#website\"},\"datePublished\":\"2009-12-19T11:57:10+00:00\",\"dateModified\":\"2018-07-10T11:52:47+00:00\",\"author\":{\"@id\":\"https:\\\/\\\/wp.kristdemokraterna.se\\\/timra\\\/#\\\/schema\\\/person\\\/49784c93d3806490fb376f5a3b3dd4cd\"},\"breadcrumb\":{\"@id\":\"https:\\\/\\\/wp.kristdemokraterna.se\\\/timra\\\/vart-ar-solidariteten-med-de-svagaste-i-timras-skolor\\\/#breadcrumb\"},\"inLanguage\":\"sv-SE\",\"potentialAction\":[{\"@type\":\"ReadAction\",\"target\":[\"https:\\\/\\\/wp.kristdemokraterna.se\\\/timra\\\/vart-ar-solidariteten-med-de-svagaste-i-timras-skolor\\\/\"]}]},{\"@type\":\"BreadcrumbList\",\"@id\":\"https:\\\/\\\/wp.kristdemokraterna.se\\\/timra\\\/vart-ar-solidariteten-med-de-svagaste-i-timras-skolor\\\/#breadcrumb\",\"itemListElement\":[{\"@type\":\"ListItem\",\"position\":1,\"name\":\"Hem\",\"item\":\"https:\\\/\\\/wp.kristdemokraterna.se\\\/timra\\\/\"},{\"@type\":\"ListItem\",\"position\":2,\"name\":\"Vart \u00e4r solidariteten med de svagaste i Timr\u00e5s skolor?\"}]},{\"@type\":\"WebSite\",\"@id\":\"https:\\\/\\\/wp.kristdemokraterna.se\\\/timra\\\/#website\",\"url\":\"https:\\\/\\\/wp.kristdemokraterna.se\\\/timra\\\/\",\"name\":\"Kristdemokraterna i Timr\u00e5\",\"description\":\"Vill du ocks\u00e5 ha maktskifte?\",\"inLanguage\":\"sv-SE\"},{\"@type\":\"Person\",\"@id\":\"https:\\\/\\\/wp.kristdemokraterna.se\\\/timra\\\/#\\\/schema\\\/person\\\/49784c93d3806490fb376f5a3b3dd4cd\",\"name\":\"timra\",\"image\":{\"@type\":\"ImageObject\",\"inLanguage\":\"sv-SE\",\"@id\":\"https:\\\/\\\/secure.gravatar.com\\\/avatar\\\/2d9a04bf0b09a2c8909797508e81e5c3faf9a9ba8962c579b9100cffe14b6f7b?s=96&d=mm&r=g\",\"url\":\"https:\\\/\\\/secure.gravatar.com\\\/avatar\\\/2d9a04bf0b09a2c8909797508e81e5c3faf9a9ba8962c579b9100cffe14b6f7b?s=96&d=mm&r=g\",\"contentUrl\":\"https:\\\/\\\/secure.gravatar.com\\\/avatar\\\/2d9a04bf0b09a2c8909797508e81e5c3faf9a9ba8962c579b9100cffe14b6f7b?s=96&d=mm&r=g\",\"caption\":\"timra\"},\"url\":\"https:\\\/\\\/wp.kristdemokraterna.se\\\/timra\\\/author\\\/timra\\\/\"}]}<\/script>\n<!-- \/ Yoast SEO plugin. -->","yoast_head_json":{"title":"Vart \u00e4r solidariteten med de svagaste i Timr\u00e5s skolor? - Kristdemokraterna i Timr\u00e5","robots":{"index":"index","follow":"follow","max-snippet":"max-snippet:-1","max-image-preview":"max-image-preview:large","max-video-preview":"max-video-preview:-1"},"canonical":"https:\/\/wp.kristdemokraterna.se\/timra\/vart-ar-solidariteten-med-de-svagaste-i-timras-skolor\/","og_locale":"sv_SE","og_type":"article","og_title":"Vart \u00e4r solidariteten med de svagaste i Timr\u00e5s skolor? - Kristdemokraterna i Timr\u00e5","og_description":"Det verkar som att Timr\u00e5 kommun f\u00f6r att spara in pengar till barn och utbildningsn\u00e4mnden m\u00e5ste sk\u00e4ra i n\u00e4sta \u00e5r budget, och det ser ut som att det \u00e4r speciall\u00e4rarna och elevassistenterna som \u00e4r mest utsatta f\u00f6r nedsk\u00e4rningar. Om s\u00e5 blir fallet tillslut s\u00e5 blir det de elever med de st\u00f6rsta behoven som kommer att L\u00e4s mer","og_url":"https:\/\/wp.kristdemokraterna.se\/timra\/vart-ar-solidariteten-med-de-svagaste-i-timras-skolor\/","og_site_name":"Kristdemokraterna i Timr\u00e5","article_published_time":"2009-12-19T11:57:10+00:00","article_modified_time":"2018-07-10T11:52:47+00:00","author":"timra","twitter_card":"summary_large_image","twitter_misc":{"Skriven av":"timra","Ber\u00e4knad l\u00e4stid":"4 minuter"},"schema":{"@context":"https:\/\/schema.org","@graph":[{"@type":"Article","@id":"https:\/\/wp.kristdemokraterna.se\/timra\/vart-ar-solidariteten-med-de-svagaste-i-timras-skolor\/#article","isPartOf":{"@id":"https:\/\/wp.kristdemokraterna.se\/timra\/vart-ar-solidariteten-med-de-svagaste-i-timras-skolor\/"},"author":{"name":"timra","@id":"https:\/\/wp.kristdemokraterna.se\/timra\/#\/schema\/person\/49784c93d3806490fb376f5a3b3dd4cd"},"headline":"Vart \u00e4r solidariteten med de svagaste i Timr\u00e5s skolor?","datePublished":"2009-12-19T11:57:10+00:00","dateModified":"2018-07-10T11:52:47+00:00","mainEntityOfPage":{"@id":"https:\/\/wp.kristdemokraterna.se\/timra\/vart-ar-solidariteten-med-de-svagaste-i-timras-skolor\/"},"wordCount":774,"articleSection":["Alla nyheter","Barn och unga"],"inLanguage":"sv-SE"},{"@type":"WebPage","@id":"https:\/\/wp.kristdemokraterna.se\/timra\/vart-ar-solidariteten-med-de-svagaste-i-timras-skolor\/","url":"https:\/\/wp.kristdemokraterna.se\/timra\/vart-ar-solidariteten-med-de-svagaste-i-timras-skolor\/","name":"Vart \u00e4r solidariteten med de svagaste i Timr\u00e5s skolor? - Kristdemokraterna i Timr\u00e5","isPartOf":{"@id":"https:\/\/wp.kristdemokraterna.se\/timra\/#website"},"datePublished":"2009-12-19T11:57:10+00:00","dateModified":"2018-07-10T11:52:47+00:00","author":{"@id":"https:\/\/wp.kristdemokraterna.se\/timra\/#\/schema\/person\/49784c93d3806490fb376f5a3b3dd4cd"},"breadcrumb":{"@id":"https:\/\/wp.kristdemokraterna.se\/timra\/vart-ar-solidariteten-med-de-svagaste-i-timras-skolor\/#breadcrumb"},"inLanguage":"sv-SE","potentialAction":[{"@type":"ReadAction","target":["https:\/\/wp.kristdemokraterna.se\/timra\/vart-ar-solidariteten-med-de-svagaste-i-timras-skolor\/"]}]},{"@type":"BreadcrumbList","@id":"https:\/\/wp.kristdemokraterna.se\/timra\/vart-ar-solidariteten-med-de-svagaste-i-timras-skolor\/#breadcrumb","itemListElement":[{"@type":"ListItem","position":1,"name":"Hem","item":"https:\/\/wp.kristdemokraterna.se\/timra\/"},{"@type":"ListItem","position":2,"name":"Vart \u00e4r solidariteten med de svagaste i Timr\u00e5s skolor?"}]},{"@type":"WebSite","@id":"https:\/\/wp.kristdemokraterna.se\/timra\/#website","url":"https:\/\/wp.kristdemokraterna.se\/timra\/","name":"Kristdemokraterna i Timr\u00e5","description":"Vill du ocks\u00e5 ha maktskifte?","inLanguage":"sv-SE"},{"@type":"Person","@id":"https:\/\/wp.kristdemokraterna.se\/timra\/#\/schema\/person\/49784c93d3806490fb376f5a3b3dd4cd","name":"timra","image":{"@type":"ImageObject","inLanguage":"sv-SE","@id":"https:\/\/secure.gravatar.com\/avatar\/2d9a04bf0b09a2c8909797508e81e5c3faf9a9ba8962c579b9100cffe14b6f7b?s=96&d=mm&r=g","url":"https:\/\/secure.gravatar.com\/avatar\/2d9a04bf0b09a2c8909797508e81e5c3faf9a9ba8962c579b9100cffe14b6f7b?s=96&d=mm&r=g","contentUrl":"https:\/\/secure.gravatar.com\/avatar\/2d9a04bf0b09a2c8909797508e81e5c3faf9a9ba8962c579b9100cffe14b6f7b?s=96&d=mm&r=g","caption":"timra"},"url":"https:\/\/wp.kristdemokraterna.se\/timra\/author\/timra\/"}]}},"_links":{"self":[{"href":"https:\/\/wp.kristdemokraterna.se\/timra\/wp-json\/wp\/v2\/posts\/606","targetHints":{"allow":["GET"]}}],"collection":[{"href":"https:\/\/wp.kristdemokraterna.se\/timra\/wp-json\/wp\/v2\/posts"}],"about":[{"href":"https:\/\/wp.kristdemokraterna.se\/timra\/wp-json\/wp\/v2\/types\/post"}],"author":[{"embeddable":true,"href":"https:\/\/wp.kristdemokraterna.se\/timra\/wp-json\/wp\/v2\/users\/787"}],"replies":[{"embeddable":true,"href":"https:\/\/wp.kristdemokraterna.se\/timra\/wp-json\/wp\/v2\/comments?post=606"}],"version-history":[{"count":1,"href":"https:\/\/wp.kristdemokraterna.se\/timra\/wp-json\/wp\/v2\/posts\/606\/revisions"}],"predecessor-version":[{"id":607,"href":"https:\/\/wp.kristdemokraterna.se\/timra\/wp-json\/wp\/v2\/posts\/606\/revisions\/607"}],"wp:attachment":[{"href":"https:\/\/wp.kristdemokraterna.se\/timra\/wp-json\/wp\/v2\/media?parent=606"}],"wp:term":[{"taxonomy":"category","embeddable":true,"href":"https:\/\/wp.kristdemokraterna.se\/timra\/wp-json\/wp\/v2\/categories?post=606"},{"taxonomy":"post_tag","embeddable":true,"href":"https:\/\/wp.kristdemokraterna.se\/timra\/wp-json\/wp\/v2\/tags?post=606"}],"curies":[{"name":"wp","href":"https:\/\/api.w.org\/{rel}","templated":true}]}}