{"id":615,"date":"2005-10-10T13:02:56","date_gmt":"2005-10-10T11:02:56","guid":{"rendered":"http:\/\/wp.kristdemokraterna.se\/timra\/?p=615"},"modified":"2018-07-10T13:52:30","modified_gmt":"2018-07-10T11:52:30","slug":"mer-pengar-till-skolan","status":"publish","type":"post","link":"https:\/\/wp.kristdemokraterna.se\/timra\/mer-pengar-till-skolan\/","title":{"rendered":"Mer pengar till skolan"},"content":{"rendered":"<p>Vid budgetarbetet inf\u00f6r 2005 har vi p\u00e5verkat f\u00f6r att f\u00e5 mer pengar till framf\u00f6rallt skolan. \u00c4ven ett h\u00f6gre anslag till v\u00e4garna blev resultatet av budgetberedningens arbete. Vi har budgeterat ett \u00f6verskott totalt i kommunen p\u00e5 11.2 miljoner kronro varav 11 miljoner m\u00e5ste t\u00e4cka 2003 \u00e5rs redovisade minusresultat.<\/p>\n<p>Vi valde att l\u00e4gga budget gemensamt med S, FP och C.<\/p>\n<p>I opposition kan man v\u00e4lja olika v\u00e4gar beroende p\u00e5 om man vill plocka politiska po\u00e4ng eller f\u00f6rs\u00f6ka f\u00e5 igenom sina krav genom att ge och ta. Detta \u00e5r lyckades vi komma \u00f6verrens om en, som vi ser det, bra budget. Skolan fick ca 4 miljoner mer i sin budget j\u00e4mf\u00f6rt med det f\u00f6rslag som f\u00f6rel\u00e5g och d\u00e4rmed kan de s k Wernersson pengarna r\u00e4ddas f\u00f6r kommande \u00e5r. Det inneb\u00e4r att inga drastiska personalminskningar bland skolpersonal beh\u00f6ver genomf\u00f6ras.<\/p>\n<p>V\u00e4nstern ville, sin vana trogen, h\u00f6ja skatten med 50 \u00f6re. Detta \u00e4r i dagsl\u00e4get inget vi kan st\u00e4lla upp p\u00e5. Vi vet alla att det skulle vara v\u00e4lbeh\u00f6vligt att ge mer pengar till skolan och omsorgen. Samtidigt m\u00e5ste vi beakta att vi redan idag har en relativt h\u00f6g skatt i v\u00e5r kommun och en h\u00f6jning kan ge o\u00f6nskade effekter s\u00e5som utflyttning.<\/p>\n<p>Moderaterna ville ist\u00e4llet s\u00e4nka skatten med 25 \u00f6re och menade att det var genomf\u00f6rbart. Vi anser att det inte g\u00e5r att s\u00e4nka skatten i nuvarande l\u00e4ge d\u00e5 ekonomin trots allt inte visar ett tillr\u00e4ckligt stort \u00f6verskott.<\/p>\n","protected":false},"excerpt":{"rendered":"<p>Vid budgetarbetet inf\u00f6r 2005 har vi p\u00e5verkat f\u00f6r att f\u00e5 mer pengar till framf\u00f6rallt skolan. \u00c4ven ett h\u00f6gre anslag till v\u00e4garna blev resultatet av budgetberedningens arbete. Vi har budgeterat ett \u00f6verskott totalt i kommunen p\u00e5 11.2 miljoner kronro varav 11 miljoner m\u00e5ste t\u00e4cka 2003 \u00e5rs redovisade minusresultat. Vi valde att l\u00e4gga budget gemensamt med S, <a class=\"read-more-link\" href=\"https:\/\/wp.kristdemokraterna.se\/timra\/mer-pengar-till-skolan\/\">L\u00e4s mer<\/a><\/p>\n","protected":false},"author":787,"featured_media":0,"comment_status":"closed","ping_status":"closed","sticky":false,"template":"","format":"standard","meta":{"_acf_changed":false,"footnotes":""},"categories":[11,12],"tags":[],"class_list":["post-615","post","type-post","status-publish","format-standard","hentry","category-inlagg","category-barn-unga"],"acf":[],"yoast_head":"<!-- This site is optimized with the Yoast SEO plugin v27.5 - https:\/\/yoast.com\/product\/yoast-seo-wordpress\/ -->\n<title>Mer pengar till skolan - Kristdemokraterna i Timr\u00e5<\/title>\n<meta name=\"robots\" content=\"index, follow, max-snippet:-1, max-image-preview:large, max-video-preview:-1\" \/>\n<link rel=\"canonical\" href=\"https:\/\/wp.kristdemokraterna.se\/timra\/mer-pengar-till-skolan\/\" \/>\n<meta property=\"og:locale\" content=\"sv_SE\" \/>\n<meta property=\"og:type\" content=\"article\" \/>\n<meta property=\"og:title\" content=\"Mer pengar till skolan - Kristdemokraterna i Timr\u00e5\" \/>\n<meta property=\"og:description\" content=\"Vid budgetarbetet inf\u00f6r 2005 har vi p\u00e5verkat f\u00f6r att f\u00e5 mer pengar till framf\u00f6rallt skolan. \u00c4ven ett h\u00f6gre anslag till v\u00e4garna blev resultatet av budgetberedningens arbete. Vi har budgeterat ett \u00f6verskott totalt i kommunen p\u00e5 11.2 miljoner kronro varav 11 miljoner m\u00e5ste t\u00e4cka 2003 \u00e5rs redovisade minusresultat. Vi valde att l\u00e4gga budget gemensamt med S, L\u00e4s mer\" \/>\n<meta property=\"og:url\" content=\"https:\/\/wp.kristdemokraterna.se\/timra\/mer-pengar-till-skolan\/\" \/>\n<meta property=\"og:site_name\" content=\"Kristdemokraterna i Timr\u00e5\" \/>\n<meta property=\"article:published_time\" content=\"2005-10-10T11:02:56+00:00\" \/>\n<meta property=\"article:modified_time\" content=\"2018-07-10T11:52:30+00:00\" \/>\n<meta name=\"author\" content=\"timra\" \/>\n<meta name=\"twitter:card\" content=\"summary_large_image\" \/>\n<meta name=\"twitter:label1\" content=\"Skriven av\" \/>\n\t<meta name=\"twitter:data1\" content=\"timra\" \/>\n\t<meta name=\"twitter:label2\" content=\"Ber\u00e4knad l\u00e4stid\" \/>\n\t<meta name=\"twitter:data2\" content=\"1 minut\" \/>\n<script type=\"application\/ld+json\" class=\"yoast-schema-graph\">{\"@context\":\"https:\\\/\\\/schema.org\",\"@graph\":[{\"@type\":\"Article\",\"@id\":\"https:\\\/\\\/wp.kristdemokraterna.se\\\/timra\\\/mer-pengar-till-skolan\\\/#article\",\"isPartOf\":{\"@id\":\"https:\\\/\\\/wp.kristdemokraterna.se\\\/timra\\\/mer-pengar-till-skolan\\\/\"},\"author\":{\"name\":\"timra\",\"@id\":\"https:\\\/\\\/wp.kristdemokraterna.se\\\/timra\\\/#\\\/schema\\\/person\\\/49784c93d3806490fb376f5a3b3dd4cd\"},\"headline\":\"Mer pengar till skolan\",\"datePublished\":\"2005-10-10T11:02:56+00:00\",\"dateModified\":\"2018-07-10T11:52:30+00:00\",\"mainEntityOfPage\":{\"@id\":\"https:\\\/\\\/wp.kristdemokraterna.se\\\/timra\\\/mer-pengar-till-skolan\\\/\"},\"wordCount\":273,\"articleSection\":[\"Alla nyheter\",\"Barn och unga\"],\"inLanguage\":\"sv-SE\"},{\"@type\":\"WebPage\",\"@id\":\"https:\\\/\\\/wp.kristdemokraterna.se\\\/timra\\\/mer-pengar-till-skolan\\\/\",\"url\":\"https:\\\/\\\/wp.kristdemokraterna.se\\\/timra\\\/mer-pengar-till-skolan\\\/\",\"name\":\"Mer pengar till skolan - Kristdemokraterna i Timr\u00e5\",\"isPartOf\":{\"@id\":\"https:\\\/\\\/wp.kristdemokraterna.se\\\/timra\\\/#website\"},\"datePublished\":\"2005-10-10T11:02:56+00:00\",\"dateModified\":\"2018-07-10T11:52:30+00:00\",\"author\":{\"@id\":\"https:\\\/\\\/wp.kristdemokraterna.se\\\/timra\\\/#\\\/schema\\\/person\\\/49784c93d3806490fb376f5a3b3dd4cd\"},\"breadcrumb\":{\"@id\":\"https:\\\/\\\/wp.kristdemokraterna.se\\\/timra\\\/mer-pengar-till-skolan\\\/#breadcrumb\"},\"inLanguage\":\"sv-SE\",\"potentialAction\":[{\"@type\":\"ReadAction\",\"target\":[\"https:\\\/\\\/wp.kristdemokraterna.se\\\/timra\\\/mer-pengar-till-skolan\\\/\"]}]},{\"@type\":\"BreadcrumbList\",\"@id\":\"https:\\\/\\\/wp.kristdemokraterna.se\\\/timra\\\/mer-pengar-till-skolan\\\/#breadcrumb\",\"itemListElement\":[{\"@type\":\"ListItem\",\"position\":1,\"name\":\"Hem\",\"item\":\"https:\\\/\\\/wp.kristdemokraterna.se\\\/timra\\\/\"},{\"@type\":\"ListItem\",\"position\":2,\"name\":\"Mer pengar till skolan\"}]},{\"@type\":\"WebSite\",\"@id\":\"https:\\\/\\\/wp.kristdemokraterna.se\\\/timra\\\/#website\",\"url\":\"https:\\\/\\\/wp.kristdemokraterna.se\\\/timra\\\/\",\"name\":\"Kristdemokraterna i Timr\u00e5\",\"description\":\"Vill du ocks\u00e5 ha maktskifte?\",\"inLanguage\":\"sv-SE\"},{\"@type\":\"Person\",\"@id\":\"https:\\\/\\\/wp.kristdemokraterna.se\\\/timra\\\/#\\\/schema\\\/person\\\/49784c93d3806490fb376f5a3b3dd4cd\",\"name\":\"timra\",\"image\":{\"@type\":\"ImageObject\",\"inLanguage\":\"sv-SE\",\"@id\":\"https:\\\/\\\/secure.gravatar.com\\\/avatar\\\/2d9a04bf0b09a2c8909797508e81e5c3faf9a9ba8962c579b9100cffe14b6f7b?s=96&d=mm&r=g\",\"url\":\"https:\\\/\\\/secure.gravatar.com\\\/avatar\\\/2d9a04bf0b09a2c8909797508e81e5c3faf9a9ba8962c579b9100cffe14b6f7b?s=96&d=mm&r=g\",\"contentUrl\":\"https:\\\/\\\/secure.gravatar.com\\\/avatar\\\/2d9a04bf0b09a2c8909797508e81e5c3faf9a9ba8962c579b9100cffe14b6f7b?s=96&d=mm&r=g\",\"caption\":\"timra\"},\"url\":\"https:\\\/\\\/wp.kristdemokraterna.se\\\/timra\\\/author\\\/timra\\\/\"}]}<\/script>\n<!-- \/ Yoast SEO plugin. -->","yoast_head_json":{"title":"Mer pengar till skolan - Kristdemokraterna i Timr\u00e5","robots":{"index":"index","follow":"follow","max-snippet":"max-snippet:-1","max-image-preview":"max-image-preview:large","max-video-preview":"max-video-preview:-1"},"canonical":"https:\/\/wp.kristdemokraterna.se\/timra\/mer-pengar-till-skolan\/","og_locale":"sv_SE","og_type":"article","og_title":"Mer pengar till skolan - Kristdemokraterna i Timr\u00e5","og_description":"Vid budgetarbetet inf\u00f6r 2005 har vi p\u00e5verkat f\u00f6r att f\u00e5 mer pengar till framf\u00f6rallt skolan. \u00c4ven ett h\u00f6gre anslag till v\u00e4garna blev resultatet av budgetberedningens arbete. Vi har budgeterat ett \u00f6verskott totalt i kommunen p\u00e5 11.2 miljoner kronro varav 11 miljoner m\u00e5ste t\u00e4cka 2003 \u00e5rs redovisade minusresultat. Vi valde att l\u00e4gga budget gemensamt med S, L\u00e4s mer","og_url":"https:\/\/wp.kristdemokraterna.se\/timra\/mer-pengar-till-skolan\/","og_site_name":"Kristdemokraterna i Timr\u00e5","article_published_time":"2005-10-10T11:02:56+00:00","article_modified_time":"2018-07-10T11:52:30+00:00","author":"timra","twitter_card":"summary_large_image","twitter_misc":{"Skriven av":"timra","Ber\u00e4knad l\u00e4stid":"1 minut"},"schema":{"@context":"https:\/\/schema.org","@graph":[{"@type":"Article","@id":"https:\/\/wp.kristdemokraterna.se\/timra\/mer-pengar-till-skolan\/#article","isPartOf":{"@id":"https:\/\/wp.kristdemokraterna.se\/timra\/mer-pengar-till-skolan\/"},"author":{"name":"timra","@id":"https:\/\/wp.kristdemokraterna.se\/timra\/#\/schema\/person\/49784c93d3806490fb376f5a3b3dd4cd"},"headline":"Mer pengar till skolan","datePublished":"2005-10-10T11:02:56+00:00","dateModified":"2018-07-10T11:52:30+00:00","mainEntityOfPage":{"@id":"https:\/\/wp.kristdemokraterna.se\/timra\/mer-pengar-till-skolan\/"},"wordCount":273,"articleSection":["Alla nyheter","Barn och unga"],"inLanguage":"sv-SE"},{"@type":"WebPage","@id":"https:\/\/wp.kristdemokraterna.se\/timra\/mer-pengar-till-skolan\/","url":"https:\/\/wp.kristdemokraterna.se\/timra\/mer-pengar-till-skolan\/","name":"Mer pengar till skolan - Kristdemokraterna i Timr\u00e5","isPartOf":{"@id":"https:\/\/wp.kristdemokraterna.se\/timra\/#website"},"datePublished":"2005-10-10T11:02:56+00:00","dateModified":"2018-07-10T11:52:30+00:00","author":{"@id":"https:\/\/wp.kristdemokraterna.se\/timra\/#\/schema\/person\/49784c93d3806490fb376f5a3b3dd4cd"},"breadcrumb":{"@id":"https:\/\/wp.kristdemokraterna.se\/timra\/mer-pengar-till-skolan\/#breadcrumb"},"inLanguage":"sv-SE","potentialAction":[{"@type":"ReadAction","target":["https:\/\/wp.kristdemokraterna.se\/timra\/mer-pengar-till-skolan\/"]}]},{"@type":"BreadcrumbList","@id":"https:\/\/wp.kristdemokraterna.se\/timra\/mer-pengar-till-skolan\/#breadcrumb","itemListElement":[{"@type":"ListItem","position":1,"name":"Hem","item":"https:\/\/wp.kristdemokraterna.se\/timra\/"},{"@type":"ListItem","position":2,"name":"Mer pengar till skolan"}]},{"@type":"WebSite","@id":"https:\/\/wp.kristdemokraterna.se\/timra\/#website","url":"https:\/\/wp.kristdemokraterna.se\/timra\/","name":"Kristdemokraterna i Timr\u00e5","description":"Vill du ocks\u00e5 ha maktskifte?","inLanguage":"sv-SE"},{"@type":"Person","@id":"https:\/\/wp.kristdemokraterna.se\/timra\/#\/schema\/person\/49784c93d3806490fb376f5a3b3dd4cd","name":"timra","image":{"@type":"ImageObject","inLanguage":"sv-SE","@id":"https:\/\/secure.gravatar.com\/avatar\/2d9a04bf0b09a2c8909797508e81e5c3faf9a9ba8962c579b9100cffe14b6f7b?s=96&d=mm&r=g","url":"https:\/\/secure.gravatar.com\/avatar\/2d9a04bf0b09a2c8909797508e81e5c3faf9a9ba8962c579b9100cffe14b6f7b?s=96&d=mm&r=g","contentUrl":"https:\/\/secure.gravatar.com\/avatar\/2d9a04bf0b09a2c8909797508e81e5c3faf9a9ba8962c579b9100cffe14b6f7b?s=96&d=mm&r=g","caption":"timra"},"url":"https:\/\/wp.kristdemokraterna.se\/timra\/author\/timra\/"}]}},"_links":{"self":[{"href":"https:\/\/wp.kristdemokraterna.se\/timra\/wp-json\/wp\/v2\/posts\/615","targetHints":{"allow":["GET"]}}],"collection":[{"href":"https:\/\/wp.kristdemokraterna.se\/timra\/wp-json\/wp\/v2\/posts"}],"about":[{"href":"https:\/\/wp.kristdemokraterna.se\/timra\/wp-json\/wp\/v2\/types\/post"}],"author":[{"embeddable":true,"href":"https:\/\/wp.kristdemokraterna.se\/timra\/wp-json\/wp\/v2\/users\/787"}],"replies":[{"embeddable":true,"href":"https:\/\/wp.kristdemokraterna.se\/timra\/wp-json\/wp\/v2\/comments?post=615"}],"version-history":[{"count":1,"href":"https:\/\/wp.kristdemokraterna.se\/timra\/wp-json\/wp\/v2\/posts\/615\/revisions"}],"predecessor-version":[{"id":616,"href":"https:\/\/wp.kristdemokraterna.se\/timra\/wp-json\/wp\/v2\/posts\/615\/revisions\/616"}],"wp:attachment":[{"href":"https:\/\/wp.kristdemokraterna.se\/timra\/wp-json\/wp\/v2\/media?parent=615"}],"wp:term":[{"taxonomy":"category","embeddable":true,"href":"https:\/\/wp.kristdemokraterna.se\/timra\/wp-json\/wp\/v2\/categories?post=615"},{"taxonomy":"post_tag","embeddable":true,"href":"https:\/\/wp.kristdemokraterna.se\/timra\/wp-json\/wp\/v2\/tags?post=615"}],"curies":[{"name":"wp","href":"https:\/\/api.w.org\/{rel}","templated":true}]}}