{"id":632,"date":"2011-12-02T13:23:34","date_gmt":"2011-12-02T12:23:34","guid":{"rendered":"http:\/\/wp.kristdemokraterna.se\/timra\/?p=632"},"modified":"2018-07-10T14:29:58","modified_gmt":"2018-07-10T12:29:58","slug":"barnfattigdomen-bekampas","status":"publish","type":"post","link":"https:\/\/wp.kristdemokraterna.se\/timra\/barnfattigdomen-bekampas\/","title":{"rendered":"Barnfattigdomen bek\u00e4mpas"},"content":{"rendered":"<div class=\"itemRatingBlock\">\n<div class=\"itemRatingForm\"><\/div>\n<div class=\"clr\">Nu h\u00f6jer vi bostadsbidragen och f\u00f6rst\u00e4rker jobbsatsningarna.<\/div>\n<div><\/div>\n<div class=\"clr\">F\u00f6r en del barn och deras f\u00f6r\u00e4ldrar r\u00e4cker pengarna inte till. Ingen fotboll. Inget biobes\u00f6k. Inga vinterk\u00e4ngor n\u00e4r f\u00f6rsta sn\u00f6n faller.<\/div>\n<div><\/div>\n<div class=\"clr\">Kristdemokraterna vill att alla f\u00f6r\u00e4ldrar ska ges m\u00f6jlighet att ta ansvar f\u00f6r sig och sin egen familj. Fler ska f\u00e5 arbete och fler ska kunna leva p\u00e5 sin inkomst. Vi vill ocks\u00e5 st\u00f6tta familjer som lever under knappa ekonomiska f\u00f6rh\u00e5llanden. D\u00e4rf\u00f6r har Kristdemokraterna drivit igenom en h\u00f6jning av bostads bidragen till barnfamiljer.<\/div>\n<div><\/div>\n<div class=\"clr\">I regeringens budget f\u00f6r 2012:<\/div>\n<ul>\n<li class=\"clr\">H\u00f6jda bostadsbidrag till barnfamiljer och unga under 29 \u00e5rmed 1,2 miljarder kronor.<\/li>\n<li class=\"clr\">Jobbpaket om 7,5 miljarder fr\u00e4mst riktade till unga.<\/li>\n<li class=\"clr\">S\u00e4nkta tr\u00f6sklar f\u00f6r de som har socialbidrag att komma in p\u00e5 arbetsmarknaden.<\/li>\n<\/ul>\n<\/div>\n","protected":false},"excerpt":{"rendered":"<p>Nu h\u00f6jer vi bostadsbidragen och f\u00f6rst\u00e4rker jobbsatsningarna. F\u00f6r en del barn och deras f\u00f6r\u00e4ldrar r\u00e4cker pengarna inte till. Ingen fotboll. Inget biobes\u00f6k. Inga vinterk\u00e4ngor n\u00e4r f\u00f6rsta sn\u00f6n faller. Kristdemokraterna vill att alla f\u00f6r\u00e4ldrar ska ges m\u00f6jlighet att ta ansvar f\u00f6r sig och sin egen familj. Fler ska f\u00e5 arbete och fler ska kunna leva p\u00e5 <a class=\"read-more-link\" href=\"https:\/\/wp.kristdemokraterna.se\/timra\/barnfattigdomen-bekampas\/\">L\u00e4s mer<\/a><\/p>\n","protected":false},"author":787,"featured_media":0,"comment_status":"closed","ping_status":"closed","sticky":false,"template":"","format":"standard","meta":{"_acf_changed":false,"footnotes":""},"categories":[11,12],"tags":[38,78,52],"class_list":["post-632","post","type-post","status-publish","format-standard","hentry","category-inlagg","category-barn-unga","tag-arbete","tag-bostadsbidrag","tag-fattigdom"],"acf":[],"yoast_head":"<!-- This site is optimized with the Yoast SEO plugin v27.4 - https:\/\/yoast.com\/product\/yoast-seo-wordpress\/ -->\n<title>Barnfattigdomen bek\u00e4mpas - Kristdemokraterna i Timr\u00e5<\/title>\n<meta name=\"robots\" content=\"index, follow, max-snippet:-1, max-image-preview:large, max-video-preview:-1\" \/>\n<link rel=\"canonical\" href=\"https:\/\/wp.kristdemokraterna.se\/timra\/barnfattigdomen-bekampas\/\" \/>\n<meta property=\"og:locale\" content=\"sv_SE\" \/>\n<meta property=\"og:type\" content=\"article\" \/>\n<meta property=\"og:title\" content=\"Barnfattigdomen bek\u00e4mpas - Kristdemokraterna i Timr\u00e5\" \/>\n<meta property=\"og:description\" content=\"Nu h\u00f6jer vi bostadsbidragen och f\u00f6rst\u00e4rker jobbsatsningarna. F\u00f6r en del barn och deras f\u00f6r\u00e4ldrar r\u00e4cker pengarna inte till. Ingen fotboll. Inget biobes\u00f6k. Inga vinterk\u00e4ngor n\u00e4r f\u00f6rsta sn\u00f6n faller. Kristdemokraterna vill att alla f\u00f6r\u00e4ldrar ska ges m\u00f6jlighet att ta ansvar f\u00f6r sig och sin egen familj. Fler ska f\u00e5 arbete och fler ska kunna leva p\u00e5 L\u00e4s mer\" \/>\n<meta property=\"og:url\" content=\"https:\/\/wp.kristdemokraterna.se\/timra\/barnfattigdomen-bekampas\/\" \/>\n<meta property=\"og:site_name\" content=\"Kristdemokraterna i Timr\u00e5\" \/>\n<meta property=\"article:published_time\" content=\"2011-12-02T12:23:34+00:00\" \/>\n<meta property=\"article:modified_time\" content=\"2018-07-10T12:29:58+00:00\" \/>\n<meta name=\"author\" content=\"timra\" \/>\n<meta name=\"twitter:card\" content=\"summary_large_image\" \/>\n<meta name=\"twitter:label1\" content=\"Skriven av\" \/>\n\t<meta name=\"twitter:data1\" content=\"timra\" \/>\n\t<meta name=\"twitter:label2\" content=\"Ber\u00e4knad l\u00e4stid\" \/>\n\t<meta name=\"twitter:data2\" content=\"1 minut\" \/>\n<script type=\"application\/ld+json\" class=\"yoast-schema-graph\">{\"@context\":\"https:\\\/\\\/schema.org\",\"@graph\":[{\"@type\":\"Article\",\"@id\":\"https:\\\/\\\/wp.kristdemokraterna.se\\\/timra\\\/barnfattigdomen-bekampas\\\/#article\",\"isPartOf\":{\"@id\":\"https:\\\/\\\/wp.kristdemokraterna.se\\\/timra\\\/barnfattigdomen-bekampas\\\/\"},\"author\":{\"name\":\"timra\",\"@id\":\"https:\\\/\\\/wp.kristdemokraterna.se\\\/timra\\\/#\\\/schema\\\/person\\\/49784c93d3806490fb376f5a3b3dd4cd\"},\"headline\":\"Barnfattigdomen bek\u00e4mpas\",\"datePublished\":\"2011-12-02T12:23:34+00:00\",\"dateModified\":\"2018-07-10T12:29:58+00:00\",\"mainEntityOfPage\":{\"@id\":\"https:\\\/\\\/wp.kristdemokraterna.se\\\/timra\\\/barnfattigdomen-bekampas\\\/\"},\"wordCount\":144,\"keywords\":[\"arbete\",\"bostadsbidrag\",\"fattigdom\"],\"articleSection\":[\"Alla nyheter\",\"Barn och unga\"],\"inLanguage\":\"sv-SE\"},{\"@type\":\"WebPage\",\"@id\":\"https:\\\/\\\/wp.kristdemokraterna.se\\\/timra\\\/barnfattigdomen-bekampas\\\/\",\"url\":\"https:\\\/\\\/wp.kristdemokraterna.se\\\/timra\\\/barnfattigdomen-bekampas\\\/\",\"name\":\"Barnfattigdomen bek\u00e4mpas - Kristdemokraterna i Timr\u00e5\",\"isPartOf\":{\"@id\":\"https:\\\/\\\/wp.kristdemokraterna.se\\\/timra\\\/#website\"},\"datePublished\":\"2011-12-02T12:23:34+00:00\",\"dateModified\":\"2018-07-10T12:29:58+00:00\",\"author\":{\"@id\":\"https:\\\/\\\/wp.kristdemokraterna.se\\\/timra\\\/#\\\/schema\\\/person\\\/49784c93d3806490fb376f5a3b3dd4cd\"},\"breadcrumb\":{\"@id\":\"https:\\\/\\\/wp.kristdemokraterna.se\\\/timra\\\/barnfattigdomen-bekampas\\\/#breadcrumb\"},\"inLanguage\":\"sv-SE\",\"potentialAction\":[{\"@type\":\"ReadAction\",\"target\":[\"https:\\\/\\\/wp.kristdemokraterna.se\\\/timra\\\/barnfattigdomen-bekampas\\\/\"]}]},{\"@type\":\"BreadcrumbList\",\"@id\":\"https:\\\/\\\/wp.kristdemokraterna.se\\\/timra\\\/barnfattigdomen-bekampas\\\/#breadcrumb\",\"itemListElement\":[{\"@type\":\"ListItem\",\"position\":1,\"name\":\"Hem\",\"item\":\"https:\\\/\\\/wp.kristdemokraterna.se\\\/timra\\\/\"},{\"@type\":\"ListItem\",\"position\":2,\"name\":\"Barnfattigdomen bek\u00e4mpas\"}]},{\"@type\":\"WebSite\",\"@id\":\"https:\\\/\\\/wp.kristdemokraterna.se\\\/timra\\\/#website\",\"url\":\"https:\\\/\\\/wp.kristdemokraterna.se\\\/timra\\\/\",\"name\":\"Kristdemokraterna i Timr\u00e5\",\"description\":\"Vill du ocks\u00e5 ha maktskifte?\",\"inLanguage\":\"sv-SE\"},{\"@type\":\"Person\",\"@id\":\"https:\\\/\\\/wp.kristdemokraterna.se\\\/timra\\\/#\\\/schema\\\/person\\\/49784c93d3806490fb376f5a3b3dd4cd\",\"name\":\"timra\",\"image\":{\"@type\":\"ImageObject\",\"inLanguage\":\"sv-SE\",\"@id\":\"https:\\\/\\\/secure.gravatar.com\\\/avatar\\\/2d9a04bf0b09a2c8909797508e81e5c3faf9a9ba8962c579b9100cffe14b6f7b?s=96&d=mm&r=g\",\"url\":\"https:\\\/\\\/secure.gravatar.com\\\/avatar\\\/2d9a04bf0b09a2c8909797508e81e5c3faf9a9ba8962c579b9100cffe14b6f7b?s=96&d=mm&r=g\",\"contentUrl\":\"https:\\\/\\\/secure.gravatar.com\\\/avatar\\\/2d9a04bf0b09a2c8909797508e81e5c3faf9a9ba8962c579b9100cffe14b6f7b?s=96&d=mm&r=g\",\"caption\":\"timra\"},\"url\":\"https:\\\/\\\/wp.kristdemokraterna.se\\\/timra\\\/author\\\/timra\\\/\"}]}<\/script>\n<!-- \/ Yoast SEO plugin. -->","yoast_head_json":{"title":"Barnfattigdomen bek\u00e4mpas - Kristdemokraterna i Timr\u00e5","robots":{"index":"index","follow":"follow","max-snippet":"max-snippet:-1","max-image-preview":"max-image-preview:large","max-video-preview":"max-video-preview:-1"},"canonical":"https:\/\/wp.kristdemokraterna.se\/timra\/barnfattigdomen-bekampas\/","og_locale":"sv_SE","og_type":"article","og_title":"Barnfattigdomen bek\u00e4mpas - Kristdemokraterna i Timr\u00e5","og_description":"Nu h\u00f6jer vi bostadsbidragen och f\u00f6rst\u00e4rker jobbsatsningarna. F\u00f6r en del barn och deras f\u00f6r\u00e4ldrar r\u00e4cker pengarna inte till. Ingen fotboll. Inget biobes\u00f6k. Inga vinterk\u00e4ngor n\u00e4r f\u00f6rsta sn\u00f6n faller. Kristdemokraterna vill att alla f\u00f6r\u00e4ldrar ska ges m\u00f6jlighet att ta ansvar f\u00f6r sig och sin egen familj. Fler ska f\u00e5 arbete och fler ska kunna leva p\u00e5 L\u00e4s mer","og_url":"https:\/\/wp.kristdemokraterna.se\/timra\/barnfattigdomen-bekampas\/","og_site_name":"Kristdemokraterna i Timr\u00e5","article_published_time":"2011-12-02T12:23:34+00:00","article_modified_time":"2018-07-10T12:29:58+00:00","author":"timra","twitter_card":"summary_large_image","twitter_misc":{"Skriven av":"timra","Ber\u00e4knad l\u00e4stid":"1 minut"},"schema":{"@context":"https:\/\/schema.org","@graph":[{"@type":"Article","@id":"https:\/\/wp.kristdemokraterna.se\/timra\/barnfattigdomen-bekampas\/#article","isPartOf":{"@id":"https:\/\/wp.kristdemokraterna.se\/timra\/barnfattigdomen-bekampas\/"},"author":{"name":"timra","@id":"https:\/\/wp.kristdemokraterna.se\/timra\/#\/schema\/person\/49784c93d3806490fb376f5a3b3dd4cd"},"headline":"Barnfattigdomen bek\u00e4mpas","datePublished":"2011-12-02T12:23:34+00:00","dateModified":"2018-07-10T12:29:58+00:00","mainEntityOfPage":{"@id":"https:\/\/wp.kristdemokraterna.se\/timra\/barnfattigdomen-bekampas\/"},"wordCount":144,"keywords":["arbete","bostadsbidrag","fattigdom"],"articleSection":["Alla nyheter","Barn och unga"],"inLanguage":"sv-SE"},{"@type":"WebPage","@id":"https:\/\/wp.kristdemokraterna.se\/timra\/barnfattigdomen-bekampas\/","url":"https:\/\/wp.kristdemokraterna.se\/timra\/barnfattigdomen-bekampas\/","name":"Barnfattigdomen bek\u00e4mpas - Kristdemokraterna i Timr\u00e5","isPartOf":{"@id":"https:\/\/wp.kristdemokraterna.se\/timra\/#website"},"datePublished":"2011-12-02T12:23:34+00:00","dateModified":"2018-07-10T12:29:58+00:00","author":{"@id":"https:\/\/wp.kristdemokraterna.se\/timra\/#\/schema\/person\/49784c93d3806490fb376f5a3b3dd4cd"},"breadcrumb":{"@id":"https:\/\/wp.kristdemokraterna.se\/timra\/barnfattigdomen-bekampas\/#breadcrumb"},"inLanguage":"sv-SE","potentialAction":[{"@type":"ReadAction","target":["https:\/\/wp.kristdemokraterna.se\/timra\/barnfattigdomen-bekampas\/"]}]},{"@type":"BreadcrumbList","@id":"https:\/\/wp.kristdemokraterna.se\/timra\/barnfattigdomen-bekampas\/#breadcrumb","itemListElement":[{"@type":"ListItem","position":1,"name":"Hem","item":"https:\/\/wp.kristdemokraterna.se\/timra\/"},{"@type":"ListItem","position":2,"name":"Barnfattigdomen bek\u00e4mpas"}]},{"@type":"WebSite","@id":"https:\/\/wp.kristdemokraterna.se\/timra\/#website","url":"https:\/\/wp.kristdemokraterna.se\/timra\/","name":"Kristdemokraterna i Timr\u00e5","description":"Vill du ocks\u00e5 ha maktskifte?","inLanguage":"sv-SE"},{"@type":"Person","@id":"https:\/\/wp.kristdemokraterna.se\/timra\/#\/schema\/person\/49784c93d3806490fb376f5a3b3dd4cd","name":"timra","image":{"@type":"ImageObject","inLanguage":"sv-SE","@id":"https:\/\/secure.gravatar.com\/avatar\/2d9a04bf0b09a2c8909797508e81e5c3faf9a9ba8962c579b9100cffe14b6f7b?s=96&d=mm&r=g","url":"https:\/\/secure.gravatar.com\/avatar\/2d9a04bf0b09a2c8909797508e81e5c3faf9a9ba8962c579b9100cffe14b6f7b?s=96&d=mm&r=g","contentUrl":"https:\/\/secure.gravatar.com\/avatar\/2d9a04bf0b09a2c8909797508e81e5c3faf9a9ba8962c579b9100cffe14b6f7b?s=96&d=mm&r=g","caption":"timra"},"url":"https:\/\/wp.kristdemokraterna.se\/timra\/author\/timra\/"}]}},"_links":{"self":[{"href":"https:\/\/wp.kristdemokraterna.se\/timra\/wp-json\/wp\/v2\/posts\/632","targetHints":{"allow":["GET"]}}],"collection":[{"href":"https:\/\/wp.kristdemokraterna.se\/timra\/wp-json\/wp\/v2\/posts"}],"about":[{"href":"https:\/\/wp.kristdemokraterna.se\/timra\/wp-json\/wp\/v2\/types\/post"}],"author":[{"embeddable":true,"href":"https:\/\/wp.kristdemokraterna.se\/timra\/wp-json\/wp\/v2\/users\/787"}],"replies":[{"embeddable":true,"href":"https:\/\/wp.kristdemokraterna.se\/timra\/wp-json\/wp\/v2\/comments?post=632"}],"version-history":[{"count":1,"href":"https:\/\/wp.kristdemokraterna.se\/timra\/wp-json\/wp\/v2\/posts\/632\/revisions"}],"predecessor-version":[{"id":633,"href":"https:\/\/wp.kristdemokraterna.se\/timra\/wp-json\/wp\/v2\/posts\/632\/revisions\/633"}],"wp:attachment":[{"href":"https:\/\/wp.kristdemokraterna.se\/timra\/wp-json\/wp\/v2\/media?parent=632"}],"wp:term":[{"taxonomy":"category","embeddable":true,"href":"https:\/\/wp.kristdemokraterna.se\/timra\/wp-json\/wp\/v2\/categories?post=632"},{"taxonomy":"post_tag","embeddable":true,"href":"https:\/\/wp.kristdemokraterna.se\/timra\/wp-json\/wp\/v2\/tags?post=632"}],"curies":[{"name":"wp","href":"https:\/\/api.w.org\/{rel}","templated":true}]}}