{"id":651,"date":"2012-11-29T14:35:59","date_gmt":"2012-11-29T13:35:59","guid":{"rendered":"http:\/\/wp.kristdemokraterna.se\/timra\/?p=651"},"modified":"2018-07-10T14:37:14","modified_gmt":"2018-07-10T12:37:14","slug":"skolan-och-barnomsorgen-behover-mer-resurser","status":"publish","type":"post","link":"https:\/\/wp.kristdemokraterna.se\/timra\/skolan-och-barnomsorgen-behover-mer-resurser\/","title":{"rendered":"Skolan och barnomsorgen beh\u00f6ver mer resurser!"},"content":{"rendered":"<p>Skolan g\u00e5r p\u00e5 kn\u00e4na, Timr\u00e5 kommun hamnar allt l\u00e4ngre i j\u00e4mf\u00f6relser med andra kommuner.<\/p>\n<p>Majoritetens sn\u00e5la budgetar visar sig i form av l\u00e5ga resultat i skolan. \u00d6ver 40% av eleverna uppn\u00e5dde inte m\u00e5len i alla \u00e4mnen 2011 i grundskolan. Och bara 72% av eleverna hade fullf\u00f6ljt sin gymnasieutbildning efter 4 \u00e5r! L\u00e4rarna ska inte klandras, hela 92% har pedagogisk h\u00f6gskoleexamen, l\u00e5ngt \u00f6ver riksgenomsnittet.<\/p>\n<p>Tillsammans med Moderaterna, Centerpartiet och Folkpartiet Liberalerna, har vi kristdemokrater i flera \u00e5r jobbat f\u00f6r att ge skolan och barnomsorgen de resurser som beh\u00f6vs f\u00f6r att f\u00f6r\u00e4ndra l\u00e4get. \u00c5rets budget inneb\u00e4r att vi f\u00f6rst\u00e4rker vi barn och utbildningsn\u00e4mnden med 30,7 miljoner, att j\u00e4mf\u00f6ra med Socialdemokraterna och V\u00e4nsterpartiets budgetuppr\u00e4kning p\u00e5 17,9 miljoner ut\u00f6ver ursprunglig tilldelad ram p\u00e5 5,6 miljoner.<\/p>\n<p>Hur l\u00e5ngt r\u00e4cker d\u00e5 pengarna f\u00f6r alternativen? F\u00f6r att t\u00e4cka f\u00f6rvaltningens ber\u00e4knade kostnads\u00f6kningar kr\u00e4vs 13,5 miljoner d\u00e4rtill inneb\u00e4r l\u00e4rarnas l\u00f6neavtal att det kr\u00e4vs minst ytterligare 6 miljoner. Sedan har n\u00e4mnden ett ber\u00e4knad budgetunderskott f\u00f6r 2012 p\u00e5 6,5 miljoner. K\u00f6r man allts\u00e5 p\u00e5 som vanligt kr\u00e4vs minst 26 miljoner med of\u00f6r\u00e4ndrad verksamhet. R\u00e4knar man p\u00e5 detta s\u00e4tt inneb\u00e4r majoritetens budget ytterligare nedsk\u00e4rningar p\u00e5 3 miljoner. Med Allianspartiernas budget hade skolans verksamhet kunnat f\u00f6rst\u00e4rkas med n\u00e4rmare 6 miljoner kronor.<\/p>\n","protected":false},"excerpt":{"rendered":"<p>Skolan g\u00e5r p\u00e5 kn\u00e4na, Timr\u00e5 kommun hamnar allt l\u00e4ngre i j\u00e4mf\u00f6relser med andra kommuner. Majoritetens sn\u00e5la budgetar visar sig i form av l\u00e5ga resultat i skolan. \u00d6ver 40% av eleverna uppn\u00e5dde inte m\u00e5len i alla \u00e4mnen 2011 i grundskolan. Och bara 72% av eleverna hade fullf\u00f6ljt sin gymnasieutbildning efter 4 \u00e5r! L\u00e4rarna ska inte klandras, <a class=\"read-more-link\" href=\"https:\/\/wp.kristdemokraterna.se\/timra\/skolan-och-barnomsorgen-behover-mer-resurser\/\">L\u00e4s mer<\/a><\/p>\n","protected":false},"author":787,"featured_media":0,"comment_status":"closed","ping_status":"closed","sticky":false,"template":"","format":"standard","meta":{"_acf_changed":false,"footnotes":""},"categories":[11,12,25,26],"tags":[64,61,83],"class_list":["post-651","post","type-post","status-publish","format-standard","hentry","category-inlagg","category-barn-unga","category-ekonomi","category-skola-utbildning","tag-ekonomi","tag-gymnasium","tag-skolan"],"acf":[],"yoast_head":"<!-- This site is optimized with the Yoast SEO plugin v27.4 - https:\/\/yoast.com\/product\/yoast-seo-wordpress\/ -->\n<title>Skolan och barnomsorgen beh\u00f6ver mer resurser! - Kristdemokraterna i Timr\u00e5<\/title>\n<meta name=\"robots\" content=\"index, follow, max-snippet:-1, max-image-preview:large, max-video-preview:-1\" \/>\n<link rel=\"canonical\" href=\"https:\/\/wp.kristdemokraterna.se\/timra\/skolan-och-barnomsorgen-behover-mer-resurser\/\" \/>\n<meta property=\"og:locale\" content=\"sv_SE\" \/>\n<meta property=\"og:type\" content=\"article\" \/>\n<meta property=\"og:title\" content=\"Skolan och barnomsorgen beh\u00f6ver mer resurser! - Kristdemokraterna i Timr\u00e5\" \/>\n<meta property=\"og:description\" content=\"Skolan g\u00e5r p\u00e5 kn\u00e4na, Timr\u00e5 kommun hamnar allt l\u00e4ngre i j\u00e4mf\u00f6relser med andra kommuner. Majoritetens sn\u00e5la budgetar visar sig i form av l\u00e5ga resultat i skolan. \u00d6ver 40% av eleverna uppn\u00e5dde inte m\u00e5len i alla \u00e4mnen 2011 i grundskolan. Och bara 72% av eleverna hade fullf\u00f6ljt sin gymnasieutbildning efter 4 \u00e5r! L\u00e4rarna ska inte klandras, L\u00e4s mer\" \/>\n<meta property=\"og:url\" content=\"https:\/\/wp.kristdemokraterna.se\/timra\/skolan-och-barnomsorgen-behover-mer-resurser\/\" \/>\n<meta property=\"og:site_name\" content=\"Kristdemokraterna i Timr\u00e5\" \/>\n<meta property=\"article:published_time\" content=\"2012-11-29T13:35:59+00:00\" \/>\n<meta property=\"article:modified_time\" content=\"2018-07-10T12:37:14+00:00\" \/>\n<meta name=\"author\" content=\"timra\" \/>\n<meta name=\"twitter:card\" content=\"summary_large_image\" \/>\n<meta name=\"twitter:label1\" content=\"Skriven av\" \/>\n\t<meta name=\"twitter:data1\" content=\"timra\" \/>\n\t<meta name=\"twitter:label2\" content=\"Ber\u00e4knad l\u00e4stid\" \/>\n\t<meta name=\"twitter:data2\" content=\"1 minut\" \/>\n<script type=\"application\/ld+json\" class=\"yoast-schema-graph\">{\"@context\":\"https:\\\/\\\/schema.org\",\"@graph\":[{\"@type\":\"Article\",\"@id\":\"https:\\\/\\\/wp.kristdemokraterna.se\\\/timra\\\/skolan-och-barnomsorgen-behover-mer-resurser\\\/#article\",\"isPartOf\":{\"@id\":\"https:\\\/\\\/wp.kristdemokraterna.se\\\/timra\\\/skolan-och-barnomsorgen-behover-mer-resurser\\\/\"},\"author\":{\"name\":\"timra\",\"@id\":\"https:\\\/\\\/wp.kristdemokraterna.se\\\/timra\\\/#\\\/schema\\\/person\\\/49784c93d3806490fb376f5a3b3dd4cd\"},\"headline\":\"Skolan och barnomsorgen beh\u00f6ver mer resurser!\",\"datePublished\":\"2012-11-29T13:35:59+00:00\",\"dateModified\":\"2018-07-10T12:37:14+00:00\",\"mainEntityOfPage\":{\"@id\":\"https:\\\/\\\/wp.kristdemokraterna.se\\\/timra\\\/skolan-och-barnomsorgen-behover-mer-resurser\\\/\"},\"wordCount\":246,\"keywords\":[\"ekonomi\",\"gymnasium\",\"skolan\"],\"articleSection\":[\"Alla nyheter\",\"Barn och unga\",\"Ekonomi\",\"Skola\"],\"inLanguage\":\"sv-SE\"},{\"@type\":\"WebPage\",\"@id\":\"https:\\\/\\\/wp.kristdemokraterna.se\\\/timra\\\/skolan-och-barnomsorgen-behover-mer-resurser\\\/\",\"url\":\"https:\\\/\\\/wp.kristdemokraterna.se\\\/timra\\\/skolan-och-barnomsorgen-behover-mer-resurser\\\/\",\"name\":\"Skolan och barnomsorgen beh\u00f6ver mer resurser! - Kristdemokraterna i Timr\u00e5\",\"isPartOf\":{\"@id\":\"https:\\\/\\\/wp.kristdemokraterna.se\\\/timra\\\/#website\"},\"datePublished\":\"2012-11-29T13:35:59+00:00\",\"dateModified\":\"2018-07-10T12:37:14+00:00\",\"author\":{\"@id\":\"https:\\\/\\\/wp.kristdemokraterna.se\\\/timra\\\/#\\\/schema\\\/person\\\/49784c93d3806490fb376f5a3b3dd4cd\"},\"breadcrumb\":{\"@id\":\"https:\\\/\\\/wp.kristdemokraterna.se\\\/timra\\\/skolan-och-barnomsorgen-behover-mer-resurser\\\/#breadcrumb\"},\"inLanguage\":\"sv-SE\",\"potentialAction\":[{\"@type\":\"ReadAction\",\"target\":[\"https:\\\/\\\/wp.kristdemokraterna.se\\\/timra\\\/skolan-och-barnomsorgen-behover-mer-resurser\\\/\"]}]},{\"@type\":\"BreadcrumbList\",\"@id\":\"https:\\\/\\\/wp.kristdemokraterna.se\\\/timra\\\/skolan-och-barnomsorgen-behover-mer-resurser\\\/#breadcrumb\",\"itemListElement\":[{\"@type\":\"ListItem\",\"position\":1,\"name\":\"Hem\",\"item\":\"https:\\\/\\\/wp.kristdemokraterna.se\\\/timra\\\/\"},{\"@type\":\"ListItem\",\"position\":2,\"name\":\"Skolan och barnomsorgen beh\u00f6ver mer resurser!\"}]},{\"@type\":\"WebSite\",\"@id\":\"https:\\\/\\\/wp.kristdemokraterna.se\\\/timra\\\/#website\",\"url\":\"https:\\\/\\\/wp.kristdemokraterna.se\\\/timra\\\/\",\"name\":\"Kristdemokraterna i Timr\u00e5\",\"description\":\"Vill du ocks\u00e5 ha maktskifte?\",\"inLanguage\":\"sv-SE\"},{\"@type\":\"Person\",\"@id\":\"https:\\\/\\\/wp.kristdemokraterna.se\\\/timra\\\/#\\\/schema\\\/person\\\/49784c93d3806490fb376f5a3b3dd4cd\",\"name\":\"timra\",\"image\":{\"@type\":\"ImageObject\",\"inLanguage\":\"sv-SE\",\"@id\":\"https:\\\/\\\/secure.gravatar.com\\\/avatar\\\/2d9a04bf0b09a2c8909797508e81e5c3faf9a9ba8962c579b9100cffe14b6f7b?s=96&d=mm&r=g\",\"url\":\"https:\\\/\\\/secure.gravatar.com\\\/avatar\\\/2d9a04bf0b09a2c8909797508e81e5c3faf9a9ba8962c579b9100cffe14b6f7b?s=96&d=mm&r=g\",\"contentUrl\":\"https:\\\/\\\/secure.gravatar.com\\\/avatar\\\/2d9a04bf0b09a2c8909797508e81e5c3faf9a9ba8962c579b9100cffe14b6f7b?s=96&d=mm&r=g\",\"caption\":\"timra\"},\"url\":\"https:\\\/\\\/wp.kristdemokraterna.se\\\/timra\\\/author\\\/timra\\\/\"}]}<\/script>\n<!-- \/ Yoast SEO plugin. -->","yoast_head_json":{"title":"Skolan och barnomsorgen beh\u00f6ver mer resurser! - Kristdemokraterna i Timr\u00e5","robots":{"index":"index","follow":"follow","max-snippet":"max-snippet:-1","max-image-preview":"max-image-preview:large","max-video-preview":"max-video-preview:-1"},"canonical":"https:\/\/wp.kristdemokraterna.se\/timra\/skolan-och-barnomsorgen-behover-mer-resurser\/","og_locale":"sv_SE","og_type":"article","og_title":"Skolan och barnomsorgen beh\u00f6ver mer resurser! - Kristdemokraterna i Timr\u00e5","og_description":"Skolan g\u00e5r p\u00e5 kn\u00e4na, Timr\u00e5 kommun hamnar allt l\u00e4ngre i j\u00e4mf\u00f6relser med andra kommuner. Majoritetens sn\u00e5la budgetar visar sig i form av l\u00e5ga resultat i skolan. \u00d6ver 40% av eleverna uppn\u00e5dde inte m\u00e5len i alla \u00e4mnen 2011 i grundskolan. Och bara 72% av eleverna hade fullf\u00f6ljt sin gymnasieutbildning efter 4 \u00e5r! L\u00e4rarna ska inte klandras, L\u00e4s mer","og_url":"https:\/\/wp.kristdemokraterna.se\/timra\/skolan-och-barnomsorgen-behover-mer-resurser\/","og_site_name":"Kristdemokraterna i Timr\u00e5","article_published_time":"2012-11-29T13:35:59+00:00","article_modified_time":"2018-07-10T12:37:14+00:00","author":"timra","twitter_card":"summary_large_image","twitter_misc":{"Skriven av":"timra","Ber\u00e4knad l\u00e4stid":"1 minut"},"schema":{"@context":"https:\/\/schema.org","@graph":[{"@type":"Article","@id":"https:\/\/wp.kristdemokraterna.se\/timra\/skolan-och-barnomsorgen-behover-mer-resurser\/#article","isPartOf":{"@id":"https:\/\/wp.kristdemokraterna.se\/timra\/skolan-och-barnomsorgen-behover-mer-resurser\/"},"author":{"name":"timra","@id":"https:\/\/wp.kristdemokraterna.se\/timra\/#\/schema\/person\/49784c93d3806490fb376f5a3b3dd4cd"},"headline":"Skolan och barnomsorgen beh\u00f6ver mer resurser!","datePublished":"2012-11-29T13:35:59+00:00","dateModified":"2018-07-10T12:37:14+00:00","mainEntityOfPage":{"@id":"https:\/\/wp.kristdemokraterna.se\/timra\/skolan-och-barnomsorgen-behover-mer-resurser\/"},"wordCount":246,"keywords":["ekonomi","gymnasium","skolan"],"articleSection":["Alla nyheter","Barn och unga","Ekonomi","Skola"],"inLanguage":"sv-SE"},{"@type":"WebPage","@id":"https:\/\/wp.kristdemokraterna.se\/timra\/skolan-och-barnomsorgen-behover-mer-resurser\/","url":"https:\/\/wp.kristdemokraterna.se\/timra\/skolan-och-barnomsorgen-behover-mer-resurser\/","name":"Skolan och barnomsorgen beh\u00f6ver mer resurser! - Kristdemokraterna i Timr\u00e5","isPartOf":{"@id":"https:\/\/wp.kristdemokraterna.se\/timra\/#website"},"datePublished":"2012-11-29T13:35:59+00:00","dateModified":"2018-07-10T12:37:14+00:00","author":{"@id":"https:\/\/wp.kristdemokraterna.se\/timra\/#\/schema\/person\/49784c93d3806490fb376f5a3b3dd4cd"},"breadcrumb":{"@id":"https:\/\/wp.kristdemokraterna.se\/timra\/skolan-och-barnomsorgen-behover-mer-resurser\/#breadcrumb"},"inLanguage":"sv-SE","potentialAction":[{"@type":"ReadAction","target":["https:\/\/wp.kristdemokraterna.se\/timra\/skolan-och-barnomsorgen-behover-mer-resurser\/"]}]},{"@type":"BreadcrumbList","@id":"https:\/\/wp.kristdemokraterna.se\/timra\/skolan-och-barnomsorgen-behover-mer-resurser\/#breadcrumb","itemListElement":[{"@type":"ListItem","position":1,"name":"Hem","item":"https:\/\/wp.kristdemokraterna.se\/timra\/"},{"@type":"ListItem","position":2,"name":"Skolan och barnomsorgen beh\u00f6ver mer resurser!"}]},{"@type":"WebSite","@id":"https:\/\/wp.kristdemokraterna.se\/timra\/#website","url":"https:\/\/wp.kristdemokraterna.se\/timra\/","name":"Kristdemokraterna i Timr\u00e5","description":"Vill du ocks\u00e5 ha maktskifte?","inLanguage":"sv-SE"},{"@type":"Person","@id":"https:\/\/wp.kristdemokraterna.se\/timra\/#\/schema\/person\/49784c93d3806490fb376f5a3b3dd4cd","name":"timra","image":{"@type":"ImageObject","inLanguage":"sv-SE","@id":"https:\/\/secure.gravatar.com\/avatar\/2d9a04bf0b09a2c8909797508e81e5c3faf9a9ba8962c579b9100cffe14b6f7b?s=96&d=mm&r=g","url":"https:\/\/secure.gravatar.com\/avatar\/2d9a04bf0b09a2c8909797508e81e5c3faf9a9ba8962c579b9100cffe14b6f7b?s=96&d=mm&r=g","contentUrl":"https:\/\/secure.gravatar.com\/avatar\/2d9a04bf0b09a2c8909797508e81e5c3faf9a9ba8962c579b9100cffe14b6f7b?s=96&d=mm&r=g","caption":"timra"},"url":"https:\/\/wp.kristdemokraterna.se\/timra\/author\/timra\/"}]}},"_links":{"self":[{"href":"https:\/\/wp.kristdemokraterna.se\/timra\/wp-json\/wp\/v2\/posts\/651","targetHints":{"allow":["GET"]}}],"collection":[{"href":"https:\/\/wp.kristdemokraterna.se\/timra\/wp-json\/wp\/v2\/posts"}],"about":[{"href":"https:\/\/wp.kristdemokraterna.se\/timra\/wp-json\/wp\/v2\/types\/post"}],"author":[{"embeddable":true,"href":"https:\/\/wp.kristdemokraterna.se\/timra\/wp-json\/wp\/v2\/users\/787"}],"replies":[{"embeddable":true,"href":"https:\/\/wp.kristdemokraterna.se\/timra\/wp-json\/wp\/v2\/comments?post=651"}],"version-history":[{"count":1,"href":"https:\/\/wp.kristdemokraterna.se\/timra\/wp-json\/wp\/v2\/posts\/651\/revisions"}],"predecessor-version":[{"id":652,"href":"https:\/\/wp.kristdemokraterna.se\/timra\/wp-json\/wp\/v2\/posts\/651\/revisions\/652"}],"wp:attachment":[{"href":"https:\/\/wp.kristdemokraterna.se\/timra\/wp-json\/wp\/v2\/media?parent=651"}],"wp:term":[{"taxonomy":"category","embeddable":true,"href":"https:\/\/wp.kristdemokraterna.se\/timra\/wp-json\/wp\/v2\/categories?post=651"},{"taxonomy":"post_tag","embeddable":true,"href":"https:\/\/wp.kristdemokraterna.se\/timra\/wp-json\/wp\/v2\/tags?post=651"}],"curies":[{"name":"wp","href":"https:\/\/api.w.org\/{rel}","templated":true}]}}