{"id":672,"date":"2012-02-01T17:25:27","date_gmt":"2012-02-01T16:25:27","guid":{"rendered":"http:\/\/wp.kristdemokraterna.se\/timra\/?p=672"},"modified":"2018-07-10T14:53:51","modified_gmt":"2018-07-10T12:53:51","slug":"kristdemokraterna-utvecklar-familjepolitiken","status":"publish","type":"post","link":"https:\/\/wp.kristdemokraterna.se\/timra\/kristdemokraterna-utvecklar-familjepolitiken\/","title":{"rendered":"Kristdemokraterna utvecklar familjepolitiken"},"content":{"rendered":"<div class=\"itemIntroText\">\n<p>Kristdemokraterna gick idag ut med sin nya familjepolitik. \u00c4ntligen! Nu ligger vi verkligen i framkant f\u00f6r barnen och deras f\u00f6r\u00e4ldrar. Mer tid f\u00f6r barnen, \u00f6kad j\u00e4mst\u00e4lldhet, st\u00f6rre valfrihet att v\u00e4lja den livsstil och barnomsorg som passar barnen b\u00e4st.<\/p>\n<\/div>\n<div class=\"itemFullText\">\n<p>Familjepolitiken ska st\u00f6dja familjen, m\u00f6jligg\u00f6ra mer tid f\u00f6r barnen och \u00f6ka familjernas frihet, bidra till en trygg familjeekonomi och f\u00f6rb\u00e4ttrad kvalitet i barnomsorgen. Kritiken l\u00e4r v\u00e4l inte vara sen, men fundera lite p\u00e5 vad dessa kritiker har att komma med? Har man n\u00e5gon familjepolitik att prata om? Nej, det \u00e4r ju just det&#8230;<\/p>\n<p>H\u00e4r \u00e4r n\u00e5gra punkter som finns med i v\u00e5r nya familjepolitik:<\/p>\n<ul>\n<li>Utbyggd f\u00f6r\u00e4ldraf\u00f6rs\u00e4kring med m\u00f6jlighet till friare uttag i tre \u00e5r<\/li>\n<li>Barnomsorgspeng f\u00f6r egna barn<\/li>\n<li>Fler dagar och \u00f6kad flexibilitet i f\u00f6r\u00e4ldraf\u00f6rs\u00e4kringen\u2013 fritt uttag i tre \u00e5r<\/li>\n<li>Reformerad barnomsorgspeng \u2013 ers\u00e4ttning f\u00f6r egna barn<\/li>\n<li>Barnskatteavdrag f\u00f6r familjer som inte nyttjar offentligt finansierad barnomsorg<\/li>\n<li>Graviditetspeng f\u00f6r \u00f6kad trygghet i v\u00e4ntans tider<\/li>\n<li>Mindre barngrupper \u2013 kommunala tak f\u00f6r barngruppernasstorlek<\/li>\n<li>B\u00e5da f\u00f6r\u00e4ldrarna ska kunna f\u00e5 barnbidrag, inte bara mamman.<\/li>\n<li>V\u00e5rdbidrag f\u00f6r barn med funktionsneds\u00e4ttning eller sjukdom till b\u00e5da f\u00f6r\u00e4ldrarna n\u00e4r de lever is\u00e4r.<\/li>\n<li>Utred dubbel folkbokf\u00f6ring f\u00f6r barn i familjer d\u00e4r f\u00f6r\u00e4ldrarna lever is\u00e4r.<\/li>\n<\/ul>\n<p>P\u00e5 sikt skulle v\u00e5ra f\u00f6rslag g\u00f6ra att nuvarande v\u00e5rdnadsbidrag spelar ut sin roll. Men m\u00f6jligheten till v\u00e5rdnadsbidrag ska inte avskaffas f\u00f6rr\u00e4n v\u00e5ra reformf\u00f6rslag \u00e4r fullt ut genomf\u00f6rda s\u00e5 att den valfrihet som v\u00e5rdnadsbidraget ger kan garanteras.<\/p>\n<\/div>\n","protected":false},"excerpt":{"rendered":"<p>Kristdemokraterna gick idag ut med sin nya familjepolitik. \u00c4ntligen! Nu ligger vi verkligen i framkant f\u00f6r barnen och deras f\u00f6r\u00e4ldrar. Mer tid f\u00f6r barnen, \u00f6kad j\u00e4mst\u00e4lldhet, st\u00f6rre valfrihet att v\u00e4lja den livsstil och barnomsorg som passar barnen b\u00e4st. Familjepolitiken ska st\u00f6dja familjen, m\u00f6jligg\u00f6ra mer tid f\u00f6r barnen och \u00f6ka familjernas frihet, bidra till en trygg <a class=\"read-more-link\" href=\"https:\/\/wp.kristdemokraterna.se\/timra\/kristdemokraterna-utvecklar-familjepolitiken\/\">L\u00e4s mer<\/a><\/p>\n","protected":false},"author":787,"featured_media":0,"comment_status":"closed","ping_status":"closed","sticky":false,"template":"","format":"standard","meta":{"_acf_changed":false,"footnotes":""},"categories":[11,12],"tags":[96,30,97,52,98,99],"class_list":["post-672","post","type-post","status-publish","format-standard","hentry","category-inlagg","category-barn-unga","tag-barnbidrag","tag-barnomsorg","tag-familjepolitik","tag-fattigdom","tag-valfrihet","tag-vardnadsbidrag"],"acf":[],"yoast_head":"<!-- This site is optimized with the Yoast SEO plugin v27.4 - https:\/\/yoast.com\/product\/yoast-seo-wordpress\/ -->\n<title>Kristdemokraterna utvecklar familjepolitiken - Kristdemokraterna i Timr\u00e5<\/title>\n<meta name=\"robots\" content=\"index, follow, max-snippet:-1, max-image-preview:large, max-video-preview:-1\" \/>\n<link rel=\"canonical\" href=\"https:\/\/wp.kristdemokraterna.se\/timra\/kristdemokraterna-utvecklar-familjepolitiken\/\" \/>\n<meta property=\"og:locale\" content=\"sv_SE\" \/>\n<meta property=\"og:type\" content=\"article\" \/>\n<meta property=\"og:title\" content=\"Kristdemokraterna utvecklar familjepolitiken - Kristdemokraterna i Timr\u00e5\" \/>\n<meta property=\"og:description\" content=\"Kristdemokraterna gick idag ut med sin nya familjepolitik. \u00c4ntligen! Nu ligger vi verkligen i framkant f\u00f6r barnen och deras f\u00f6r\u00e4ldrar. Mer tid f\u00f6r barnen, \u00f6kad j\u00e4mst\u00e4lldhet, st\u00f6rre valfrihet att v\u00e4lja den livsstil och barnomsorg som passar barnen b\u00e4st. Familjepolitiken ska st\u00f6dja familjen, m\u00f6jligg\u00f6ra mer tid f\u00f6r barnen och \u00f6ka familjernas frihet, bidra till en trygg L\u00e4s mer\" \/>\n<meta property=\"og:url\" content=\"https:\/\/wp.kristdemokraterna.se\/timra\/kristdemokraterna-utvecklar-familjepolitiken\/\" \/>\n<meta property=\"og:site_name\" content=\"Kristdemokraterna i Timr\u00e5\" \/>\n<meta property=\"article:published_time\" content=\"2012-02-01T16:25:27+00:00\" \/>\n<meta property=\"article:modified_time\" content=\"2018-07-10T12:53:51+00:00\" \/>\n<meta name=\"author\" content=\"timra\" \/>\n<meta name=\"twitter:card\" content=\"summary_large_image\" \/>\n<meta name=\"twitter:label1\" content=\"Skriven av\" \/>\n\t<meta name=\"twitter:data1\" content=\"timra\" \/>\n\t<meta name=\"twitter:label2\" content=\"Ber\u00e4knad l\u00e4stid\" \/>\n\t<meta name=\"twitter:data2\" content=\"1 minut\" \/>\n<script type=\"application\/ld+json\" class=\"yoast-schema-graph\">{\"@context\":\"https:\\\/\\\/schema.org\",\"@graph\":[{\"@type\":\"Article\",\"@id\":\"https:\\\/\\\/wp.kristdemokraterna.se\\\/timra\\\/kristdemokraterna-utvecklar-familjepolitiken\\\/#article\",\"isPartOf\":{\"@id\":\"https:\\\/\\\/wp.kristdemokraterna.se\\\/timra\\\/kristdemokraterna-utvecklar-familjepolitiken\\\/\"},\"author\":{\"name\":\"timra\",\"@id\":\"https:\\\/\\\/wp.kristdemokraterna.se\\\/timra\\\/#\\\/schema\\\/person\\\/49784c93d3806490fb376f5a3b3dd4cd\"},\"headline\":\"Kristdemokraterna utvecklar familjepolitiken\",\"datePublished\":\"2012-02-01T16:25:27+00:00\",\"dateModified\":\"2018-07-10T12:53:51+00:00\",\"mainEntityOfPage\":{\"@id\":\"https:\\\/\\\/wp.kristdemokraterna.se\\\/timra\\\/kristdemokraterna-utvecklar-familjepolitiken\\\/\"},\"wordCount\":295,\"keywords\":[\"barnbidrag\",\"barnomsorg\",\"familjepolitik\",\"fattigdom\",\"valfrihet\",\"v\u00e5rdnadsbidrag\"],\"articleSection\":[\"Alla nyheter\",\"Barn och unga\"],\"inLanguage\":\"sv-SE\"},{\"@type\":\"WebPage\",\"@id\":\"https:\\\/\\\/wp.kristdemokraterna.se\\\/timra\\\/kristdemokraterna-utvecklar-familjepolitiken\\\/\",\"url\":\"https:\\\/\\\/wp.kristdemokraterna.se\\\/timra\\\/kristdemokraterna-utvecklar-familjepolitiken\\\/\",\"name\":\"Kristdemokraterna utvecklar familjepolitiken - Kristdemokraterna i Timr\u00e5\",\"isPartOf\":{\"@id\":\"https:\\\/\\\/wp.kristdemokraterna.se\\\/timra\\\/#website\"},\"datePublished\":\"2012-02-01T16:25:27+00:00\",\"dateModified\":\"2018-07-10T12:53:51+00:00\",\"author\":{\"@id\":\"https:\\\/\\\/wp.kristdemokraterna.se\\\/timra\\\/#\\\/schema\\\/person\\\/49784c93d3806490fb376f5a3b3dd4cd\"},\"breadcrumb\":{\"@id\":\"https:\\\/\\\/wp.kristdemokraterna.se\\\/timra\\\/kristdemokraterna-utvecklar-familjepolitiken\\\/#breadcrumb\"},\"inLanguage\":\"sv-SE\",\"potentialAction\":[{\"@type\":\"ReadAction\",\"target\":[\"https:\\\/\\\/wp.kristdemokraterna.se\\\/timra\\\/kristdemokraterna-utvecklar-familjepolitiken\\\/\"]}]},{\"@type\":\"BreadcrumbList\",\"@id\":\"https:\\\/\\\/wp.kristdemokraterna.se\\\/timra\\\/kristdemokraterna-utvecklar-familjepolitiken\\\/#breadcrumb\",\"itemListElement\":[{\"@type\":\"ListItem\",\"position\":1,\"name\":\"Hem\",\"item\":\"https:\\\/\\\/wp.kristdemokraterna.se\\\/timra\\\/\"},{\"@type\":\"ListItem\",\"position\":2,\"name\":\"Kristdemokraterna utvecklar familjepolitiken\"}]},{\"@type\":\"WebSite\",\"@id\":\"https:\\\/\\\/wp.kristdemokraterna.se\\\/timra\\\/#website\",\"url\":\"https:\\\/\\\/wp.kristdemokraterna.se\\\/timra\\\/\",\"name\":\"Kristdemokraterna i Timr\u00e5\",\"description\":\"Vill du ocks\u00e5 ha maktskifte?\",\"inLanguage\":\"sv-SE\"},{\"@type\":\"Person\",\"@id\":\"https:\\\/\\\/wp.kristdemokraterna.se\\\/timra\\\/#\\\/schema\\\/person\\\/49784c93d3806490fb376f5a3b3dd4cd\",\"name\":\"timra\",\"image\":{\"@type\":\"ImageObject\",\"inLanguage\":\"sv-SE\",\"@id\":\"https:\\\/\\\/secure.gravatar.com\\\/avatar\\\/2d9a04bf0b09a2c8909797508e81e5c3faf9a9ba8962c579b9100cffe14b6f7b?s=96&d=mm&r=g\",\"url\":\"https:\\\/\\\/secure.gravatar.com\\\/avatar\\\/2d9a04bf0b09a2c8909797508e81e5c3faf9a9ba8962c579b9100cffe14b6f7b?s=96&d=mm&r=g\",\"contentUrl\":\"https:\\\/\\\/secure.gravatar.com\\\/avatar\\\/2d9a04bf0b09a2c8909797508e81e5c3faf9a9ba8962c579b9100cffe14b6f7b?s=96&d=mm&r=g\",\"caption\":\"timra\"},\"url\":\"https:\\\/\\\/wp.kristdemokraterna.se\\\/timra\\\/author\\\/timra\\\/\"}]}<\/script>\n<!-- \/ Yoast SEO plugin. -->","yoast_head_json":{"title":"Kristdemokraterna utvecklar familjepolitiken - Kristdemokraterna i Timr\u00e5","robots":{"index":"index","follow":"follow","max-snippet":"max-snippet:-1","max-image-preview":"max-image-preview:large","max-video-preview":"max-video-preview:-1"},"canonical":"https:\/\/wp.kristdemokraterna.se\/timra\/kristdemokraterna-utvecklar-familjepolitiken\/","og_locale":"sv_SE","og_type":"article","og_title":"Kristdemokraterna utvecklar familjepolitiken - Kristdemokraterna i Timr\u00e5","og_description":"Kristdemokraterna gick idag ut med sin nya familjepolitik. \u00c4ntligen! Nu ligger vi verkligen i framkant f\u00f6r barnen och deras f\u00f6r\u00e4ldrar. Mer tid f\u00f6r barnen, \u00f6kad j\u00e4mst\u00e4lldhet, st\u00f6rre valfrihet att v\u00e4lja den livsstil och barnomsorg som passar barnen b\u00e4st. Familjepolitiken ska st\u00f6dja familjen, m\u00f6jligg\u00f6ra mer tid f\u00f6r barnen och \u00f6ka familjernas frihet, bidra till en trygg L\u00e4s mer","og_url":"https:\/\/wp.kristdemokraterna.se\/timra\/kristdemokraterna-utvecklar-familjepolitiken\/","og_site_name":"Kristdemokraterna i Timr\u00e5","article_published_time":"2012-02-01T16:25:27+00:00","article_modified_time":"2018-07-10T12:53:51+00:00","author":"timra","twitter_card":"summary_large_image","twitter_misc":{"Skriven av":"timra","Ber\u00e4knad l\u00e4stid":"1 minut"},"schema":{"@context":"https:\/\/schema.org","@graph":[{"@type":"Article","@id":"https:\/\/wp.kristdemokraterna.se\/timra\/kristdemokraterna-utvecklar-familjepolitiken\/#article","isPartOf":{"@id":"https:\/\/wp.kristdemokraterna.se\/timra\/kristdemokraterna-utvecklar-familjepolitiken\/"},"author":{"name":"timra","@id":"https:\/\/wp.kristdemokraterna.se\/timra\/#\/schema\/person\/49784c93d3806490fb376f5a3b3dd4cd"},"headline":"Kristdemokraterna utvecklar familjepolitiken","datePublished":"2012-02-01T16:25:27+00:00","dateModified":"2018-07-10T12:53:51+00:00","mainEntityOfPage":{"@id":"https:\/\/wp.kristdemokraterna.se\/timra\/kristdemokraterna-utvecklar-familjepolitiken\/"},"wordCount":295,"keywords":["barnbidrag","barnomsorg","familjepolitik","fattigdom","valfrihet","v\u00e5rdnadsbidrag"],"articleSection":["Alla nyheter","Barn och unga"],"inLanguage":"sv-SE"},{"@type":"WebPage","@id":"https:\/\/wp.kristdemokraterna.se\/timra\/kristdemokraterna-utvecklar-familjepolitiken\/","url":"https:\/\/wp.kristdemokraterna.se\/timra\/kristdemokraterna-utvecklar-familjepolitiken\/","name":"Kristdemokraterna utvecklar familjepolitiken - Kristdemokraterna i Timr\u00e5","isPartOf":{"@id":"https:\/\/wp.kristdemokraterna.se\/timra\/#website"},"datePublished":"2012-02-01T16:25:27+00:00","dateModified":"2018-07-10T12:53:51+00:00","author":{"@id":"https:\/\/wp.kristdemokraterna.se\/timra\/#\/schema\/person\/49784c93d3806490fb376f5a3b3dd4cd"},"breadcrumb":{"@id":"https:\/\/wp.kristdemokraterna.se\/timra\/kristdemokraterna-utvecklar-familjepolitiken\/#breadcrumb"},"inLanguage":"sv-SE","potentialAction":[{"@type":"ReadAction","target":["https:\/\/wp.kristdemokraterna.se\/timra\/kristdemokraterna-utvecklar-familjepolitiken\/"]}]},{"@type":"BreadcrumbList","@id":"https:\/\/wp.kristdemokraterna.se\/timra\/kristdemokraterna-utvecklar-familjepolitiken\/#breadcrumb","itemListElement":[{"@type":"ListItem","position":1,"name":"Hem","item":"https:\/\/wp.kristdemokraterna.se\/timra\/"},{"@type":"ListItem","position":2,"name":"Kristdemokraterna utvecklar familjepolitiken"}]},{"@type":"WebSite","@id":"https:\/\/wp.kristdemokraterna.se\/timra\/#website","url":"https:\/\/wp.kristdemokraterna.se\/timra\/","name":"Kristdemokraterna i Timr\u00e5","description":"Vill du ocks\u00e5 ha maktskifte?","inLanguage":"sv-SE"},{"@type":"Person","@id":"https:\/\/wp.kristdemokraterna.se\/timra\/#\/schema\/person\/49784c93d3806490fb376f5a3b3dd4cd","name":"timra","image":{"@type":"ImageObject","inLanguage":"sv-SE","@id":"https:\/\/secure.gravatar.com\/avatar\/2d9a04bf0b09a2c8909797508e81e5c3faf9a9ba8962c579b9100cffe14b6f7b?s=96&d=mm&r=g","url":"https:\/\/secure.gravatar.com\/avatar\/2d9a04bf0b09a2c8909797508e81e5c3faf9a9ba8962c579b9100cffe14b6f7b?s=96&d=mm&r=g","contentUrl":"https:\/\/secure.gravatar.com\/avatar\/2d9a04bf0b09a2c8909797508e81e5c3faf9a9ba8962c579b9100cffe14b6f7b?s=96&d=mm&r=g","caption":"timra"},"url":"https:\/\/wp.kristdemokraterna.se\/timra\/author\/timra\/"}]}},"_links":{"self":[{"href":"https:\/\/wp.kristdemokraterna.se\/timra\/wp-json\/wp\/v2\/posts\/672","targetHints":{"allow":["GET"]}}],"collection":[{"href":"https:\/\/wp.kristdemokraterna.se\/timra\/wp-json\/wp\/v2\/posts"}],"about":[{"href":"https:\/\/wp.kristdemokraterna.se\/timra\/wp-json\/wp\/v2\/types\/post"}],"author":[{"embeddable":true,"href":"https:\/\/wp.kristdemokraterna.se\/timra\/wp-json\/wp\/v2\/users\/787"}],"replies":[{"embeddable":true,"href":"https:\/\/wp.kristdemokraterna.se\/timra\/wp-json\/wp\/v2\/comments?post=672"}],"version-history":[{"count":1,"href":"https:\/\/wp.kristdemokraterna.se\/timra\/wp-json\/wp\/v2\/posts\/672\/revisions"}],"predecessor-version":[{"id":673,"href":"https:\/\/wp.kristdemokraterna.se\/timra\/wp-json\/wp\/v2\/posts\/672\/revisions\/673"}],"wp:attachment":[{"href":"https:\/\/wp.kristdemokraterna.se\/timra\/wp-json\/wp\/v2\/media?parent=672"}],"wp:term":[{"taxonomy":"category","embeddable":true,"href":"https:\/\/wp.kristdemokraterna.se\/timra\/wp-json\/wp\/v2\/categories?post=672"},{"taxonomy":"post_tag","embeddable":true,"href":"https:\/\/wp.kristdemokraterna.se\/timra\/wp-json\/wp\/v2\/tags?post=672"}],"curies":[{"name":"wp","href":"https:\/\/api.w.org\/{rel}","templated":true}]}}