{"id":680,"date":"2007-09-24T15:00:07","date_gmt":"2007-09-24T13:00:07","guid":{"rendered":"http:\/\/wp.kristdemokraterna.se\/timra\/?p=680"},"modified":"2018-07-10T15:30:13","modified_gmt":"2018-07-10T13:30:13","slug":"motion-infor-kommunalt-vardnadsbidrag","status":"publish","type":"post","link":"https:\/\/wp.kristdemokraterna.se\/timra\/motion-infor-kommunalt-vardnadsbidrag\/","title":{"rendered":"Motion: Inf\u00f6r kommunalt v\u00e5rdnadsbidrag"},"content":{"rendered":"<p>Timr\u00e5 2007-09-24<br \/>\nMotion till kommunfullm\u00e4ktige i Timr\u00e5<\/p>\n<p>Den 4 september presenterade regeringen, under ledning av socialminister G\u00f6ran H\u00e4gglund, regeringens f\u00f6rslag att kommunalt v\u00e5rdnadsbidrag kan inf\u00f6ras fr\u00e5n och med den 1 juli 2008.<\/p>\n<p>SIFO-unders\u00f6kning fr\u00e5n april 2006 visar att 64 procent av svenska folket tycker att barnomsorgsst\u00f6det b\u00f6r f\u00f6rdelas r\u00e4ttvist till alla barn och att ers\u00e4ttning f\u00f6r v\u00e5rd av egna barn b\u00f6r utg\u00e5 till f\u00f6r\u00e4ldrar med barn under 4 \u00e5r.<\/p>\n<p>Regeringens besked i samband med budgetpropositionen \u00e4r att landets kommuner fr\u00e5n och med den 1 juli 2008 f\u00e5r r\u00e4tt att inf\u00f6ra kommunalt v\u00e5rdnadsbidrag f\u00f6r f\u00f6r\u00e4ldrar med barn mellan 1 och 3 \u00e5r. V\u00e5rdnadsbidraget ska kunna utnyttjas p\u00e5 hel- eller deltid och f\u00e5 uppg\u00e5 till max 3 000 kronor per barn och m\u00e5nad. Delar av v\u00e5rdnadsbidraget ska kunna tas ut och trappas av mot graden av nyttjande av offentligt finansierad barnomsorg.<\/p>\n<p>Med v\u00e5rdnadsbidraget s\u00e5 f\u00f6rb\u00e4ttras servicen och valfriheten f\u00f6r sm\u00e5barnsf\u00f6r\u00e4ldrar i Timr\u00e5 kommun. Vi kristdemokrater \u00e4r \u00f6vertygade om att det i Timr\u00e5 kommun finns en f\u00f6rv\u00e4ntan p\u00e5 att v\u00e5rdnadsbidraget inf\u00f6rs.<\/p>\n<p>Vi f\u00f6resl\u00e5r kommunfullm\u00e4ktige besluta<\/p>\n<p>att inf\u00f6ra kommunalt v\u00e5rdnadsbidrag i enlighet med regeringens f\u00f6rslag att g\u00e4lla fr\u00e5n och med den 1 juli 2008.<\/p>\n<p>F\u00f6r Kristdemokraterna i Timr\u00e5<\/p>\n<p>Viktor Bengtsson Roger Boork<\/p>\n","protected":false},"excerpt":{"rendered":"<p>Timr\u00e5 2007-09-24 Motion till kommunfullm\u00e4ktige i Timr\u00e5 Den 4 september presenterade regeringen, under ledning av socialminister G\u00f6ran H\u00e4gglund, regeringens f\u00f6rslag att kommunalt v\u00e5rdnadsbidrag kan inf\u00f6ras fr\u00e5n och med den 1 juli 2008. SIFO-unders\u00f6kning fr\u00e5n april 2006 visar att 64 procent av svenska folket tycker att barnomsorgsst\u00f6det b\u00f6r f\u00f6rdelas r\u00e4ttvist till alla barn och att ers\u00e4ttning <a class=\"read-more-link\" href=\"https:\/\/wp.kristdemokraterna.se\/timra\/motion-infor-kommunalt-vardnadsbidrag\/\">L\u00e4s mer<\/a><\/p>\n","protected":false},"author":787,"featured_media":0,"comment_status":"closed","ping_status":"closed","sticky":false,"template":"","format":"standard","meta":{"_acf_changed":false,"footnotes":""},"categories":[11,12],"tags":[30,99],"class_list":["post-680","post","type-post","status-publish","format-standard","hentry","category-inlagg","category-barn-unga","tag-barnomsorg","tag-vardnadsbidrag"],"acf":[],"yoast_head":"<!-- This site is optimized with the Yoast SEO plugin v27.4 - https:\/\/yoast.com\/product\/yoast-seo-wordpress\/ -->\n<title>Motion: Inf\u00f6r kommunalt v\u00e5rdnadsbidrag - Kristdemokraterna i Timr\u00e5<\/title>\n<meta name=\"robots\" content=\"index, follow, max-snippet:-1, max-image-preview:large, max-video-preview:-1\" \/>\n<link rel=\"canonical\" href=\"https:\/\/wp.kristdemokraterna.se\/timra\/motion-infor-kommunalt-vardnadsbidrag\/\" \/>\n<meta property=\"og:locale\" content=\"sv_SE\" \/>\n<meta property=\"og:type\" content=\"article\" \/>\n<meta property=\"og:title\" content=\"Motion: Inf\u00f6r kommunalt v\u00e5rdnadsbidrag - Kristdemokraterna i Timr\u00e5\" \/>\n<meta property=\"og:description\" content=\"Timr\u00e5 2007-09-24 Motion till kommunfullm\u00e4ktige i Timr\u00e5 Den 4 september presenterade regeringen, under ledning av socialminister G\u00f6ran H\u00e4gglund, regeringens f\u00f6rslag att kommunalt v\u00e5rdnadsbidrag kan inf\u00f6ras fr\u00e5n och med den 1 juli 2008. SIFO-unders\u00f6kning fr\u00e5n april 2006 visar att 64 procent av svenska folket tycker att barnomsorgsst\u00f6det b\u00f6r f\u00f6rdelas r\u00e4ttvist till alla barn och att ers\u00e4ttning L\u00e4s mer\" \/>\n<meta property=\"og:url\" content=\"https:\/\/wp.kristdemokraterna.se\/timra\/motion-infor-kommunalt-vardnadsbidrag\/\" \/>\n<meta property=\"og:site_name\" content=\"Kristdemokraterna i Timr\u00e5\" \/>\n<meta property=\"article:published_time\" content=\"2007-09-24T13:00:07+00:00\" \/>\n<meta property=\"article:modified_time\" content=\"2018-07-10T13:30:13+00:00\" \/>\n<meta name=\"author\" content=\"timra\" \/>\n<meta name=\"twitter:card\" content=\"summary_large_image\" \/>\n<meta name=\"twitter:label1\" content=\"Skriven av\" \/>\n\t<meta name=\"twitter:data1\" content=\"timra\" \/>\n\t<meta name=\"twitter:label2\" content=\"Ber\u00e4knad l\u00e4stid\" \/>\n\t<meta name=\"twitter:data2\" content=\"1 minut\" \/>\n<script type=\"application\/ld+json\" class=\"yoast-schema-graph\">{\"@context\":\"https:\\\/\\\/schema.org\",\"@graph\":[{\"@type\":\"Article\",\"@id\":\"https:\\\/\\\/wp.kristdemokraterna.se\\\/timra\\\/motion-infor-kommunalt-vardnadsbidrag\\\/#article\",\"isPartOf\":{\"@id\":\"https:\\\/\\\/wp.kristdemokraterna.se\\\/timra\\\/motion-infor-kommunalt-vardnadsbidrag\\\/\"},\"author\":{\"name\":\"timra\",\"@id\":\"https:\\\/\\\/wp.kristdemokraterna.se\\\/timra\\\/#\\\/schema\\\/person\\\/49784c93d3806490fb376f5a3b3dd4cd\"},\"headline\":\"Motion: Inf\u00f6r kommunalt v\u00e5rdnadsbidrag\",\"datePublished\":\"2007-09-24T13:00:07+00:00\",\"dateModified\":\"2018-07-10T13:30:13+00:00\",\"mainEntityOfPage\":{\"@id\":\"https:\\\/\\\/wp.kristdemokraterna.se\\\/timra\\\/motion-infor-kommunalt-vardnadsbidrag\\\/\"},\"wordCount\":241,\"keywords\":[\"barnomsorg\",\"v\u00e5rdnadsbidrag\"],\"articleSection\":[\"Alla nyheter\",\"Barn och unga\"],\"inLanguage\":\"sv-SE\"},{\"@type\":\"WebPage\",\"@id\":\"https:\\\/\\\/wp.kristdemokraterna.se\\\/timra\\\/motion-infor-kommunalt-vardnadsbidrag\\\/\",\"url\":\"https:\\\/\\\/wp.kristdemokraterna.se\\\/timra\\\/motion-infor-kommunalt-vardnadsbidrag\\\/\",\"name\":\"Motion: Inf\u00f6r kommunalt v\u00e5rdnadsbidrag - Kristdemokraterna i Timr\u00e5\",\"isPartOf\":{\"@id\":\"https:\\\/\\\/wp.kristdemokraterna.se\\\/timra\\\/#website\"},\"datePublished\":\"2007-09-24T13:00:07+00:00\",\"dateModified\":\"2018-07-10T13:30:13+00:00\",\"author\":{\"@id\":\"https:\\\/\\\/wp.kristdemokraterna.se\\\/timra\\\/#\\\/schema\\\/person\\\/49784c93d3806490fb376f5a3b3dd4cd\"},\"breadcrumb\":{\"@id\":\"https:\\\/\\\/wp.kristdemokraterna.se\\\/timra\\\/motion-infor-kommunalt-vardnadsbidrag\\\/#breadcrumb\"},\"inLanguage\":\"sv-SE\",\"potentialAction\":[{\"@type\":\"ReadAction\",\"target\":[\"https:\\\/\\\/wp.kristdemokraterna.se\\\/timra\\\/motion-infor-kommunalt-vardnadsbidrag\\\/\"]}]},{\"@type\":\"BreadcrumbList\",\"@id\":\"https:\\\/\\\/wp.kristdemokraterna.se\\\/timra\\\/motion-infor-kommunalt-vardnadsbidrag\\\/#breadcrumb\",\"itemListElement\":[{\"@type\":\"ListItem\",\"position\":1,\"name\":\"Hem\",\"item\":\"https:\\\/\\\/wp.kristdemokraterna.se\\\/timra\\\/\"},{\"@type\":\"ListItem\",\"position\":2,\"name\":\"Motion: Inf\u00f6r kommunalt v\u00e5rdnadsbidrag\"}]},{\"@type\":\"WebSite\",\"@id\":\"https:\\\/\\\/wp.kristdemokraterna.se\\\/timra\\\/#website\",\"url\":\"https:\\\/\\\/wp.kristdemokraterna.se\\\/timra\\\/\",\"name\":\"Kristdemokraterna i Timr\u00e5\",\"description\":\"Vill du ocks\u00e5 ha maktskifte?\",\"inLanguage\":\"sv-SE\"},{\"@type\":\"Person\",\"@id\":\"https:\\\/\\\/wp.kristdemokraterna.se\\\/timra\\\/#\\\/schema\\\/person\\\/49784c93d3806490fb376f5a3b3dd4cd\",\"name\":\"timra\",\"image\":{\"@type\":\"ImageObject\",\"inLanguage\":\"sv-SE\",\"@id\":\"https:\\\/\\\/secure.gravatar.com\\\/avatar\\\/2d9a04bf0b09a2c8909797508e81e5c3faf9a9ba8962c579b9100cffe14b6f7b?s=96&d=mm&r=g\",\"url\":\"https:\\\/\\\/secure.gravatar.com\\\/avatar\\\/2d9a04bf0b09a2c8909797508e81e5c3faf9a9ba8962c579b9100cffe14b6f7b?s=96&d=mm&r=g\",\"contentUrl\":\"https:\\\/\\\/secure.gravatar.com\\\/avatar\\\/2d9a04bf0b09a2c8909797508e81e5c3faf9a9ba8962c579b9100cffe14b6f7b?s=96&d=mm&r=g\",\"caption\":\"timra\"},\"url\":\"https:\\\/\\\/wp.kristdemokraterna.se\\\/timra\\\/author\\\/timra\\\/\"}]}<\/script>\n<!-- \/ Yoast SEO plugin. -->","yoast_head_json":{"title":"Motion: Inf\u00f6r kommunalt v\u00e5rdnadsbidrag - Kristdemokraterna i Timr\u00e5","robots":{"index":"index","follow":"follow","max-snippet":"max-snippet:-1","max-image-preview":"max-image-preview:large","max-video-preview":"max-video-preview:-1"},"canonical":"https:\/\/wp.kristdemokraterna.se\/timra\/motion-infor-kommunalt-vardnadsbidrag\/","og_locale":"sv_SE","og_type":"article","og_title":"Motion: Inf\u00f6r kommunalt v\u00e5rdnadsbidrag - Kristdemokraterna i Timr\u00e5","og_description":"Timr\u00e5 2007-09-24 Motion till kommunfullm\u00e4ktige i Timr\u00e5 Den 4 september presenterade regeringen, under ledning av socialminister G\u00f6ran H\u00e4gglund, regeringens f\u00f6rslag att kommunalt v\u00e5rdnadsbidrag kan inf\u00f6ras fr\u00e5n och med den 1 juli 2008. SIFO-unders\u00f6kning fr\u00e5n april 2006 visar att 64 procent av svenska folket tycker att barnomsorgsst\u00f6det b\u00f6r f\u00f6rdelas r\u00e4ttvist till alla barn och att ers\u00e4ttning L\u00e4s mer","og_url":"https:\/\/wp.kristdemokraterna.se\/timra\/motion-infor-kommunalt-vardnadsbidrag\/","og_site_name":"Kristdemokraterna i Timr\u00e5","article_published_time":"2007-09-24T13:00:07+00:00","article_modified_time":"2018-07-10T13:30:13+00:00","author":"timra","twitter_card":"summary_large_image","twitter_misc":{"Skriven av":"timra","Ber\u00e4knad l\u00e4stid":"1 minut"},"schema":{"@context":"https:\/\/schema.org","@graph":[{"@type":"Article","@id":"https:\/\/wp.kristdemokraterna.se\/timra\/motion-infor-kommunalt-vardnadsbidrag\/#article","isPartOf":{"@id":"https:\/\/wp.kristdemokraterna.se\/timra\/motion-infor-kommunalt-vardnadsbidrag\/"},"author":{"name":"timra","@id":"https:\/\/wp.kristdemokraterna.se\/timra\/#\/schema\/person\/49784c93d3806490fb376f5a3b3dd4cd"},"headline":"Motion: Inf\u00f6r kommunalt v\u00e5rdnadsbidrag","datePublished":"2007-09-24T13:00:07+00:00","dateModified":"2018-07-10T13:30:13+00:00","mainEntityOfPage":{"@id":"https:\/\/wp.kristdemokraterna.se\/timra\/motion-infor-kommunalt-vardnadsbidrag\/"},"wordCount":241,"keywords":["barnomsorg","v\u00e5rdnadsbidrag"],"articleSection":["Alla nyheter","Barn och unga"],"inLanguage":"sv-SE"},{"@type":"WebPage","@id":"https:\/\/wp.kristdemokraterna.se\/timra\/motion-infor-kommunalt-vardnadsbidrag\/","url":"https:\/\/wp.kristdemokraterna.se\/timra\/motion-infor-kommunalt-vardnadsbidrag\/","name":"Motion: Inf\u00f6r kommunalt v\u00e5rdnadsbidrag - Kristdemokraterna i Timr\u00e5","isPartOf":{"@id":"https:\/\/wp.kristdemokraterna.se\/timra\/#website"},"datePublished":"2007-09-24T13:00:07+00:00","dateModified":"2018-07-10T13:30:13+00:00","author":{"@id":"https:\/\/wp.kristdemokraterna.se\/timra\/#\/schema\/person\/49784c93d3806490fb376f5a3b3dd4cd"},"breadcrumb":{"@id":"https:\/\/wp.kristdemokraterna.se\/timra\/motion-infor-kommunalt-vardnadsbidrag\/#breadcrumb"},"inLanguage":"sv-SE","potentialAction":[{"@type":"ReadAction","target":["https:\/\/wp.kristdemokraterna.se\/timra\/motion-infor-kommunalt-vardnadsbidrag\/"]}]},{"@type":"BreadcrumbList","@id":"https:\/\/wp.kristdemokraterna.se\/timra\/motion-infor-kommunalt-vardnadsbidrag\/#breadcrumb","itemListElement":[{"@type":"ListItem","position":1,"name":"Hem","item":"https:\/\/wp.kristdemokraterna.se\/timra\/"},{"@type":"ListItem","position":2,"name":"Motion: Inf\u00f6r kommunalt v\u00e5rdnadsbidrag"}]},{"@type":"WebSite","@id":"https:\/\/wp.kristdemokraterna.se\/timra\/#website","url":"https:\/\/wp.kristdemokraterna.se\/timra\/","name":"Kristdemokraterna i Timr\u00e5","description":"Vill du ocks\u00e5 ha maktskifte?","inLanguage":"sv-SE"},{"@type":"Person","@id":"https:\/\/wp.kristdemokraterna.se\/timra\/#\/schema\/person\/49784c93d3806490fb376f5a3b3dd4cd","name":"timra","image":{"@type":"ImageObject","inLanguage":"sv-SE","@id":"https:\/\/secure.gravatar.com\/avatar\/2d9a04bf0b09a2c8909797508e81e5c3faf9a9ba8962c579b9100cffe14b6f7b?s=96&d=mm&r=g","url":"https:\/\/secure.gravatar.com\/avatar\/2d9a04bf0b09a2c8909797508e81e5c3faf9a9ba8962c579b9100cffe14b6f7b?s=96&d=mm&r=g","contentUrl":"https:\/\/secure.gravatar.com\/avatar\/2d9a04bf0b09a2c8909797508e81e5c3faf9a9ba8962c579b9100cffe14b6f7b?s=96&d=mm&r=g","caption":"timra"},"url":"https:\/\/wp.kristdemokraterna.se\/timra\/author\/timra\/"}]}},"_links":{"self":[{"href":"https:\/\/wp.kristdemokraterna.se\/timra\/wp-json\/wp\/v2\/posts\/680","targetHints":{"allow":["GET"]}}],"collection":[{"href":"https:\/\/wp.kristdemokraterna.se\/timra\/wp-json\/wp\/v2\/posts"}],"about":[{"href":"https:\/\/wp.kristdemokraterna.se\/timra\/wp-json\/wp\/v2\/types\/post"}],"author":[{"embeddable":true,"href":"https:\/\/wp.kristdemokraterna.se\/timra\/wp-json\/wp\/v2\/users\/787"}],"replies":[{"embeddable":true,"href":"https:\/\/wp.kristdemokraterna.se\/timra\/wp-json\/wp\/v2\/comments?post=680"}],"version-history":[{"count":4,"href":"https:\/\/wp.kristdemokraterna.se\/timra\/wp-json\/wp\/v2\/posts\/680\/revisions"}],"predecessor-version":[{"id":709,"href":"https:\/\/wp.kristdemokraterna.se\/timra\/wp-json\/wp\/v2\/posts\/680\/revisions\/709"}],"wp:attachment":[{"href":"https:\/\/wp.kristdemokraterna.se\/timra\/wp-json\/wp\/v2\/media?parent=680"}],"wp:term":[{"taxonomy":"category","embeddable":true,"href":"https:\/\/wp.kristdemokraterna.se\/timra\/wp-json\/wp\/v2\/categories?post=680"},{"taxonomy":"post_tag","embeddable":true,"href":"https:\/\/wp.kristdemokraterna.se\/timra\/wp-json\/wp\/v2\/tags?post=680"}],"curies":[{"name":"wp","href":"https:\/\/api.w.org\/{rel}","templated":true}]}}