{"id":689,"date":"2012-01-09T19:39:18","date_gmt":"2012-01-09T18:39:18","guid":{"rendered":"http:\/\/wp.kristdemokraterna.se\/timra\/?p=689"},"modified":"2018-07-10T15:13:09","modified_gmt":"2018-07-10T13:13:09","slug":"utanforskapet-okar-i-timra-dags-att-agera","status":"publish","type":"post","link":"https:\/\/wp.kristdemokraterna.se\/timra\/utanforskapet-okar-i-timra-dags-att-agera\/","title":{"rendered":"Utanf\u00f6rskapet \u00f6kar i Timr\u00e5 &#8211; dags att agera"},"content":{"rendered":"<div class=\"itemIntroText\">\n<p>Utanf\u00f6rskapet \u00f6kar i Timr\u00e5. Alltfler s\u00f6ker hj\u00e4lp f\u00f6r att kunna f\u00f6rs\u00f6rja sig. Att d\u00e5 gr\u00e4va ner huvet i sanden och skylla p\u00e5 regeringen \u00e4r att strunta i alla utsatta m\u00e4nniskor.<\/p>\n<\/div>\n<div class=\"itemFullText\">\n<p>Ska man skylla p\u00e5 regeringen s\u00e5 var det v\u00e4l den socialdemokratiska regeringens fel p\u00e5 1990-talet att\u00a0 f\u00f6rs\u00f6rjningsst\u00f6den kostade betydligt mer \u00e4n idag. Nej, problemet ligger inte p\u00e5 denna niv\u00e5 utan handlar bland annat om konjunkturen.<\/p>\n<p>P\u00e5st\u00e5endet om att det skulle vara regeringens syftar antagligen p\u00e5 den felaktiga uppfattningen om att f\u00f6r\u00e4ndringarna inom sjukf\u00f6rs\u00e4kringsomr\u00e5det skulle handla om att v\u00e4ltra \u00f6ver kostnader p\u00e5 kommunerna. M\u00e5nga m\u00e4nniskor har f\u00f6rst\u00e5s drabbats av f\u00f6r\u00e4ndringarna p\u00e5 ett s\u00e4tt som det inte var t\u00e4nkt. D\u00e4rf\u00f6r har Kristdemokraternadrivit p\u00e5 fr\u00e5gan om f\u00f6r en b\u00e4ttre sjukf\u00f6rs\u00e4kring och nu 2012 genomf\u00f6rs ett antal f\u00f6rb\u00e4ttringar.<\/p>\n<p>Men nu var \u00e4mnet f\u00f6rs\u00f6rjningsst\u00f6den i Timr\u00e5 och inte sjukf\u00f6rs\u00e4kringen. Effekten kommer i den europeiska finanskrisens sp\u00e5r med en v\u00e4xande arbetsl\u00f6shet. F\u00f6rs\u00f6rjningsst\u00f6dens niv\u00e5 i Timr\u00e5 p\u00e5verkas ocks\u00e5 av att allt fler g\u00e5r ut gymnasiet utan fullst\u00e4ndiga betyg. 31 procent gick 2011 ut gymnasieskolan utan fullst\u00e4ndiga betyg. Det \u00e4r fruktansv\u00e4rt. Skolan m\u00e5ste ges mer resurser!<\/p>\n<p>En annan faktor \u00e4r att kommunen har ocks\u00e5 f\u00e5tt ta emot en \u00f6kad andel kvotflyktingar som generellt har en mycket l\u00e5g utbildningsniv\u00e5. Kommunen och dessa m\u00e4nniskor f\u00e5r nu betala priset f\u00f6r ett otillr\u00e4ckligt st\u00f6d<\/p>\n<p>Vi beh\u00f6ver ocks\u00e5 st\u00e4rka f\u00f6retagsklimatet i Timr\u00e5. Friskoleetableringen motarbetades \u00f6ppet av socialdemokraternas och partiets svaga st\u00e4llningstagande f\u00f6r j\u00e4rnv\u00e4gsdragningen inneb\u00e4r att det nu blir problem med f\u00f6retagsetableringar d\u00e5 Trafikverket h\u00e4vdar riksintresse i Timr\u00e5s industriomr\u00e5de.<\/p>\n<p>Nu m\u00e5ste n\u00e5got g\u00f6ras. Om inte socialdemokraterna vill s\u00e5 vet vi att det ett alternativ 2014.<\/p>\n<\/div>\n","protected":false},"excerpt":{"rendered":"<p>Utanf\u00f6rskapet \u00f6kar i Timr\u00e5. Alltfler s\u00f6ker hj\u00e4lp f\u00f6r att kunna f\u00f6rs\u00f6rja sig. Att d\u00e5 gr\u00e4va ner huvet i sanden och skylla p\u00e5 regeringen \u00e4r att strunta i alla utsatta m\u00e4nniskor. Ska man skylla p\u00e5 regeringen s\u00e5 var det v\u00e4l den socialdemokratiska regeringens fel p\u00e5 1990-talet att\u00a0 f\u00f6rs\u00f6rjningsst\u00f6den kostade betydligt mer \u00e4n idag. Nej, problemet ligger <a class=\"read-more-link\" href=\"https:\/\/wp.kristdemokraterna.se\/timra\/utanforskapet-okar-i-timra-dags-att-agera\/\">L\u00e4s mer<\/a><\/p>\n","protected":false},"author":787,"featured_media":0,"comment_status":"closed","ping_status":"closed","sticky":false,"template":"","format":"standard","meta":{"_acf_changed":false,"footnotes":""},"categories":[14,11,12,25],"tags":[109,58,111,110,112],"class_list":["post-689","post","type-post","status-publish","format-standard","hentry","category-aldre","category-inlagg","category-barn-unga","category-ekonomi","tag-foretagsklimat","tag-forsorjningsstod","tag-friskola","tag-sjukforsakringen","tag-utanforskap"],"acf":[],"yoast_head":"<!-- This site is optimized with the Yoast SEO plugin v27.4 - https:\/\/yoast.com\/product\/yoast-seo-wordpress\/ -->\n<title>Utanf\u00f6rskapet \u00f6kar i Timr\u00e5 - dags att agera - Kristdemokraterna i Timr\u00e5<\/title>\n<meta name=\"robots\" content=\"index, follow, max-snippet:-1, max-image-preview:large, max-video-preview:-1\" \/>\n<link rel=\"canonical\" href=\"https:\/\/wp.kristdemokraterna.se\/timra\/utanforskapet-okar-i-timra-dags-att-agera\/\" \/>\n<meta property=\"og:locale\" content=\"sv_SE\" \/>\n<meta property=\"og:type\" content=\"article\" \/>\n<meta property=\"og:title\" content=\"Utanf\u00f6rskapet \u00f6kar i Timr\u00e5 - dags att agera - Kristdemokraterna i Timr\u00e5\" \/>\n<meta property=\"og:description\" content=\"Utanf\u00f6rskapet \u00f6kar i Timr\u00e5. Alltfler s\u00f6ker hj\u00e4lp f\u00f6r att kunna f\u00f6rs\u00f6rja sig. Att d\u00e5 gr\u00e4va ner huvet i sanden och skylla p\u00e5 regeringen \u00e4r att strunta i alla utsatta m\u00e4nniskor. Ska man skylla p\u00e5 regeringen s\u00e5 var det v\u00e4l den socialdemokratiska regeringens fel p\u00e5 1990-talet att\u00a0 f\u00f6rs\u00f6rjningsst\u00f6den kostade betydligt mer \u00e4n idag. Nej, problemet ligger L\u00e4s mer\" \/>\n<meta property=\"og:url\" content=\"https:\/\/wp.kristdemokraterna.se\/timra\/utanforskapet-okar-i-timra-dags-att-agera\/\" \/>\n<meta property=\"og:site_name\" content=\"Kristdemokraterna i Timr\u00e5\" \/>\n<meta property=\"article:published_time\" content=\"2012-01-09T18:39:18+00:00\" \/>\n<meta property=\"article:modified_time\" content=\"2018-07-10T13:13:09+00:00\" \/>\n<meta name=\"author\" content=\"timra\" \/>\n<meta name=\"twitter:card\" content=\"summary_large_image\" \/>\n<meta name=\"twitter:label1\" content=\"Skriven av\" \/>\n\t<meta name=\"twitter:data1\" content=\"timra\" \/>\n\t<meta name=\"twitter:label2\" content=\"Ber\u00e4knad l\u00e4stid\" \/>\n\t<meta name=\"twitter:data2\" content=\"2 minuter\" \/>\n<script type=\"application\/ld+json\" class=\"yoast-schema-graph\">{\"@context\":\"https:\\\/\\\/schema.org\",\"@graph\":[{\"@type\":\"Article\",\"@id\":\"https:\\\/\\\/wp.kristdemokraterna.se\\\/timra\\\/utanforskapet-okar-i-timra-dags-att-agera\\\/#article\",\"isPartOf\":{\"@id\":\"https:\\\/\\\/wp.kristdemokraterna.se\\\/timra\\\/utanforskapet-okar-i-timra-dags-att-agera\\\/\"},\"author\":{\"name\":\"timra\",\"@id\":\"https:\\\/\\\/wp.kristdemokraterna.se\\\/timra\\\/#\\\/schema\\\/person\\\/49784c93d3806490fb376f5a3b3dd4cd\"},\"headline\":\"Utanf\u00f6rskapet \u00f6kar i Timr\u00e5 &#8211; dags att agera\",\"datePublished\":\"2012-01-09T18:39:18+00:00\",\"dateModified\":\"2018-07-10T13:13:09+00:00\",\"mainEntityOfPage\":{\"@id\":\"https:\\\/\\\/wp.kristdemokraterna.se\\\/timra\\\/utanforskapet-okar-i-timra-dags-att-agera\\\/\"},\"wordCount\":343,\"keywords\":[\"f\u00f6retagsklimat\",\"f\u00f6rs\u00f6rjningsst\u00f6d\",\"friskola\",\"sjukf\u00f6rs\u00e4kringen\",\"utanf\u00f6rskap\"],\"articleSection\":[\"\u00c4ldre\",\"Alla nyheter\",\"Barn och unga\",\"Ekonomi\"],\"inLanguage\":\"sv-SE\"},{\"@type\":\"WebPage\",\"@id\":\"https:\\\/\\\/wp.kristdemokraterna.se\\\/timra\\\/utanforskapet-okar-i-timra-dags-att-agera\\\/\",\"url\":\"https:\\\/\\\/wp.kristdemokraterna.se\\\/timra\\\/utanforskapet-okar-i-timra-dags-att-agera\\\/\",\"name\":\"Utanf\u00f6rskapet \u00f6kar i Timr\u00e5 - dags att agera - Kristdemokraterna i Timr\u00e5\",\"isPartOf\":{\"@id\":\"https:\\\/\\\/wp.kristdemokraterna.se\\\/timra\\\/#website\"},\"datePublished\":\"2012-01-09T18:39:18+00:00\",\"dateModified\":\"2018-07-10T13:13:09+00:00\",\"author\":{\"@id\":\"https:\\\/\\\/wp.kristdemokraterna.se\\\/timra\\\/#\\\/schema\\\/person\\\/49784c93d3806490fb376f5a3b3dd4cd\"},\"breadcrumb\":{\"@id\":\"https:\\\/\\\/wp.kristdemokraterna.se\\\/timra\\\/utanforskapet-okar-i-timra-dags-att-agera\\\/#breadcrumb\"},\"inLanguage\":\"sv-SE\",\"potentialAction\":[{\"@type\":\"ReadAction\",\"target\":[\"https:\\\/\\\/wp.kristdemokraterna.se\\\/timra\\\/utanforskapet-okar-i-timra-dags-att-agera\\\/\"]}]},{\"@type\":\"BreadcrumbList\",\"@id\":\"https:\\\/\\\/wp.kristdemokraterna.se\\\/timra\\\/utanforskapet-okar-i-timra-dags-att-agera\\\/#breadcrumb\",\"itemListElement\":[{\"@type\":\"ListItem\",\"position\":1,\"name\":\"Hem\",\"item\":\"https:\\\/\\\/wp.kristdemokraterna.se\\\/timra\\\/\"},{\"@type\":\"ListItem\",\"position\":2,\"name\":\"Utanf\u00f6rskapet \u00f6kar i Timr\u00e5 &#8211; dags att agera\"}]},{\"@type\":\"WebSite\",\"@id\":\"https:\\\/\\\/wp.kristdemokraterna.se\\\/timra\\\/#website\",\"url\":\"https:\\\/\\\/wp.kristdemokraterna.se\\\/timra\\\/\",\"name\":\"Kristdemokraterna i Timr\u00e5\",\"description\":\"Vill du ocks\u00e5 ha maktskifte?\",\"inLanguage\":\"sv-SE\"},{\"@type\":\"Person\",\"@id\":\"https:\\\/\\\/wp.kristdemokraterna.se\\\/timra\\\/#\\\/schema\\\/person\\\/49784c93d3806490fb376f5a3b3dd4cd\",\"name\":\"timra\",\"image\":{\"@type\":\"ImageObject\",\"inLanguage\":\"sv-SE\",\"@id\":\"https:\\\/\\\/secure.gravatar.com\\\/avatar\\\/2d9a04bf0b09a2c8909797508e81e5c3faf9a9ba8962c579b9100cffe14b6f7b?s=96&d=mm&r=g\",\"url\":\"https:\\\/\\\/secure.gravatar.com\\\/avatar\\\/2d9a04bf0b09a2c8909797508e81e5c3faf9a9ba8962c579b9100cffe14b6f7b?s=96&d=mm&r=g\",\"contentUrl\":\"https:\\\/\\\/secure.gravatar.com\\\/avatar\\\/2d9a04bf0b09a2c8909797508e81e5c3faf9a9ba8962c579b9100cffe14b6f7b?s=96&d=mm&r=g\",\"caption\":\"timra\"},\"url\":\"https:\\\/\\\/wp.kristdemokraterna.se\\\/timra\\\/author\\\/timra\\\/\"}]}<\/script>\n<!-- \/ Yoast SEO plugin. -->","yoast_head_json":{"title":"Utanf\u00f6rskapet \u00f6kar i Timr\u00e5 - dags att agera - Kristdemokraterna i Timr\u00e5","robots":{"index":"index","follow":"follow","max-snippet":"max-snippet:-1","max-image-preview":"max-image-preview:large","max-video-preview":"max-video-preview:-1"},"canonical":"https:\/\/wp.kristdemokraterna.se\/timra\/utanforskapet-okar-i-timra-dags-att-agera\/","og_locale":"sv_SE","og_type":"article","og_title":"Utanf\u00f6rskapet \u00f6kar i Timr\u00e5 - dags att agera - Kristdemokraterna i Timr\u00e5","og_description":"Utanf\u00f6rskapet \u00f6kar i Timr\u00e5. Alltfler s\u00f6ker hj\u00e4lp f\u00f6r att kunna f\u00f6rs\u00f6rja sig. Att d\u00e5 gr\u00e4va ner huvet i sanden och skylla p\u00e5 regeringen \u00e4r att strunta i alla utsatta m\u00e4nniskor. Ska man skylla p\u00e5 regeringen s\u00e5 var det v\u00e4l den socialdemokratiska regeringens fel p\u00e5 1990-talet att\u00a0 f\u00f6rs\u00f6rjningsst\u00f6den kostade betydligt mer \u00e4n idag. Nej, problemet ligger L\u00e4s mer","og_url":"https:\/\/wp.kristdemokraterna.se\/timra\/utanforskapet-okar-i-timra-dags-att-agera\/","og_site_name":"Kristdemokraterna i Timr\u00e5","article_published_time":"2012-01-09T18:39:18+00:00","article_modified_time":"2018-07-10T13:13:09+00:00","author":"timra","twitter_card":"summary_large_image","twitter_misc":{"Skriven av":"timra","Ber\u00e4knad l\u00e4stid":"2 minuter"},"schema":{"@context":"https:\/\/schema.org","@graph":[{"@type":"Article","@id":"https:\/\/wp.kristdemokraterna.se\/timra\/utanforskapet-okar-i-timra-dags-att-agera\/#article","isPartOf":{"@id":"https:\/\/wp.kristdemokraterna.se\/timra\/utanforskapet-okar-i-timra-dags-att-agera\/"},"author":{"name":"timra","@id":"https:\/\/wp.kristdemokraterna.se\/timra\/#\/schema\/person\/49784c93d3806490fb376f5a3b3dd4cd"},"headline":"Utanf\u00f6rskapet \u00f6kar i Timr\u00e5 &#8211; dags att agera","datePublished":"2012-01-09T18:39:18+00:00","dateModified":"2018-07-10T13:13:09+00:00","mainEntityOfPage":{"@id":"https:\/\/wp.kristdemokraterna.se\/timra\/utanforskapet-okar-i-timra-dags-att-agera\/"},"wordCount":343,"keywords":["f\u00f6retagsklimat","f\u00f6rs\u00f6rjningsst\u00f6d","friskola","sjukf\u00f6rs\u00e4kringen","utanf\u00f6rskap"],"articleSection":["\u00c4ldre","Alla nyheter","Barn och unga","Ekonomi"],"inLanguage":"sv-SE"},{"@type":"WebPage","@id":"https:\/\/wp.kristdemokraterna.se\/timra\/utanforskapet-okar-i-timra-dags-att-agera\/","url":"https:\/\/wp.kristdemokraterna.se\/timra\/utanforskapet-okar-i-timra-dags-att-agera\/","name":"Utanf\u00f6rskapet \u00f6kar i Timr\u00e5 - dags att agera - Kristdemokraterna i Timr\u00e5","isPartOf":{"@id":"https:\/\/wp.kristdemokraterna.se\/timra\/#website"},"datePublished":"2012-01-09T18:39:18+00:00","dateModified":"2018-07-10T13:13:09+00:00","author":{"@id":"https:\/\/wp.kristdemokraterna.se\/timra\/#\/schema\/person\/49784c93d3806490fb376f5a3b3dd4cd"},"breadcrumb":{"@id":"https:\/\/wp.kristdemokraterna.se\/timra\/utanforskapet-okar-i-timra-dags-att-agera\/#breadcrumb"},"inLanguage":"sv-SE","potentialAction":[{"@type":"ReadAction","target":["https:\/\/wp.kristdemokraterna.se\/timra\/utanforskapet-okar-i-timra-dags-att-agera\/"]}]},{"@type":"BreadcrumbList","@id":"https:\/\/wp.kristdemokraterna.se\/timra\/utanforskapet-okar-i-timra-dags-att-agera\/#breadcrumb","itemListElement":[{"@type":"ListItem","position":1,"name":"Hem","item":"https:\/\/wp.kristdemokraterna.se\/timra\/"},{"@type":"ListItem","position":2,"name":"Utanf\u00f6rskapet \u00f6kar i Timr\u00e5 &#8211; dags att agera"}]},{"@type":"WebSite","@id":"https:\/\/wp.kristdemokraterna.se\/timra\/#website","url":"https:\/\/wp.kristdemokraterna.se\/timra\/","name":"Kristdemokraterna i Timr\u00e5","description":"Vill du ocks\u00e5 ha maktskifte?","inLanguage":"sv-SE"},{"@type":"Person","@id":"https:\/\/wp.kristdemokraterna.se\/timra\/#\/schema\/person\/49784c93d3806490fb376f5a3b3dd4cd","name":"timra","image":{"@type":"ImageObject","inLanguage":"sv-SE","@id":"https:\/\/secure.gravatar.com\/avatar\/2d9a04bf0b09a2c8909797508e81e5c3faf9a9ba8962c579b9100cffe14b6f7b?s=96&d=mm&r=g","url":"https:\/\/secure.gravatar.com\/avatar\/2d9a04bf0b09a2c8909797508e81e5c3faf9a9ba8962c579b9100cffe14b6f7b?s=96&d=mm&r=g","contentUrl":"https:\/\/secure.gravatar.com\/avatar\/2d9a04bf0b09a2c8909797508e81e5c3faf9a9ba8962c579b9100cffe14b6f7b?s=96&d=mm&r=g","caption":"timra"},"url":"https:\/\/wp.kristdemokraterna.se\/timra\/author\/timra\/"}]}},"_links":{"self":[{"href":"https:\/\/wp.kristdemokraterna.se\/timra\/wp-json\/wp\/v2\/posts\/689","targetHints":{"allow":["GET"]}}],"collection":[{"href":"https:\/\/wp.kristdemokraterna.se\/timra\/wp-json\/wp\/v2\/posts"}],"about":[{"href":"https:\/\/wp.kristdemokraterna.se\/timra\/wp-json\/wp\/v2\/types\/post"}],"author":[{"embeddable":true,"href":"https:\/\/wp.kristdemokraterna.se\/timra\/wp-json\/wp\/v2\/users\/787"}],"replies":[{"embeddable":true,"href":"https:\/\/wp.kristdemokraterna.se\/timra\/wp-json\/wp\/v2\/comments?post=689"}],"version-history":[{"count":1,"href":"https:\/\/wp.kristdemokraterna.se\/timra\/wp-json\/wp\/v2\/posts\/689\/revisions"}],"predecessor-version":[{"id":690,"href":"https:\/\/wp.kristdemokraterna.se\/timra\/wp-json\/wp\/v2\/posts\/689\/revisions\/690"}],"wp:attachment":[{"href":"https:\/\/wp.kristdemokraterna.se\/timra\/wp-json\/wp\/v2\/media?parent=689"}],"wp:term":[{"taxonomy":"category","embeddable":true,"href":"https:\/\/wp.kristdemokraterna.se\/timra\/wp-json\/wp\/v2\/categories?post=689"},{"taxonomy":"post_tag","embeddable":true,"href":"https:\/\/wp.kristdemokraterna.se\/timra\/wp-json\/wp\/v2\/tags?post=689"}],"curies":[{"name":"wp","href":"https:\/\/api.w.org\/{rel}","templated":true}]}}