{"id":693,"date":"2013-04-29T21:37:52","date_gmt":"2013-04-29T19:37:52","guid":{"rendered":"http:\/\/wp.kristdemokraterna.se\/timra\/?p=693"},"modified":"2018-07-10T15:23:26","modified_gmt":"2018-07-10T13:23:26","slug":"krafttag-mot-mobbningen","status":"publish","type":"post","link":"https:\/\/wp.kristdemokraterna.se\/timra\/krafttag-mot-mobbningen\/","title":{"rendered":"Krafttag mot mobbningen"},"content":{"rendered":"<div class=\"itemIntroText\">\n<p>Skolorna har idag en nollvision mot kr\u00e4nkningar, men uppgifter om hur l\u00e4get ser ut och hur m\u00e5nga som \u00e4r utsatt f\u00f6r mobbning saknas. K\u00e4nt \u00e4r att 2010 prickades en skola i Timr\u00e5 av skolinspektionen<sup>1<\/sup>\u00a0och 2011 anm\u00e4ldes en skola f\u00f6r en elev som kr\u00e4nkts hela sin skolg\u00e5ng.<sup>23<\/sup><\/p>\n<\/div>\n<div class=\"itemFullText\">\n<p>Allt \u00e4r som tur \u00e4r inte nattsvart. Varje skola har numera en likabehandlingsplan d\u00e4r man beskriver hur man hanterar och jobbar med mobbning. Vi anser dock att man ska genomf\u00f6ra en ordentlig kartl\u00e4ggning av kr\u00e4nkningarnas omfattning och att personeal och elever f\u00e5r utbildning i ett f\u00f6rebyggande antimobbningsarbete s\u00e5 att man verkligen kan jobba aktivt och konkret med fr\u00e5gan. De viktiga dokumenten f\u00e5r inte bli en pappersprodukt som f\u00f6rst b\u00f6rjar anv\u00e4ndas p\u00e5 allvar n\u00e4r det redan \u00e4r f\u00f6r sent. Som skolinspektionen skrev efter sin senaste regelbundna tillsyn 2010:<\/p>\n<p><cite>&#8221;Brister i planerna \u00e4r bland annat att de inte utg\u00e5r fr\u00e5n vilka insatser varje verksamhet efter en kartl\u00e4ggning, ska genomf\u00f6ra och f\u00f6lja upp under \u00e5ret. I flertalet verksamhet har inte barn, elever och studerande deltagit i arbetet med att uppr\u00e4tta planerna. Flertalet planerna har inte heller f\u00f6ljts upp och utv\u00e4rderats p\u00e5 verksamhets-, skol, eller kommunniv\u00e5.&#8221;<\/cite><\/p>\n<p>Vi har f\u00f6r att lyfta fr\u00e5gan idag l\u00e4mnat in en motion till fullm\u00e4ktige d\u00e4r vi yrkar att Varje skola genomf\u00f6r en kartl\u00e4ggning av omfattningen av mobbning och kr\u00e4nkningar och att varje skola utbildar pedagoger och elever i f\u00f6rebyggande antimobbningsarbete.<\/p>\n<\/div>\n","protected":false},"excerpt":{"rendered":"<p>Skolorna har idag en nollvision mot kr\u00e4nkningar, men uppgifter om hur l\u00e4get ser ut och hur m\u00e5nga som \u00e4r utsatt f\u00f6r mobbning saknas. K\u00e4nt \u00e4r att 2010 prickades en skola i Timr\u00e5 av skolinspektionen1\u00a0och 2011 anm\u00e4ldes en skola f\u00f6r en elev som kr\u00e4nkts hela sin skolg\u00e5ng.23 Allt \u00e4r som tur \u00e4r inte nattsvart. Varje skola <a class=\"read-more-link\" href=\"https:\/\/wp.kristdemokraterna.se\/timra\/krafttag-mot-mobbningen\/\">L\u00e4s mer<\/a><\/p>\n","protected":false},"author":787,"featured_media":0,"comment_status":"closed","ping_status":"closed","sticky":false,"template":"","format":"standard","meta":{"_acf_changed":false,"footnotes":""},"categories":[11,26],"tags":[42,29],"class_list":["post-693","post","type-post","status-publish","format-standard","hentry","category-inlagg","category-skola-utbildning","tag-mobbning","tag-skola"],"acf":[],"yoast_head":"<!-- This site is optimized with the Yoast SEO plugin v27.4 - https:\/\/yoast.com\/product\/yoast-seo-wordpress\/ -->\n<title>Krafttag mot mobbningen - Kristdemokraterna i Timr\u00e5<\/title>\n<meta name=\"robots\" content=\"index, follow, max-snippet:-1, max-image-preview:large, max-video-preview:-1\" \/>\n<link rel=\"canonical\" href=\"https:\/\/wp.kristdemokraterna.se\/timra\/krafttag-mot-mobbningen\/\" \/>\n<meta property=\"og:locale\" content=\"sv_SE\" \/>\n<meta property=\"og:type\" content=\"article\" \/>\n<meta property=\"og:title\" content=\"Krafttag mot mobbningen - Kristdemokraterna i Timr\u00e5\" \/>\n<meta property=\"og:description\" content=\"Skolorna har idag en nollvision mot kr\u00e4nkningar, men uppgifter om hur l\u00e4get ser ut och hur m\u00e5nga som \u00e4r utsatt f\u00f6r mobbning saknas. K\u00e4nt \u00e4r att 2010 prickades en skola i Timr\u00e5 av skolinspektionen1\u00a0och 2011 anm\u00e4ldes en skola f\u00f6r en elev som kr\u00e4nkts hela sin skolg\u00e5ng.23 Allt \u00e4r som tur \u00e4r inte nattsvart. Varje skola L\u00e4s mer\" \/>\n<meta property=\"og:url\" content=\"https:\/\/wp.kristdemokraterna.se\/timra\/krafttag-mot-mobbningen\/\" \/>\n<meta property=\"og:site_name\" content=\"Kristdemokraterna i Timr\u00e5\" \/>\n<meta property=\"article:published_time\" content=\"2013-04-29T19:37:52+00:00\" \/>\n<meta property=\"article:modified_time\" content=\"2018-07-10T13:23:26+00:00\" \/>\n<meta name=\"author\" content=\"timra\" \/>\n<meta name=\"twitter:card\" content=\"summary_large_image\" \/>\n<meta name=\"twitter:label1\" content=\"Skriven av\" \/>\n\t<meta name=\"twitter:data1\" content=\"timra\" \/>\n\t<meta name=\"twitter:label2\" content=\"Ber\u00e4knad l\u00e4stid\" \/>\n\t<meta name=\"twitter:data2\" content=\"1 minut\" \/>\n<script type=\"application\/ld+json\" class=\"yoast-schema-graph\">{\"@context\":\"https:\\\/\\\/schema.org\",\"@graph\":[{\"@type\":\"Article\",\"@id\":\"https:\\\/\\\/wp.kristdemokraterna.se\\\/timra\\\/krafttag-mot-mobbningen\\\/#article\",\"isPartOf\":{\"@id\":\"https:\\\/\\\/wp.kristdemokraterna.se\\\/timra\\\/krafttag-mot-mobbningen\\\/\"},\"author\":{\"name\":\"timra\",\"@id\":\"https:\\\/\\\/wp.kristdemokraterna.se\\\/timra\\\/#\\\/schema\\\/person\\\/49784c93d3806490fb376f5a3b3dd4cd\"},\"headline\":\"Krafttag mot mobbningen\",\"datePublished\":\"2013-04-29T19:37:52+00:00\",\"dateModified\":\"2018-07-10T13:23:26+00:00\",\"mainEntityOfPage\":{\"@id\":\"https:\\\/\\\/wp.kristdemokraterna.se\\\/timra\\\/krafttag-mot-mobbningen\\\/\"},\"wordCount\":267,\"keywords\":[\"mobbning\",\"skola\"],\"articleSection\":[\"Alla nyheter\",\"Skola\"],\"inLanguage\":\"sv-SE\"},{\"@type\":\"WebPage\",\"@id\":\"https:\\\/\\\/wp.kristdemokraterna.se\\\/timra\\\/krafttag-mot-mobbningen\\\/\",\"url\":\"https:\\\/\\\/wp.kristdemokraterna.se\\\/timra\\\/krafttag-mot-mobbningen\\\/\",\"name\":\"Krafttag mot mobbningen - Kristdemokraterna i Timr\u00e5\",\"isPartOf\":{\"@id\":\"https:\\\/\\\/wp.kristdemokraterna.se\\\/timra\\\/#website\"},\"datePublished\":\"2013-04-29T19:37:52+00:00\",\"dateModified\":\"2018-07-10T13:23:26+00:00\",\"author\":{\"@id\":\"https:\\\/\\\/wp.kristdemokraterna.se\\\/timra\\\/#\\\/schema\\\/person\\\/49784c93d3806490fb376f5a3b3dd4cd\"},\"breadcrumb\":{\"@id\":\"https:\\\/\\\/wp.kristdemokraterna.se\\\/timra\\\/krafttag-mot-mobbningen\\\/#breadcrumb\"},\"inLanguage\":\"sv-SE\",\"potentialAction\":[{\"@type\":\"ReadAction\",\"target\":[\"https:\\\/\\\/wp.kristdemokraterna.se\\\/timra\\\/krafttag-mot-mobbningen\\\/\"]}]},{\"@type\":\"BreadcrumbList\",\"@id\":\"https:\\\/\\\/wp.kristdemokraterna.se\\\/timra\\\/krafttag-mot-mobbningen\\\/#breadcrumb\",\"itemListElement\":[{\"@type\":\"ListItem\",\"position\":1,\"name\":\"Hem\",\"item\":\"https:\\\/\\\/wp.kristdemokraterna.se\\\/timra\\\/\"},{\"@type\":\"ListItem\",\"position\":2,\"name\":\"Krafttag mot mobbningen\"}]},{\"@type\":\"WebSite\",\"@id\":\"https:\\\/\\\/wp.kristdemokraterna.se\\\/timra\\\/#website\",\"url\":\"https:\\\/\\\/wp.kristdemokraterna.se\\\/timra\\\/\",\"name\":\"Kristdemokraterna i Timr\u00e5\",\"description\":\"Vill du ocks\u00e5 ha maktskifte?\",\"inLanguage\":\"sv-SE\"},{\"@type\":\"Person\",\"@id\":\"https:\\\/\\\/wp.kristdemokraterna.se\\\/timra\\\/#\\\/schema\\\/person\\\/49784c93d3806490fb376f5a3b3dd4cd\",\"name\":\"timra\",\"image\":{\"@type\":\"ImageObject\",\"inLanguage\":\"sv-SE\",\"@id\":\"https:\\\/\\\/secure.gravatar.com\\\/avatar\\\/2d9a04bf0b09a2c8909797508e81e5c3faf9a9ba8962c579b9100cffe14b6f7b?s=96&d=mm&r=g\",\"url\":\"https:\\\/\\\/secure.gravatar.com\\\/avatar\\\/2d9a04bf0b09a2c8909797508e81e5c3faf9a9ba8962c579b9100cffe14b6f7b?s=96&d=mm&r=g\",\"contentUrl\":\"https:\\\/\\\/secure.gravatar.com\\\/avatar\\\/2d9a04bf0b09a2c8909797508e81e5c3faf9a9ba8962c579b9100cffe14b6f7b?s=96&d=mm&r=g\",\"caption\":\"timra\"},\"url\":\"https:\\\/\\\/wp.kristdemokraterna.se\\\/timra\\\/author\\\/timra\\\/\"}]}<\/script>\n<!-- \/ Yoast SEO plugin. -->","yoast_head_json":{"title":"Krafttag mot mobbningen - Kristdemokraterna i Timr\u00e5","robots":{"index":"index","follow":"follow","max-snippet":"max-snippet:-1","max-image-preview":"max-image-preview:large","max-video-preview":"max-video-preview:-1"},"canonical":"https:\/\/wp.kristdemokraterna.se\/timra\/krafttag-mot-mobbningen\/","og_locale":"sv_SE","og_type":"article","og_title":"Krafttag mot mobbningen - Kristdemokraterna i Timr\u00e5","og_description":"Skolorna har idag en nollvision mot kr\u00e4nkningar, men uppgifter om hur l\u00e4get ser ut och hur m\u00e5nga som \u00e4r utsatt f\u00f6r mobbning saknas. K\u00e4nt \u00e4r att 2010 prickades en skola i Timr\u00e5 av skolinspektionen1\u00a0och 2011 anm\u00e4ldes en skola f\u00f6r en elev som kr\u00e4nkts hela sin skolg\u00e5ng.23 Allt \u00e4r som tur \u00e4r inte nattsvart. Varje skola L\u00e4s mer","og_url":"https:\/\/wp.kristdemokraterna.se\/timra\/krafttag-mot-mobbningen\/","og_site_name":"Kristdemokraterna i Timr\u00e5","article_published_time":"2013-04-29T19:37:52+00:00","article_modified_time":"2018-07-10T13:23:26+00:00","author":"timra","twitter_card":"summary_large_image","twitter_misc":{"Skriven av":"timra","Ber\u00e4knad l\u00e4stid":"1 minut"},"schema":{"@context":"https:\/\/schema.org","@graph":[{"@type":"Article","@id":"https:\/\/wp.kristdemokraterna.se\/timra\/krafttag-mot-mobbningen\/#article","isPartOf":{"@id":"https:\/\/wp.kristdemokraterna.se\/timra\/krafttag-mot-mobbningen\/"},"author":{"name":"timra","@id":"https:\/\/wp.kristdemokraterna.se\/timra\/#\/schema\/person\/49784c93d3806490fb376f5a3b3dd4cd"},"headline":"Krafttag mot mobbningen","datePublished":"2013-04-29T19:37:52+00:00","dateModified":"2018-07-10T13:23:26+00:00","mainEntityOfPage":{"@id":"https:\/\/wp.kristdemokraterna.se\/timra\/krafttag-mot-mobbningen\/"},"wordCount":267,"keywords":["mobbning","skola"],"articleSection":["Alla nyheter","Skola"],"inLanguage":"sv-SE"},{"@type":"WebPage","@id":"https:\/\/wp.kristdemokraterna.se\/timra\/krafttag-mot-mobbningen\/","url":"https:\/\/wp.kristdemokraterna.se\/timra\/krafttag-mot-mobbningen\/","name":"Krafttag mot mobbningen - Kristdemokraterna i Timr\u00e5","isPartOf":{"@id":"https:\/\/wp.kristdemokraterna.se\/timra\/#website"},"datePublished":"2013-04-29T19:37:52+00:00","dateModified":"2018-07-10T13:23:26+00:00","author":{"@id":"https:\/\/wp.kristdemokraterna.se\/timra\/#\/schema\/person\/49784c93d3806490fb376f5a3b3dd4cd"},"breadcrumb":{"@id":"https:\/\/wp.kristdemokraterna.se\/timra\/krafttag-mot-mobbningen\/#breadcrumb"},"inLanguage":"sv-SE","potentialAction":[{"@type":"ReadAction","target":["https:\/\/wp.kristdemokraterna.se\/timra\/krafttag-mot-mobbningen\/"]}]},{"@type":"BreadcrumbList","@id":"https:\/\/wp.kristdemokraterna.se\/timra\/krafttag-mot-mobbningen\/#breadcrumb","itemListElement":[{"@type":"ListItem","position":1,"name":"Hem","item":"https:\/\/wp.kristdemokraterna.se\/timra\/"},{"@type":"ListItem","position":2,"name":"Krafttag mot mobbningen"}]},{"@type":"WebSite","@id":"https:\/\/wp.kristdemokraterna.se\/timra\/#website","url":"https:\/\/wp.kristdemokraterna.se\/timra\/","name":"Kristdemokraterna i Timr\u00e5","description":"Vill du ocks\u00e5 ha maktskifte?","inLanguage":"sv-SE"},{"@type":"Person","@id":"https:\/\/wp.kristdemokraterna.se\/timra\/#\/schema\/person\/49784c93d3806490fb376f5a3b3dd4cd","name":"timra","image":{"@type":"ImageObject","inLanguage":"sv-SE","@id":"https:\/\/secure.gravatar.com\/avatar\/2d9a04bf0b09a2c8909797508e81e5c3faf9a9ba8962c579b9100cffe14b6f7b?s=96&d=mm&r=g","url":"https:\/\/secure.gravatar.com\/avatar\/2d9a04bf0b09a2c8909797508e81e5c3faf9a9ba8962c579b9100cffe14b6f7b?s=96&d=mm&r=g","contentUrl":"https:\/\/secure.gravatar.com\/avatar\/2d9a04bf0b09a2c8909797508e81e5c3faf9a9ba8962c579b9100cffe14b6f7b?s=96&d=mm&r=g","caption":"timra"},"url":"https:\/\/wp.kristdemokraterna.se\/timra\/author\/timra\/"}]}},"_links":{"self":[{"href":"https:\/\/wp.kristdemokraterna.se\/timra\/wp-json\/wp\/v2\/posts\/693","targetHints":{"allow":["GET"]}}],"collection":[{"href":"https:\/\/wp.kristdemokraterna.se\/timra\/wp-json\/wp\/v2\/posts"}],"about":[{"href":"https:\/\/wp.kristdemokraterna.se\/timra\/wp-json\/wp\/v2\/types\/post"}],"author":[{"embeddable":true,"href":"https:\/\/wp.kristdemokraterna.se\/timra\/wp-json\/wp\/v2\/users\/787"}],"replies":[{"embeddable":true,"href":"https:\/\/wp.kristdemokraterna.se\/timra\/wp-json\/wp\/v2\/comments?post=693"}],"version-history":[{"count":1,"href":"https:\/\/wp.kristdemokraterna.se\/timra\/wp-json\/wp\/v2\/posts\/693\/revisions"}],"predecessor-version":[{"id":694,"href":"https:\/\/wp.kristdemokraterna.se\/timra\/wp-json\/wp\/v2\/posts\/693\/revisions\/694"}],"wp:attachment":[{"href":"https:\/\/wp.kristdemokraterna.se\/timra\/wp-json\/wp\/v2\/media?parent=693"}],"wp:term":[{"taxonomy":"category","embeddable":true,"href":"https:\/\/wp.kristdemokraterna.se\/timra\/wp-json\/wp\/v2\/categories?post=693"},{"taxonomy":"post_tag","embeddable":true,"href":"https:\/\/wp.kristdemokraterna.se\/timra\/wp-json\/wp\/v2\/tags?post=693"}],"curies":[{"name":"wp","href":"https:\/\/api.w.org\/{rel}","templated":true}]}}