{"id":714,"date":"2018-07-08T15:32:58","date_gmt":"2018-07-08T13:32:58","guid":{"rendered":"http:\/\/wp.kristdemokraterna.se\/timra\/?p=714"},"modified":"2018-07-12T20:07:11","modified_gmt":"2018-07-12T18:07:11","slug":"timrakratin-i-timra-verkar-besta","status":"publish","type":"post","link":"https:\/\/wp.kristdemokraterna.se\/timra\/timrakratin-i-timra-verkar-besta\/","title":{"rendered":"Timr\u00e5kratin i Timr\u00e5 verkar best\u00e5"},"content":{"rendered":"<div class=\"q_1a-7big0mc p_1a-7bik4h3 clearfix\">\n<div class=\"clearfix h_1a-7big2d3\">\n<div class=\"clearfix _42ef\">\n<div class=\"x_1a-7big2d8\">\n<div>\n<div class=\"_6a _5u5j\">\n<div class=\"_6a _5u5j _6b\"><\/div>\n<\/div>\n<\/div>\n<\/div>\n<\/div>\n<\/div>\n<\/div>\n<div id=\"js_dr\" class=\"_5pbx userContent _3576\">\n<p>Den 18 juni hade Milj\u00f6- och byggnadsn\u00e4mnden ett sammantr\u00e4de d\u00e4r man beslutade riva logen p\u00e5 L\u00f6gd\u00f6 kulturreservat. Till detta hade v\u00e5r nya ers\u00e4ttare inte kallats och d\u00e4rmed inte heller f\u00e5tt n\u00e5gra handlingar. P\u00e5 senaste kommunfullm\u00e4ktige valdes v\u00e5r nya ledamot in i n\u00e4mnden. Det fanns gott om tid att kalla v\u00e5r nya ledamot och vi hade till och med f\u00f6re fullm\u00e4ktige gett alla n\u00f6dv\u00e4ndiga kontaktuppgifter. Kanske var det ett medvetet val f\u00f6r att slippa motst\u00e5nd? Sammantr\u00e4det har nu \u00f6verklagats av oss, s\u00e5 h\u00e4r f\u00e5r det inte g\u00e5 till i en demokrati!<\/p>\n<\/div>\n<p>&nbsp;<\/p>\n","protected":false},"excerpt":{"rendered":"<p>Den 18 juni hade Milj\u00f6- och byggnadsn\u00e4mnden ett sammantr\u00e4de d\u00e4r man beslutade riva logen p\u00e5 L\u00f6gd\u00f6 kulturreservat. Till detta hade v\u00e5r nya ers\u00e4ttare inte kallats och d\u00e4rmed inte heller f\u00e5tt n\u00e5gra handlingar. P\u00e5 senaste kommunfullm\u00e4ktige valdes v\u00e5r nya ledamot in i n\u00e4mnden. Det fanns gott om tid att kalla v\u00e5r nya ledamot och vi hade <a class=\"read-more-link\" href=\"https:\/\/wp.kristdemokraterna.se\/timra\/timrakratin-i-timra-verkar-besta\/\">L\u00e4s mer<\/a><\/p>\n","protected":false},"author":787,"featured_media":0,"comment_status":"closed","ping_status":"closed","sticky":false,"template":"","format":"standard","meta":{"_acf_changed":false,"footnotes":""},"categories":[11,21,15],"tags":[85,122,40,87],"class_list":["post-714","post","type-post","status-publish","format-standard","hentry","category-inlagg","category-demokrati","category-kultur-och-fritid","tag-demokrati","tag-kulturreservat","tag-logdo","tag-timrakrati"],"acf":[],"yoast_head":"<!-- This site is optimized with the Yoast SEO plugin v27.4 - https:\/\/yoast.com\/product\/yoast-seo-wordpress\/ -->\n<title>Timr\u00e5kratin i Timr\u00e5 verkar best\u00e5 - Kristdemokraterna i Timr\u00e5<\/title>\n<meta name=\"robots\" content=\"index, follow, max-snippet:-1, max-image-preview:large, max-video-preview:-1\" \/>\n<link rel=\"canonical\" href=\"https:\/\/wp.kristdemokraterna.se\/timra\/timrakratin-i-timra-verkar-besta\/\" \/>\n<meta property=\"og:locale\" content=\"sv_SE\" \/>\n<meta property=\"og:type\" content=\"article\" \/>\n<meta property=\"og:title\" content=\"Timr\u00e5kratin i Timr\u00e5 verkar best\u00e5 - Kristdemokraterna i Timr\u00e5\" \/>\n<meta property=\"og:description\" content=\"Den 18 juni hade Milj\u00f6- och byggnadsn\u00e4mnden ett sammantr\u00e4de d\u00e4r man beslutade riva logen p\u00e5 L\u00f6gd\u00f6 kulturreservat. Till detta hade v\u00e5r nya ers\u00e4ttare inte kallats och d\u00e4rmed inte heller f\u00e5tt n\u00e5gra handlingar. P\u00e5 senaste kommunfullm\u00e4ktige valdes v\u00e5r nya ledamot in i n\u00e4mnden. Det fanns gott om tid att kalla v\u00e5r nya ledamot och vi hade L\u00e4s mer\" \/>\n<meta property=\"og:url\" content=\"https:\/\/wp.kristdemokraterna.se\/timra\/timrakratin-i-timra-verkar-besta\/\" \/>\n<meta property=\"og:site_name\" content=\"Kristdemokraterna i Timr\u00e5\" \/>\n<meta property=\"article:published_time\" content=\"2018-07-08T13:32:58+00:00\" \/>\n<meta property=\"article:modified_time\" content=\"2018-07-12T18:07:11+00:00\" \/>\n<meta name=\"author\" content=\"timra\" \/>\n<meta name=\"twitter:card\" content=\"summary_large_image\" \/>\n<meta name=\"twitter:label1\" content=\"Skriven av\" \/>\n\t<meta name=\"twitter:data1\" content=\"timra\" \/>\n\t<meta name=\"twitter:label2\" content=\"Ber\u00e4knad l\u00e4stid\" \/>\n\t<meta name=\"twitter:data2\" content=\"1 minut\" \/>\n<script type=\"application\/ld+json\" class=\"yoast-schema-graph\">{\"@context\":\"https:\\\/\\\/schema.org\",\"@graph\":[{\"@type\":\"Article\",\"@id\":\"https:\\\/\\\/wp.kristdemokraterna.se\\\/timra\\\/timrakratin-i-timra-verkar-besta\\\/#article\",\"isPartOf\":{\"@id\":\"https:\\\/\\\/wp.kristdemokraterna.se\\\/timra\\\/timrakratin-i-timra-verkar-besta\\\/\"},\"author\":{\"name\":\"timra\",\"@id\":\"https:\\\/\\\/wp.kristdemokraterna.se\\\/timra\\\/#\\\/schema\\\/person\\\/49784c93d3806490fb376f5a3b3dd4cd\"},\"headline\":\"Timr\u00e5kratin i Timr\u00e5 verkar best\u00e5\",\"datePublished\":\"2018-07-08T13:32:58+00:00\",\"dateModified\":\"2018-07-12T18:07:11+00:00\",\"mainEntityOfPage\":{\"@id\":\"https:\\\/\\\/wp.kristdemokraterna.se\\\/timra\\\/timrakratin-i-timra-verkar-besta\\\/\"},\"wordCount\":119,\"keywords\":[\"demokrati\",\"kulturreservat\",\"l\u00f6gd\u00f6\",\"timr\u00e5krati\"],\"articleSection\":[\"Alla nyheter\",\"Demokrati\",\"Kultur och fritid\"],\"inLanguage\":\"sv-SE\"},{\"@type\":\"WebPage\",\"@id\":\"https:\\\/\\\/wp.kristdemokraterna.se\\\/timra\\\/timrakratin-i-timra-verkar-besta\\\/\",\"url\":\"https:\\\/\\\/wp.kristdemokraterna.se\\\/timra\\\/timrakratin-i-timra-verkar-besta\\\/\",\"name\":\"Timr\u00e5kratin i Timr\u00e5 verkar best\u00e5 - Kristdemokraterna i Timr\u00e5\",\"isPartOf\":{\"@id\":\"https:\\\/\\\/wp.kristdemokraterna.se\\\/timra\\\/#website\"},\"datePublished\":\"2018-07-08T13:32:58+00:00\",\"dateModified\":\"2018-07-12T18:07:11+00:00\",\"author\":{\"@id\":\"https:\\\/\\\/wp.kristdemokraterna.se\\\/timra\\\/#\\\/schema\\\/person\\\/49784c93d3806490fb376f5a3b3dd4cd\"},\"breadcrumb\":{\"@id\":\"https:\\\/\\\/wp.kristdemokraterna.se\\\/timra\\\/timrakratin-i-timra-verkar-besta\\\/#breadcrumb\"},\"inLanguage\":\"sv-SE\",\"potentialAction\":[{\"@type\":\"ReadAction\",\"target\":[\"https:\\\/\\\/wp.kristdemokraterna.se\\\/timra\\\/timrakratin-i-timra-verkar-besta\\\/\"]}]},{\"@type\":\"BreadcrumbList\",\"@id\":\"https:\\\/\\\/wp.kristdemokraterna.se\\\/timra\\\/timrakratin-i-timra-verkar-besta\\\/#breadcrumb\",\"itemListElement\":[{\"@type\":\"ListItem\",\"position\":1,\"name\":\"Hem\",\"item\":\"https:\\\/\\\/wp.kristdemokraterna.se\\\/timra\\\/\"},{\"@type\":\"ListItem\",\"position\":2,\"name\":\"Timr\u00e5kratin i Timr\u00e5 verkar best\u00e5\"}]},{\"@type\":\"WebSite\",\"@id\":\"https:\\\/\\\/wp.kristdemokraterna.se\\\/timra\\\/#website\",\"url\":\"https:\\\/\\\/wp.kristdemokraterna.se\\\/timra\\\/\",\"name\":\"Kristdemokraterna i Timr\u00e5\",\"description\":\"Vill du ocks\u00e5 ha maktskifte?\",\"inLanguage\":\"sv-SE\"},{\"@type\":\"Person\",\"@id\":\"https:\\\/\\\/wp.kristdemokraterna.se\\\/timra\\\/#\\\/schema\\\/person\\\/49784c93d3806490fb376f5a3b3dd4cd\",\"name\":\"timra\",\"image\":{\"@type\":\"ImageObject\",\"inLanguage\":\"sv-SE\",\"@id\":\"https:\\\/\\\/secure.gravatar.com\\\/avatar\\\/2d9a04bf0b09a2c8909797508e81e5c3faf9a9ba8962c579b9100cffe14b6f7b?s=96&d=mm&r=g\",\"url\":\"https:\\\/\\\/secure.gravatar.com\\\/avatar\\\/2d9a04bf0b09a2c8909797508e81e5c3faf9a9ba8962c579b9100cffe14b6f7b?s=96&d=mm&r=g\",\"contentUrl\":\"https:\\\/\\\/secure.gravatar.com\\\/avatar\\\/2d9a04bf0b09a2c8909797508e81e5c3faf9a9ba8962c579b9100cffe14b6f7b?s=96&d=mm&r=g\",\"caption\":\"timra\"},\"url\":\"https:\\\/\\\/wp.kristdemokraterna.se\\\/timra\\\/author\\\/timra\\\/\"}]}<\/script>\n<!-- \/ Yoast SEO plugin. -->","yoast_head_json":{"title":"Timr\u00e5kratin i Timr\u00e5 verkar best\u00e5 - Kristdemokraterna i Timr\u00e5","robots":{"index":"index","follow":"follow","max-snippet":"max-snippet:-1","max-image-preview":"max-image-preview:large","max-video-preview":"max-video-preview:-1"},"canonical":"https:\/\/wp.kristdemokraterna.se\/timra\/timrakratin-i-timra-verkar-besta\/","og_locale":"sv_SE","og_type":"article","og_title":"Timr\u00e5kratin i Timr\u00e5 verkar best\u00e5 - Kristdemokraterna i Timr\u00e5","og_description":"Den 18 juni hade Milj\u00f6- och byggnadsn\u00e4mnden ett sammantr\u00e4de d\u00e4r man beslutade riva logen p\u00e5 L\u00f6gd\u00f6 kulturreservat. Till detta hade v\u00e5r nya ers\u00e4ttare inte kallats och d\u00e4rmed inte heller f\u00e5tt n\u00e5gra handlingar. P\u00e5 senaste kommunfullm\u00e4ktige valdes v\u00e5r nya ledamot in i n\u00e4mnden. Det fanns gott om tid att kalla v\u00e5r nya ledamot och vi hade L\u00e4s mer","og_url":"https:\/\/wp.kristdemokraterna.se\/timra\/timrakratin-i-timra-verkar-besta\/","og_site_name":"Kristdemokraterna i Timr\u00e5","article_published_time":"2018-07-08T13:32:58+00:00","article_modified_time":"2018-07-12T18:07:11+00:00","author":"timra","twitter_card":"summary_large_image","twitter_misc":{"Skriven av":"timra","Ber\u00e4knad l\u00e4stid":"1 minut"},"schema":{"@context":"https:\/\/schema.org","@graph":[{"@type":"Article","@id":"https:\/\/wp.kristdemokraterna.se\/timra\/timrakratin-i-timra-verkar-besta\/#article","isPartOf":{"@id":"https:\/\/wp.kristdemokraterna.se\/timra\/timrakratin-i-timra-verkar-besta\/"},"author":{"name":"timra","@id":"https:\/\/wp.kristdemokraterna.se\/timra\/#\/schema\/person\/49784c93d3806490fb376f5a3b3dd4cd"},"headline":"Timr\u00e5kratin i Timr\u00e5 verkar best\u00e5","datePublished":"2018-07-08T13:32:58+00:00","dateModified":"2018-07-12T18:07:11+00:00","mainEntityOfPage":{"@id":"https:\/\/wp.kristdemokraterna.se\/timra\/timrakratin-i-timra-verkar-besta\/"},"wordCount":119,"keywords":["demokrati","kulturreservat","l\u00f6gd\u00f6","timr\u00e5krati"],"articleSection":["Alla nyheter","Demokrati","Kultur och fritid"],"inLanguage":"sv-SE"},{"@type":"WebPage","@id":"https:\/\/wp.kristdemokraterna.se\/timra\/timrakratin-i-timra-verkar-besta\/","url":"https:\/\/wp.kristdemokraterna.se\/timra\/timrakratin-i-timra-verkar-besta\/","name":"Timr\u00e5kratin i Timr\u00e5 verkar best\u00e5 - Kristdemokraterna i Timr\u00e5","isPartOf":{"@id":"https:\/\/wp.kristdemokraterna.se\/timra\/#website"},"datePublished":"2018-07-08T13:32:58+00:00","dateModified":"2018-07-12T18:07:11+00:00","author":{"@id":"https:\/\/wp.kristdemokraterna.se\/timra\/#\/schema\/person\/49784c93d3806490fb376f5a3b3dd4cd"},"breadcrumb":{"@id":"https:\/\/wp.kristdemokraterna.se\/timra\/timrakratin-i-timra-verkar-besta\/#breadcrumb"},"inLanguage":"sv-SE","potentialAction":[{"@type":"ReadAction","target":["https:\/\/wp.kristdemokraterna.se\/timra\/timrakratin-i-timra-verkar-besta\/"]}]},{"@type":"BreadcrumbList","@id":"https:\/\/wp.kristdemokraterna.se\/timra\/timrakratin-i-timra-verkar-besta\/#breadcrumb","itemListElement":[{"@type":"ListItem","position":1,"name":"Hem","item":"https:\/\/wp.kristdemokraterna.se\/timra\/"},{"@type":"ListItem","position":2,"name":"Timr\u00e5kratin i Timr\u00e5 verkar best\u00e5"}]},{"@type":"WebSite","@id":"https:\/\/wp.kristdemokraterna.se\/timra\/#website","url":"https:\/\/wp.kristdemokraterna.se\/timra\/","name":"Kristdemokraterna i Timr\u00e5","description":"Vill du ocks\u00e5 ha maktskifte?","inLanguage":"sv-SE"},{"@type":"Person","@id":"https:\/\/wp.kristdemokraterna.se\/timra\/#\/schema\/person\/49784c93d3806490fb376f5a3b3dd4cd","name":"timra","image":{"@type":"ImageObject","inLanguage":"sv-SE","@id":"https:\/\/secure.gravatar.com\/avatar\/2d9a04bf0b09a2c8909797508e81e5c3faf9a9ba8962c579b9100cffe14b6f7b?s=96&d=mm&r=g","url":"https:\/\/secure.gravatar.com\/avatar\/2d9a04bf0b09a2c8909797508e81e5c3faf9a9ba8962c579b9100cffe14b6f7b?s=96&d=mm&r=g","contentUrl":"https:\/\/secure.gravatar.com\/avatar\/2d9a04bf0b09a2c8909797508e81e5c3faf9a9ba8962c579b9100cffe14b6f7b?s=96&d=mm&r=g","caption":"timra"},"url":"https:\/\/wp.kristdemokraterna.se\/timra\/author\/timra\/"}]}},"_links":{"self":[{"href":"https:\/\/wp.kristdemokraterna.se\/timra\/wp-json\/wp\/v2\/posts\/714","targetHints":{"allow":["GET"]}}],"collection":[{"href":"https:\/\/wp.kristdemokraterna.se\/timra\/wp-json\/wp\/v2\/posts"}],"about":[{"href":"https:\/\/wp.kristdemokraterna.se\/timra\/wp-json\/wp\/v2\/types\/post"}],"author":[{"embeddable":true,"href":"https:\/\/wp.kristdemokraterna.se\/timra\/wp-json\/wp\/v2\/users\/787"}],"replies":[{"embeddable":true,"href":"https:\/\/wp.kristdemokraterna.se\/timra\/wp-json\/wp\/v2\/comments?post=714"}],"version-history":[{"count":1,"href":"https:\/\/wp.kristdemokraterna.se\/timra\/wp-json\/wp\/v2\/posts\/714\/revisions"}],"predecessor-version":[{"id":715,"href":"https:\/\/wp.kristdemokraterna.se\/timra\/wp-json\/wp\/v2\/posts\/714\/revisions\/715"}],"wp:attachment":[{"href":"https:\/\/wp.kristdemokraterna.se\/timra\/wp-json\/wp\/v2\/media?parent=714"}],"wp:term":[{"taxonomy":"category","embeddable":true,"href":"https:\/\/wp.kristdemokraterna.se\/timra\/wp-json\/wp\/v2\/categories?post=714"},{"taxonomy":"post_tag","embeddable":true,"href":"https:\/\/wp.kristdemokraterna.se\/timra\/wp-json\/wp\/v2\/tags?post=714"}],"curies":[{"name":"wp","href":"https:\/\/api.w.org\/{rel}","templated":true}]}}