{"id":762,"date":"2009-09-16T20:17:30","date_gmt":"2009-09-16T18:17:30","guid":{"rendered":"http:\/\/wp.kristdemokraterna.se\/timra\/?p=762"},"modified":"2020-07-18T19:08:02","modified_gmt":"2020-07-18T17:08:02","slug":"har-vi-inga-demokratiska-rattigheter-eva","status":"publish","type":"post","link":"https:\/\/wp.kristdemokraterna.se\/timra\/har-vi-inga-demokratiska-rattigheter-eva\/","title":{"rendered":"Har vi inga demokratiska r\u00e4ttigheter, Eva?"},"content":{"rendered":"<p>Jag l\u00e4ste till min stora f\u00f6rv\u00e5ning i Socialdemokraternas nyhetstidning i september 2009 att Eva Lindstrand (S) g\u00e5r ut och f\u00f6rd\u00f6mer samt generaliserar om en hel yrkesk\u00e5r, skolpedagogerna.<br \/>\nJag har full f\u00f6rst\u00e5else f\u00f6r att Eva reagerar p\u00e5 sn\u00f6bollskastning och att n\u00e5gon i demonstrationst\u00e5get i december 2008 ropade hora till henne. S\u00e5dant beteende f\u00e5r inte f\u00f6rekomma. Vi inom<br \/>\nKristdemokraterna i Timr\u00e5 och jag som skolpedagog f\u00f6rd\u00f6mer det starkt. Men tyv\u00e4rr sker det alltf\u00f6r ofta att r\u00f6t\u00e4ggen ser sin chans n\u00e4r stora folksamlingar m\u00f6ts.<\/p>\n<p>Det jag d\u00e4remot inte kan acceptera \u00e4r att hon har s\u00e5 sv\u00e5rt att tolerera att skolpedagoger och annan personal i skolan och f\u00f6rskolan offentligt uttrycker sin \u00e5sikt. Menar du Eva att den grundl\u00e4ggande medborgerliga r\u00e4ttigheten i en demokrati, att offentligt kunna uttrycka sin \u00e5sikt, inte g\u00e4ller f\u00f6r hela yrkesk\u00e5ren av skolpedagoger och annan skolpersonal? Bet\u00e4nk att det \u00e4r vi skolpedagoger som har som uppgift att l\u00e4ra upp v\u00e5ra barn och unga i Timr\u00e5 att t\u00e4nka sj\u00e4lva, v\u00e4rna om demokratin och v\u00e5ga ta st\u00e4llning. Och nu verkar du vilja att vi ska h\u00e5lla tyst och titta \u00e5t ett annat h\u00e5ll n\u00e4r vi anser att v\u00e5ra elever eller vi som yrkesk\u00e5r blir felaktigt behandlade? Vad blir vi f\u00f6r f\u00f6red\u00f6men f\u00f6r v\u00e5ra elever d\u00e5?<\/p>\n<p>Till sist, jag citerar direkt ur tidningen. \u201dDet s\u00e4gs ocks\u00e5 att n\u00e5gon kallade mig hora. Sj\u00e4lv h\u00f6rde jag det aldrig. Man f\u00f6rst\u00e5r att vi f\u00e5r de barn vi har n\u00e4r vuxna pedagoger ger barnen s\u00e5dana h\u00e4r f\u00f6rebilder.\u201d N\u00e4r jag l\u00e4ser detta s\u00e5 kan jag bara skaka p\u00e5 huvudet. Jag skulle snarare vilja s\u00e4ga s\u00e5 h\u00e4r: Om det inte vore f\u00f6r den ambiti\u00f6sa och duktiga skolpersonalens insatser i kommunen, och som dagligen k\u00e4mpar med n\u00e4bbar och klor f\u00f6r att leda de barn som av olika anledningar inte klarar av att sk\u00f6ta b\u00e5de sitt liv och sin skolg\u00e5ng, skulle kommunen ha \u00e4n fler ungdomar och barn placerade i LVU-hem och liknande.<\/p>\n<p>Den socialdemokratiska majoriteten i kommunen har valt att l\u00e5ta Timr\u00e5 ligga i botten av nationella lister \u00f6ver l\u00e4rart\u00e4thet och skolan och utbildning har inte prioriterats ekonomiskt genom \u00e5ren. Ser man till dessa fakta s\u00e5 \u00e4r det snarast en otrolig bedrift av kommunens skolpersonal att vi trots en politisk ledning, som anser oss vara inkompetenta, har lyckats se till att en stor andel av v\u00e5ra\u00a0 elever kommer p\u00e5 r\u00e4tt k\u00f6l i livet och l\u00e4mnar grundskolan med godk\u00e4nda betyg.<\/p>\n<p>Rolf Johnny Olsen<br \/>\nKristdemokrat och skolpedagog i Timr\u00e5 kommun<br \/>\n<!--Inl\u00e4gget har \u00e4ven publicerats i Sundsvalls Tidning den 16 september 2009--><\/p>\n","protected":false},"excerpt":{"rendered":"<p>Jag l\u00e4ste till min stora f\u00f6rv\u00e5ning i Socialdemokraternas nyhetstidning i september 2009 att Eva Lindstrand (S) g\u00e5r ut och f\u00f6rd\u00f6mer samt generaliserar om en hel yrkesk\u00e5r, skolpedagogerna. Jag har full f\u00f6rst\u00e5else f\u00f6r att Eva reagerar p\u00e5 sn\u00f6bollskastning och att n\u00e5gon i demonstrationst\u00e5get i december 2008 ropade hora till henne. S\u00e5dant beteende f\u00e5r inte f\u00f6rekomma. Vi <a class=\"read-more-link\" href=\"https:\/\/wp.kristdemokraterna.se\/timra\/har-vi-inga-demokratiska-rattigheter-eva\/\">L\u00e4s mer<\/a><\/p>\n","protected":false},"author":787,"featured_media":0,"comment_status":"closed","ping_status":"closed","sticky":false,"template":"","format":"standard","meta":{"_acf_changed":false,"footnotes":""},"categories":[26],"tags":[129,131,132,130,29],"class_list":["post-762","post","type-post","status-publish","format-standard","hentry","category-skola-utbildning","tag-alla-inlagg","tag-demonstration","tag-respekt","tag-rolf-johnny-olsen","tag-skola"],"acf":[],"yoast_head":"<!-- This site is optimized with the Yoast SEO plugin v27.4 - https:\/\/yoast.com\/product\/yoast-seo-wordpress\/ -->\n<title>Har vi inga demokratiska r\u00e4ttigheter, Eva? - Kristdemokraterna i Timr\u00e5<\/title>\n<meta name=\"robots\" content=\"index, follow, max-snippet:-1, max-image-preview:large, max-video-preview:-1\" \/>\n<link rel=\"canonical\" href=\"https:\/\/wp.kristdemokraterna.se\/timra\/har-vi-inga-demokratiska-rattigheter-eva\/\" \/>\n<meta property=\"og:locale\" content=\"sv_SE\" \/>\n<meta property=\"og:type\" content=\"article\" \/>\n<meta property=\"og:title\" content=\"Har vi inga demokratiska r\u00e4ttigheter, Eva? - Kristdemokraterna i Timr\u00e5\" \/>\n<meta property=\"og:description\" content=\"Jag l\u00e4ste till min stora f\u00f6rv\u00e5ning i Socialdemokraternas nyhetstidning i september 2009 att Eva Lindstrand (S) g\u00e5r ut och f\u00f6rd\u00f6mer samt generaliserar om en hel yrkesk\u00e5r, skolpedagogerna. Jag har full f\u00f6rst\u00e5else f\u00f6r att Eva reagerar p\u00e5 sn\u00f6bollskastning och att n\u00e5gon i demonstrationst\u00e5get i december 2008 ropade hora till henne. S\u00e5dant beteende f\u00e5r inte f\u00f6rekomma. Vi L\u00e4s mer\" \/>\n<meta property=\"og:url\" content=\"https:\/\/wp.kristdemokraterna.se\/timra\/har-vi-inga-demokratiska-rattigheter-eva\/\" \/>\n<meta property=\"og:site_name\" content=\"Kristdemokraterna i Timr\u00e5\" \/>\n<meta property=\"article:published_time\" content=\"2009-09-16T18:17:30+00:00\" \/>\n<meta property=\"article:modified_time\" content=\"2020-07-18T17:08:02+00:00\" \/>\n<meta name=\"author\" content=\"timra\" \/>\n<meta name=\"twitter:card\" content=\"summary_large_image\" \/>\n<meta name=\"twitter:label1\" content=\"Skriven av\" \/>\n\t<meta name=\"twitter:data1\" content=\"timra\" \/>\n\t<meta name=\"twitter:label2\" content=\"Ber\u00e4knad l\u00e4stid\" \/>\n\t<meta name=\"twitter:data2\" content=\"2 minuter\" \/>\n<script type=\"application\/ld+json\" class=\"yoast-schema-graph\">{\"@context\":\"https:\\\/\\\/schema.org\",\"@graph\":[{\"@type\":\"Article\",\"@id\":\"https:\\\/\\\/wp.kristdemokraterna.se\\\/timra\\\/har-vi-inga-demokratiska-rattigheter-eva\\\/#article\",\"isPartOf\":{\"@id\":\"https:\\\/\\\/wp.kristdemokraterna.se\\\/timra\\\/har-vi-inga-demokratiska-rattigheter-eva\\\/\"},\"author\":{\"name\":\"timra\",\"@id\":\"https:\\\/\\\/wp.kristdemokraterna.se\\\/timra\\\/#\\\/schema\\\/person\\\/49784c93d3806490fb376f5a3b3dd4cd\"},\"headline\":\"Har vi inga demokratiska r\u00e4ttigheter, Eva?\",\"datePublished\":\"2009-09-16T18:17:30+00:00\",\"dateModified\":\"2020-07-18T17:08:02+00:00\",\"mainEntityOfPage\":{\"@id\":\"https:\\\/\\\/wp.kristdemokraterna.se\\\/timra\\\/har-vi-inga-demokratiska-rattigheter-eva\\\/\"},\"wordCount\":483,\"keywords\":[\"alla inl\u00e4gg\",\"demonstration\",\"respekt\",\"Rolf Johnny Olsen\",\"skola\"],\"articleSection\":[\"Skola\"],\"inLanguage\":\"sv-SE\"},{\"@type\":\"WebPage\",\"@id\":\"https:\\\/\\\/wp.kristdemokraterna.se\\\/timra\\\/har-vi-inga-demokratiska-rattigheter-eva\\\/\",\"url\":\"https:\\\/\\\/wp.kristdemokraterna.se\\\/timra\\\/har-vi-inga-demokratiska-rattigheter-eva\\\/\",\"name\":\"Har vi inga demokratiska r\u00e4ttigheter, Eva? - Kristdemokraterna i Timr\u00e5\",\"isPartOf\":{\"@id\":\"https:\\\/\\\/wp.kristdemokraterna.se\\\/timra\\\/#website\"},\"datePublished\":\"2009-09-16T18:17:30+00:00\",\"dateModified\":\"2020-07-18T17:08:02+00:00\",\"author\":{\"@id\":\"https:\\\/\\\/wp.kristdemokraterna.se\\\/timra\\\/#\\\/schema\\\/person\\\/49784c93d3806490fb376f5a3b3dd4cd\"},\"breadcrumb\":{\"@id\":\"https:\\\/\\\/wp.kristdemokraterna.se\\\/timra\\\/har-vi-inga-demokratiska-rattigheter-eva\\\/#breadcrumb\"},\"inLanguage\":\"sv-SE\",\"potentialAction\":[{\"@type\":\"ReadAction\",\"target\":[\"https:\\\/\\\/wp.kristdemokraterna.se\\\/timra\\\/har-vi-inga-demokratiska-rattigheter-eva\\\/\"]}]},{\"@type\":\"BreadcrumbList\",\"@id\":\"https:\\\/\\\/wp.kristdemokraterna.se\\\/timra\\\/har-vi-inga-demokratiska-rattigheter-eva\\\/#breadcrumb\",\"itemListElement\":[{\"@type\":\"ListItem\",\"position\":1,\"name\":\"Hem\",\"item\":\"https:\\\/\\\/wp.kristdemokraterna.se\\\/timra\\\/\"},{\"@type\":\"ListItem\",\"position\":2,\"name\":\"Har vi inga demokratiska r\u00e4ttigheter, Eva?\"}]},{\"@type\":\"WebSite\",\"@id\":\"https:\\\/\\\/wp.kristdemokraterna.se\\\/timra\\\/#website\",\"url\":\"https:\\\/\\\/wp.kristdemokraterna.se\\\/timra\\\/\",\"name\":\"Kristdemokraterna i Timr\u00e5\",\"description\":\"Vill du ocks\u00e5 ha maktskifte?\",\"inLanguage\":\"sv-SE\"},{\"@type\":\"Person\",\"@id\":\"https:\\\/\\\/wp.kristdemokraterna.se\\\/timra\\\/#\\\/schema\\\/person\\\/49784c93d3806490fb376f5a3b3dd4cd\",\"name\":\"timra\",\"image\":{\"@type\":\"ImageObject\",\"inLanguage\":\"sv-SE\",\"@id\":\"https:\\\/\\\/secure.gravatar.com\\\/avatar\\\/2d9a04bf0b09a2c8909797508e81e5c3faf9a9ba8962c579b9100cffe14b6f7b?s=96&d=mm&r=g\",\"url\":\"https:\\\/\\\/secure.gravatar.com\\\/avatar\\\/2d9a04bf0b09a2c8909797508e81e5c3faf9a9ba8962c579b9100cffe14b6f7b?s=96&d=mm&r=g\",\"contentUrl\":\"https:\\\/\\\/secure.gravatar.com\\\/avatar\\\/2d9a04bf0b09a2c8909797508e81e5c3faf9a9ba8962c579b9100cffe14b6f7b?s=96&d=mm&r=g\",\"caption\":\"timra\"},\"url\":\"https:\\\/\\\/wp.kristdemokraterna.se\\\/timra\\\/author\\\/timra\\\/\"}]}<\/script>\n<!-- \/ Yoast SEO plugin. -->","yoast_head_json":{"title":"Har vi inga demokratiska r\u00e4ttigheter, Eva? - Kristdemokraterna i Timr\u00e5","robots":{"index":"index","follow":"follow","max-snippet":"max-snippet:-1","max-image-preview":"max-image-preview:large","max-video-preview":"max-video-preview:-1"},"canonical":"https:\/\/wp.kristdemokraterna.se\/timra\/har-vi-inga-demokratiska-rattigheter-eva\/","og_locale":"sv_SE","og_type":"article","og_title":"Har vi inga demokratiska r\u00e4ttigheter, Eva? - Kristdemokraterna i Timr\u00e5","og_description":"Jag l\u00e4ste till min stora f\u00f6rv\u00e5ning i Socialdemokraternas nyhetstidning i september 2009 att Eva Lindstrand (S) g\u00e5r ut och f\u00f6rd\u00f6mer samt generaliserar om en hel yrkesk\u00e5r, skolpedagogerna. Jag har full f\u00f6rst\u00e5else f\u00f6r att Eva reagerar p\u00e5 sn\u00f6bollskastning och att n\u00e5gon i demonstrationst\u00e5get i december 2008 ropade hora till henne. S\u00e5dant beteende f\u00e5r inte f\u00f6rekomma. Vi L\u00e4s mer","og_url":"https:\/\/wp.kristdemokraterna.se\/timra\/har-vi-inga-demokratiska-rattigheter-eva\/","og_site_name":"Kristdemokraterna i Timr\u00e5","article_published_time":"2009-09-16T18:17:30+00:00","article_modified_time":"2020-07-18T17:08:02+00:00","author":"timra","twitter_card":"summary_large_image","twitter_misc":{"Skriven av":"timra","Ber\u00e4knad l\u00e4stid":"2 minuter"},"schema":{"@context":"https:\/\/schema.org","@graph":[{"@type":"Article","@id":"https:\/\/wp.kristdemokraterna.se\/timra\/har-vi-inga-demokratiska-rattigheter-eva\/#article","isPartOf":{"@id":"https:\/\/wp.kristdemokraterna.se\/timra\/har-vi-inga-demokratiska-rattigheter-eva\/"},"author":{"name":"timra","@id":"https:\/\/wp.kristdemokraterna.se\/timra\/#\/schema\/person\/49784c93d3806490fb376f5a3b3dd4cd"},"headline":"Har vi inga demokratiska r\u00e4ttigheter, Eva?","datePublished":"2009-09-16T18:17:30+00:00","dateModified":"2020-07-18T17:08:02+00:00","mainEntityOfPage":{"@id":"https:\/\/wp.kristdemokraterna.se\/timra\/har-vi-inga-demokratiska-rattigheter-eva\/"},"wordCount":483,"keywords":["alla inl\u00e4gg","demonstration","respekt","Rolf Johnny Olsen","skola"],"articleSection":["Skola"],"inLanguage":"sv-SE"},{"@type":"WebPage","@id":"https:\/\/wp.kristdemokraterna.se\/timra\/har-vi-inga-demokratiska-rattigheter-eva\/","url":"https:\/\/wp.kristdemokraterna.se\/timra\/har-vi-inga-demokratiska-rattigheter-eva\/","name":"Har vi inga demokratiska r\u00e4ttigheter, Eva? - Kristdemokraterna i Timr\u00e5","isPartOf":{"@id":"https:\/\/wp.kristdemokraterna.se\/timra\/#website"},"datePublished":"2009-09-16T18:17:30+00:00","dateModified":"2020-07-18T17:08:02+00:00","author":{"@id":"https:\/\/wp.kristdemokraterna.se\/timra\/#\/schema\/person\/49784c93d3806490fb376f5a3b3dd4cd"},"breadcrumb":{"@id":"https:\/\/wp.kristdemokraterna.se\/timra\/har-vi-inga-demokratiska-rattigheter-eva\/#breadcrumb"},"inLanguage":"sv-SE","potentialAction":[{"@type":"ReadAction","target":["https:\/\/wp.kristdemokraterna.se\/timra\/har-vi-inga-demokratiska-rattigheter-eva\/"]}]},{"@type":"BreadcrumbList","@id":"https:\/\/wp.kristdemokraterna.se\/timra\/har-vi-inga-demokratiska-rattigheter-eva\/#breadcrumb","itemListElement":[{"@type":"ListItem","position":1,"name":"Hem","item":"https:\/\/wp.kristdemokraterna.se\/timra\/"},{"@type":"ListItem","position":2,"name":"Har vi inga demokratiska r\u00e4ttigheter, Eva?"}]},{"@type":"WebSite","@id":"https:\/\/wp.kristdemokraterna.se\/timra\/#website","url":"https:\/\/wp.kristdemokraterna.se\/timra\/","name":"Kristdemokraterna i Timr\u00e5","description":"Vill du ocks\u00e5 ha maktskifte?","inLanguage":"sv-SE"},{"@type":"Person","@id":"https:\/\/wp.kristdemokraterna.se\/timra\/#\/schema\/person\/49784c93d3806490fb376f5a3b3dd4cd","name":"timra","image":{"@type":"ImageObject","inLanguage":"sv-SE","@id":"https:\/\/secure.gravatar.com\/avatar\/2d9a04bf0b09a2c8909797508e81e5c3faf9a9ba8962c579b9100cffe14b6f7b?s=96&d=mm&r=g","url":"https:\/\/secure.gravatar.com\/avatar\/2d9a04bf0b09a2c8909797508e81e5c3faf9a9ba8962c579b9100cffe14b6f7b?s=96&d=mm&r=g","contentUrl":"https:\/\/secure.gravatar.com\/avatar\/2d9a04bf0b09a2c8909797508e81e5c3faf9a9ba8962c579b9100cffe14b6f7b?s=96&d=mm&r=g","caption":"timra"},"url":"https:\/\/wp.kristdemokraterna.se\/timra\/author\/timra\/"}]}},"_links":{"self":[{"href":"https:\/\/wp.kristdemokraterna.se\/timra\/wp-json\/wp\/v2\/posts\/762","targetHints":{"allow":["GET"]}}],"collection":[{"href":"https:\/\/wp.kristdemokraterna.se\/timra\/wp-json\/wp\/v2\/posts"}],"about":[{"href":"https:\/\/wp.kristdemokraterna.se\/timra\/wp-json\/wp\/v2\/types\/post"}],"author":[{"embeddable":true,"href":"https:\/\/wp.kristdemokraterna.se\/timra\/wp-json\/wp\/v2\/users\/787"}],"replies":[{"embeddable":true,"href":"https:\/\/wp.kristdemokraterna.se\/timra\/wp-json\/wp\/v2\/comments?post=762"}],"version-history":[{"count":1,"href":"https:\/\/wp.kristdemokraterna.se\/timra\/wp-json\/wp\/v2\/posts\/762\/revisions"}],"predecessor-version":[{"id":763,"href":"https:\/\/wp.kristdemokraterna.se\/timra\/wp-json\/wp\/v2\/posts\/762\/revisions\/763"}],"wp:attachment":[{"href":"https:\/\/wp.kristdemokraterna.se\/timra\/wp-json\/wp\/v2\/media?parent=762"}],"wp:term":[{"taxonomy":"category","embeddable":true,"href":"https:\/\/wp.kristdemokraterna.se\/timra\/wp-json\/wp\/v2\/categories?post=762"},{"taxonomy":"post_tag","embeddable":true,"href":"https:\/\/wp.kristdemokraterna.se\/timra\/wp-json\/wp\/v2\/tags?post=762"}],"curies":[{"name":"wp","href":"https:\/\/api.w.org\/{rel}","templated":true}]}}