{"id":663,"date":"2023-01-24T21:21:36","date_gmt":"2023-01-24T20:21:36","guid":{"rendered":"https:\/\/wp.kristdemokraterna.se\/tingsryd\/?p=663"},"modified":"2023-01-24T21:25:41","modified_gmt":"2023-01-24T20:25:41","slug":"fortroendevalda-for-aren-2023-2026","status":"publish","type":"post","link":"https:\/\/wp.kristdemokraterna.se\/tingsryd\/fortroendevalda-for-aren-2023-2026\/","title":{"rendered":"F\u00f6rtroendevalda f\u00f6r \u00e5ren 2023-2026"},"content":{"rendered":"<p>Nu har sidan med v\u00e5ra Politiker blivit uppdaterad med v\u00e5ra f\u00f6rtroendevalda i fullm\u00e4ktige, styrelser och n\u00e4mnder.<br \/>\nH\u00e4r \u00e4r n\u00e5gra av v\u00e5ra representanter vi g\u00e4rna lyfter fram lite extra.<\/p>\n<p><a href=\"http:\/\/wp.kristdemokraterna.se\/tingsryd\/files\/2023\/01\/319054040_5640114826104145_6868834069709472968_n.jpg\"><img loading=\"lazy\" decoding=\"async\" class=\"wp-image-664 size-medium alignleft\" src=\"http:\/\/wp.kristdemokraterna.se\/tingsryd\/files\/2023\/01\/319054040_5640114826104145_6868834069709472968_n-300x251.jpg\" alt=\"\" width=\"300\" height=\"251\" srcset=\"https:\/\/wp.kristdemokraterna.se\/tingsryd\/files\/2023\/01\/319054040_5640114826104145_6868834069709472968_n-300x251.jpg 300w, https:\/\/wp.kristdemokraterna.se\/tingsryd\/files\/2023\/01\/319054040_5640114826104145_6868834069709472968_n-768x644.jpg 768w, https:\/\/wp.kristdemokraterna.se\/tingsryd\/files\/2023\/01\/319054040_5640114826104145_6868834069709472968_n-239x200.jpg 239w, https:\/\/wp.kristdemokraterna.se\/tingsryd\/files\/2023\/01\/319054040_5640114826104145_6868834069709472968_n-500x420.jpg 500w, https:\/\/wp.kristdemokraterna.se\/tingsryd\/files\/2023\/01\/319054040_5640114826104145_6868834069709472968_n-370x310.jpg 370w, https:\/\/wp.kristdemokraterna.se\/tingsryd\/files\/2023\/01\/319054040_5640114826104145_6868834069709472968_n-770x645.jpg 770w, https:\/\/wp.kristdemokraterna.se\/tingsryd\/files\/2023\/01\/319054040_5640114826104145_6868834069709472968_n-450x377.jpg 450w, https:\/\/wp.kristdemokraterna.se\/tingsryd\/files\/2023\/01\/319054040_5640114826104145_6868834069709472968_n-280x235.jpg 280w, https:\/\/wp.kristdemokraterna.se\/tingsryd\/files\/2023\/01\/319054040_5640114826104145_6868834069709472968_n-340x285.jpg 340w, https:\/\/wp.kristdemokraterna.se\/tingsryd\/files\/2023\/01\/319054040_5640114826104145_6868834069709472968_n-200x168.jpg 200w, https:\/\/wp.kristdemokraterna.se\/tingsryd\/files\/2023\/01\/319054040_5640114826104145_6868834069709472968_n-67x56.jpg 67w, https:\/\/wp.kristdemokraterna.se\/tingsryd\/files\/2023\/01\/319054040_5640114826104145_6868834069709472968_n.jpg 940w\" sizes=\"auto, (max-width: 300px) 100vw, 300px\" \/><\/a><\/p>\n<p>&nbsp;<\/p>\n<p>&nbsp;<\/p>\n<p>&nbsp;<\/p>\n<p>&nbsp;<\/p>\n<p>&nbsp;<\/p>\n<p>&nbsp;<\/p>\n<p>&nbsp;<\/p>\n<p><a href=\"http:\/\/wp.kristdemokraterna.se\/tingsryd\/files\/2023\/01\/320500205_1294178814487479_5818153544432905956_n.jpg\"><img loading=\"lazy\" decoding=\"async\" class=\"size-medium wp-image-665 alignleft\" src=\"http:\/\/wp.kristdemokraterna.se\/tingsryd\/files\/2023\/01\/320500205_1294178814487479_5818153544432905956_n-300x251.jpg\" alt=\"\" width=\"300\" height=\"251\" srcset=\"https:\/\/wp.kristdemokraterna.se\/tingsryd\/files\/2023\/01\/320500205_1294178814487479_5818153544432905956_n-300x251.jpg 300w, https:\/\/wp.kristdemokraterna.se\/tingsryd\/files\/2023\/01\/320500205_1294178814487479_5818153544432905956_n-768x644.jpg 768w, https:\/\/wp.kristdemokraterna.se\/tingsryd\/files\/2023\/01\/320500205_1294178814487479_5818153544432905956_n-239x200.jpg 239w, https:\/\/wp.kristdemokraterna.se\/tingsryd\/files\/2023\/01\/320500205_1294178814487479_5818153544432905956_n-500x420.jpg 500w, https:\/\/wp.kristdemokraterna.se\/tingsryd\/files\/2023\/01\/320500205_1294178814487479_5818153544432905956_n-370x310.jpg 370w, https:\/\/wp.kristdemokraterna.se\/tingsryd\/files\/2023\/01\/320500205_1294178814487479_5818153544432905956_n-770x645.jpg 770w, https:\/\/wp.kristdemokraterna.se\/tingsryd\/files\/2023\/01\/320500205_1294178814487479_5818153544432905956_n-450x377.jpg 450w, https:\/\/wp.kristdemokraterna.se\/tingsryd\/files\/2023\/01\/320500205_1294178814487479_5818153544432905956_n-280x235.jpg 280w, https:\/\/wp.kristdemokraterna.se\/tingsryd\/files\/2023\/01\/320500205_1294178814487479_5818153544432905956_n-340x285.jpg 340w, https:\/\/wp.kristdemokraterna.se\/tingsryd\/files\/2023\/01\/320500205_1294178814487479_5818153544432905956_n-200x168.jpg 200w, https:\/\/wp.kristdemokraterna.se\/tingsryd\/files\/2023\/01\/320500205_1294178814487479_5818153544432905956_n-67x56.jpg 67w, https:\/\/wp.kristdemokraterna.se\/tingsryd\/files\/2023\/01\/320500205_1294178814487479_5818153544432905956_n.jpg 940w\" sizes=\"auto, (max-width: 300px) 100vw, 300px\" \/><\/a><\/p>\n<p>&nbsp;<\/p>\n<p>&nbsp;<\/p>\n<p>&nbsp;<\/p>\n<p>&nbsp;<\/p>\n<p>&nbsp;<\/p>\n<p>&nbsp;<\/p>\n<p>&nbsp;<\/p>\n<p><a href=\"http:\/\/wp.kristdemokraterna.se\/tingsryd\/files\/2023\/01\/320476910_891807355339400_3373220840764992097_n.jpg\"><img loading=\"lazy\" decoding=\"async\" class=\"size-medium wp-image-666 alignleft\" src=\"http:\/\/wp.kristdemokraterna.se\/tingsryd\/files\/2023\/01\/320476910_891807355339400_3373220840764992097_n-300x251.jpg\" alt=\"\" width=\"300\" height=\"251\" srcset=\"https:\/\/wp.kristdemokraterna.se\/tingsryd\/files\/2023\/01\/320476910_891807355339400_3373220840764992097_n-300x251.jpg 300w, https:\/\/wp.kristdemokraterna.se\/tingsryd\/files\/2023\/01\/320476910_891807355339400_3373220840764992097_n-768x644.jpg 768w, https:\/\/wp.kristdemokraterna.se\/tingsryd\/files\/2023\/01\/320476910_891807355339400_3373220840764992097_n-239x200.jpg 239w, https:\/\/wp.kristdemokraterna.se\/tingsryd\/files\/2023\/01\/320476910_891807355339400_3373220840764992097_n-500x420.jpg 500w, https:\/\/wp.kristdemokraterna.se\/tingsryd\/files\/2023\/01\/320476910_891807355339400_3373220840764992097_n-370x310.jpg 370w, https:\/\/wp.kristdemokraterna.se\/tingsryd\/files\/2023\/01\/320476910_891807355339400_3373220840764992097_n-770x645.jpg 770w, https:\/\/wp.kristdemokraterna.se\/tingsryd\/files\/2023\/01\/320476910_891807355339400_3373220840764992097_n-450x377.jpg 450w, https:\/\/wp.kristdemokraterna.se\/tingsryd\/files\/2023\/01\/320476910_891807355339400_3373220840764992097_n-280x235.jpg 280w, https:\/\/wp.kristdemokraterna.se\/tingsryd\/files\/2023\/01\/320476910_891807355339400_3373220840764992097_n-340x285.jpg 340w, https:\/\/wp.kristdemokraterna.se\/tingsryd\/files\/2023\/01\/320476910_891807355339400_3373220840764992097_n-200x168.jpg 200w, https:\/\/wp.kristdemokraterna.se\/tingsryd\/files\/2023\/01\/320476910_891807355339400_3373220840764992097_n-67x56.jpg 67w, https:\/\/wp.kristdemokraterna.se\/tingsryd\/files\/2023\/01\/320476910_891807355339400_3373220840764992097_n.jpg 940w\" sizes=\"auto, (max-width: 300px) 100vw, 300px\" \/><\/a><\/p>\n","protected":false},"excerpt":{"rendered":"<p>Nu har sidan med v\u00e5ra Politiker blivit uppdaterad med v\u00e5ra f\u00f6rtroendevalda i fullm\u00e4ktige, styrelser och n\u00e4mnder. H\u00e4r \u00e4r n\u00e5gra av v\u00e5ra representanter vi g\u00e4rna lyfter fram lite extra. &nbsp; &nbsp; &nbsp; &nbsp; &nbsp; &nbsp; &nbsp; &nbsp; &nbsp; &nbsp; &nbsp; &nbsp; &nbsp; &nbsp;<\/p>\n","protected":false},"author":631,"featured_media":0,"comment_status":"closed","ping_status":"closed","sticky":false,"template":"","format":"standard","meta":{"_acf_changed":false,"footnotes":""},"categories":[14,1],"tags":[],"class_list":["post-663","post","type-post","status-publish","format-standard","hentry","category-nyheter","category-okategoriserade"],"acf":[],"yoast_head":"<!-- This site is optimized with the Yoast SEO plugin v27.5 - https:\/\/yoast.com\/product\/yoast-seo-wordpress\/ -->\n<title>F\u00f6rtroendevalda f\u00f6r \u00e5ren 2023-2026 - Kristdemokraterna i Tingsryd<\/title>\n<meta name=\"robots\" content=\"index, follow, max-snippet:-1, max-image-preview:large, max-video-preview:-1\" \/>\n<link rel=\"canonical\" href=\"https:\/\/wp.kristdemokraterna.se\/tingsryd\/fortroendevalda-for-aren-2023-2026\/\" \/>\n<meta property=\"og:locale\" content=\"sv_SE\" \/>\n<meta property=\"og:type\" content=\"article\" \/>\n<meta property=\"og:title\" content=\"F\u00f6rtroendevalda f\u00f6r \u00e5ren 2023-2026 - Kristdemokraterna i Tingsryd\" \/>\n<meta property=\"og:description\" content=\"Nu har sidan med v\u00e5ra Politiker blivit uppdaterad med v\u00e5ra f\u00f6rtroendevalda i fullm\u00e4ktige, styrelser och n\u00e4mnder. H\u00e4r \u00e4r n\u00e5gra av v\u00e5ra representanter vi g\u00e4rna lyfter fram lite extra. &nbsp; &nbsp; &nbsp; &nbsp; &nbsp; &nbsp; &nbsp; &nbsp; &nbsp; &nbsp; &nbsp; &nbsp; &nbsp; &nbsp;\" \/>\n<meta property=\"og:url\" content=\"https:\/\/wp.kristdemokraterna.se\/tingsryd\/fortroendevalda-for-aren-2023-2026\/\" \/>\n<meta property=\"og:site_name\" content=\"Kristdemokraterna i Tingsryd\" \/>\n<meta property=\"article:published_time\" content=\"2023-01-24T20:21:36+00:00\" \/>\n<meta property=\"article:modified_time\" content=\"2023-01-24T20:25:41+00:00\" \/>\n<meta property=\"og:image\" content=\"http:\/\/wp.kristdemokraterna.se\/tingsryd\/files\/2023\/01\/319054040_5640114826104145_6868834069709472968_n-300x251.jpg\" \/>\n<meta name=\"author\" content=\"tingsryd\" \/>\n<meta name=\"twitter:card\" content=\"summary_large_image\" \/>\n<meta name=\"twitter:label1\" content=\"Skriven av\" \/>\n\t<meta name=\"twitter:data1\" content=\"tingsryd\" \/>\n\t<meta name=\"twitter:label2\" content=\"Ber\u00e4knad l\u00e4stid\" \/>\n\t<meta name=\"twitter:data2\" content=\"1 minut\" \/>\n<script type=\"application\/ld+json\" class=\"yoast-schema-graph\">{\"@context\":\"https:\\\/\\\/schema.org\",\"@graph\":[{\"@type\":\"Article\",\"@id\":\"https:\\\/\\\/wp.kristdemokraterna.se\\\/tingsryd\\\/fortroendevalda-for-aren-2023-2026\\\/#article\",\"isPartOf\":{\"@id\":\"https:\\\/\\\/wp.kristdemokraterna.se\\\/tingsryd\\\/fortroendevalda-for-aren-2023-2026\\\/\"},\"author\":{\"name\":\"tingsryd\",\"@id\":\"https:\\\/\\\/wp.kristdemokraterna.se\\\/tingsryd\\\/#\\\/schema\\\/person\\\/ded6931bf5365772a48ee2ab2593aa52\"},\"headline\":\"F\u00f6rtroendevalda f\u00f6r \u00e5ren 2023-2026\",\"datePublished\":\"2023-01-24T20:21:36+00:00\",\"dateModified\":\"2023-01-24T20:25:41+00:00\",\"mainEntityOfPage\":{\"@id\":\"https:\\\/\\\/wp.kristdemokraterna.se\\\/tingsryd\\\/fortroendevalda-for-aren-2023-2026\\\/\"},\"wordCount\":57,\"image\":{\"@id\":\"https:\\\/\\\/wp.kristdemokraterna.se\\\/tingsryd\\\/fortroendevalda-for-aren-2023-2026\\\/#primaryimage\"},\"thumbnailUrl\":\"http:\\\/\\\/wp.kristdemokraterna.se\\\/tingsryd\\\/files\\\/2023\\\/01\\\/319054040_5640114826104145_6868834069709472968_n-300x251.jpg\",\"articleSection\":[\"Nyheter\"],\"inLanguage\":\"sv-SE\"},{\"@type\":\"WebPage\",\"@id\":\"https:\\\/\\\/wp.kristdemokraterna.se\\\/tingsryd\\\/fortroendevalda-for-aren-2023-2026\\\/\",\"url\":\"https:\\\/\\\/wp.kristdemokraterna.se\\\/tingsryd\\\/fortroendevalda-for-aren-2023-2026\\\/\",\"name\":\"F\u00f6rtroendevalda f\u00f6r \u00e5ren 2023-2026 - Kristdemokraterna i Tingsryd\",\"isPartOf\":{\"@id\":\"https:\\\/\\\/wp.kristdemokraterna.se\\\/tingsryd\\\/#website\"},\"primaryImageOfPage\":{\"@id\":\"https:\\\/\\\/wp.kristdemokraterna.se\\\/tingsryd\\\/fortroendevalda-for-aren-2023-2026\\\/#primaryimage\"},\"image\":{\"@id\":\"https:\\\/\\\/wp.kristdemokraterna.se\\\/tingsryd\\\/fortroendevalda-for-aren-2023-2026\\\/#primaryimage\"},\"thumbnailUrl\":\"http:\\\/\\\/wp.kristdemokraterna.se\\\/tingsryd\\\/files\\\/2023\\\/01\\\/319054040_5640114826104145_6868834069709472968_n-300x251.jpg\",\"datePublished\":\"2023-01-24T20:21:36+00:00\",\"dateModified\":\"2023-01-24T20:25:41+00:00\",\"author\":{\"@id\":\"https:\\\/\\\/wp.kristdemokraterna.se\\\/tingsryd\\\/#\\\/schema\\\/person\\\/ded6931bf5365772a48ee2ab2593aa52\"},\"breadcrumb\":{\"@id\":\"https:\\\/\\\/wp.kristdemokraterna.se\\\/tingsryd\\\/fortroendevalda-for-aren-2023-2026\\\/#breadcrumb\"},\"inLanguage\":\"sv-SE\",\"potentialAction\":[{\"@type\":\"ReadAction\",\"target\":[\"https:\\\/\\\/wp.kristdemokraterna.se\\\/tingsryd\\\/fortroendevalda-for-aren-2023-2026\\\/\"]}]},{\"@type\":\"ImageObject\",\"inLanguage\":\"sv-SE\",\"@id\":\"https:\\\/\\\/wp.kristdemokraterna.se\\\/tingsryd\\\/fortroendevalda-for-aren-2023-2026\\\/#primaryimage\",\"url\":\"http:\\\/\\\/wp.kristdemokraterna.se\\\/tingsryd\\\/files\\\/2023\\\/01\\\/319054040_5640114826104145_6868834069709472968_n-300x251.jpg\",\"contentUrl\":\"http:\\\/\\\/wp.kristdemokraterna.se\\\/tingsryd\\\/files\\\/2023\\\/01\\\/319054040_5640114826104145_6868834069709472968_n-300x251.jpg\"},{\"@type\":\"BreadcrumbList\",\"@id\":\"https:\\\/\\\/wp.kristdemokraterna.se\\\/tingsryd\\\/fortroendevalda-for-aren-2023-2026\\\/#breadcrumb\",\"itemListElement\":[{\"@type\":\"ListItem\",\"position\":1,\"name\":\"Hem\",\"item\":\"https:\\\/\\\/wp.kristdemokraterna.se\\\/tingsryd\\\/\"},{\"@type\":\"ListItem\",\"position\":2,\"name\":\"F\u00f6rtroendevalda f\u00f6r \u00e5ren 2023-2026\"}]},{\"@type\":\"WebSite\",\"@id\":\"https:\\\/\\\/wp.kristdemokraterna.se\\\/tingsryd\\\/#website\",\"url\":\"https:\\\/\\\/wp.kristdemokraterna.se\\\/tingsryd\\\/\",\"name\":\"Kristdemokraterna i Tingsryd\",\"description\":\"\",\"inLanguage\":\"sv-SE\"},{\"@type\":\"Person\",\"@id\":\"https:\\\/\\\/wp.kristdemokraterna.se\\\/tingsryd\\\/#\\\/schema\\\/person\\\/ded6931bf5365772a48ee2ab2593aa52\",\"name\":\"tingsryd\",\"image\":{\"@type\":\"ImageObject\",\"inLanguage\":\"sv-SE\",\"@id\":\"https:\\\/\\\/secure.gravatar.com\\\/avatar\\\/74177eaf89d44aedcb6a5a32397bd01dc8d41f6601bbf93b2c4770ada3ba83cc?s=96&d=mm&r=g\",\"url\":\"https:\\\/\\\/secure.gravatar.com\\\/avatar\\\/74177eaf89d44aedcb6a5a32397bd01dc8d41f6601bbf93b2c4770ada3ba83cc?s=96&d=mm&r=g\",\"contentUrl\":\"https:\\\/\\\/secure.gravatar.com\\\/avatar\\\/74177eaf89d44aedcb6a5a32397bd01dc8d41f6601bbf93b2c4770ada3ba83cc?s=96&d=mm&r=g\",\"caption\":\"tingsryd\"},\"url\":\"https:\\\/\\\/wp.kristdemokraterna.se\\\/tingsryd\\\/author\\\/tingsryd\\\/\"}]}<\/script>\n<!-- \/ Yoast SEO plugin. -->","yoast_head_json":{"title":"F\u00f6rtroendevalda f\u00f6r \u00e5ren 2023-2026 - Kristdemokraterna i Tingsryd","robots":{"index":"index","follow":"follow","max-snippet":"max-snippet:-1","max-image-preview":"max-image-preview:large","max-video-preview":"max-video-preview:-1"},"canonical":"https:\/\/wp.kristdemokraterna.se\/tingsryd\/fortroendevalda-for-aren-2023-2026\/","og_locale":"sv_SE","og_type":"article","og_title":"F\u00f6rtroendevalda f\u00f6r \u00e5ren 2023-2026 - Kristdemokraterna i Tingsryd","og_description":"Nu har sidan med v\u00e5ra Politiker blivit uppdaterad med v\u00e5ra f\u00f6rtroendevalda i fullm\u00e4ktige, styrelser och n\u00e4mnder. H\u00e4r \u00e4r n\u00e5gra av v\u00e5ra representanter vi g\u00e4rna lyfter fram lite extra. &nbsp; &nbsp; &nbsp; &nbsp; &nbsp; &nbsp; &nbsp; &nbsp; &nbsp; &nbsp; &nbsp; &nbsp; &nbsp; &nbsp;","og_url":"https:\/\/wp.kristdemokraterna.se\/tingsryd\/fortroendevalda-for-aren-2023-2026\/","og_site_name":"Kristdemokraterna i Tingsryd","article_published_time":"2023-01-24T20:21:36+00:00","article_modified_time":"2023-01-24T20:25:41+00:00","og_image":[{"url":"http:\/\/wp.kristdemokraterna.se\/tingsryd\/files\/2023\/01\/319054040_5640114826104145_6868834069709472968_n-300x251.jpg","type":"","width":"","height":""}],"author":"tingsryd","twitter_card":"summary_large_image","twitter_misc":{"Skriven av":"tingsryd","Ber\u00e4knad l\u00e4stid":"1 minut"},"schema":{"@context":"https:\/\/schema.org","@graph":[{"@type":"Article","@id":"https:\/\/wp.kristdemokraterna.se\/tingsryd\/fortroendevalda-for-aren-2023-2026\/#article","isPartOf":{"@id":"https:\/\/wp.kristdemokraterna.se\/tingsryd\/fortroendevalda-for-aren-2023-2026\/"},"author":{"name":"tingsryd","@id":"https:\/\/wp.kristdemokraterna.se\/tingsryd\/#\/schema\/person\/ded6931bf5365772a48ee2ab2593aa52"},"headline":"F\u00f6rtroendevalda f\u00f6r \u00e5ren 2023-2026","datePublished":"2023-01-24T20:21:36+00:00","dateModified":"2023-01-24T20:25:41+00:00","mainEntityOfPage":{"@id":"https:\/\/wp.kristdemokraterna.se\/tingsryd\/fortroendevalda-for-aren-2023-2026\/"},"wordCount":57,"image":{"@id":"https:\/\/wp.kristdemokraterna.se\/tingsryd\/fortroendevalda-for-aren-2023-2026\/#primaryimage"},"thumbnailUrl":"http:\/\/wp.kristdemokraterna.se\/tingsryd\/files\/2023\/01\/319054040_5640114826104145_6868834069709472968_n-300x251.jpg","articleSection":["Nyheter"],"inLanguage":"sv-SE"},{"@type":"WebPage","@id":"https:\/\/wp.kristdemokraterna.se\/tingsryd\/fortroendevalda-for-aren-2023-2026\/","url":"https:\/\/wp.kristdemokraterna.se\/tingsryd\/fortroendevalda-for-aren-2023-2026\/","name":"F\u00f6rtroendevalda f\u00f6r \u00e5ren 2023-2026 - Kristdemokraterna i Tingsryd","isPartOf":{"@id":"https:\/\/wp.kristdemokraterna.se\/tingsryd\/#website"},"primaryImageOfPage":{"@id":"https:\/\/wp.kristdemokraterna.se\/tingsryd\/fortroendevalda-for-aren-2023-2026\/#primaryimage"},"image":{"@id":"https:\/\/wp.kristdemokraterna.se\/tingsryd\/fortroendevalda-for-aren-2023-2026\/#primaryimage"},"thumbnailUrl":"http:\/\/wp.kristdemokraterna.se\/tingsryd\/files\/2023\/01\/319054040_5640114826104145_6868834069709472968_n-300x251.jpg","datePublished":"2023-01-24T20:21:36+00:00","dateModified":"2023-01-24T20:25:41+00:00","author":{"@id":"https:\/\/wp.kristdemokraterna.se\/tingsryd\/#\/schema\/person\/ded6931bf5365772a48ee2ab2593aa52"},"breadcrumb":{"@id":"https:\/\/wp.kristdemokraterna.se\/tingsryd\/fortroendevalda-for-aren-2023-2026\/#breadcrumb"},"inLanguage":"sv-SE","potentialAction":[{"@type":"ReadAction","target":["https:\/\/wp.kristdemokraterna.se\/tingsryd\/fortroendevalda-for-aren-2023-2026\/"]}]},{"@type":"ImageObject","inLanguage":"sv-SE","@id":"https:\/\/wp.kristdemokraterna.se\/tingsryd\/fortroendevalda-for-aren-2023-2026\/#primaryimage","url":"http:\/\/wp.kristdemokraterna.se\/tingsryd\/files\/2023\/01\/319054040_5640114826104145_6868834069709472968_n-300x251.jpg","contentUrl":"http:\/\/wp.kristdemokraterna.se\/tingsryd\/files\/2023\/01\/319054040_5640114826104145_6868834069709472968_n-300x251.jpg"},{"@type":"BreadcrumbList","@id":"https:\/\/wp.kristdemokraterna.se\/tingsryd\/fortroendevalda-for-aren-2023-2026\/#breadcrumb","itemListElement":[{"@type":"ListItem","position":1,"name":"Hem","item":"https:\/\/wp.kristdemokraterna.se\/tingsryd\/"},{"@type":"ListItem","position":2,"name":"F\u00f6rtroendevalda f\u00f6r \u00e5ren 2023-2026"}]},{"@type":"WebSite","@id":"https:\/\/wp.kristdemokraterna.se\/tingsryd\/#website","url":"https:\/\/wp.kristdemokraterna.se\/tingsryd\/","name":"Kristdemokraterna i Tingsryd","description":"","inLanguage":"sv-SE"},{"@type":"Person","@id":"https:\/\/wp.kristdemokraterna.se\/tingsryd\/#\/schema\/person\/ded6931bf5365772a48ee2ab2593aa52","name":"tingsryd","image":{"@type":"ImageObject","inLanguage":"sv-SE","@id":"https:\/\/secure.gravatar.com\/avatar\/74177eaf89d44aedcb6a5a32397bd01dc8d41f6601bbf93b2c4770ada3ba83cc?s=96&d=mm&r=g","url":"https:\/\/secure.gravatar.com\/avatar\/74177eaf89d44aedcb6a5a32397bd01dc8d41f6601bbf93b2c4770ada3ba83cc?s=96&d=mm&r=g","contentUrl":"https:\/\/secure.gravatar.com\/avatar\/74177eaf89d44aedcb6a5a32397bd01dc8d41f6601bbf93b2c4770ada3ba83cc?s=96&d=mm&r=g","caption":"tingsryd"},"url":"https:\/\/wp.kristdemokraterna.se\/tingsryd\/author\/tingsryd\/"}]}},"_links":{"self":[{"href":"https:\/\/wp.kristdemokraterna.se\/tingsryd\/wp-json\/wp\/v2\/posts\/663","targetHints":{"allow":["GET"]}}],"collection":[{"href":"https:\/\/wp.kristdemokraterna.se\/tingsryd\/wp-json\/wp\/v2\/posts"}],"about":[{"href":"https:\/\/wp.kristdemokraterna.se\/tingsryd\/wp-json\/wp\/v2\/types\/post"}],"author":[{"embeddable":true,"href":"https:\/\/wp.kristdemokraterna.se\/tingsryd\/wp-json\/wp\/v2\/users\/631"}],"replies":[{"embeddable":true,"href":"https:\/\/wp.kristdemokraterna.se\/tingsryd\/wp-json\/wp\/v2\/comments?post=663"}],"version-history":[{"count":7,"href":"https:\/\/wp.kristdemokraterna.se\/tingsryd\/wp-json\/wp\/v2\/posts\/663\/revisions"}],"predecessor-version":[{"id":673,"href":"https:\/\/wp.kristdemokraterna.se\/tingsryd\/wp-json\/wp\/v2\/posts\/663\/revisions\/673"}],"wp:attachment":[{"href":"https:\/\/wp.kristdemokraterna.se\/tingsryd\/wp-json\/wp\/v2\/media?parent=663"}],"wp:term":[{"taxonomy":"category","embeddable":true,"href":"https:\/\/wp.kristdemokraterna.se\/tingsryd\/wp-json\/wp\/v2\/categories?post=663"},{"taxonomy":"post_tag","embeddable":true,"href":"https:\/\/wp.kristdemokraterna.se\/tingsryd\/wp-json\/wp\/v2\/tags?post=663"}],"curies":[{"name":"wp","href":"https:\/\/api.w.org\/{rel}","templated":true}]}}