{"id":1031,"date":"2026-03-24T10:20:02","date_gmt":"2026-03-24T09:20:02","guid":{"rendered":"https:\/\/wp.kristdemokraterna.se\/tranas\/?p=1031"},"modified":"2026-03-24T10:27:32","modified_gmt":"2026-03-24T09:27:32","slug":"varstamma","status":"publish","type":"post","link":"https:\/\/wp.kristdemokraterna.se\/tranas\/varstamma\/","title":{"rendered":"V\u00e5rst\u00e4mma"},"content":{"rendered":"<p><a href=\"http:\/\/wp.kristdemokraterna.se\/tranas\/files\/2026\/03\/20260321_113356-scaled.jpg\"><img loading=\"lazy\" decoding=\"async\" class=\"alignnone size-large wp-image-1029\" src=\"http:\/\/wp.kristdemokraterna.se\/tranas\/files\/2026\/03\/20260321_113356-1024x473.jpg\" alt=\"\" width=\"1024\" height=\"473\" srcset=\"https:\/\/wp.kristdemokraterna.se\/tranas\/files\/2026\/03\/20260321_113356-1024x473.jpg 1024w, https:\/\/wp.kristdemokraterna.se\/tranas\/files\/2026\/03\/20260321_113356-300x139.jpg 300w, https:\/\/wp.kristdemokraterna.se\/tranas\/files\/2026\/03\/20260321_113356-768x355.jpg 768w, https:\/\/wp.kristdemokraterna.se\/tranas\/files\/2026\/03\/20260321_113356-1536x710.jpg 1536w, https:\/\/wp.kristdemokraterna.se\/tranas\/files\/2026\/03\/20260321_113356-2048x946.jpg 2048w, https:\/\/wp.kristdemokraterna.se\/tranas\/files\/2026\/03\/20260321_113356-370x171.jpg 370w, https:\/\/wp.kristdemokraterna.se\/tranas\/files\/2026\/03\/20260321_113356-770x356.jpg 770w, https:\/\/wp.kristdemokraterna.se\/tranas\/files\/2026\/03\/20260321_113356-450x208.jpg 450w, https:\/\/wp.kristdemokraterna.se\/tranas\/files\/2026\/03\/20260321_113356-280x129.jpg 280w, https:\/\/wp.kristdemokraterna.se\/tranas\/files\/2026\/03\/20260321_113356-340x157.jpg 340w, https:\/\/wp.kristdemokraterna.se\/tranas\/files\/2026\/03\/20260321_113356-200x92.jpg 200w, https:\/\/wp.kristdemokraterna.se\/tranas\/files\/2026\/03\/20260321_113356-121x56.jpg 121w\" sizes=\"auto, (max-width: 1024px) 100vw, 1024px\" \/><\/a><br \/>\nVi har haft \u00e5rets v\u00e5rst\u00e4mma\/partidistrikts\u00e5rsm\u00f6te p\u00e5 Gransn\u00e4s i Aneby kommun en mycket trevlig och givande dag, och d\u00e5 tillk\u00e4nnagavs att <strong>Gun-Britt Sigfridsson<\/strong> fr\u00e5n Vetlandas partiavdelning, \u00e4r <strong>\u00c5rets Kristdemokrat<\/strong> i J\u00f6nk\u00f6pingsdistriktet &#8211; stort grattis Gun-Britt.<\/p>\n<p><a href=\"http:\/\/wp.kristdemokraterna.se\/tranas\/files\/2026\/03\/20260321_100353-scaled.jpg\"><img loading=\"lazy\" decoding=\"async\" class=\"alignnone size-large wp-image-1024\" src=\"http:\/\/wp.kristdemokraterna.se\/tranas\/files\/2026\/03\/20260321_100353-1024x473.jpg\" alt=\"\" width=\"1024\" height=\"473\" srcset=\"https:\/\/wp.kristdemokraterna.se\/tranas\/files\/2026\/03\/20260321_100353-1024x473.jpg 1024w, https:\/\/wp.kristdemokraterna.se\/tranas\/files\/2026\/03\/20260321_100353-300x139.jpg 300w, https:\/\/wp.kristdemokraterna.se\/tranas\/files\/2026\/03\/20260321_100353-768x355.jpg 768w, https:\/\/wp.kristdemokraterna.se\/tranas\/files\/2026\/03\/20260321_100353-1536x710.jpg 1536w, https:\/\/wp.kristdemokraterna.se\/tranas\/files\/2026\/03\/20260321_100353-2048x946.jpg 2048w, https:\/\/wp.kristdemokraterna.se\/tranas\/files\/2026\/03\/20260321_100353-370x171.jpg 370w, https:\/\/wp.kristdemokraterna.se\/tranas\/files\/2026\/03\/20260321_100353-770x356.jpg 770w, https:\/\/wp.kristdemokraterna.se\/tranas\/files\/2026\/03\/20260321_100353-450x208.jpg 450w, https:\/\/wp.kristdemokraterna.se\/tranas\/files\/2026\/03\/20260321_100353-280x129.jpg 280w, https:\/\/wp.kristdemokraterna.se\/tranas\/files\/2026\/03\/20260321_100353-340x157.jpg 340w, https:\/\/wp.kristdemokraterna.se\/tranas\/files\/2026\/03\/20260321_100353-200x92.jpg 200w, https:\/\/wp.kristdemokraterna.se\/tranas\/files\/2026\/03\/20260321_100353-121x56.jpg 121w\" sizes=\"auto, (max-width: 1024px) 100vw, 1024px\" \/><\/a><br \/>\nIrene Oskarsson \u00f6ppnade m\u00f6tet och h\u00e4lsade alla v\u00e4lkomna.<\/p>\n<p><a href=\"http:\/\/wp.kristdemokraterna.se\/tranas\/files\/2026\/03\/20260321_102111-scaled.jpg\"><img loading=\"lazy\" decoding=\"async\" class=\"alignnone size-large wp-image-1026\" src=\"http:\/\/wp.kristdemokraterna.se\/tranas\/files\/2026\/03\/20260321_102111-1024x473.jpg\" alt=\"\" width=\"1024\" height=\"473\" srcset=\"https:\/\/wp.kristdemokraterna.se\/tranas\/files\/2026\/03\/20260321_102111-1024x473.jpg 1024w, https:\/\/wp.kristdemokraterna.se\/tranas\/files\/2026\/03\/20260321_102111-300x139.jpg 300w, https:\/\/wp.kristdemokraterna.se\/tranas\/files\/2026\/03\/20260321_102111-768x355.jpg 768w, https:\/\/wp.kristdemokraterna.se\/tranas\/files\/2026\/03\/20260321_102111-1536x710.jpg 1536w, https:\/\/wp.kristdemokraterna.se\/tranas\/files\/2026\/03\/20260321_102111-2048x946.jpg 2048w, https:\/\/wp.kristdemokraterna.se\/tranas\/files\/2026\/03\/20260321_102111-370x171.jpg 370w, https:\/\/wp.kristdemokraterna.se\/tranas\/files\/2026\/03\/20260321_102111-770x356.jpg 770w, https:\/\/wp.kristdemokraterna.se\/tranas\/files\/2026\/03\/20260321_102111-450x208.jpg 450w, https:\/\/wp.kristdemokraterna.se\/tranas\/files\/2026\/03\/20260321_102111-280x129.jpg 280w, https:\/\/wp.kristdemokraterna.se\/tranas\/files\/2026\/03\/20260321_102111-340x157.jpg 340w, https:\/\/wp.kristdemokraterna.se\/tranas\/files\/2026\/03\/20260321_102111-200x92.jpg 200w, https:\/\/wp.kristdemokraterna.se\/tranas\/files\/2026\/03\/20260321_102111-121x56.jpg 121w\" sizes=\"auto, (max-width: 1024px) 100vw, 1024px\" \/><\/a><br \/>\nSedan inledde riksdagsledamot Camilla Rinaldo Miller och v\u00e5rt regionr\u00e5d Stina Sinclair dagen med valsnack mycket bra information och pepp inf\u00f6r valet.<\/p>\n<p><a href=\"http:\/\/wp.kristdemokraterna.se\/tranas\/files\/2026\/03\/20260321_104418-1-scaled.jpg\"><img loading=\"lazy\" decoding=\"async\" class=\"alignnone size-large wp-image-1038\" src=\"http:\/\/wp.kristdemokraterna.se\/tranas\/files\/2026\/03\/20260321_104418-1-1024x473.jpg\" alt=\"\" width=\"1024\" height=\"473\" srcset=\"https:\/\/wp.kristdemokraterna.se\/tranas\/files\/2026\/03\/20260321_104418-1-1024x473.jpg 1024w, https:\/\/wp.kristdemokraterna.se\/tranas\/files\/2026\/03\/20260321_104418-1-300x139.jpg 300w, https:\/\/wp.kristdemokraterna.se\/tranas\/files\/2026\/03\/20260321_104418-1-768x355.jpg 768w, https:\/\/wp.kristdemokraterna.se\/tranas\/files\/2026\/03\/20260321_104418-1-1536x710.jpg 1536w, https:\/\/wp.kristdemokraterna.se\/tranas\/files\/2026\/03\/20260321_104418-1-2048x946.jpg 2048w, https:\/\/wp.kristdemokraterna.se\/tranas\/files\/2026\/03\/20260321_104418-1-370x171.jpg 370w, https:\/\/wp.kristdemokraterna.se\/tranas\/files\/2026\/03\/20260321_104418-1-770x356.jpg 770w, https:\/\/wp.kristdemokraterna.se\/tranas\/files\/2026\/03\/20260321_104418-1-450x208.jpg 450w, https:\/\/wp.kristdemokraterna.se\/tranas\/files\/2026\/03\/20260321_104418-1-280x129.jpg 280w, https:\/\/wp.kristdemokraterna.se\/tranas\/files\/2026\/03\/20260321_104418-1-340x157.jpg 340w, https:\/\/wp.kristdemokraterna.se\/tranas\/files\/2026\/03\/20260321_104418-1-200x92.jpg 200w, https:\/\/wp.kristdemokraterna.se\/tranas\/files\/2026\/03\/20260321_104418-1-121x56.jpg 121w\" sizes=\"auto, (max-width: 1024px) 100vw, 1024px\" \/><\/a>St\u00e4mmof\u00f6rhandlingarna leddes av Irene Oskarsson, Nils-Erik Emme (vice ordf.) och Anki Backlund (sekr.).<\/p>\n<p><a href=\"http:\/\/wp.kristdemokraterna.se\/tranas\/files\/2026\/03\/20260321_112850-1-scaled.jpg\"><img loading=\"lazy\" decoding=\"async\" class=\"alignnone size-large wp-image-1033\" src=\"http:\/\/wp.kristdemokraterna.se\/tranas\/files\/2026\/03\/20260321_112850-1-1024x473.jpg\" alt=\"\" width=\"1024\" height=\"473\" srcset=\"https:\/\/wp.kristdemokraterna.se\/tranas\/files\/2026\/03\/20260321_112850-1-1024x473.jpg 1024w, https:\/\/wp.kristdemokraterna.se\/tranas\/files\/2026\/03\/20260321_112850-1-300x139.jpg 300w, https:\/\/wp.kristdemokraterna.se\/tranas\/files\/2026\/03\/20260321_112850-1-768x355.jpg 768w, https:\/\/wp.kristdemokraterna.se\/tranas\/files\/2026\/03\/20260321_112850-1-1536x710.jpg 1536w, https:\/\/wp.kristdemokraterna.se\/tranas\/files\/2026\/03\/20260321_112850-1-2048x946.jpg 2048w, https:\/\/wp.kristdemokraterna.se\/tranas\/files\/2026\/03\/20260321_112850-1-370x171.jpg 370w, https:\/\/wp.kristdemokraterna.se\/tranas\/files\/2026\/03\/20260321_112850-1-770x356.jpg 770w, https:\/\/wp.kristdemokraterna.se\/tranas\/files\/2026\/03\/20260321_112850-1-450x208.jpg 450w, https:\/\/wp.kristdemokraterna.se\/tranas\/files\/2026\/03\/20260321_112850-1-280x129.jpg 280w, https:\/\/wp.kristdemokraterna.se\/tranas\/files\/2026\/03\/20260321_112850-1-340x157.jpg 340w, https:\/\/wp.kristdemokraterna.se\/tranas\/files\/2026\/03\/20260321_112850-1-200x92.jpg 200w, https:\/\/wp.kristdemokraterna.se\/tranas\/files\/2026\/03\/20260321_112850-1-121x56.jpg 121w\" sizes=\"auto, (max-width: 1024px) 100vw, 1024px\" \/><\/a><br \/>\nPer H\u00f6gberg fick f\u00f6rnyat f\u00f6rtroende som distriktsordf\u00f6rande. Till 1:e vice ordf\u00f6rande valdes Mikael B\u00e4ckstr\u00f6m och till 2:e vice ordf\u00f6rande Therese Petersson. Nya ledam\u00f6ter i styrelsen: Joseph Tornell Ann-Marie Dahl.<\/p>\n","protected":false},"excerpt":{"rendered":"<p>Vi har haft \u00e5rets v\u00e5rst\u00e4mma\/partidistrikts\u00e5rsm\u00f6te p\u00e5 Gransn\u00e4s i Aneby kommun en mycket trevlig och givande dag, och d\u00e5 tillk\u00e4nnagavs att Gun-Britt Sigfridsson fr\u00e5n Vetlandas partiavdelning, \u00e4r \u00c5rets Kristdemokrat i J\u00f6nk\u00f6pingsdistriktet &#8211; stort grattis Gun-Britt. Irene Oskarsson \u00f6ppnade m\u00f6tet och h\u00e4lsade alla v\u00e4lkomna. Sedan inledde riksdagsledamot Camilla Rinaldo Miller och v\u00e5rt regionr\u00e5d Stina Sinclair dagen med <a class=\"read-more-link\" href=\"https:\/\/wp.kristdemokraterna.se\/tranas\/varstamma\/\">L\u00e4s mer<\/a><\/p>\n","protected":false},"author":469,"featured_media":0,"comment_status":"closed","ping_status":"closed","sticky":false,"template":"","format":"standard","meta":{"_acf_changed":false,"footnotes":""},"categories":[5],"tags":[],"class_list":["post-1031","post","type-post","status-publish","format-standard","hentry","category-i-regionen"],"acf":[],"yoast_head":"<!-- This site is optimized with the Yoast SEO plugin v27.5 - https:\/\/yoast.com\/product\/yoast-seo-wordpress\/ -->\n<title>V\u00e5rst\u00e4mma - Kristdemokraterna | Tran\u00e5s<\/title>\n<meta name=\"robots\" content=\"index, follow, max-snippet:-1, max-image-preview:large, max-video-preview:-1\" \/>\n<link rel=\"canonical\" href=\"https:\/\/wp.kristdemokraterna.se\/tranas\/varstamma\/\" \/>\n<meta property=\"og:locale\" content=\"sv_SE\" \/>\n<meta property=\"og:type\" content=\"article\" \/>\n<meta property=\"og:title\" content=\"V\u00e5rst\u00e4mma - Kristdemokraterna | Tran\u00e5s\" \/>\n<meta property=\"og:description\" content=\"Vi har haft \u00e5rets v\u00e5rst\u00e4mma\/partidistrikts\u00e5rsm\u00f6te p\u00e5 Gransn\u00e4s i Aneby kommun en mycket trevlig och givande dag, och d\u00e5 tillk\u00e4nnagavs att Gun-Britt Sigfridsson fr\u00e5n Vetlandas partiavdelning, \u00e4r \u00c5rets Kristdemokrat i J\u00f6nk\u00f6pingsdistriktet &#8211; stort grattis Gun-Britt. Irene Oskarsson \u00f6ppnade m\u00f6tet och h\u00e4lsade alla v\u00e4lkomna. Sedan inledde riksdagsledamot Camilla Rinaldo Miller och v\u00e5rt regionr\u00e5d Stina Sinclair dagen med L\u00e4s mer\" \/>\n<meta property=\"og:url\" content=\"https:\/\/wp.kristdemokraterna.se\/tranas\/varstamma\/\" \/>\n<meta property=\"og:site_name\" content=\"Kristdemokraterna | Tran\u00e5s\" \/>\n<meta property=\"article:published_time\" content=\"2026-03-24T09:20:02+00:00\" \/>\n<meta property=\"article:modified_time\" content=\"2026-03-24T09:27:32+00:00\" \/>\n<meta property=\"og:image\" content=\"https:\/\/wp.kristdemokraterna.se\/tranas\/files\/2026\/03\/20260321_113356-1024x473.jpg\" \/>\n\t<meta property=\"og:image:width\" content=\"1024\" \/>\n\t<meta property=\"og:image:height\" content=\"473\" \/>\n\t<meta property=\"og:image:type\" content=\"image\/jpeg\" \/>\n<meta name=\"author\" content=\"tranas\" \/>\n<meta name=\"twitter:card\" content=\"summary_large_image\" \/>\n<meta name=\"twitter:label1\" content=\"Skriven av\" \/>\n\t<meta name=\"twitter:data1\" content=\"tranas\" \/>\n\t<meta name=\"twitter:label2\" content=\"Ber\u00e4knad l\u00e4stid\" \/>\n\t<meta name=\"twitter:data2\" content=\"2 minuter\" \/>\n<script type=\"application\/ld+json\" class=\"yoast-schema-graph\">{\"@context\":\"https:\\\/\\\/schema.org\",\"@graph\":[{\"@type\":\"Article\",\"@id\":\"https:\\\/\\\/wp.kristdemokraterna.se\\\/tranas\\\/varstamma\\\/#article\",\"isPartOf\":{\"@id\":\"https:\\\/\\\/wp.kristdemokraterna.se\\\/tranas\\\/varstamma\\\/\"},\"author\":{\"name\":\"tranas\",\"@id\":\"https:\\\/\\\/wp.kristdemokraterna.se\\\/tranas\\\/#\\\/schema\\\/person\\\/9154a2277effecccf001a7a35ad5c000\"},\"headline\":\"V\u00e5rst\u00e4mma\",\"datePublished\":\"2026-03-24T09:20:02+00:00\",\"dateModified\":\"2026-03-24T09:27:32+00:00\",\"mainEntityOfPage\":{\"@id\":\"https:\\\/\\\/wp.kristdemokraterna.se\\\/tranas\\\/varstamma\\\/\"},\"wordCount\":135,\"image\":{\"@id\":\"https:\\\/\\\/wp.kristdemokraterna.se\\\/tranas\\\/varstamma\\\/#primaryimage\"},\"thumbnailUrl\":\"http:\\\/\\\/wp.kristdemokraterna.se\\\/tranas\\\/files\\\/2026\\\/03\\\/20260321_113356-1024x473.jpg\",\"articleSection\":[\"I regionen\"],\"inLanguage\":\"sv-SE\"},{\"@type\":\"WebPage\",\"@id\":\"https:\\\/\\\/wp.kristdemokraterna.se\\\/tranas\\\/varstamma\\\/\",\"url\":\"https:\\\/\\\/wp.kristdemokraterna.se\\\/tranas\\\/varstamma\\\/\",\"name\":\"V\u00e5rst\u00e4mma - Kristdemokraterna | Tran\u00e5s\",\"isPartOf\":{\"@id\":\"https:\\\/\\\/wp.kristdemokraterna.se\\\/tranas\\\/#website\"},\"primaryImageOfPage\":{\"@id\":\"https:\\\/\\\/wp.kristdemokraterna.se\\\/tranas\\\/varstamma\\\/#primaryimage\"},\"image\":{\"@id\":\"https:\\\/\\\/wp.kristdemokraterna.se\\\/tranas\\\/varstamma\\\/#primaryimage\"},\"thumbnailUrl\":\"http:\\\/\\\/wp.kristdemokraterna.se\\\/tranas\\\/files\\\/2026\\\/03\\\/20260321_113356-1024x473.jpg\",\"datePublished\":\"2026-03-24T09:20:02+00:00\",\"dateModified\":\"2026-03-24T09:27:32+00:00\",\"author\":{\"@id\":\"https:\\\/\\\/wp.kristdemokraterna.se\\\/tranas\\\/#\\\/schema\\\/person\\\/9154a2277effecccf001a7a35ad5c000\"},\"breadcrumb\":{\"@id\":\"https:\\\/\\\/wp.kristdemokraterna.se\\\/tranas\\\/varstamma\\\/#breadcrumb\"},\"inLanguage\":\"sv-SE\",\"potentialAction\":[{\"@type\":\"ReadAction\",\"target\":[\"https:\\\/\\\/wp.kristdemokraterna.se\\\/tranas\\\/varstamma\\\/\"]}]},{\"@type\":\"ImageObject\",\"inLanguage\":\"sv-SE\",\"@id\":\"https:\\\/\\\/wp.kristdemokraterna.se\\\/tranas\\\/varstamma\\\/#primaryimage\",\"url\":\"https:\\\/\\\/wp.kristdemokraterna.se\\\/tranas\\\/files\\\/2026\\\/03\\\/20260321_113356-scaled.jpg\",\"contentUrl\":\"https:\\\/\\\/wp.kristdemokraterna.se\\\/tranas\\\/files\\\/2026\\\/03\\\/20260321_113356-scaled.jpg\",\"width\":2560,\"height\":1183},{\"@type\":\"BreadcrumbList\",\"@id\":\"https:\\\/\\\/wp.kristdemokraterna.se\\\/tranas\\\/varstamma\\\/#breadcrumb\",\"itemListElement\":[{\"@type\":\"ListItem\",\"position\":1,\"name\":\"Hem\",\"item\":\"https:\\\/\\\/wp.kristdemokraterna.se\\\/tranas\\\/\"},{\"@type\":\"ListItem\",\"position\":2,\"name\":\"V\u00e5rst\u00e4mma\"}]},{\"@type\":\"WebSite\",\"@id\":\"https:\\\/\\\/wp.kristdemokraterna.se\\\/tranas\\\/#website\",\"url\":\"https:\\\/\\\/wp.kristdemokraterna.se\\\/tranas\\\/\",\"name\":\"Kristdemokraterna | Tran\u00e5s\",\"description\":\"Kristdemokraterna i Tran\u00e5s webbplats\",\"inLanguage\":\"sv-SE\"},{\"@type\":\"Person\",\"@id\":\"https:\\\/\\\/wp.kristdemokraterna.se\\\/tranas\\\/#\\\/schema\\\/person\\\/9154a2277effecccf001a7a35ad5c000\",\"name\":\"tranas\",\"image\":{\"@type\":\"ImageObject\",\"inLanguage\":\"sv-SE\",\"@id\":\"https:\\\/\\\/secure.gravatar.com\\\/avatar\\\/2281f8c3f2d8c848e8131abee819246e3538220d5449f18ba8fee1ff04ec3f66?s=96&d=mm&r=g\",\"url\":\"https:\\\/\\\/secure.gravatar.com\\\/avatar\\\/2281f8c3f2d8c848e8131abee819246e3538220d5449f18ba8fee1ff04ec3f66?s=96&d=mm&r=g\",\"contentUrl\":\"https:\\\/\\\/secure.gravatar.com\\\/avatar\\\/2281f8c3f2d8c848e8131abee819246e3538220d5449f18ba8fee1ff04ec3f66?s=96&d=mm&r=g\",\"caption\":\"tranas\"},\"sameAs\":[\"helpdesk\"],\"url\":\"https:\\\/\\\/wp.kristdemokraterna.se\\\/tranas\\\/author\\\/tranas\\\/\"}]}<\/script>\n<!-- \/ Yoast SEO plugin. -->","yoast_head_json":{"title":"V\u00e5rst\u00e4mma - Kristdemokraterna | Tran\u00e5s","robots":{"index":"index","follow":"follow","max-snippet":"max-snippet:-1","max-image-preview":"max-image-preview:large","max-video-preview":"max-video-preview:-1"},"canonical":"https:\/\/wp.kristdemokraterna.se\/tranas\/varstamma\/","og_locale":"sv_SE","og_type":"article","og_title":"V\u00e5rst\u00e4mma - Kristdemokraterna | Tran\u00e5s","og_description":"Vi har haft \u00e5rets v\u00e5rst\u00e4mma\/partidistrikts\u00e5rsm\u00f6te p\u00e5 Gransn\u00e4s i Aneby kommun en mycket trevlig och givande dag, och d\u00e5 tillk\u00e4nnagavs att Gun-Britt Sigfridsson fr\u00e5n Vetlandas partiavdelning, \u00e4r \u00c5rets Kristdemokrat i J\u00f6nk\u00f6pingsdistriktet &#8211; stort grattis Gun-Britt. Irene Oskarsson \u00f6ppnade m\u00f6tet och h\u00e4lsade alla v\u00e4lkomna. Sedan inledde riksdagsledamot Camilla Rinaldo Miller och v\u00e5rt regionr\u00e5d Stina Sinclair dagen med L\u00e4s mer","og_url":"https:\/\/wp.kristdemokraterna.se\/tranas\/varstamma\/","og_site_name":"Kristdemokraterna | Tran\u00e5s","article_published_time":"2026-03-24T09:20:02+00:00","article_modified_time":"2026-03-24T09:27:32+00:00","og_image":[{"width":1024,"height":473,"url":"https:\/\/wp.kristdemokraterna.se\/tranas\/files\/2026\/03\/20260321_113356-1024x473.jpg","type":"image\/jpeg"}],"author":"tranas","twitter_card":"summary_large_image","twitter_misc":{"Skriven av":"tranas","Ber\u00e4knad l\u00e4stid":"2 minuter"},"schema":{"@context":"https:\/\/schema.org","@graph":[{"@type":"Article","@id":"https:\/\/wp.kristdemokraterna.se\/tranas\/varstamma\/#article","isPartOf":{"@id":"https:\/\/wp.kristdemokraterna.se\/tranas\/varstamma\/"},"author":{"name":"tranas","@id":"https:\/\/wp.kristdemokraterna.se\/tranas\/#\/schema\/person\/9154a2277effecccf001a7a35ad5c000"},"headline":"V\u00e5rst\u00e4mma","datePublished":"2026-03-24T09:20:02+00:00","dateModified":"2026-03-24T09:27:32+00:00","mainEntityOfPage":{"@id":"https:\/\/wp.kristdemokraterna.se\/tranas\/varstamma\/"},"wordCount":135,"image":{"@id":"https:\/\/wp.kristdemokraterna.se\/tranas\/varstamma\/#primaryimage"},"thumbnailUrl":"http:\/\/wp.kristdemokraterna.se\/tranas\/files\/2026\/03\/20260321_113356-1024x473.jpg","articleSection":["I regionen"],"inLanguage":"sv-SE"},{"@type":"WebPage","@id":"https:\/\/wp.kristdemokraterna.se\/tranas\/varstamma\/","url":"https:\/\/wp.kristdemokraterna.se\/tranas\/varstamma\/","name":"V\u00e5rst\u00e4mma - Kristdemokraterna | Tran\u00e5s","isPartOf":{"@id":"https:\/\/wp.kristdemokraterna.se\/tranas\/#website"},"primaryImageOfPage":{"@id":"https:\/\/wp.kristdemokraterna.se\/tranas\/varstamma\/#primaryimage"},"image":{"@id":"https:\/\/wp.kristdemokraterna.se\/tranas\/varstamma\/#primaryimage"},"thumbnailUrl":"http:\/\/wp.kristdemokraterna.se\/tranas\/files\/2026\/03\/20260321_113356-1024x473.jpg","datePublished":"2026-03-24T09:20:02+00:00","dateModified":"2026-03-24T09:27:32+00:00","author":{"@id":"https:\/\/wp.kristdemokraterna.se\/tranas\/#\/schema\/person\/9154a2277effecccf001a7a35ad5c000"},"breadcrumb":{"@id":"https:\/\/wp.kristdemokraterna.se\/tranas\/varstamma\/#breadcrumb"},"inLanguage":"sv-SE","potentialAction":[{"@type":"ReadAction","target":["https:\/\/wp.kristdemokraterna.se\/tranas\/varstamma\/"]}]},{"@type":"ImageObject","inLanguage":"sv-SE","@id":"https:\/\/wp.kristdemokraterna.se\/tranas\/varstamma\/#primaryimage","url":"https:\/\/wp.kristdemokraterna.se\/tranas\/files\/2026\/03\/20260321_113356-scaled.jpg","contentUrl":"https:\/\/wp.kristdemokraterna.se\/tranas\/files\/2026\/03\/20260321_113356-scaled.jpg","width":2560,"height":1183},{"@type":"BreadcrumbList","@id":"https:\/\/wp.kristdemokraterna.se\/tranas\/varstamma\/#breadcrumb","itemListElement":[{"@type":"ListItem","position":1,"name":"Hem","item":"https:\/\/wp.kristdemokraterna.se\/tranas\/"},{"@type":"ListItem","position":2,"name":"V\u00e5rst\u00e4mma"}]},{"@type":"WebSite","@id":"https:\/\/wp.kristdemokraterna.se\/tranas\/#website","url":"https:\/\/wp.kristdemokraterna.se\/tranas\/","name":"Kristdemokraterna | Tran\u00e5s","description":"Kristdemokraterna i Tran\u00e5s webbplats","inLanguage":"sv-SE"},{"@type":"Person","@id":"https:\/\/wp.kristdemokraterna.se\/tranas\/#\/schema\/person\/9154a2277effecccf001a7a35ad5c000","name":"tranas","image":{"@type":"ImageObject","inLanguage":"sv-SE","@id":"https:\/\/secure.gravatar.com\/avatar\/2281f8c3f2d8c848e8131abee819246e3538220d5449f18ba8fee1ff04ec3f66?s=96&d=mm&r=g","url":"https:\/\/secure.gravatar.com\/avatar\/2281f8c3f2d8c848e8131abee819246e3538220d5449f18ba8fee1ff04ec3f66?s=96&d=mm&r=g","contentUrl":"https:\/\/secure.gravatar.com\/avatar\/2281f8c3f2d8c848e8131abee819246e3538220d5449f18ba8fee1ff04ec3f66?s=96&d=mm&r=g","caption":"tranas"},"sameAs":["helpdesk"],"url":"https:\/\/wp.kristdemokraterna.se\/tranas\/author\/tranas\/"}]}},"_links":{"self":[{"href":"https:\/\/wp.kristdemokraterna.se\/tranas\/wp-json\/wp\/v2\/posts\/1031","targetHints":{"allow":["GET"]}}],"collection":[{"href":"https:\/\/wp.kristdemokraterna.se\/tranas\/wp-json\/wp\/v2\/posts"}],"about":[{"href":"https:\/\/wp.kristdemokraterna.se\/tranas\/wp-json\/wp\/v2\/types\/post"}],"author":[{"embeddable":true,"href":"https:\/\/wp.kristdemokraterna.se\/tranas\/wp-json\/wp\/v2\/users\/469"}],"replies":[{"embeddable":true,"href":"https:\/\/wp.kristdemokraterna.se\/tranas\/wp-json\/wp\/v2\/comments?post=1031"}],"version-history":[{"count":4,"href":"https:\/\/wp.kristdemokraterna.se\/tranas\/wp-json\/wp\/v2\/posts\/1031\/revisions"}],"predecessor-version":[{"id":1039,"href":"https:\/\/wp.kristdemokraterna.se\/tranas\/wp-json\/wp\/v2\/posts\/1031\/revisions\/1039"}],"wp:attachment":[{"href":"https:\/\/wp.kristdemokraterna.se\/tranas\/wp-json\/wp\/v2\/media?parent=1031"}],"wp:term":[{"taxonomy":"category","embeddable":true,"href":"https:\/\/wp.kristdemokraterna.se\/tranas\/wp-json\/wp\/v2\/categories?post=1031"},{"taxonomy":"post_tag","embeddable":true,"href":"https:\/\/wp.kristdemokraterna.se\/tranas\/wp-json\/wp\/v2\/tags?post=1031"}],"curies":[{"name":"wp","href":"https:\/\/api.w.org\/{rel}","templated":true}]}}