{"id":915,"date":"2025-12-10T10:11:15","date_gmt":"2025-12-10T09:11:15","guid":{"rendered":"https:\/\/wp.kristdemokraterna.se\/trelleborg\/?p=915"},"modified":"2025-12-10T10:11:29","modified_gmt":"2025-12-10T09:11:29","slug":"strategi-for-att-bygga-sverige-starkt-igen","status":"publish","type":"post","link":"https:\/\/wp.kristdemokraterna.se\/trelleborg\/strategi-for-att-bygga-sverige-starkt-igen\/","title":{"rendered":"Strategi f\u00f6r att bygga Sverige starkt igen."},"content":{"rendered":"<div class=\"xdj266r x14z9mp xat24cr x1lziwak x1vvkbs x126k92a\">\n<div dir=\"auto\">Vi presenterar idag en strategi f\u00f6r att bygga Sverige starkt igen. Med r\u00e4tt v\u00e4rderingar och investeringar kan Sverige resa sig som tillv\u00e4xtnation.<\/div>\n<\/div>\n<div class=\"x14z9mp xat24cr x1lziwak x1vvkbs xtlvy1s x126k92a\">\n<div dir=\"auto\">N\u00e4r vi idag hyllar forskare och innovat\u00f6rer i Bl\u00e5 hallen ska vi p\u00e5minna oss om att framstegen aldrig skedde i ett politiskt vakuum. N\u00e4r v\u00e4rldens \u00f6gon riktas mot Stockholm och Nobelfestligheterna \u00e4r det ocks\u00e5 en hyllning till hoppet om en ljusare framtid.<\/div>\n<\/div>\n<div class=\"x14z9mp xat24cr x1lziwak x1vvkbs xtlvy1s x126k92a\">\n<div dir=\"auto\">Vi m\u00e5ste sluta l\u00e4gga byr\u00e5kratiska krokben p\u00e5 oss sj\u00e4lva. Sverige har en enorm potential. Vi \u00e4r v\u00e4rldsledande inom innovation, energi. Vi har en industri med unikt l\u00e5ga klimatutsl\u00e4pp. Men ist\u00e4llet f\u00f6r att f\u00f6rvalta och utveckla denna position, f\u00f6rsv\u00e5rar vi f\u00f6r oss sj\u00e4lva. Utdragna besluts- och tillst\u00e5ndsprocesser och \u00f6verbyr\u00e5krati h\u00e5ller oss tillbaka. Sverige beh\u00f6ver en politik som banar v\u00e4g f\u00f6r en ljus framtid. Kristdemokraterna f\u00f6resl\u00e5r nu fyra \u00e5tg\u00e4rder \u2013 f\u00f6r att Sverige ska kunna g\u00e5 fr\u00e5n passivitet till handling. Vi presenterar idag en strategi f\u00f6r att bygga Sverige starkt igen.<\/div>\n<\/div>\n<div class=\"x14z9mp xat24cr x1lziwak x1vvkbs xtlvy1s x126k92a\">\n<div dir=\"auto\">Sverige \u00e4r v\u00e5rt hem. L\u00e5t oss bygga det starkare, modigare och friare \u2013 igen. Det \u00e4r dags f\u00f6r Sverige att resa sig.<\/div>\n<\/div>\n","protected":false},"excerpt":{"rendered":"<p>Vi presenterar idag en strategi f\u00f6r att bygga Sverige starkt igen. Med r\u00e4tt v\u00e4rderingar och investeringar kan Sverige resa sig som tillv\u00e4xtnation. N\u00e4r vi idag hyllar forskare och innovat\u00f6rer i Bl\u00e5 hallen ska vi p\u00e5minna oss om att framstegen aldrig skedde i ett politiskt vakuum. N\u00e4r v\u00e4rldens \u00f6gon riktas mot Stockholm och Nobelfestligheterna \u00e4r det <a class=\"read-more-link\" href=\"https:\/\/wp.kristdemokraterna.se\/trelleborg\/strategi-for-att-bygga-sverige-starkt-igen\/\">L\u00e4s mer<\/a><\/p>\n","protected":false},"author":876,"featured_media":0,"comment_status":"closed","ping_status":"closed","sticky":false,"template":"","format":"standard","meta":{"_acf_changed":false,"footnotes":""},"categories":[12,4,5,11,10,1,3],"tags":[],"class_list":["post-915","post","type-post","status-publish","format-standard","hentry","category-familjer","category-i-kommunen","category-i-regionen","category-inlagg","category-nyheter","category-okategoriserade","category-var-politik"],"acf":[],"yoast_head":"<!-- This site is optimized with the Yoast SEO plugin v27.5 - https:\/\/yoast.com\/product\/yoast-seo-wordpress\/ -->\n<title>Strategi f\u00f6r att bygga Sverige starkt igen. - Kristdemokraterna | Trelleborg<\/title>\n<meta name=\"robots\" content=\"noindex, follow, max-snippet:-1, max-image-preview:large, max-video-preview:-1\" \/>\n<meta property=\"og:locale\" content=\"sv_SE\" \/>\n<meta property=\"og:type\" content=\"article\" \/>\n<meta property=\"og:title\" content=\"Strategi f\u00f6r att bygga Sverige starkt igen. - Kristdemokraterna | Trelleborg\" \/>\n<meta property=\"og:description\" content=\"Vi presenterar idag en strategi f\u00f6r att bygga Sverige starkt igen. Med r\u00e4tt v\u00e4rderingar och investeringar kan Sverige resa sig som tillv\u00e4xtnation. N\u00e4r vi idag hyllar forskare och innovat\u00f6rer i Bl\u00e5 hallen ska vi p\u00e5minna oss om att framstegen aldrig skedde i ett politiskt vakuum. N\u00e4r v\u00e4rldens \u00f6gon riktas mot Stockholm och Nobelfestligheterna \u00e4r det L\u00e4s mer\" \/>\n<meta property=\"og:url\" content=\"https:\/\/wp.kristdemokraterna.se\/trelleborg\/strategi-for-att-bygga-sverige-starkt-igen\/\" \/>\n<meta property=\"og:site_name\" content=\"Kristdemokraterna | Trelleborg\" \/>\n<meta property=\"article:published_time\" content=\"2025-12-10T09:11:15+00:00\" \/>\n<meta property=\"article:modified_time\" content=\"2025-12-10T09:11:29+00:00\" \/>\n<meta name=\"author\" content=\"Kristdemokraterna Trelleborg\" \/>\n<meta name=\"twitter:card\" content=\"summary_large_image\" \/>\n<meta name=\"twitter:label1\" content=\"Skriven av\" \/>\n\t<meta name=\"twitter:data1\" content=\"Kristdemokraterna Trelleborg\" \/>\n\t<meta name=\"twitter:label2\" content=\"Ber\u00e4knad l\u00e4stid\" \/>\n\t<meta name=\"twitter:data2\" content=\"1 minut\" \/>\n<script type=\"application\/ld+json\" class=\"yoast-schema-graph\">{\"@context\":\"https:\\\/\\\/schema.org\",\"@graph\":[{\"@type\":\"Article\",\"@id\":\"https:\\\/\\\/wp.kristdemokraterna.se\\\/trelleborg\\\/strategi-for-att-bygga-sverige-starkt-igen\\\/#article\",\"isPartOf\":{\"@id\":\"https:\\\/\\\/wp.kristdemokraterna.se\\\/trelleborg\\\/strategi-for-att-bygga-sverige-starkt-igen\\\/\"},\"author\":{\"name\":\"Kristdemokraterna Trelleborg\",\"@id\":\"https:\\\/\\\/wp.kristdemokraterna.se\\\/trelleborg\\\/#\\\/schema\\\/person\\\/f37a18cc76b541f1277fc80e402d1c25\"},\"headline\":\"Strategi f\u00f6r att bygga Sverige starkt igen.\",\"datePublished\":\"2025-12-10T09:11:15+00:00\",\"dateModified\":\"2025-12-10T09:11:29+00:00\",\"mainEntityOfPage\":{\"@id\":\"https:\\\/\\\/wp.kristdemokraterna.se\\\/trelleborg\\\/strategi-for-att-bygga-sverige-starkt-igen\\\/\"},\"wordCount\":219,\"articleSection\":{\"0\":\"familjer\",\"1\":\"I Kommunen\",\"2\":\"I Regionen\",\"3\":\"inl\u00e4gg\",\"4\":\"Nyheter\",\"6\":\"V\u00e5r politik\"},\"inLanguage\":\"sv-SE\"},{\"@type\":\"WebPage\",\"@id\":\"https:\\\/\\\/wp.kristdemokraterna.se\\\/trelleborg\\\/strategi-for-att-bygga-sverige-starkt-igen\\\/\",\"url\":\"https:\\\/\\\/wp.kristdemokraterna.se\\\/trelleborg\\\/strategi-for-att-bygga-sverige-starkt-igen\\\/\",\"name\":\"Strategi f\u00f6r att bygga Sverige starkt igen. - Kristdemokraterna | Trelleborg\",\"isPartOf\":{\"@id\":\"https:\\\/\\\/wp.kristdemokraterna.se\\\/trelleborg\\\/#website\"},\"datePublished\":\"2025-12-10T09:11:15+00:00\",\"dateModified\":\"2025-12-10T09:11:29+00:00\",\"author\":{\"@id\":\"https:\\\/\\\/wp.kristdemokraterna.se\\\/trelleborg\\\/#\\\/schema\\\/person\\\/f37a18cc76b541f1277fc80e402d1c25\"},\"breadcrumb\":{\"@id\":\"https:\\\/\\\/wp.kristdemokraterna.se\\\/trelleborg\\\/strategi-for-att-bygga-sverige-starkt-igen\\\/#breadcrumb\"},\"inLanguage\":\"sv-SE\",\"potentialAction\":[{\"@type\":\"ReadAction\",\"target\":[\"https:\\\/\\\/wp.kristdemokraterna.se\\\/trelleborg\\\/strategi-for-att-bygga-sverige-starkt-igen\\\/\"]}]},{\"@type\":\"BreadcrumbList\",\"@id\":\"https:\\\/\\\/wp.kristdemokraterna.se\\\/trelleborg\\\/strategi-for-att-bygga-sverige-starkt-igen\\\/#breadcrumb\",\"itemListElement\":[{\"@type\":\"ListItem\",\"position\":1,\"name\":\"Hem\",\"item\":\"https:\\\/\\\/wp.kristdemokraterna.se\\\/trelleborg\\\/\"},{\"@type\":\"ListItem\",\"position\":2,\"name\":\"Strategi f\u00f6r att bygga Sverige starkt igen.\"}]},{\"@type\":\"WebSite\",\"@id\":\"https:\\\/\\\/wp.kristdemokraterna.se\\\/trelleborg\\\/#website\",\"url\":\"https:\\\/\\\/wp.kristdemokraterna.se\\\/trelleborg\\\/\",\"name\":\"Kristdemokraterna | Trelleborg\",\"description\":\"En till Kristdemokraterna webbplats\",\"inLanguage\":\"sv-SE\"},{\"@type\":\"Person\",\"@id\":\"https:\\\/\\\/wp.kristdemokraterna.se\\\/trelleborg\\\/#\\\/schema\\\/person\\\/f37a18cc76b541f1277fc80e402d1c25\",\"name\":\"Kristdemokraterna Trelleborg\",\"image\":{\"@type\":\"ImageObject\",\"inLanguage\":\"sv-SE\",\"@id\":\"https:\\\/\\\/secure.gravatar.com\\\/avatar\\\/b0225337d27f847765625c07fc6842396359d94142ea7f732e965d8cae0173d0?s=96&d=mm&r=g\",\"url\":\"https:\\\/\\\/secure.gravatar.com\\\/avatar\\\/b0225337d27f847765625c07fc6842396359d94142ea7f732e965d8cae0173d0?s=96&d=mm&r=g\",\"contentUrl\":\"https:\\\/\\\/secure.gravatar.com\\\/avatar\\\/b0225337d27f847765625c07fc6842396359d94142ea7f732e965d8cae0173d0?s=96&d=mm&r=g\",\"caption\":\"Kristdemokraterna Trelleborg\"},\"url\":\"https:\\\/\\\/wp.kristdemokraterna.se\\\/trelleborg\\\/author\\\/trelleborg\\\/\"}]}<\/script>\n<!-- \/ Yoast SEO plugin. -->","yoast_head_json":{"title":"Strategi f\u00f6r att bygga Sverige starkt igen. - Kristdemokraterna | Trelleborg","robots":{"index":"noindex","follow":"follow","max-snippet":"max-snippet:-1","max-image-preview":"max-image-preview:large","max-video-preview":"max-video-preview:-1"},"og_locale":"sv_SE","og_type":"article","og_title":"Strategi f\u00f6r att bygga Sverige starkt igen. - Kristdemokraterna | Trelleborg","og_description":"Vi presenterar idag en strategi f\u00f6r att bygga Sverige starkt igen. Med r\u00e4tt v\u00e4rderingar och investeringar kan Sverige resa sig som tillv\u00e4xtnation. N\u00e4r vi idag hyllar forskare och innovat\u00f6rer i Bl\u00e5 hallen ska vi p\u00e5minna oss om att framstegen aldrig skedde i ett politiskt vakuum. N\u00e4r v\u00e4rldens \u00f6gon riktas mot Stockholm och Nobelfestligheterna \u00e4r det L\u00e4s mer","og_url":"https:\/\/wp.kristdemokraterna.se\/trelleborg\/strategi-for-att-bygga-sverige-starkt-igen\/","og_site_name":"Kristdemokraterna | Trelleborg","article_published_time":"2025-12-10T09:11:15+00:00","article_modified_time":"2025-12-10T09:11:29+00:00","author":"Kristdemokraterna Trelleborg","twitter_card":"summary_large_image","twitter_misc":{"Skriven av":"Kristdemokraterna Trelleborg","Ber\u00e4knad l\u00e4stid":"1 minut"},"schema":{"@context":"https:\/\/schema.org","@graph":[{"@type":"Article","@id":"https:\/\/wp.kristdemokraterna.se\/trelleborg\/strategi-for-att-bygga-sverige-starkt-igen\/#article","isPartOf":{"@id":"https:\/\/wp.kristdemokraterna.se\/trelleborg\/strategi-for-att-bygga-sverige-starkt-igen\/"},"author":{"name":"Kristdemokraterna Trelleborg","@id":"https:\/\/wp.kristdemokraterna.se\/trelleborg\/#\/schema\/person\/f37a18cc76b541f1277fc80e402d1c25"},"headline":"Strategi f\u00f6r att bygga Sverige starkt igen.","datePublished":"2025-12-10T09:11:15+00:00","dateModified":"2025-12-10T09:11:29+00:00","mainEntityOfPage":{"@id":"https:\/\/wp.kristdemokraterna.se\/trelleborg\/strategi-for-att-bygga-sverige-starkt-igen\/"},"wordCount":219,"articleSection":{"0":"familjer","1":"I Kommunen","2":"I Regionen","3":"inl\u00e4gg","4":"Nyheter","6":"V\u00e5r politik"},"inLanguage":"sv-SE"},{"@type":"WebPage","@id":"https:\/\/wp.kristdemokraterna.se\/trelleborg\/strategi-for-att-bygga-sverige-starkt-igen\/","url":"https:\/\/wp.kristdemokraterna.se\/trelleborg\/strategi-for-att-bygga-sverige-starkt-igen\/","name":"Strategi f\u00f6r att bygga Sverige starkt igen. - Kristdemokraterna | Trelleborg","isPartOf":{"@id":"https:\/\/wp.kristdemokraterna.se\/trelleborg\/#website"},"datePublished":"2025-12-10T09:11:15+00:00","dateModified":"2025-12-10T09:11:29+00:00","author":{"@id":"https:\/\/wp.kristdemokraterna.se\/trelleborg\/#\/schema\/person\/f37a18cc76b541f1277fc80e402d1c25"},"breadcrumb":{"@id":"https:\/\/wp.kristdemokraterna.se\/trelleborg\/strategi-for-att-bygga-sverige-starkt-igen\/#breadcrumb"},"inLanguage":"sv-SE","potentialAction":[{"@type":"ReadAction","target":["https:\/\/wp.kristdemokraterna.se\/trelleborg\/strategi-for-att-bygga-sverige-starkt-igen\/"]}]},{"@type":"BreadcrumbList","@id":"https:\/\/wp.kristdemokraterna.se\/trelleborg\/strategi-for-att-bygga-sverige-starkt-igen\/#breadcrumb","itemListElement":[{"@type":"ListItem","position":1,"name":"Hem","item":"https:\/\/wp.kristdemokraterna.se\/trelleborg\/"},{"@type":"ListItem","position":2,"name":"Strategi f\u00f6r att bygga Sverige starkt igen."}]},{"@type":"WebSite","@id":"https:\/\/wp.kristdemokraterna.se\/trelleborg\/#website","url":"https:\/\/wp.kristdemokraterna.se\/trelleborg\/","name":"Kristdemokraterna | Trelleborg","description":"En till Kristdemokraterna webbplats","inLanguage":"sv-SE"},{"@type":"Person","@id":"https:\/\/wp.kristdemokraterna.se\/trelleborg\/#\/schema\/person\/f37a18cc76b541f1277fc80e402d1c25","name":"Kristdemokraterna Trelleborg","image":{"@type":"ImageObject","inLanguage":"sv-SE","@id":"https:\/\/secure.gravatar.com\/avatar\/b0225337d27f847765625c07fc6842396359d94142ea7f732e965d8cae0173d0?s=96&d=mm&r=g","url":"https:\/\/secure.gravatar.com\/avatar\/b0225337d27f847765625c07fc6842396359d94142ea7f732e965d8cae0173d0?s=96&d=mm&r=g","contentUrl":"https:\/\/secure.gravatar.com\/avatar\/b0225337d27f847765625c07fc6842396359d94142ea7f732e965d8cae0173d0?s=96&d=mm&r=g","caption":"Kristdemokraterna Trelleborg"},"url":"https:\/\/wp.kristdemokraterna.se\/trelleborg\/author\/trelleborg\/"}]}},"_links":{"self":[{"href":"https:\/\/wp.kristdemokraterna.se\/trelleborg\/wp-json\/wp\/v2\/posts\/915","targetHints":{"allow":["GET"]}}],"collection":[{"href":"https:\/\/wp.kristdemokraterna.se\/trelleborg\/wp-json\/wp\/v2\/posts"}],"about":[{"href":"https:\/\/wp.kristdemokraterna.se\/trelleborg\/wp-json\/wp\/v2\/types\/post"}],"author":[{"embeddable":true,"href":"https:\/\/wp.kristdemokraterna.se\/trelleborg\/wp-json\/wp\/v2\/users\/876"}],"replies":[{"embeddable":true,"href":"https:\/\/wp.kristdemokraterna.se\/trelleborg\/wp-json\/wp\/v2\/comments?post=915"}],"version-history":[{"count":1,"href":"https:\/\/wp.kristdemokraterna.se\/trelleborg\/wp-json\/wp\/v2\/posts\/915\/revisions"}],"predecessor-version":[{"id":917,"href":"https:\/\/wp.kristdemokraterna.se\/trelleborg\/wp-json\/wp\/v2\/posts\/915\/revisions\/917"}],"wp:attachment":[{"href":"https:\/\/wp.kristdemokraterna.se\/trelleborg\/wp-json\/wp\/v2\/media?parent=915"}],"wp:term":[{"taxonomy":"category","embeddable":true,"href":"https:\/\/wp.kristdemokraterna.se\/trelleborg\/wp-json\/wp\/v2\/categories?post=915"},{"taxonomy":"post_tag","embeddable":true,"href":"https:\/\/wp.kristdemokraterna.se\/trelleborg\/wp-json\/wp\/v2\/tags?post=915"}],"curies":[{"name":"wp","href":"https:\/\/api.w.org\/{rel}","templated":true}]}}