{"id":109,"date":"2013-10-19T21:14:26","date_gmt":"2013-10-19T19:14:26","guid":{"rendered":"http:\/\/wp.kristdemokraterna.se\/trosa\/?p=109"},"modified":"2022-03-02T19:47:58","modified_gmt":"2022-03-02T18:47:58","slug":"gilla-olika-pa-riktigt","status":"publish","type":"post","link":"https:\/\/wp.kristdemokraterna.se\/trosa\/gilla-olika-pa-riktigt\/","title":{"rendered":"Gilla olika &#8211; p\u00e5 riktigt!"},"content":{"rendered":"<p>Alla barn ska ha samma f\u00f6ruts\u00e4ttningar s\u00e4ger sosseriet. I betydelsen att alla barn ska vara p\u00e5 f\u00f6rskola f\u00f6rst\u00e5s, g\u00e4rna heltid! (Socialdemokraterna vill att barn till arbetsl\u00f6sa och f\u00f6r\u00e4ldralediga ska ha r\u00e4tt till heltidsf\u00f6rskola)<\/p>\n<p>Men vad man inte verkar ta med i ber\u00e4kningen \u00e4r att alla barn inte \u00e4r likadana.<\/p>\n<p>Vi kan ju t\u00e4nka oss ett ett barn med en social, extrovert personlighet som har l\u00e4tt att ta till sig nya kontakter och m\u00e4nniskor i sin omgivning. F\u00f6r ett s\u00e5dant barn kan f\u00f6rskola absolut vara det b\u00e4sta valet. De f\u00e5r m\u00f6jlighet att tr\u00e4ffa barn och vuxna av alla de slag och utvecklas p\u00e5 ett positivt s\u00e4tt.<\/p>\n<p>Men alla barn har ju inte samma personlighet, vi kan ocks\u00e5 t\u00e4nka oss ett barn med en blyg, introvert personlighet. Som trivs bra i mindre sammanhang, som m\u00e5r d\u00e5ligt av att ha m\u00e5nga m\u00e4nniskor omkring sig. s\u00e4rskilt m\u00e4nniskor de inte k\u00e4nner s\u00e5 v\u00e4l. F\u00f6r de barnen kan f\u00f6rskolemilj\u00f6n vara direkt f\u00f6r\u00f6dande. Skapa \u00e5ngest redan i l\u00e5g \u00e5lder!<\/p>\n<p>&#8211; Men d\u00e5 m\u00e5ste vi se till att f\u00f6rskolan blir lika bra \u00e4ven f\u00f6r de barnen, s\u00e4ger n\u00e5gon.<br \/>\n&#8211; Men det \u00e4r ju praktiskt om\u00f6jligt, svarar varje person som n\u00e5gonsin satt sin fot i en f\u00f6rskola, (vilket jag ibland \u00e4r tveksam till om m\u00e5nga politiker verkligen har gjort.)<\/p>\n<p>Samh\u00e4llet premierar de extroverta och vill helst att de introverta ska tvingas att leva precis som de. St\u00f6pa om alla tills de passar i samma form. Men det \u00e4r inte att ge barnen lika f\u00f6ruts\u00e4ttningar.<\/p>\n<p>Ska man verkligen ge barnen lika f\u00f6ruts\u00e4ttningar, m\u00e5ste de vara baserade p\u00e5 deras egna medf\u00f6dda f\u00f6ruts\u00e4ttningar. Och vem borde k\u00e4nna till dem? Jo, f\u00f6r\u00e4ldrarna s\u00e5klart! \u00c4r det n\u00e5gon som borde k\u00e4nna sina barn s\u00e5 \u00e4r det ju de som lever dem n\u00e4rmast!<\/p>\n<p>Jag har skrivit det f\u00f6rr, men det t\u00e5l att upprepas, vi beh\u00f6ver uppv\u00e4rdera f\u00f6r\u00e4ldraskapet! Vi m\u00e5ste f\u00e5 f\u00f6r\u00e4ldrar i v\u00e5rt land att tro p\u00e5 sig sj\u00e4lva, tro p\u00e5 att de \u00e4r de viktigaste personerna i barnens liv!<\/p>\n<div>\n<p>Det \u00e4r inte n\u00f6dv\u00e4ndigt f\u00f6r alla barn att vara p\u00e5 f\u00f6rskola, \u00e4ven f\u00f6r\u00e4ldrar kan l\u00e4ra sina barn grundl\u00e4ggande saker.<\/p>\n<p>Jag vill framh\u00e5lla de ABC-kurser som p\u00e5b\u00f6rjats i landet. Ett fantastiskt initiativ d\u00e4r man l\u00e4r f\u00f6r\u00e4ldrarna att tro p\u00e5 sig sj\u00e4lva, att vara F\u00f6r\u00e4lder. Och n\u00e4r man har l\u00e4rt sig det, kan man se om ens barn kanske beh\u00f6ver vara hemma lite l\u00e4ngre. Och d\u00e5 ska vi som politiker ge dem m\u00f6jlighet till det.<\/p>\n<\/div>\n<div><\/div>\n<div>\n<p>F\u00f6r att komma runt det klassiska pratet om kvinnof\u00e4lla n\u00e4r man pratar om hemmavarande barn s\u00e5 tycker jag att alla pengar som hemmavarande f\u00f6r\u00e4ldrar f\u00e5r, ska vara pensionsgrundande.<\/p>\n<p>F\u00f6r vidarel\u00e4sning om att vara introvert och extrovert kan ni b\u00f6rja h\u00e4r:<\/p>\n<\/div>\n<div><\/div>\n<div>\n<p><a href=\"http:\/\/www.epochtimes.se\/articles\/2013\/07\/14\/25463.html\">http:\/\/www.epochtimes.se\/articles\/2013\/07\/14\/25463.htm<\/a><\/p>\n<\/div>\n<div><\/div>\n","protected":false},"excerpt":{"rendered":"<p>Alla barn ska ha samma f\u00f6ruts\u00e4ttningar s\u00e4ger sosseriet. I betydelsen att alla barn ska vara p\u00e5 f\u00f6rskola f\u00f6rst\u00e5s, g\u00e4rna heltid! (Socialdemokraterna vill att barn till arbetsl\u00f6sa och f\u00f6r\u00e4ldralediga ska ha r\u00e4tt till heltidsf\u00f6rskola) Men vad man inte verkar ta med i ber\u00e4kningen \u00e4r att alla barn inte \u00e4r likadana. Vi kan ju t\u00e4nka oss ett <a class=\"read-more-link\" href=\"https:\/\/wp.kristdemokraterna.se\/trosa\/gilla-olika-pa-riktigt\/\">Read More<\/a><\/p>\n","protected":false},"author":406,"featured_media":160,"comment_status":"closed","ping_status":"closed","sticky":false,"template":"","format":"standard","meta":{"_acf_changed":false,"footnotes":""},"categories":[8],"tags":[],"class_list":["post-109","post","type-post","status-publish","format-standard","hentry","category-politik"],"acf":[],"yoast_head":"<!-- This site is optimized with the Yoast SEO plugin v27.5 - https:\/\/yoast.com\/product\/yoast-seo-wordpress\/ -->\n<title>Gilla olika - p\u00e5 riktigt! - Trosa<\/title>\n<meta name=\"robots\" content=\"index, follow, max-snippet:-1, max-image-preview:large, max-video-preview:-1\" \/>\n<link rel=\"canonical\" href=\"https:\/\/wp.kristdemokraterna.se\/trosa\/gilla-olika-pa-riktigt\/\" \/>\n<meta property=\"og:locale\" content=\"sv_SE\" \/>\n<meta property=\"og:type\" content=\"article\" \/>\n<meta property=\"og:title\" content=\"Gilla olika - p\u00e5 riktigt! - Trosa\" \/>\n<meta property=\"og:description\" content=\"Alla barn ska ha samma f\u00f6ruts\u00e4ttningar s\u00e4ger sosseriet. I betydelsen att alla barn ska vara p\u00e5 f\u00f6rskola f\u00f6rst\u00e5s, g\u00e4rna heltid! (Socialdemokraterna vill att barn till arbetsl\u00f6sa och f\u00f6r\u00e4ldralediga ska ha r\u00e4tt till heltidsf\u00f6rskola) Men vad man inte verkar ta med i ber\u00e4kningen \u00e4r att alla barn inte \u00e4r likadana. Vi kan ju t\u00e4nka oss ett Read More\" \/>\n<meta property=\"og:url\" content=\"https:\/\/wp.kristdemokraterna.se\/trosa\/gilla-olika-pa-riktigt\/\" \/>\n<meta property=\"og:site_name\" content=\"Trosa\" \/>\n<meta property=\"article:published_time\" content=\"2013-10-19T19:14:26+00:00\" \/>\n<meta property=\"article:modified_time\" content=\"2022-03-02T18:47:58+00:00\" \/>\n<meta property=\"og:image\" content=\"http:\/\/wp.kristdemokraterna.se\/trosa\/files\/2013\/10\/handihand.jpg\" \/>\n\t<meta property=\"og:image:width\" content=\"300\" \/>\n\t<meta property=\"og:image:height\" content=\"300\" \/>\n\t<meta property=\"og:image:type\" content=\"image\/jpeg\" \/>\n<meta name=\"author\" content=\"KDTrosa\" \/>\n<meta name=\"twitter:card\" content=\"summary_large_image\" \/>\n<meta name=\"twitter:label1\" content=\"Skriven av\" \/>\n\t<meta name=\"twitter:data1\" content=\"KDTrosa\" \/>\n\t<meta name=\"twitter:label2\" content=\"Ber\u00e4knad l\u00e4stid\" \/>\n\t<meta name=\"twitter:data2\" content=\"3 minuter\" \/>\n<script type=\"application\/ld+json\" class=\"yoast-schema-graph\">{\"@context\":\"https:\\\/\\\/schema.org\",\"@graph\":[{\"@type\":\"Article\",\"@id\":\"https:\\\/\\\/wp.kristdemokraterna.se\\\/trosa\\\/gilla-olika-pa-riktigt\\\/#article\",\"isPartOf\":{\"@id\":\"https:\\\/\\\/wp.kristdemokraterna.se\\\/trosa\\\/gilla-olika-pa-riktigt\\\/\"},\"author\":{\"name\":\"KDTrosa\",\"@id\":\"https:\\\/\\\/wp.kristdemokraterna.se\\\/trosa\\\/#\\\/schema\\\/person\\\/ea6739f8ae51aae6bf22885df1a89df6\"},\"headline\":\"Gilla olika &#8211; p\u00e5 riktigt!\",\"datePublished\":\"2013-10-19T19:14:26+00:00\",\"dateModified\":\"2022-03-02T18:47:58+00:00\",\"mainEntityOfPage\":{\"@id\":\"https:\\\/\\\/wp.kristdemokraterna.se\\\/trosa\\\/gilla-olika-pa-riktigt\\\/\"},\"wordCount\":557,\"image\":{\"@id\":\"https:\\\/\\\/wp.kristdemokraterna.se\\\/trosa\\\/gilla-olika-pa-riktigt\\\/#primaryimage\"},\"thumbnailUrl\":\"https:\\\/\\\/wp.kristdemokraterna.se\\\/trosa\\\/files\\\/2013\\\/10\\\/handihand.jpg\",\"articleSection\":[\"Politik\"],\"inLanguage\":\"sv-SE\"},{\"@type\":\"WebPage\",\"@id\":\"https:\\\/\\\/wp.kristdemokraterna.se\\\/trosa\\\/gilla-olika-pa-riktigt\\\/\",\"url\":\"https:\\\/\\\/wp.kristdemokraterna.se\\\/trosa\\\/gilla-olika-pa-riktigt\\\/\",\"name\":\"Gilla olika - p\u00e5 riktigt! - Trosa\",\"isPartOf\":{\"@id\":\"https:\\\/\\\/wp.kristdemokraterna.se\\\/trosa\\\/#website\"},\"primaryImageOfPage\":{\"@id\":\"https:\\\/\\\/wp.kristdemokraterna.se\\\/trosa\\\/gilla-olika-pa-riktigt\\\/#primaryimage\"},\"image\":{\"@id\":\"https:\\\/\\\/wp.kristdemokraterna.se\\\/trosa\\\/gilla-olika-pa-riktigt\\\/#primaryimage\"},\"thumbnailUrl\":\"https:\\\/\\\/wp.kristdemokraterna.se\\\/trosa\\\/files\\\/2013\\\/10\\\/handihand.jpg\",\"datePublished\":\"2013-10-19T19:14:26+00:00\",\"dateModified\":\"2022-03-02T18:47:58+00:00\",\"author\":{\"@id\":\"https:\\\/\\\/wp.kristdemokraterna.se\\\/trosa\\\/#\\\/schema\\\/person\\\/ea6739f8ae51aae6bf22885df1a89df6\"},\"breadcrumb\":{\"@id\":\"https:\\\/\\\/wp.kristdemokraterna.se\\\/trosa\\\/gilla-olika-pa-riktigt\\\/#breadcrumb\"},\"inLanguage\":\"sv-SE\",\"potentialAction\":[{\"@type\":\"ReadAction\",\"target\":[\"https:\\\/\\\/wp.kristdemokraterna.se\\\/trosa\\\/gilla-olika-pa-riktigt\\\/\"]}]},{\"@type\":\"ImageObject\",\"inLanguage\":\"sv-SE\",\"@id\":\"https:\\\/\\\/wp.kristdemokraterna.se\\\/trosa\\\/gilla-olika-pa-riktigt\\\/#primaryimage\",\"url\":\"https:\\\/\\\/wp.kristdemokraterna.se\\\/trosa\\\/files\\\/2013\\\/10\\\/handihand.jpg\",\"contentUrl\":\"https:\\\/\\\/wp.kristdemokraterna.se\\\/trosa\\\/files\\\/2013\\\/10\\\/handihand.jpg\",\"width\":300,\"height\":300},{\"@type\":\"BreadcrumbList\",\"@id\":\"https:\\\/\\\/wp.kristdemokraterna.se\\\/trosa\\\/gilla-olika-pa-riktigt\\\/#breadcrumb\",\"itemListElement\":[{\"@type\":\"ListItem\",\"position\":1,\"name\":\"Hem\",\"item\":\"https:\\\/\\\/wp.kristdemokraterna.se\\\/trosa\\\/\"},{\"@type\":\"ListItem\",\"position\":2,\"name\":\"Gilla olika &#8211; p\u00e5 riktigt!\"}]},{\"@type\":\"WebSite\",\"@id\":\"https:\\\/\\\/wp.kristdemokraterna.se\\\/trosa\\\/#website\",\"url\":\"https:\\\/\\\/wp.kristdemokraterna.se\\\/trosa\\\/\",\"name\":\"Trosa\",\"description\":\"\",\"inLanguage\":\"sv-SE\"},{\"@type\":\"Person\",\"@id\":\"https:\\\/\\\/wp.kristdemokraterna.se\\\/trosa\\\/#\\\/schema\\\/person\\\/ea6739f8ae51aae6bf22885df1a89df6\",\"name\":\"KDTrosa\",\"image\":{\"@type\":\"ImageObject\",\"inLanguage\":\"sv-SE\",\"@id\":\"https:\\\/\\\/secure.gravatar.com\\\/avatar\\\/5ddad9b9acc124b0e8f99a40089922940731e0a888ac60147c7d96f99c412aa4?s=96&r=g\",\"url\":\"https:\\\/\\\/secure.gravatar.com\\\/avatar\\\/5ddad9b9acc124b0e8f99a40089922940731e0a888ac60147c7d96f99c412aa4?s=96&r=g\",\"contentUrl\":\"https:\\\/\\\/secure.gravatar.com\\\/avatar\\\/5ddad9b9acc124b0e8f99a40089922940731e0a888ac60147c7d96f99c412aa4?s=96&r=g\",\"caption\":\"KDTrosa\"},\"url\":\"https:\\\/\\\/wp.kristdemokraterna.se\\\/trosa\\\/author\\\/trosa\\\/\"}]}<\/script>\n<!-- \/ Yoast SEO plugin. -->","yoast_head_json":{"title":"Gilla olika - p\u00e5 riktigt! - Trosa","robots":{"index":"index","follow":"follow","max-snippet":"max-snippet:-1","max-image-preview":"max-image-preview:large","max-video-preview":"max-video-preview:-1"},"canonical":"https:\/\/wp.kristdemokraterna.se\/trosa\/gilla-olika-pa-riktigt\/","og_locale":"sv_SE","og_type":"article","og_title":"Gilla olika - p\u00e5 riktigt! - Trosa","og_description":"Alla barn ska ha samma f\u00f6ruts\u00e4ttningar s\u00e4ger sosseriet. I betydelsen att alla barn ska vara p\u00e5 f\u00f6rskola f\u00f6rst\u00e5s, g\u00e4rna heltid! (Socialdemokraterna vill att barn till arbetsl\u00f6sa och f\u00f6r\u00e4ldralediga ska ha r\u00e4tt till heltidsf\u00f6rskola) Men vad man inte verkar ta med i ber\u00e4kningen \u00e4r att alla barn inte \u00e4r likadana. Vi kan ju t\u00e4nka oss ett Read More","og_url":"https:\/\/wp.kristdemokraterna.se\/trosa\/gilla-olika-pa-riktigt\/","og_site_name":"Trosa","article_published_time":"2013-10-19T19:14:26+00:00","article_modified_time":"2022-03-02T18:47:58+00:00","og_image":[{"width":300,"height":300,"url":"http:\/\/wp.kristdemokraterna.se\/trosa\/files\/2013\/10\/handihand.jpg","type":"image\/jpeg"}],"author":"KDTrosa","twitter_card":"summary_large_image","twitter_misc":{"Skriven av":"KDTrosa","Ber\u00e4knad l\u00e4stid":"3 minuter"},"schema":{"@context":"https:\/\/schema.org","@graph":[{"@type":"Article","@id":"https:\/\/wp.kristdemokraterna.se\/trosa\/gilla-olika-pa-riktigt\/#article","isPartOf":{"@id":"https:\/\/wp.kristdemokraterna.se\/trosa\/gilla-olika-pa-riktigt\/"},"author":{"name":"KDTrosa","@id":"https:\/\/wp.kristdemokraterna.se\/trosa\/#\/schema\/person\/ea6739f8ae51aae6bf22885df1a89df6"},"headline":"Gilla olika &#8211; p\u00e5 riktigt!","datePublished":"2013-10-19T19:14:26+00:00","dateModified":"2022-03-02T18:47:58+00:00","mainEntityOfPage":{"@id":"https:\/\/wp.kristdemokraterna.se\/trosa\/gilla-olika-pa-riktigt\/"},"wordCount":557,"image":{"@id":"https:\/\/wp.kristdemokraterna.se\/trosa\/gilla-olika-pa-riktigt\/#primaryimage"},"thumbnailUrl":"https:\/\/wp.kristdemokraterna.se\/trosa\/files\/2013\/10\/handihand.jpg","articleSection":["Politik"],"inLanguage":"sv-SE"},{"@type":"WebPage","@id":"https:\/\/wp.kristdemokraterna.se\/trosa\/gilla-olika-pa-riktigt\/","url":"https:\/\/wp.kristdemokraterna.se\/trosa\/gilla-olika-pa-riktigt\/","name":"Gilla olika - p\u00e5 riktigt! - Trosa","isPartOf":{"@id":"https:\/\/wp.kristdemokraterna.se\/trosa\/#website"},"primaryImageOfPage":{"@id":"https:\/\/wp.kristdemokraterna.se\/trosa\/gilla-olika-pa-riktigt\/#primaryimage"},"image":{"@id":"https:\/\/wp.kristdemokraterna.se\/trosa\/gilla-olika-pa-riktigt\/#primaryimage"},"thumbnailUrl":"https:\/\/wp.kristdemokraterna.se\/trosa\/files\/2013\/10\/handihand.jpg","datePublished":"2013-10-19T19:14:26+00:00","dateModified":"2022-03-02T18:47:58+00:00","author":{"@id":"https:\/\/wp.kristdemokraterna.se\/trosa\/#\/schema\/person\/ea6739f8ae51aae6bf22885df1a89df6"},"breadcrumb":{"@id":"https:\/\/wp.kristdemokraterna.se\/trosa\/gilla-olika-pa-riktigt\/#breadcrumb"},"inLanguage":"sv-SE","potentialAction":[{"@type":"ReadAction","target":["https:\/\/wp.kristdemokraterna.se\/trosa\/gilla-olika-pa-riktigt\/"]}]},{"@type":"ImageObject","inLanguage":"sv-SE","@id":"https:\/\/wp.kristdemokraterna.se\/trosa\/gilla-olika-pa-riktigt\/#primaryimage","url":"https:\/\/wp.kristdemokraterna.se\/trosa\/files\/2013\/10\/handihand.jpg","contentUrl":"https:\/\/wp.kristdemokraterna.se\/trosa\/files\/2013\/10\/handihand.jpg","width":300,"height":300},{"@type":"BreadcrumbList","@id":"https:\/\/wp.kristdemokraterna.se\/trosa\/gilla-olika-pa-riktigt\/#breadcrumb","itemListElement":[{"@type":"ListItem","position":1,"name":"Hem","item":"https:\/\/wp.kristdemokraterna.se\/trosa\/"},{"@type":"ListItem","position":2,"name":"Gilla olika &#8211; p\u00e5 riktigt!"}]},{"@type":"WebSite","@id":"https:\/\/wp.kristdemokraterna.se\/trosa\/#website","url":"https:\/\/wp.kristdemokraterna.se\/trosa\/","name":"Trosa","description":"","inLanguage":"sv-SE"},{"@type":"Person","@id":"https:\/\/wp.kristdemokraterna.se\/trosa\/#\/schema\/person\/ea6739f8ae51aae6bf22885df1a89df6","name":"KDTrosa","image":{"@type":"ImageObject","inLanguage":"sv-SE","@id":"https:\/\/secure.gravatar.com\/avatar\/5ddad9b9acc124b0e8f99a40089922940731e0a888ac60147c7d96f99c412aa4?s=96&r=g","url":"https:\/\/secure.gravatar.com\/avatar\/5ddad9b9acc124b0e8f99a40089922940731e0a888ac60147c7d96f99c412aa4?s=96&r=g","contentUrl":"https:\/\/secure.gravatar.com\/avatar\/5ddad9b9acc124b0e8f99a40089922940731e0a888ac60147c7d96f99c412aa4?s=96&r=g","caption":"KDTrosa"},"url":"https:\/\/wp.kristdemokraterna.se\/trosa\/author\/trosa\/"}]}},"_links":{"self":[{"href":"https:\/\/wp.kristdemokraterna.se\/trosa\/wp-json\/wp\/v2\/posts\/109","targetHints":{"allow":["GET"]}}],"collection":[{"href":"https:\/\/wp.kristdemokraterna.se\/trosa\/wp-json\/wp\/v2\/posts"}],"about":[{"href":"https:\/\/wp.kristdemokraterna.se\/trosa\/wp-json\/wp\/v2\/types\/post"}],"author":[{"embeddable":true,"href":"https:\/\/wp.kristdemokraterna.se\/trosa\/wp-json\/wp\/v2\/users\/406"}],"replies":[{"embeddable":true,"href":"https:\/\/wp.kristdemokraterna.se\/trosa\/wp-json\/wp\/v2\/comments?post=109"}],"version-history":[{"count":5,"href":"https:\/\/wp.kristdemokraterna.se\/trosa\/wp-json\/wp\/v2\/posts\/109\/revisions"}],"predecessor-version":[{"id":161,"href":"https:\/\/wp.kristdemokraterna.se\/trosa\/wp-json\/wp\/v2\/posts\/109\/revisions\/161"}],"wp:featuredmedia":[{"embeddable":true,"href":"https:\/\/wp.kristdemokraterna.se\/trosa\/wp-json\/wp\/v2\/media\/160"}],"wp:attachment":[{"href":"https:\/\/wp.kristdemokraterna.se\/trosa\/wp-json\/wp\/v2\/media?parent=109"}],"wp:term":[{"taxonomy":"category","embeddable":true,"href":"https:\/\/wp.kristdemokraterna.se\/trosa\/wp-json\/wp\/v2\/categories?post=109"},{"taxonomy":"post_tag","embeddable":true,"href":"https:\/\/wp.kristdemokraterna.se\/trosa\/wp-json\/wp\/v2\/tags?post=109"}],"curies":[{"name":"wp","href":"https:\/\/api.w.org\/{rel}","templated":true}]}}