{"id":230,"date":"2022-03-02T19:07:26","date_gmt":"2022-03-02T18:07:26","guid":{"rendered":"https:\/\/wp.kristdemokraterna.se\/trosa\/?p=230"},"modified":"2022-03-02T19:47:27","modified_gmt":"2022-03-02T18:47:27","slug":"for-en-tryggare-alderdom-i-trosa","status":"publish","type":"post","link":"https:\/\/wp.kristdemokraterna.se\/trosa\/for-en-tryggare-alderdom-i-trosa\/","title":{"rendered":"F\u00f6r en tryggare \u00e5lderdom i Trosa"},"content":{"rendered":"<div class=\"kvgmc6g5 cxmmr5t8 oygrvhab hcukyx3x c1et5uql ii04i59q\">\n<div dir=\"auto\"><\/div>\n<\/div>\n<div class=\"cxmmr5t8 oygrvhab hcukyx3x c1et5uql o9v6fnle ii04i59q\">\n<div dir=\"auto\">Trosa kommun \u00e4r f\u00f6r m\u00e5nga ett attraktivt boende. D\u00e4r man trivs vill man ocks\u00e5 \u00e5ldras och d\u00e4rf\u00f6r \u00e4r det viktigt med ett flexibelt och varierat utbud av boende och omsorg f\u00f6r \u00e4ldre.<\/div>\n<\/div>\n<div class=\"cxmmr5t8 oygrvhab hcukyx3x c1et5uql o9v6fnle ii04i59q\">\n<div dir=\"auto\">Vi vill bygga en kommun d\u00e4r m\u00e4nniskor kan \u00e5ldras i trygghet och med v\u00e4rdighet.<\/div>\n<\/div>\n<div class=\"cxmmr5t8 oygrvhab hcukyx3x c1et5uql o9v6fnle ii04i59q\">\n<div dir=\"auto\">Vill du utveckla politik f\u00f6r att g\u00f6ra Trosa till en \u00e4nnu b\u00e4ttre kommun att leva och \u00e5ldras i? G\u00e5 med i KD! <a class=\"oajrlxb2 g5ia77u1 qu0x051f esr5mh6w e9989ue4 r7d6kgcz rq0escxv nhd2j8a9 nc684nl6 p7hjln8o kvgmc6g5 cxmmr5t8 oygrvhab hcukyx3x jb3vyjys rz4wbd8a qt6c0cv9 a8nywdso i1ao9s8h esuyzwwr f1sip0of lzcic4wl gpro0wi8 py34i1dx\" role=\"link\" href=\"http:\/\/kd.nu\/blimedlem?fbclid=IwAR1tV0G4KtHxi40mQDa0eiM3RgNf5GrcYCsIO8-w48QQIPWyr8Gyr_y9BGQ\" target=\"_blank\" rel=\"nofollow noopener\">kd.nu\/blimedlem<\/a><\/div>\n<\/div>\n","protected":false},"excerpt":{"rendered":"<p>Trosa kommun \u00e4r f\u00f6r m\u00e5nga ett attraktivt boende. D\u00e4r man trivs vill man ocks\u00e5 \u00e5ldras och d\u00e4rf\u00f6r \u00e4r det viktigt med ett flexibelt och varierat utbud av boende och omsorg f\u00f6r \u00e4ldre. Vi vill bygga en kommun d\u00e4r m\u00e4nniskor kan \u00e5ldras i trygghet och med v\u00e4rdighet. Vill du utveckla politik f\u00f6r att g\u00f6ra Trosa till <a class=\"read-more-link\" href=\"https:\/\/wp.kristdemokraterna.se\/trosa\/for-en-tryggare-alderdom-i-trosa\/\">Read More<\/a><\/p>\n","protected":false},"author":406,"featured_media":0,"comment_status":"closed","ping_status":"closed","sticky":false,"template":"","format":"standard","meta":{"_acf_changed":false,"footnotes":""},"categories":[8],"tags":[],"class_list":["post-230","post","type-post","status-publish","format-standard","hentry","category-politik"],"acf":[],"yoast_head":"<!-- This site is optimized with the Yoast SEO plugin v27.4 - https:\/\/yoast.com\/product\/yoast-seo-wordpress\/ -->\n<title>F\u00f6r en tryggare \u00e5lderdom i Trosa - Trosa<\/title>\n<meta name=\"robots\" content=\"index, follow, max-snippet:-1, max-image-preview:large, max-video-preview:-1\" \/>\n<link rel=\"canonical\" href=\"https:\/\/wp.kristdemokraterna.se\/trosa\/for-en-tryggare-alderdom-i-trosa\/\" \/>\n<meta property=\"og:locale\" content=\"sv_SE\" \/>\n<meta property=\"og:type\" content=\"article\" \/>\n<meta property=\"og:title\" content=\"F\u00f6r en tryggare \u00e5lderdom i Trosa - Trosa\" \/>\n<meta property=\"og:description\" content=\"Trosa kommun \u00e4r f\u00f6r m\u00e5nga ett attraktivt boende. D\u00e4r man trivs vill man ocks\u00e5 \u00e5ldras och d\u00e4rf\u00f6r \u00e4r det viktigt med ett flexibelt och varierat utbud av boende och omsorg f\u00f6r \u00e4ldre. Vi vill bygga en kommun d\u00e4r m\u00e4nniskor kan \u00e5ldras i trygghet och med v\u00e4rdighet. Vill du utveckla politik f\u00f6r att g\u00f6ra Trosa till Read More\" \/>\n<meta property=\"og:url\" content=\"https:\/\/wp.kristdemokraterna.se\/trosa\/for-en-tryggare-alderdom-i-trosa\/\" \/>\n<meta property=\"og:site_name\" content=\"Trosa\" \/>\n<meta property=\"article:published_time\" content=\"2022-03-02T18:07:26+00:00\" \/>\n<meta property=\"article:modified_time\" content=\"2022-03-02T18:47:27+00:00\" \/>\n<meta name=\"author\" content=\"KDTrosa\" \/>\n<meta name=\"twitter:card\" content=\"summary_large_image\" \/>\n<meta name=\"twitter:label1\" content=\"Skriven av\" \/>\n\t<meta name=\"twitter:data1\" content=\"KDTrosa\" \/>\n<script type=\"application\/ld+json\" class=\"yoast-schema-graph\">{\"@context\":\"https:\\\/\\\/schema.org\",\"@graph\":[{\"@type\":\"Article\",\"@id\":\"https:\\\/\\\/wp.kristdemokraterna.se\\\/trosa\\\/for-en-tryggare-alderdom-i-trosa\\\/#article\",\"isPartOf\":{\"@id\":\"https:\\\/\\\/wp.kristdemokraterna.se\\\/trosa\\\/for-en-tryggare-alderdom-i-trosa\\\/\"},\"author\":{\"name\":\"KDTrosa\",\"@id\":\"https:\\\/\\\/wp.kristdemokraterna.se\\\/trosa\\\/#\\\/schema\\\/person\\\/ea6739f8ae51aae6bf22885df1a89df6\"},\"headline\":\"F\u00f6r en tryggare \u00e5lderdom i Trosa\",\"datePublished\":\"2022-03-02T18:07:26+00:00\",\"dateModified\":\"2022-03-02T18:47:27+00:00\",\"mainEntityOfPage\":{\"@id\":\"https:\\\/\\\/wp.kristdemokraterna.se\\\/trosa\\\/for-en-tryggare-alderdom-i-trosa\\\/\"},\"wordCount\":90,\"articleSection\":[\"Politik\"],\"inLanguage\":\"sv-SE\"},{\"@type\":\"WebPage\",\"@id\":\"https:\\\/\\\/wp.kristdemokraterna.se\\\/trosa\\\/for-en-tryggare-alderdom-i-trosa\\\/\",\"url\":\"https:\\\/\\\/wp.kristdemokraterna.se\\\/trosa\\\/for-en-tryggare-alderdom-i-trosa\\\/\",\"name\":\"F\u00f6r en tryggare \u00e5lderdom i Trosa - Trosa\",\"isPartOf\":{\"@id\":\"https:\\\/\\\/wp.kristdemokraterna.se\\\/trosa\\\/#website\"},\"datePublished\":\"2022-03-02T18:07:26+00:00\",\"dateModified\":\"2022-03-02T18:47:27+00:00\",\"author\":{\"@id\":\"https:\\\/\\\/wp.kristdemokraterna.se\\\/trosa\\\/#\\\/schema\\\/person\\\/ea6739f8ae51aae6bf22885df1a89df6\"},\"breadcrumb\":{\"@id\":\"https:\\\/\\\/wp.kristdemokraterna.se\\\/trosa\\\/for-en-tryggare-alderdom-i-trosa\\\/#breadcrumb\"},\"inLanguage\":\"sv-SE\",\"potentialAction\":[{\"@type\":\"ReadAction\",\"target\":[\"https:\\\/\\\/wp.kristdemokraterna.se\\\/trosa\\\/for-en-tryggare-alderdom-i-trosa\\\/\"]}]},{\"@type\":\"BreadcrumbList\",\"@id\":\"https:\\\/\\\/wp.kristdemokraterna.se\\\/trosa\\\/for-en-tryggare-alderdom-i-trosa\\\/#breadcrumb\",\"itemListElement\":[{\"@type\":\"ListItem\",\"position\":1,\"name\":\"Hem\",\"item\":\"https:\\\/\\\/wp.kristdemokraterna.se\\\/trosa\\\/\"},{\"@type\":\"ListItem\",\"position\":2,\"name\":\"F\u00f6r en tryggare \u00e5lderdom i Trosa\"}]},{\"@type\":\"WebSite\",\"@id\":\"https:\\\/\\\/wp.kristdemokraterna.se\\\/trosa\\\/#website\",\"url\":\"https:\\\/\\\/wp.kristdemokraterna.se\\\/trosa\\\/\",\"name\":\"Trosa\",\"description\":\"\",\"inLanguage\":\"sv-SE\"},{\"@type\":\"Person\",\"@id\":\"https:\\\/\\\/wp.kristdemokraterna.se\\\/trosa\\\/#\\\/schema\\\/person\\\/ea6739f8ae51aae6bf22885df1a89df6\",\"name\":\"KDTrosa\",\"image\":{\"@type\":\"ImageObject\",\"inLanguage\":\"sv-SE\",\"@id\":\"https:\\\/\\\/secure.gravatar.com\\\/avatar\\\/5ddad9b9acc124b0e8f99a40089922940731e0a888ac60147c7d96f99c412aa4?s=96&r=g\",\"url\":\"https:\\\/\\\/secure.gravatar.com\\\/avatar\\\/5ddad9b9acc124b0e8f99a40089922940731e0a888ac60147c7d96f99c412aa4?s=96&r=g\",\"contentUrl\":\"https:\\\/\\\/secure.gravatar.com\\\/avatar\\\/5ddad9b9acc124b0e8f99a40089922940731e0a888ac60147c7d96f99c412aa4?s=96&r=g\",\"caption\":\"KDTrosa\"},\"url\":\"https:\\\/\\\/wp.kristdemokraterna.se\\\/trosa\\\/author\\\/trosa\\\/\"}]}<\/script>\n<!-- \/ Yoast SEO plugin. -->","yoast_head_json":{"title":"F\u00f6r en tryggare \u00e5lderdom i Trosa - Trosa","robots":{"index":"index","follow":"follow","max-snippet":"max-snippet:-1","max-image-preview":"max-image-preview:large","max-video-preview":"max-video-preview:-1"},"canonical":"https:\/\/wp.kristdemokraterna.se\/trosa\/for-en-tryggare-alderdom-i-trosa\/","og_locale":"sv_SE","og_type":"article","og_title":"F\u00f6r en tryggare \u00e5lderdom i Trosa - Trosa","og_description":"Trosa kommun \u00e4r f\u00f6r m\u00e5nga ett attraktivt boende. D\u00e4r man trivs vill man ocks\u00e5 \u00e5ldras och d\u00e4rf\u00f6r \u00e4r det viktigt med ett flexibelt och varierat utbud av boende och omsorg f\u00f6r \u00e4ldre. Vi vill bygga en kommun d\u00e4r m\u00e4nniskor kan \u00e5ldras i trygghet och med v\u00e4rdighet. Vill du utveckla politik f\u00f6r att g\u00f6ra Trosa till Read More","og_url":"https:\/\/wp.kristdemokraterna.se\/trosa\/for-en-tryggare-alderdom-i-trosa\/","og_site_name":"Trosa","article_published_time":"2022-03-02T18:07:26+00:00","article_modified_time":"2022-03-02T18:47:27+00:00","author":"KDTrosa","twitter_card":"summary_large_image","twitter_misc":{"Skriven av":"KDTrosa"},"schema":{"@context":"https:\/\/schema.org","@graph":[{"@type":"Article","@id":"https:\/\/wp.kristdemokraterna.se\/trosa\/for-en-tryggare-alderdom-i-trosa\/#article","isPartOf":{"@id":"https:\/\/wp.kristdemokraterna.se\/trosa\/for-en-tryggare-alderdom-i-trosa\/"},"author":{"name":"KDTrosa","@id":"https:\/\/wp.kristdemokraterna.se\/trosa\/#\/schema\/person\/ea6739f8ae51aae6bf22885df1a89df6"},"headline":"F\u00f6r en tryggare \u00e5lderdom i Trosa","datePublished":"2022-03-02T18:07:26+00:00","dateModified":"2022-03-02T18:47:27+00:00","mainEntityOfPage":{"@id":"https:\/\/wp.kristdemokraterna.se\/trosa\/for-en-tryggare-alderdom-i-trosa\/"},"wordCount":90,"articleSection":["Politik"],"inLanguage":"sv-SE"},{"@type":"WebPage","@id":"https:\/\/wp.kristdemokraterna.se\/trosa\/for-en-tryggare-alderdom-i-trosa\/","url":"https:\/\/wp.kristdemokraterna.se\/trosa\/for-en-tryggare-alderdom-i-trosa\/","name":"F\u00f6r en tryggare \u00e5lderdom i Trosa - Trosa","isPartOf":{"@id":"https:\/\/wp.kristdemokraterna.se\/trosa\/#website"},"datePublished":"2022-03-02T18:07:26+00:00","dateModified":"2022-03-02T18:47:27+00:00","author":{"@id":"https:\/\/wp.kristdemokraterna.se\/trosa\/#\/schema\/person\/ea6739f8ae51aae6bf22885df1a89df6"},"breadcrumb":{"@id":"https:\/\/wp.kristdemokraterna.se\/trosa\/for-en-tryggare-alderdom-i-trosa\/#breadcrumb"},"inLanguage":"sv-SE","potentialAction":[{"@type":"ReadAction","target":["https:\/\/wp.kristdemokraterna.se\/trosa\/for-en-tryggare-alderdom-i-trosa\/"]}]},{"@type":"BreadcrumbList","@id":"https:\/\/wp.kristdemokraterna.se\/trosa\/for-en-tryggare-alderdom-i-trosa\/#breadcrumb","itemListElement":[{"@type":"ListItem","position":1,"name":"Hem","item":"https:\/\/wp.kristdemokraterna.se\/trosa\/"},{"@type":"ListItem","position":2,"name":"F\u00f6r en tryggare \u00e5lderdom i Trosa"}]},{"@type":"WebSite","@id":"https:\/\/wp.kristdemokraterna.se\/trosa\/#website","url":"https:\/\/wp.kristdemokraterna.se\/trosa\/","name":"Trosa","description":"","inLanguage":"sv-SE"},{"@type":"Person","@id":"https:\/\/wp.kristdemokraterna.se\/trosa\/#\/schema\/person\/ea6739f8ae51aae6bf22885df1a89df6","name":"KDTrosa","image":{"@type":"ImageObject","inLanguage":"sv-SE","@id":"https:\/\/secure.gravatar.com\/avatar\/5ddad9b9acc124b0e8f99a40089922940731e0a888ac60147c7d96f99c412aa4?s=96&r=g","url":"https:\/\/secure.gravatar.com\/avatar\/5ddad9b9acc124b0e8f99a40089922940731e0a888ac60147c7d96f99c412aa4?s=96&r=g","contentUrl":"https:\/\/secure.gravatar.com\/avatar\/5ddad9b9acc124b0e8f99a40089922940731e0a888ac60147c7d96f99c412aa4?s=96&r=g","caption":"KDTrosa"},"url":"https:\/\/wp.kristdemokraterna.se\/trosa\/author\/trosa\/"}]}},"_links":{"self":[{"href":"https:\/\/wp.kristdemokraterna.se\/trosa\/wp-json\/wp\/v2\/posts\/230","targetHints":{"allow":["GET"]}}],"collection":[{"href":"https:\/\/wp.kristdemokraterna.se\/trosa\/wp-json\/wp\/v2\/posts"}],"about":[{"href":"https:\/\/wp.kristdemokraterna.se\/trosa\/wp-json\/wp\/v2\/types\/post"}],"author":[{"embeddable":true,"href":"https:\/\/wp.kristdemokraterna.se\/trosa\/wp-json\/wp\/v2\/users\/406"}],"replies":[{"embeddable":true,"href":"https:\/\/wp.kristdemokraterna.se\/trosa\/wp-json\/wp\/v2\/comments?post=230"}],"version-history":[{"count":1,"href":"https:\/\/wp.kristdemokraterna.se\/trosa\/wp-json\/wp\/v2\/posts\/230\/revisions"}],"predecessor-version":[{"id":232,"href":"https:\/\/wp.kristdemokraterna.se\/trosa\/wp-json\/wp\/v2\/posts\/230\/revisions\/232"}],"wp:attachment":[{"href":"https:\/\/wp.kristdemokraterna.se\/trosa\/wp-json\/wp\/v2\/media?parent=230"}],"wp:term":[{"taxonomy":"category","embeddable":true,"href":"https:\/\/wp.kristdemokraterna.se\/trosa\/wp-json\/wp\/v2\/categories?post=230"},{"taxonomy":"post_tag","embeddable":true,"href":"https:\/\/wp.kristdemokraterna.se\/trosa\/wp-json\/wp\/v2\/tags?post=230"}],"curies":[{"name":"wp","href":"https:\/\/api.w.org\/{rel}","templated":true}]}}