{"id":296,"date":"2026-03-06T16:17:56","date_gmt":"2026-03-06T15:17:56","guid":{"rendered":"https:\/\/wp.kristdemokraterna.se\/trosa\/?p=296"},"modified":"2026-03-06T16:17:56","modified_gmt":"2026-03-06T15:17:56","slug":"valsedel-faststalld","status":"publish","type":"post","link":"https:\/\/wp.kristdemokraterna.se\/trosa\/valsedel-faststalld\/","title":{"rendered":"Valsedel fastst\u00e4lld"},"content":{"rendered":"<p>Nu \u00e4r valsedeln f\u00f6r kommunfullm\u00e4ktige fastst\u00e4lld. Dessa namn kan du r\u00f6sta p\u00e5:<\/p>\n<p>Valsedel 2026 KD Trosa<\/p>\n<p>1. Anders Tholerud, kommunpolitiker, Trosa<\/p>\n<p>2. Sanni Schager, 64, f\u00f6retagare, V\u00e4sterljung<\/p>\n<p>3. Mats Johansson, 66,Tekniker, Trosa<\/p>\n<p>4. Marian Loley, 72, kommun- och regionpolitiker Vagnh\u00e4rad<\/p>\n<p>5. Miriam Tingl\u00f6f, 46, informat\u00f6r, Vagnh\u00e4rad<\/p>\n<p>6. Niklas St\u00e5lebring, 34, socialpedagog, Vagnh\u00e4rad<\/p>\n<p>7. Stina von der Esch, 61, egenf\u00f6retagare, V\u00e4sterljung<\/p>\n<p>8. Arne Karlsson, 72, lantbrukare, V\u00e4sterljung<\/p>\n<p>9. Kenneth Tingl\u00f6f, 81, Trosa<\/p>\n<p>10. Jessica Loley, 42, egenf\u00f6retagare, Trosa<\/p>\n<p>11. Eva Karltorp, 66, l\u00e4kare, Trosa<\/p>\n","protected":false},"excerpt":{"rendered":"<p>Nu \u00e4r valsedeln f\u00f6r kommunfullm\u00e4ktige fastst\u00e4lld. Dessa namn kan du r\u00f6sta p\u00e5: Valsedel 2026 KD Trosa 1. Anders Tholerud, kommunpolitiker, Trosa 2. Sanni Schager, 64, f\u00f6retagare, V\u00e4sterljung 3. Mats Johansson, 66,Tekniker, Trosa 4. Marian Loley, 72, kommun- och regionpolitiker Vagnh\u00e4rad 5. Miriam Tingl\u00f6f, 46, informat\u00f6r, Vagnh\u00e4rad 6. Niklas St\u00e5lebring, 34, socialpedagog, Vagnh\u00e4rad 7. Stina von <a class=\"read-more-link\" href=\"https:\/\/wp.kristdemokraterna.se\/trosa\/valsedel-faststalld\/\">Read More<\/a><\/p>\n","protected":false},"author":406,"featured_media":0,"comment_status":"closed","ping_status":"closed","sticky":false,"template":"","format":"standard","meta":{"_acf_changed":false,"footnotes":""},"categories":[7],"tags":[],"class_list":["post-296","post","type-post","status-publish","format-standard","hentry","category-nyheter"],"acf":[],"yoast_head":"<!-- This site is optimized with the Yoast SEO plugin v27.5 - https:\/\/yoast.com\/product\/yoast-seo-wordpress\/ -->\n<title>Valsedel fastst\u00e4lld - Trosa<\/title>\n<meta name=\"robots\" content=\"index, follow, max-snippet:-1, max-image-preview:large, max-video-preview:-1\" \/>\n<link rel=\"canonical\" href=\"https:\/\/wp.kristdemokraterna.se\/trosa\/valsedel-faststalld\/\" \/>\n<meta property=\"og:locale\" content=\"sv_SE\" \/>\n<meta property=\"og:type\" content=\"article\" \/>\n<meta property=\"og:title\" content=\"Valsedel fastst\u00e4lld - Trosa\" \/>\n<meta property=\"og:description\" content=\"Nu \u00e4r valsedeln f\u00f6r kommunfullm\u00e4ktige fastst\u00e4lld. Dessa namn kan du r\u00f6sta p\u00e5: Valsedel 2026 KD Trosa 1. Anders Tholerud, kommunpolitiker, Trosa 2. Sanni Schager, 64, f\u00f6retagare, V\u00e4sterljung 3. Mats Johansson, 66,Tekniker, Trosa 4. Marian Loley, 72, kommun- och regionpolitiker Vagnh\u00e4rad 5. Miriam Tingl\u00f6f, 46, informat\u00f6r, Vagnh\u00e4rad 6. Niklas St\u00e5lebring, 34, socialpedagog, Vagnh\u00e4rad 7. Stina von Read More\" \/>\n<meta property=\"og:url\" content=\"https:\/\/wp.kristdemokraterna.se\/trosa\/valsedel-faststalld\/\" \/>\n<meta property=\"og:site_name\" content=\"Trosa\" \/>\n<meta property=\"article:published_time\" content=\"2026-03-06T15:17:56+00:00\" \/>\n<meta name=\"author\" content=\"KDTrosa\" \/>\n<meta name=\"twitter:card\" content=\"summary_large_image\" \/>\n<meta name=\"twitter:label1\" content=\"Skriven av\" \/>\n\t<meta name=\"twitter:data1\" content=\"KDTrosa\" \/>\n\t<meta name=\"twitter:label2\" content=\"Ber\u00e4knad l\u00e4stid\" \/>\n\t<meta name=\"twitter:data2\" content=\"1 minut\" \/>\n<script type=\"application\/ld+json\" class=\"yoast-schema-graph\">{\"@context\":\"https:\\\/\\\/schema.org\",\"@graph\":[{\"@type\":\"Article\",\"@id\":\"https:\\\/\\\/wp.kristdemokraterna.se\\\/trosa\\\/valsedel-faststalld\\\/#article\",\"isPartOf\":{\"@id\":\"https:\\\/\\\/wp.kristdemokraterna.se\\\/trosa\\\/valsedel-faststalld\\\/\"},\"author\":{\"name\":\"KDTrosa\",\"@id\":\"https:\\\/\\\/wp.kristdemokraterna.se\\\/trosa\\\/#\\\/schema\\\/person\\\/ea6739f8ae51aae6bf22885df1a89df6\"},\"headline\":\"Valsedel fastst\u00e4lld\",\"datePublished\":\"2026-03-06T15:17:56+00:00\",\"mainEntityOfPage\":{\"@id\":\"https:\\\/\\\/wp.kristdemokraterna.se\\\/trosa\\\/valsedel-faststalld\\\/\"},\"wordCount\":83,\"articleSection\":[\"Nyheter\"],\"inLanguage\":\"sv-SE\"},{\"@type\":\"WebPage\",\"@id\":\"https:\\\/\\\/wp.kristdemokraterna.se\\\/trosa\\\/valsedel-faststalld\\\/\",\"url\":\"https:\\\/\\\/wp.kristdemokraterna.se\\\/trosa\\\/valsedel-faststalld\\\/\",\"name\":\"Valsedel fastst\u00e4lld - Trosa\",\"isPartOf\":{\"@id\":\"https:\\\/\\\/wp.kristdemokraterna.se\\\/trosa\\\/#website\"},\"datePublished\":\"2026-03-06T15:17:56+00:00\",\"author\":{\"@id\":\"https:\\\/\\\/wp.kristdemokraterna.se\\\/trosa\\\/#\\\/schema\\\/person\\\/ea6739f8ae51aae6bf22885df1a89df6\"},\"breadcrumb\":{\"@id\":\"https:\\\/\\\/wp.kristdemokraterna.se\\\/trosa\\\/valsedel-faststalld\\\/#breadcrumb\"},\"inLanguage\":\"sv-SE\",\"potentialAction\":[{\"@type\":\"ReadAction\",\"target\":[\"https:\\\/\\\/wp.kristdemokraterna.se\\\/trosa\\\/valsedel-faststalld\\\/\"]}]},{\"@type\":\"BreadcrumbList\",\"@id\":\"https:\\\/\\\/wp.kristdemokraterna.se\\\/trosa\\\/valsedel-faststalld\\\/#breadcrumb\",\"itemListElement\":[{\"@type\":\"ListItem\",\"position\":1,\"name\":\"Hem\",\"item\":\"https:\\\/\\\/wp.kristdemokraterna.se\\\/trosa\\\/\"},{\"@type\":\"ListItem\",\"position\":2,\"name\":\"Valsedel fastst\u00e4lld\"}]},{\"@type\":\"WebSite\",\"@id\":\"https:\\\/\\\/wp.kristdemokraterna.se\\\/trosa\\\/#website\",\"url\":\"https:\\\/\\\/wp.kristdemokraterna.se\\\/trosa\\\/\",\"name\":\"Trosa\",\"description\":\"\",\"inLanguage\":\"sv-SE\"},{\"@type\":\"Person\",\"@id\":\"https:\\\/\\\/wp.kristdemokraterna.se\\\/trosa\\\/#\\\/schema\\\/person\\\/ea6739f8ae51aae6bf22885df1a89df6\",\"name\":\"KDTrosa\",\"image\":{\"@type\":\"ImageObject\",\"inLanguage\":\"sv-SE\",\"@id\":\"https:\\\/\\\/secure.gravatar.com\\\/avatar\\\/5ddad9b9acc124b0e8f99a40089922940731e0a888ac60147c7d96f99c412aa4?s=96&r=g\",\"url\":\"https:\\\/\\\/secure.gravatar.com\\\/avatar\\\/5ddad9b9acc124b0e8f99a40089922940731e0a888ac60147c7d96f99c412aa4?s=96&r=g\",\"contentUrl\":\"https:\\\/\\\/secure.gravatar.com\\\/avatar\\\/5ddad9b9acc124b0e8f99a40089922940731e0a888ac60147c7d96f99c412aa4?s=96&r=g\",\"caption\":\"KDTrosa\"},\"url\":\"https:\\\/\\\/wp.kristdemokraterna.se\\\/trosa\\\/author\\\/trosa\\\/\"}]}<\/script>\n<!-- \/ Yoast SEO plugin. -->","yoast_head_json":{"title":"Valsedel fastst\u00e4lld - Trosa","robots":{"index":"index","follow":"follow","max-snippet":"max-snippet:-1","max-image-preview":"max-image-preview:large","max-video-preview":"max-video-preview:-1"},"canonical":"https:\/\/wp.kristdemokraterna.se\/trosa\/valsedel-faststalld\/","og_locale":"sv_SE","og_type":"article","og_title":"Valsedel fastst\u00e4lld - Trosa","og_description":"Nu \u00e4r valsedeln f\u00f6r kommunfullm\u00e4ktige fastst\u00e4lld. Dessa namn kan du r\u00f6sta p\u00e5: Valsedel 2026 KD Trosa 1. Anders Tholerud, kommunpolitiker, Trosa 2. Sanni Schager, 64, f\u00f6retagare, V\u00e4sterljung 3. Mats Johansson, 66,Tekniker, Trosa 4. Marian Loley, 72, kommun- och regionpolitiker Vagnh\u00e4rad 5. Miriam Tingl\u00f6f, 46, informat\u00f6r, Vagnh\u00e4rad 6. Niklas St\u00e5lebring, 34, socialpedagog, Vagnh\u00e4rad 7. Stina von Read More","og_url":"https:\/\/wp.kristdemokraterna.se\/trosa\/valsedel-faststalld\/","og_site_name":"Trosa","article_published_time":"2026-03-06T15:17:56+00:00","author":"KDTrosa","twitter_card":"summary_large_image","twitter_misc":{"Skriven av":"KDTrosa","Ber\u00e4knad l\u00e4stid":"1 minut"},"schema":{"@context":"https:\/\/schema.org","@graph":[{"@type":"Article","@id":"https:\/\/wp.kristdemokraterna.se\/trosa\/valsedel-faststalld\/#article","isPartOf":{"@id":"https:\/\/wp.kristdemokraterna.se\/trosa\/valsedel-faststalld\/"},"author":{"name":"KDTrosa","@id":"https:\/\/wp.kristdemokraterna.se\/trosa\/#\/schema\/person\/ea6739f8ae51aae6bf22885df1a89df6"},"headline":"Valsedel fastst\u00e4lld","datePublished":"2026-03-06T15:17:56+00:00","mainEntityOfPage":{"@id":"https:\/\/wp.kristdemokraterna.se\/trosa\/valsedel-faststalld\/"},"wordCount":83,"articleSection":["Nyheter"],"inLanguage":"sv-SE"},{"@type":"WebPage","@id":"https:\/\/wp.kristdemokraterna.se\/trosa\/valsedel-faststalld\/","url":"https:\/\/wp.kristdemokraterna.se\/trosa\/valsedel-faststalld\/","name":"Valsedel fastst\u00e4lld - Trosa","isPartOf":{"@id":"https:\/\/wp.kristdemokraterna.se\/trosa\/#website"},"datePublished":"2026-03-06T15:17:56+00:00","author":{"@id":"https:\/\/wp.kristdemokraterna.se\/trosa\/#\/schema\/person\/ea6739f8ae51aae6bf22885df1a89df6"},"breadcrumb":{"@id":"https:\/\/wp.kristdemokraterna.se\/trosa\/valsedel-faststalld\/#breadcrumb"},"inLanguage":"sv-SE","potentialAction":[{"@type":"ReadAction","target":["https:\/\/wp.kristdemokraterna.se\/trosa\/valsedel-faststalld\/"]}]},{"@type":"BreadcrumbList","@id":"https:\/\/wp.kristdemokraterna.se\/trosa\/valsedel-faststalld\/#breadcrumb","itemListElement":[{"@type":"ListItem","position":1,"name":"Hem","item":"https:\/\/wp.kristdemokraterna.se\/trosa\/"},{"@type":"ListItem","position":2,"name":"Valsedel fastst\u00e4lld"}]},{"@type":"WebSite","@id":"https:\/\/wp.kristdemokraterna.se\/trosa\/#website","url":"https:\/\/wp.kristdemokraterna.se\/trosa\/","name":"Trosa","description":"","inLanguage":"sv-SE"},{"@type":"Person","@id":"https:\/\/wp.kristdemokraterna.se\/trosa\/#\/schema\/person\/ea6739f8ae51aae6bf22885df1a89df6","name":"KDTrosa","image":{"@type":"ImageObject","inLanguage":"sv-SE","@id":"https:\/\/secure.gravatar.com\/avatar\/5ddad9b9acc124b0e8f99a40089922940731e0a888ac60147c7d96f99c412aa4?s=96&r=g","url":"https:\/\/secure.gravatar.com\/avatar\/5ddad9b9acc124b0e8f99a40089922940731e0a888ac60147c7d96f99c412aa4?s=96&r=g","contentUrl":"https:\/\/secure.gravatar.com\/avatar\/5ddad9b9acc124b0e8f99a40089922940731e0a888ac60147c7d96f99c412aa4?s=96&r=g","caption":"KDTrosa"},"url":"https:\/\/wp.kristdemokraterna.se\/trosa\/author\/trosa\/"}]}},"_links":{"self":[{"href":"https:\/\/wp.kristdemokraterna.se\/trosa\/wp-json\/wp\/v2\/posts\/296","targetHints":{"allow":["GET"]}}],"collection":[{"href":"https:\/\/wp.kristdemokraterna.se\/trosa\/wp-json\/wp\/v2\/posts"}],"about":[{"href":"https:\/\/wp.kristdemokraterna.se\/trosa\/wp-json\/wp\/v2\/types\/post"}],"author":[{"embeddable":true,"href":"https:\/\/wp.kristdemokraterna.se\/trosa\/wp-json\/wp\/v2\/users\/406"}],"replies":[{"embeddable":true,"href":"https:\/\/wp.kristdemokraterna.se\/trosa\/wp-json\/wp\/v2\/comments?post=296"}],"version-history":[{"count":1,"href":"https:\/\/wp.kristdemokraterna.se\/trosa\/wp-json\/wp\/v2\/posts\/296\/revisions"}],"predecessor-version":[{"id":297,"href":"https:\/\/wp.kristdemokraterna.se\/trosa\/wp-json\/wp\/v2\/posts\/296\/revisions\/297"}],"wp:attachment":[{"href":"https:\/\/wp.kristdemokraterna.se\/trosa\/wp-json\/wp\/v2\/media?parent=296"}],"wp:term":[{"taxonomy":"category","embeddable":true,"href":"https:\/\/wp.kristdemokraterna.se\/trosa\/wp-json\/wp\/v2\/categories?post=296"},{"taxonomy":"post_tag","embeddable":true,"href":"https:\/\/wp.kristdemokraterna.se\/trosa\/wp-json\/wp\/v2\/tags?post=296"}],"curies":[{"name":"wp","href":"https:\/\/api.w.org\/{rel}","templated":true}]}}