{"id":1128,"date":"2020-01-25T18:33:56","date_gmt":"2020-01-25T17:33:56","guid":{"rendered":"http:\/\/wp.kristdemokraterna.se\/tyreso\/?p=1128"},"modified":"2020-02-02T15:41:24","modified_gmt":"2020-02-02T14:41:24","slug":"byrakrati-in-absurdum","status":"publish","type":"post","link":"https:\/\/wp.kristdemokraterna.se\/tyreso\/byrakrati-in-absurdum\/","title":{"rendered":"Byr\u00e5krati in absurdum!"},"content":{"rendered":"<p>En person vill glasa in sin balkong. I bostadsomr\u00e5det \u00e4r c:a 80% av alla balkonger redan inglasade och hen v\u00e4nder sig till samma f\u00f6retag som gjort alla tidigare inglasningar. F\u00f6r s\u00e4kerhets skull kontrollerar hen med en bygglovshandl\u00e4ggare p\u00e5 Tyres\u00f6 kommun att det \u00e4r o.k. att glasa in balkongen p\u00e5 exakt samma s\u00e4tt som de redan inglasade balkongerna. Men s\u00e5 enkelt var det inte. Hen m\u00e5ste skicka in tomtkarta, fasadritning, detaljritning samt uppr\u00e4tta en kontrollplan.<\/p>\n<p>Det \u00e4r bra med ordning och reda men det f\u00e5r ju vara n\u00e5gon hejd p\u00e5 byr\u00e5kratin. Bygglovsavdelningen \u00e4r till f\u00f6r innev\u00e5narna och inte tv\u00e4rtom. Ett foto p\u00e5 husfasaden och en liten expeditionsavgift borde vara nog i ett dylikt fall.<\/p>\n","protected":false},"excerpt":{"rendered":"<p>En person vill glasa in sin balkong. I bostadsomr\u00e5det \u00e4r c:a 80% av alla balkonger redan inglasade och hen v\u00e4nder sig till samma f\u00f6retag som gjort alla tidigare inglasningar. F\u00f6r s\u00e4kerhets skull kontrollerar hen med en bygglovshandl\u00e4ggare p\u00e5 Tyres\u00f6 kommun att det \u00e4r o.k. att glasa in balkongen p\u00e5 exakt samma s\u00e4tt som de redan <a class=\"read-more-link\" href=\"https:\/\/wp.kristdemokraterna.se\/tyreso\/byrakrati-in-absurdum\/\">Read More<\/a><\/p>\n","protected":false},"author":644,"featured_media":0,"comment_status":"closed","ping_status":"closed","sticky":false,"template":"","format":"standard","meta":{"_acf_changed":false,"footnotes":""},"categories":[1,15,13],"tags":[],"class_list":["post-1128","post","type-post","status-publish","format-standard","hentry","category-okategoriserade","category-inlagg","category-stadsbyggnad"],"acf":[],"yoast_head":"<!-- This site is optimized with the Yoast SEO plugin v27.4 - https:\/\/yoast.com\/product\/yoast-seo-wordpress\/ -->\n<title>Byr\u00e5krati in absurdum! - Kristdemokraterna Tyres\u00f6<\/title>\n<meta name=\"robots\" content=\"index, follow, max-snippet:-1, max-image-preview:large, max-video-preview:-1\" \/>\n<link rel=\"canonical\" href=\"https:\/\/wp.kristdemokraterna.se\/tyreso\/byrakrati-in-absurdum\/\" \/>\n<meta property=\"og:locale\" content=\"sv_SE\" \/>\n<meta property=\"og:type\" content=\"article\" \/>\n<meta property=\"og:title\" content=\"Byr\u00e5krati in absurdum! - Kristdemokraterna Tyres\u00f6\" \/>\n<meta property=\"og:description\" content=\"En person vill glasa in sin balkong. I bostadsomr\u00e5det \u00e4r c:a 80% av alla balkonger redan inglasade och hen v\u00e4nder sig till samma f\u00f6retag som gjort alla tidigare inglasningar. F\u00f6r s\u00e4kerhets skull kontrollerar hen med en bygglovshandl\u00e4ggare p\u00e5 Tyres\u00f6 kommun att det \u00e4r o.k. att glasa in balkongen p\u00e5 exakt samma s\u00e4tt som de redan Read More\" \/>\n<meta property=\"og:url\" content=\"https:\/\/wp.kristdemokraterna.se\/tyreso\/byrakrati-in-absurdum\/\" \/>\n<meta property=\"og:site_name\" content=\"Kristdemokraterna Tyres\u00f6\" \/>\n<meta property=\"article:published_time\" content=\"2020-01-25T17:33:56+00:00\" \/>\n<meta property=\"article:modified_time\" content=\"2020-02-02T14:41:24+00:00\" \/>\n<meta name=\"author\" content=\"tyreso\" \/>\n<meta name=\"twitter:card\" content=\"summary_large_image\" \/>\n<meta name=\"twitter:label1\" content=\"Skriven av\" \/>\n\t<meta name=\"twitter:data1\" content=\"tyreso\" \/>\n\t<meta name=\"twitter:label2\" content=\"Ber\u00e4knad l\u00e4stid\" \/>\n\t<meta name=\"twitter:data2\" content=\"1 minut\" \/>\n<script type=\"application\/ld+json\" class=\"yoast-schema-graph\">{\"@context\":\"https:\\\/\\\/schema.org\",\"@graph\":[{\"@type\":\"Article\",\"@id\":\"https:\\\/\\\/wp.kristdemokraterna.se\\\/tyreso\\\/byrakrati-in-absurdum\\\/#article\",\"isPartOf\":{\"@id\":\"https:\\\/\\\/wp.kristdemokraterna.se\\\/tyreso\\\/byrakrati-in-absurdum\\\/\"},\"author\":{\"name\":\"tyreso\",\"@id\":\"https:\\\/\\\/wp.kristdemokraterna.se\\\/tyreso\\\/#\\\/schema\\\/person\\\/3e7d76fa0f5c4996308a0a636056d6c5\"},\"headline\":\"Byr\u00e5krati in absurdum!\",\"datePublished\":\"2020-01-25T17:33:56+00:00\",\"dateModified\":\"2020-02-02T14:41:24+00:00\",\"mainEntityOfPage\":{\"@id\":\"https:\\\/\\\/wp.kristdemokraterna.se\\\/tyreso\\\/byrakrati-in-absurdum\\\/\"},\"wordCount\":133,\"articleSection\":[\"Artiklar\",\"Inl\u00e4gg\",\"Stadsbyggnad\"],\"inLanguage\":\"sv-SE\"},{\"@type\":\"WebPage\",\"@id\":\"https:\\\/\\\/wp.kristdemokraterna.se\\\/tyreso\\\/byrakrati-in-absurdum\\\/\",\"url\":\"https:\\\/\\\/wp.kristdemokraterna.se\\\/tyreso\\\/byrakrati-in-absurdum\\\/\",\"name\":\"Byr\u00e5krati in absurdum! - Kristdemokraterna Tyres\u00f6\",\"isPartOf\":{\"@id\":\"https:\\\/\\\/wp.kristdemokraterna.se\\\/tyreso\\\/#website\"},\"datePublished\":\"2020-01-25T17:33:56+00:00\",\"dateModified\":\"2020-02-02T14:41:24+00:00\",\"author\":{\"@id\":\"https:\\\/\\\/wp.kristdemokraterna.se\\\/tyreso\\\/#\\\/schema\\\/person\\\/3e7d76fa0f5c4996308a0a636056d6c5\"},\"breadcrumb\":{\"@id\":\"https:\\\/\\\/wp.kristdemokraterna.se\\\/tyreso\\\/byrakrati-in-absurdum\\\/#breadcrumb\"},\"inLanguage\":\"sv-SE\",\"potentialAction\":[{\"@type\":\"ReadAction\",\"target\":[\"https:\\\/\\\/wp.kristdemokraterna.se\\\/tyreso\\\/byrakrati-in-absurdum\\\/\"]}]},{\"@type\":\"BreadcrumbList\",\"@id\":\"https:\\\/\\\/wp.kristdemokraterna.se\\\/tyreso\\\/byrakrati-in-absurdum\\\/#breadcrumb\",\"itemListElement\":[{\"@type\":\"ListItem\",\"position\":1,\"name\":\"Hem\",\"item\":\"https:\\\/\\\/wp.kristdemokraterna.se\\\/tyreso\\\/\"},{\"@type\":\"ListItem\",\"position\":2,\"name\":\"Byr\u00e5krati in absurdum!\"}]},{\"@type\":\"WebSite\",\"@id\":\"https:\\\/\\\/wp.kristdemokraterna.se\\\/tyreso\\\/#website\",\"url\":\"https:\\\/\\\/wp.kristdemokraterna.se\\\/tyreso\\\/\",\"name\":\"Kristdemokraterna Tyres\u00f6\",\"description\":\"\",\"inLanguage\":\"sv-SE\"},{\"@type\":\"Person\",\"@id\":\"https:\\\/\\\/wp.kristdemokraterna.se\\\/tyreso\\\/#\\\/schema\\\/person\\\/3e7d76fa0f5c4996308a0a636056d6c5\",\"name\":\"tyreso\",\"image\":{\"@type\":\"ImageObject\",\"inLanguage\":\"sv-SE\",\"@id\":\"https:\\\/\\\/secure.gravatar.com\\\/avatar\\\/f60f761639a269aae348dce7665f49bfe9f0b021d1bada09d95aaa9c66ef6215?s=96&d=mm&r=g\",\"url\":\"https:\\\/\\\/secure.gravatar.com\\\/avatar\\\/f60f761639a269aae348dce7665f49bfe9f0b021d1bada09d95aaa9c66ef6215?s=96&d=mm&r=g\",\"contentUrl\":\"https:\\\/\\\/secure.gravatar.com\\\/avatar\\\/f60f761639a269aae348dce7665f49bfe9f0b021d1bada09d95aaa9c66ef6215?s=96&d=mm&r=g\",\"caption\":\"tyreso\"},\"url\":\"https:\\\/\\\/wp.kristdemokraterna.se\\\/tyreso\\\/author\\\/tyreso\\\/\"}]}<\/script>\n<!-- \/ Yoast SEO plugin. -->","yoast_head_json":{"title":"Byr\u00e5krati in absurdum! - Kristdemokraterna Tyres\u00f6","robots":{"index":"index","follow":"follow","max-snippet":"max-snippet:-1","max-image-preview":"max-image-preview:large","max-video-preview":"max-video-preview:-1"},"canonical":"https:\/\/wp.kristdemokraterna.se\/tyreso\/byrakrati-in-absurdum\/","og_locale":"sv_SE","og_type":"article","og_title":"Byr\u00e5krati in absurdum! - Kristdemokraterna Tyres\u00f6","og_description":"En person vill glasa in sin balkong. I bostadsomr\u00e5det \u00e4r c:a 80% av alla balkonger redan inglasade och hen v\u00e4nder sig till samma f\u00f6retag som gjort alla tidigare inglasningar. F\u00f6r s\u00e4kerhets skull kontrollerar hen med en bygglovshandl\u00e4ggare p\u00e5 Tyres\u00f6 kommun att det \u00e4r o.k. att glasa in balkongen p\u00e5 exakt samma s\u00e4tt som de redan Read More","og_url":"https:\/\/wp.kristdemokraterna.se\/tyreso\/byrakrati-in-absurdum\/","og_site_name":"Kristdemokraterna Tyres\u00f6","article_published_time":"2020-01-25T17:33:56+00:00","article_modified_time":"2020-02-02T14:41:24+00:00","author":"tyreso","twitter_card":"summary_large_image","twitter_misc":{"Skriven av":"tyreso","Ber\u00e4knad l\u00e4stid":"1 minut"},"schema":{"@context":"https:\/\/schema.org","@graph":[{"@type":"Article","@id":"https:\/\/wp.kristdemokraterna.se\/tyreso\/byrakrati-in-absurdum\/#article","isPartOf":{"@id":"https:\/\/wp.kristdemokraterna.se\/tyreso\/byrakrati-in-absurdum\/"},"author":{"name":"tyreso","@id":"https:\/\/wp.kristdemokraterna.se\/tyreso\/#\/schema\/person\/3e7d76fa0f5c4996308a0a636056d6c5"},"headline":"Byr\u00e5krati in absurdum!","datePublished":"2020-01-25T17:33:56+00:00","dateModified":"2020-02-02T14:41:24+00:00","mainEntityOfPage":{"@id":"https:\/\/wp.kristdemokraterna.se\/tyreso\/byrakrati-in-absurdum\/"},"wordCount":133,"articleSection":["Artiklar","Inl\u00e4gg","Stadsbyggnad"],"inLanguage":"sv-SE"},{"@type":"WebPage","@id":"https:\/\/wp.kristdemokraterna.se\/tyreso\/byrakrati-in-absurdum\/","url":"https:\/\/wp.kristdemokraterna.se\/tyreso\/byrakrati-in-absurdum\/","name":"Byr\u00e5krati in absurdum! - Kristdemokraterna Tyres\u00f6","isPartOf":{"@id":"https:\/\/wp.kristdemokraterna.se\/tyreso\/#website"},"datePublished":"2020-01-25T17:33:56+00:00","dateModified":"2020-02-02T14:41:24+00:00","author":{"@id":"https:\/\/wp.kristdemokraterna.se\/tyreso\/#\/schema\/person\/3e7d76fa0f5c4996308a0a636056d6c5"},"breadcrumb":{"@id":"https:\/\/wp.kristdemokraterna.se\/tyreso\/byrakrati-in-absurdum\/#breadcrumb"},"inLanguage":"sv-SE","potentialAction":[{"@type":"ReadAction","target":["https:\/\/wp.kristdemokraterna.se\/tyreso\/byrakrati-in-absurdum\/"]}]},{"@type":"BreadcrumbList","@id":"https:\/\/wp.kristdemokraterna.se\/tyreso\/byrakrati-in-absurdum\/#breadcrumb","itemListElement":[{"@type":"ListItem","position":1,"name":"Hem","item":"https:\/\/wp.kristdemokraterna.se\/tyreso\/"},{"@type":"ListItem","position":2,"name":"Byr\u00e5krati in absurdum!"}]},{"@type":"WebSite","@id":"https:\/\/wp.kristdemokraterna.se\/tyreso\/#website","url":"https:\/\/wp.kristdemokraterna.se\/tyreso\/","name":"Kristdemokraterna Tyres\u00f6","description":"","inLanguage":"sv-SE"},{"@type":"Person","@id":"https:\/\/wp.kristdemokraterna.se\/tyreso\/#\/schema\/person\/3e7d76fa0f5c4996308a0a636056d6c5","name":"tyreso","image":{"@type":"ImageObject","inLanguage":"sv-SE","@id":"https:\/\/secure.gravatar.com\/avatar\/f60f761639a269aae348dce7665f49bfe9f0b021d1bada09d95aaa9c66ef6215?s=96&d=mm&r=g","url":"https:\/\/secure.gravatar.com\/avatar\/f60f761639a269aae348dce7665f49bfe9f0b021d1bada09d95aaa9c66ef6215?s=96&d=mm&r=g","contentUrl":"https:\/\/secure.gravatar.com\/avatar\/f60f761639a269aae348dce7665f49bfe9f0b021d1bada09d95aaa9c66ef6215?s=96&d=mm&r=g","caption":"tyreso"},"url":"https:\/\/wp.kristdemokraterna.se\/tyreso\/author\/tyreso\/"}]}},"_links":{"self":[{"href":"https:\/\/wp.kristdemokraterna.se\/tyreso\/wp-json\/wp\/v2\/posts\/1128","targetHints":{"allow":["GET"]}}],"collection":[{"href":"https:\/\/wp.kristdemokraterna.se\/tyreso\/wp-json\/wp\/v2\/posts"}],"about":[{"href":"https:\/\/wp.kristdemokraterna.se\/tyreso\/wp-json\/wp\/v2\/types\/post"}],"author":[{"embeddable":true,"href":"https:\/\/wp.kristdemokraterna.se\/tyreso\/wp-json\/wp\/v2\/users\/644"}],"replies":[{"embeddable":true,"href":"https:\/\/wp.kristdemokraterna.se\/tyreso\/wp-json\/wp\/v2\/comments?post=1128"}],"version-history":[{"count":1,"href":"https:\/\/wp.kristdemokraterna.se\/tyreso\/wp-json\/wp\/v2\/posts\/1128\/revisions"}],"predecessor-version":[{"id":1130,"href":"https:\/\/wp.kristdemokraterna.se\/tyreso\/wp-json\/wp\/v2\/posts\/1128\/revisions\/1130"}],"wp:attachment":[{"href":"https:\/\/wp.kristdemokraterna.se\/tyreso\/wp-json\/wp\/v2\/media?parent=1128"}],"wp:term":[{"taxonomy":"category","embeddable":true,"href":"https:\/\/wp.kristdemokraterna.se\/tyreso\/wp-json\/wp\/v2\/categories?post=1128"},{"taxonomy":"post_tag","embeddable":true,"href":"https:\/\/wp.kristdemokraterna.se\/tyreso\/wp-json\/wp\/v2\/tags?post=1128"}],"curies":[{"name":"wp","href":"https:\/\/api.w.org\/{rel}","templated":true}]}}