{"id":1131,"date":"2020-02-02T15:43:54","date_gmt":"2020-02-02T14:43:54","guid":{"rendered":"http:\/\/wp.kristdemokraterna.se\/tyreso\/?p=1131"},"modified":"2020-02-02T15:43:54","modified_gmt":"2020-02-02T14:43:54","slug":"kommunen-och-batlivet","status":"publish","type":"post","link":"https:\/\/wp.kristdemokraterna.se\/tyreso\/kommunen-och-batlivet\/","title":{"rendered":"Kommunen och b\u00e5tlivet"},"content":{"rendered":"<p>B\u00e5tlivet \u00e4r en viktig del av en sk\u00e4rg\u00e5rdskommun och d\u00e4rf\u00f6r \u00e4r Tyres\u00f6 kommuns ogina behandling av kommunens b\u00e5tklubbar f\u00f6rv\u00e5nande.<\/p>\n<p>Vid m\u00e5nga fritidsverksamheter bidrar kommunen med avsev\u00e4rda belopp, t.ex. till idrottshallar, fotbollsplaner, ridhus, stallar, utegym m.m. men n\u00e4r det g\u00e4ller b\u00e5tklubbarna \u00e4r det mer eller mindre en ren inkomstk\u00e4lla f\u00f6r kommunen. Man uppl\u00e5ter en strandremsa och utanf\u00f6rliggande vatten f\u00f6r bryggor. Skillnaden \u00e4r att inte alla kommuninnev\u00e5nare har tillg\u00e5ng till bryggorna, men ofta \u00e4r sj\u00e4lva marken tillg\u00e4nglig f\u00f6r alla. Mot bakgrund av detta \u00e4r det rimligt att b\u00e5tklubbarna erl\u00e4gger en mindre avgift f\u00f6r tillg\u00e5ngen till marken\/vattnet.<\/p>\n<p>Nu vill kommunen h\u00f6ja arrendeavgifterna rej\u00e4lt och dessutom behandlar man en del klubbar of\u00f6rsk\u00e4mt. En klubb fick ett f\u00f6rslag p\u00e5 nytt avtal dagarna f\u00f6r jul och kommunen kr\u00e4vde svar innan ny\u00e5r. Det \u00e4r inte seri\u00f6st. De flesta tj\u00e4nstem\u00e4n utf\u00f6r ett digert och omsorgsfullt arbete men en del har tydligen behov av att visa makt.<\/p>\n<p>Vi vill att kommunen ompr\u00f6var sitt f\u00f6rslag till normavtal och inbjuder Tyres\u00f6 B\u00e5tr\u00e5d till \u00f6verl\u00e4ggningar om detta.<\/p>\n","protected":false},"excerpt":{"rendered":"<p>B\u00e5tlivet \u00e4r en viktig del av en sk\u00e4rg\u00e5rdskommun och d\u00e4rf\u00f6r \u00e4r Tyres\u00f6 kommuns ogina behandling av kommunens b\u00e5tklubbar f\u00f6rv\u00e5nande. Vid m\u00e5nga fritidsverksamheter bidrar kommunen med avsev\u00e4rda belopp, t.ex. till idrottshallar, fotbollsplaner, ridhus, stallar, utegym m.m. men n\u00e4r det g\u00e4ller b\u00e5tklubbarna \u00e4r det mer eller mindre en ren inkomstk\u00e4lla f\u00f6r kommunen. Man uppl\u00e5ter en strandremsa och <a class=\"read-more-link\" href=\"https:\/\/wp.kristdemokraterna.se\/tyreso\/kommunen-och-batlivet\/\">Read More<\/a><\/p>\n","protected":false},"author":644,"featured_media":0,"comment_status":"closed","ping_status":"closed","sticky":false,"template":"","format":"standard","meta":{"_acf_changed":false,"footnotes":""},"categories":[1,15,13],"tags":[],"class_list":["post-1131","post","type-post","status-publish","format-standard","hentry","category-okategoriserade","category-inlagg","category-stadsbyggnad"],"acf":[],"yoast_head":"<!-- This site is optimized with the Yoast SEO plugin v27.4 - https:\/\/yoast.com\/product\/yoast-seo-wordpress\/ -->\n<title>Kommunen och b\u00e5tlivet - Kristdemokraterna Tyres\u00f6<\/title>\n<meta name=\"robots\" content=\"index, follow, max-snippet:-1, max-image-preview:large, max-video-preview:-1\" \/>\n<link rel=\"canonical\" href=\"https:\/\/wp.kristdemokraterna.se\/tyreso\/kommunen-och-batlivet\/\" \/>\n<meta property=\"og:locale\" content=\"sv_SE\" \/>\n<meta property=\"og:type\" content=\"article\" \/>\n<meta property=\"og:title\" content=\"Kommunen och b\u00e5tlivet - Kristdemokraterna Tyres\u00f6\" \/>\n<meta property=\"og:description\" content=\"B\u00e5tlivet \u00e4r en viktig del av en sk\u00e4rg\u00e5rdskommun och d\u00e4rf\u00f6r \u00e4r Tyres\u00f6 kommuns ogina behandling av kommunens b\u00e5tklubbar f\u00f6rv\u00e5nande. Vid m\u00e5nga fritidsverksamheter bidrar kommunen med avsev\u00e4rda belopp, t.ex. till idrottshallar, fotbollsplaner, ridhus, stallar, utegym m.m. men n\u00e4r det g\u00e4ller b\u00e5tklubbarna \u00e4r det mer eller mindre en ren inkomstk\u00e4lla f\u00f6r kommunen. Man uppl\u00e5ter en strandremsa och Read More\" \/>\n<meta property=\"og:url\" content=\"https:\/\/wp.kristdemokraterna.se\/tyreso\/kommunen-och-batlivet\/\" \/>\n<meta property=\"og:site_name\" content=\"Kristdemokraterna Tyres\u00f6\" \/>\n<meta property=\"article:published_time\" content=\"2020-02-02T14:43:54+00:00\" \/>\n<meta name=\"author\" content=\"tyreso\" \/>\n<meta name=\"twitter:card\" content=\"summary_large_image\" \/>\n<meta name=\"twitter:label1\" content=\"Skriven av\" \/>\n\t<meta name=\"twitter:data1\" content=\"tyreso\" \/>\n\t<meta name=\"twitter:label2\" content=\"Ber\u00e4knad l\u00e4stid\" \/>\n\t<meta name=\"twitter:data2\" content=\"1 minut\" \/>\n<script type=\"application\/ld+json\" class=\"yoast-schema-graph\">{\"@context\":\"https:\\\/\\\/schema.org\",\"@graph\":[{\"@type\":\"Article\",\"@id\":\"https:\\\/\\\/wp.kristdemokraterna.se\\\/tyreso\\\/kommunen-och-batlivet\\\/#article\",\"isPartOf\":{\"@id\":\"https:\\\/\\\/wp.kristdemokraterna.se\\\/tyreso\\\/kommunen-och-batlivet\\\/\"},\"author\":{\"name\":\"tyreso\",\"@id\":\"https:\\\/\\\/wp.kristdemokraterna.se\\\/tyreso\\\/#\\\/schema\\\/person\\\/3e7d76fa0f5c4996308a0a636056d6c5\"},\"headline\":\"Kommunen och b\u00e5tlivet\",\"datePublished\":\"2020-02-02T14:43:54+00:00\",\"mainEntityOfPage\":{\"@id\":\"https:\\\/\\\/wp.kristdemokraterna.se\\\/tyreso\\\/kommunen-och-batlivet\\\/\"},\"wordCount\":216,\"articleSection\":[\"Artiklar\",\"Inl\u00e4gg\",\"Stadsbyggnad\"],\"inLanguage\":\"sv-SE\"},{\"@type\":\"WebPage\",\"@id\":\"https:\\\/\\\/wp.kristdemokraterna.se\\\/tyreso\\\/kommunen-och-batlivet\\\/\",\"url\":\"https:\\\/\\\/wp.kristdemokraterna.se\\\/tyreso\\\/kommunen-och-batlivet\\\/\",\"name\":\"Kommunen och b\u00e5tlivet - Kristdemokraterna Tyres\u00f6\",\"isPartOf\":{\"@id\":\"https:\\\/\\\/wp.kristdemokraterna.se\\\/tyreso\\\/#website\"},\"datePublished\":\"2020-02-02T14:43:54+00:00\",\"author\":{\"@id\":\"https:\\\/\\\/wp.kristdemokraterna.se\\\/tyreso\\\/#\\\/schema\\\/person\\\/3e7d76fa0f5c4996308a0a636056d6c5\"},\"breadcrumb\":{\"@id\":\"https:\\\/\\\/wp.kristdemokraterna.se\\\/tyreso\\\/kommunen-och-batlivet\\\/#breadcrumb\"},\"inLanguage\":\"sv-SE\",\"potentialAction\":[{\"@type\":\"ReadAction\",\"target\":[\"https:\\\/\\\/wp.kristdemokraterna.se\\\/tyreso\\\/kommunen-och-batlivet\\\/\"]}]},{\"@type\":\"BreadcrumbList\",\"@id\":\"https:\\\/\\\/wp.kristdemokraterna.se\\\/tyreso\\\/kommunen-och-batlivet\\\/#breadcrumb\",\"itemListElement\":[{\"@type\":\"ListItem\",\"position\":1,\"name\":\"Hem\",\"item\":\"https:\\\/\\\/wp.kristdemokraterna.se\\\/tyreso\\\/\"},{\"@type\":\"ListItem\",\"position\":2,\"name\":\"Kommunen och b\u00e5tlivet\"}]},{\"@type\":\"WebSite\",\"@id\":\"https:\\\/\\\/wp.kristdemokraterna.se\\\/tyreso\\\/#website\",\"url\":\"https:\\\/\\\/wp.kristdemokraterna.se\\\/tyreso\\\/\",\"name\":\"Kristdemokraterna Tyres\u00f6\",\"description\":\"\",\"inLanguage\":\"sv-SE\"},{\"@type\":\"Person\",\"@id\":\"https:\\\/\\\/wp.kristdemokraterna.se\\\/tyreso\\\/#\\\/schema\\\/person\\\/3e7d76fa0f5c4996308a0a636056d6c5\",\"name\":\"tyreso\",\"image\":{\"@type\":\"ImageObject\",\"inLanguage\":\"sv-SE\",\"@id\":\"https:\\\/\\\/secure.gravatar.com\\\/avatar\\\/f60f761639a269aae348dce7665f49bfe9f0b021d1bada09d95aaa9c66ef6215?s=96&d=mm&r=g\",\"url\":\"https:\\\/\\\/secure.gravatar.com\\\/avatar\\\/f60f761639a269aae348dce7665f49bfe9f0b021d1bada09d95aaa9c66ef6215?s=96&d=mm&r=g\",\"contentUrl\":\"https:\\\/\\\/secure.gravatar.com\\\/avatar\\\/f60f761639a269aae348dce7665f49bfe9f0b021d1bada09d95aaa9c66ef6215?s=96&d=mm&r=g\",\"caption\":\"tyreso\"},\"url\":\"https:\\\/\\\/wp.kristdemokraterna.se\\\/tyreso\\\/author\\\/tyreso\\\/\"}]}<\/script>\n<!-- \/ Yoast SEO plugin. -->","yoast_head_json":{"title":"Kommunen och b\u00e5tlivet - Kristdemokraterna Tyres\u00f6","robots":{"index":"index","follow":"follow","max-snippet":"max-snippet:-1","max-image-preview":"max-image-preview:large","max-video-preview":"max-video-preview:-1"},"canonical":"https:\/\/wp.kristdemokraterna.se\/tyreso\/kommunen-och-batlivet\/","og_locale":"sv_SE","og_type":"article","og_title":"Kommunen och b\u00e5tlivet - Kristdemokraterna Tyres\u00f6","og_description":"B\u00e5tlivet \u00e4r en viktig del av en sk\u00e4rg\u00e5rdskommun och d\u00e4rf\u00f6r \u00e4r Tyres\u00f6 kommuns ogina behandling av kommunens b\u00e5tklubbar f\u00f6rv\u00e5nande. Vid m\u00e5nga fritidsverksamheter bidrar kommunen med avsev\u00e4rda belopp, t.ex. till idrottshallar, fotbollsplaner, ridhus, stallar, utegym m.m. men n\u00e4r det g\u00e4ller b\u00e5tklubbarna \u00e4r det mer eller mindre en ren inkomstk\u00e4lla f\u00f6r kommunen. Man uppl\u00e5ter en strandremsa och Read More","og_url":"https:\/\/wp.kristdemokraterna.se\/tyreso\/kommunen-och-batlivet\/","og_site_name":"Kristdemokraterna Tyres\u00f6","article_published_time":"2020-02-02T14:43:54+00:00","author":"tyreso","twitter_card":"summary_large_image","twitter_misc":{"Skriven av":"tyreso","Ber\u00e4knad l\u00e4stid":"1 minut"},"schema":{"@context":"https:\/\/schema.org","@graph":[{"@type":"Article","@id":"https:\/\/wp.kristdemokraterna.se\/tyreso\/kommunen-och-batlivet\/#article","isPartOf":{"@id":"https:\/\/wp.kristdemokraterna.se\/tyreso\/kommunen-och-batlivet\/"},"author":{"name":"tyreso","@id":"https:\/\/wp.kristdemokraterna.se\/tyreso\/#\/schema\/person\/3e7d76fa0f5c4996308a0a636056d6c5"},"headline":"Kommunen och b\u00e5tlivet","datePublished":"2020-02-02T14:43:54+00:00","mainEntityOfPage":{"@id":"https:\/\/wp.kristdemokraterna.se\/tyreso\/kommunen-och-batlivet\/"},"wordCount":216,"articleSection":["Artiklar","Inl\u00e4gg","Stadsbyggnad"],"inLanguage":"sv-SE"},{"@type":"WebPage","@id":"https:\/\/wp.kristdemokraterna.se\/tyreso\/kommunen-och-batlivet\/","url":"https:\/\/wp.kristdemokraterna.se\/tyreso\/kommunen-och-batlivet\/","name":"Kommunen och b\u00e5tlivet - Kristdemokraterna Tyres\u00f6","isPartOf":{"@id":"https:\/\/wp.kristdemokraterna.se\/tyreso\/#website"},"datePublished":"2020-02-02T14:43:54+00:00","author":{"@id":"https:\/\/wp.kristdemokraterna.se\/tyreso\/#\/schema\/person\/3e7d76fa0f5c4996308a0a636056d6c5"},"breadcrumb":{"@id":"https:\/\/wp.kristdemokraterna.se\/tyreso\/kommunen-och-batlivet\/#breadcrumb"},"inLanguage":"sv-SE","potentialAction":[{"@type":"ReadAction","target":["https:\/\/wp.kristdemokraterna.se\/tyreso\/kommunen-och-batlivet\/"]}]},{"@type":"BreadcrumbList","@id":"https:\/\/wp.kristdemokraterna.se\/tyreso\/kommunen-och-batlivet\/#breadcrumb","itemListElement":[{"@type":"ListItem","position":1,"name":"Hem","item":"https:\/\/wp.kristdemokraterna.se\/tyreso\/"},{"@type":"ListItem","position":2,"name":"Kommunen och b\u00e5tlivet"}]},{"@type":"WebSite","@id":"https:\/\/wp.kristdemokraterna.se\/tyreso\/#website","url":"https:\/\/wp.kristdemokraterna.se\/tyreso\/","name":"Kristdemokraterna Tyres\u00f6","description":"","inLanguage":"sv-SE"},{"@type":"Person","@id":"https:\/\/wp.kristdemokraterna.se\/tyreso\/#\/schema\/person\/3e7d76fa0f5c4996308a0a636056d6c5","name":"tyreso","image":{"@type":"ImageObject","inLanguage":"sv-SE","@id":"https:\/\/secure.gravatar.com\/avatar\/f60f761639a269aae348dce7665f49bfe9f0b021d1bada09d95aaa9c66ef6215?s=96&d=mm&r=g","url":"https:\/\/secure.gravatar.com\/avatar\/f60f761639a269aae348dce7665f49bfe9f0b021d1bada09d95aaa9c66ef6215?s=96&d=mm&r=g","contentUrl":"https:\/\/secure.gravatar.com\/avatar\/f60f761639a269aae348dce7665f49bfe9f0b021d1bada09d95aaa9c66ef6215?s=96&d=mm&r=g","caption":"tyreso"},"url":"https:\/\/wp.kristdemokraterna.se\/tyreso\/author\/tyreso\/"}]}},"_links":{"self":[{"href":"https:\/\/wp.kristdemokraterna.se\/tyreso\/wp-json\/wp\/v2\/posts\/1131","targetHints":{"allow":["GET"]}}],"collection":[{"href":"https:\/\/wp.kristdemokraterna.se\/tyreso\/wp-json\/wp\/v2\/posts"}],"about":[{"href":"https:\/\/wp.kristdemokraterna.se\/tyreso\/wp-json\/wp\/v2\/types\/post"}],"author":[{"embeddable":true,"href":"https:\/\/wp.kristdemokraterna.se\/tyreso\/wp-json\/wp\/v2\/users\/644"}],"replies":[{"embeddable":true,"href":"https:\/\/wp.kristdemokraterna.se\/tyreso\/wp-json\/wp\/v2\/comments?post=1131"}],"version-history":[{"count":1,"href":"https:\/\/wp.kristdemokraterna.se\/tyreso\/wp-json\/wp\/v2\/posts\/1131\/revisions"}],"predecessor-version":[{"id":1133,"href":"https:\/\/wp.kristdemokraterna.se\/tyreso\/wp-json\/wp\/v2\/posts\/1131\/revisions\/1133"}],"wp:attachment":[{"href":"https:\/\/wp.kristdemokraterna.se\/tyreso\/wp-json\/wp\/v2\/media?parent=1131"}],"wp:term":[{"taxonomy":"category","embeddable":true,"href":"https:\/\/wp.kristdemokraterna.se\/tyreso\/wp-json\/wp\/v2\/categories?post=1131"},{"taxonomy":"post_tag","embeddable":true,"href":"https:\/\/wp.kristdemokraterna.se\/tyreso\/wp-json\/wp\/v2\/tags?post=1131"}],"curies":[{"name":"wp","href":"https:\/\/api.w.org\/{rel}","templated":true}]}}