{"id":1165,"date":"2020-05-21T19:19:03","date_gmt":"2020-05-21T17:19:03","guid":{"rendered":"http:\/\/wp.kristdemokraterna.se\/tyreso\/?p=1165"},"modified":"2020-05-21T20:34:29","modified_gmt":"2020-05-21T18:34:29","slug":"var-radda-om-vara-aldre-bjorkbacken","status":"publish","type":"post","link":"https:\/\/wp.kristdemokraterna.se\/tyreso\/var-radda-om-vara-aldre-bjorkbacken\/","title":{"rendered":"Var r\u00e4dda om v\u00e5ra \u00e4ldre &#8211; Bj\u00f6rkbacken"},"content":{"rendered":"<p>Med anledning av den debatt som p\u00e5g\u00e5r om de boende p\u00e5 Bj\u00f6rkbackens \u00e4ldreboende skall flyttas eller ej under p\u00e5g\u00e5ende Covid-19-pandemi vill vi klarg\u00f6ra Kristdemokraternas st\u00e5ndpunkt.<\/p>\n<p>Grundproblemet, eller med andra ord \u201ddet stora sveket\u201d, \u00e4r att Socialdemokraterna inf\u00f6r valet lovade r\u00e4dda Bj\u00f6rkbacken s\u00e5 att ingen skulle beh\u00f6va flytta. Vi Kristdemokrater har hela tiden p\u00e5pekat att man inte kan bo d\u00e4r under tiden man bygger om, vilket sent omsider \u00e4ven Socialdemokraterna har insett. D\u00e4rf\u00f6r hade Kristdemokraterna och \u00f6vriga Alliansen ett annat alternativ, n\u00e4mligen att se till att Forellens \u00e4ldreboende f\u00f6rst blev klart s\u00e5 att de omsorgsbeh\u00f6vande hade kunnat flytta dit. Efter det skulle Bj\u00f6rkbackens \u00e4ldreboende byggas om till sm\u00e5 l\u00e4genheter av TYBO, som \u00e4ger husen. Det hade varit mycket b\u00e4ttre f\u00f6r de som nu bor p\u00e5 Bj\u00f6rkbacken och det hade varit ett kostnadseffektivt s\u00e4tt att anv\u00e4nda Bj\u00f6rkbacken.<\/p>\n<p>Under r\u00e5dande Covid-19 epidemi\u00a0anser vi Kristdemokrater att vi ska undvika att flytta de \u00e4ldre pga smittrisken.<\/p>\n","protected":false},"excerpt":{"rendered":"<p>Med anledning av den debatt som p\u00e5g\u00e5r om de boende p\u00e5 Bj\u00f6rkbackens \u00e4ldreboende skall flyttas eller ej under p\u00e5g\u00e5ende Covid-19-pandemi vill vi klarg\u00f6ra Kristdemokraternas st\u00e5ndpunkt. Grundproblemet, eller med andra ord \u201ddet stora sveket\u201d, \u00e4r att Socialdemokraterna inf\u00f6r valet lovade r\u00e4dda Bj\u00f6rkbacken s\u00e5 att ingen skulle beh\u00f6va flytta. Vi Kristdemokrater har hela tiden p\u00e5pekat att man <a class=\"read-more-link\" href=\"https:\/\/wp.kristdemokraterna.se\/tyreso\/var-radda-om-vara-aldre-bjorkbacken\/\">Read More<\/a><\/p>\n","protected":false},"author":644,"featured_media":0,"comment_status":"closed","ping_status":"closed","sticky":false,"template":"","format":"standard","meta":{"_acf_changed":false,"footnotes":""},"categories":[12,1,15],"tags":[],"class_list":["post-1165","post","type-post","status-publish","format-standard","hentry","category-aldreomsorg","category-okategoriserade","category-inlagg"],"acf":[],"yoast_head":"<!-- This site is optimized with the Yoast SEO plugin v27.4 - https:\/\/yoast.com\/product\/yoast-seo-wordpress\/ -->\n<title>Var r\u00e4dda om v\u00e5ra \u00e4ldre - Bj\u00f6rkbacken - Kristdemokraterna Tyres\u00f6<\/title>\n<meta name=\"robots\" content=\"index, follow, max-snippet:-1, max-image-preview:large, max-video-preview:-1\" \/>\n<link rel=\"canonical\" href=\"https:\/\/wp.kristdemokraterna.se\/tyreso\/var-radda-om-vara-aldre-bjorkbacken\/\" \/>\n<meta property=\"og:locale\" content=\"sv_SE\" \/>\n<meta property=\"og:type\" content=\"article\" \/>\n<meta property=\"og:title\" content=\"Var r\u00e4dda om v\u00e5ra \u00e4ldre - Bj\u00f6rkbacken - Kristdemokraterna Tyres\u00f6\" \/>\n<meta property=\"og:description\" content=\"Med anledning av den debatt som p\u00e5g\u00e5r om de boende p\u00e5 Bj\u00f6rkbackens \u00e4ldreboende skall flyttas eller ej under p\u00e5g\u00e5ende Covid-19-pandemi vill vi klarg\u00f6ra Kristdemokraternas st\u00e5ndpunkt. Grundproblemet, eller med andra ord \u201ddet stora sveket\u201d, \u00e4r att Socialdemokraterna inf\u00f6r valet lovade r\u00e4dda Bj\u00f6rkbacken s\u00e5 att ingen skulle beh\u00f6va flytta. Vi Kristdemokrater har hela tiden p\u00e5pekat att man Read More\" \/>\n<meta property=\"og:url\" content=\"https:\/\/wp.kristdemokraterna.se\/tyreso\/var-radda-om-vara-aldre-bjorkbacken\/\" \/>\n<meta property=\"og:site_name\" content=\"Kristdemokraterna Tyres\u00f6\" \/>\n<meta property=\"article:published_time\" content=\"2020-05-21T17:19:03+00:00\" \/>\n<meta property=\"article:modified_time\" content=\"2020-05-21T18:34:29+00:00\" \/>\n<meta name=\"author\" content=\"tyreso\" \/>\n<meta name=\"twitter:card\" content=\"summary_large_image\" \/>\n<meta name=\"twitter:label1\" content=\"Skriven av\" \/>\n\t<meta name=\"twitter:data1\" content=\"tyreso\" \/>\n\t<meta name=\"twitter:label2\" content=\"Ber\u00e4knad l\u00e4stid\" \/>\n\t<meta name=\"twitter:data2\" content=\"1 minut\" \/>\n<script type=\"application\/ld+json\" class=\"yoast-schema-graph\">{\"@context\":\"https:\\\/\\\/schema.org\",\"@graph\":[{\"@type\":\"Article\",\"@id\":\"https:\\\/\\\/wp.kristdemokraterna.se\\\/tyreso\\\/var-radda-om-vara-aldre-bjorkbacken\\\/#article\",\"isPartOf\":{\"@id\":\"https:\\\/\\\/wp.kristdemokraterna.se\\\/tyreso\\\/var-radda-om-vara-aldre-bjorkbacken\\\/\"},\"author\":{\"name\":\"tyreso\",\"@id\":\"https:\\\/\\\/wp.kristdemokraterna.se\\\/tyreso\\\/#\\\/schema\\\/person\\\/3e7d76fa0f5c4996308a0a636056d6c5\"},\"headline\":\"Var r\u00e4dda om v\u00e5ra \u00e4ldre &#8211; Bj\u00f6rkbacken\",\"datePublished\":\"2020-05-21T17:19:03+00:00\",\"dateModified\":\"2020-05-21T18:34:29+00:00\",\"mainEntityOfPage\":{\"@id\":\"https:\\\/\\\/wp.kristdemokraterna.se\\\/tyreso\\\/var-radda-om-vara-aldre-bjorkbacken\\\/\"},\"wordCount\":190,\"articleSection\":[\"\u00c4ldreomsorg\",\"Artiklar\",\"Inl\u00e4gg\"],\"inLanguage\":\"sv-SE\"},{\"@type\":\"WebPage\",\"@id\":\"https:\\\/\\\/wp.kristdemokraterna.se\\\/tyreso\\\/var-radda-om-vara-aldre-bjorkbacken\\\/\",\"url\":\"https:\\\/\\\/wp.kristdemokraterna.se\\\/tyreso\\\/var-radda-om-vara-aldre-bjorkbacken\\\/\",\"name\":\"Var r\u00e4dda om v\u00e5ra \u00e4ldre - Bj\u00f6rkbacken - Kristdemokraterna Tyres\u00f6\",\"isPartOf\":{\"@id\":\"https:\\\/\\\/wp.kristdemokraterna.se\\\/tyreso\\\/#website\"},\"datePublished\":\"2020-05-21T17:19:03+00:00\",\"dateModified\":\"2020-05-21T18:34:29+00:00\",\"author\":{\"@id\":\"https:\\\/\\\/wp.kristdemokraterna.se\\\/tyreso\\\/#\\\/schema\\\/person\\\/3e7d76fa0f5c4996308a0a636056d6c5\"},\"breadcrumb\":{\"@id\":\"https:\\\/\\\/wp.kristdemokraterna.se\\\/tyreso\\\/var-radda-om-vara-aldre-bjorkbacken\\\/#breadcrumb\"},\"inLanguage\":\"sv-SE\",\"potentialAction\":[{\"@type\":\"ReadAction\",\"target\":[\"https:\\\/\\\/wp.kristdemokraterna.se\\\/tyreso\\\/var-radda-om-vara-aldre-bjorkbacken\\\/\"]}]},{\"@type\":\"BreadcrumbList\",\"@id\":\"https:\\\/\\\/wp.kristdemokraterna.se\\\/tyreso\\\/var-radda-om-vara-aldre-bjorkbacken\\\/#breadcrumb\",\"itemListElement\":[{\"@type\":\"ListItem\",\"position\":1,\"name\":\"Hem\",\"item\":\"https:\\\/\\\/wp.kristdemokraterna.se\\\/tyreso\\\/\"},{\"@type\":\"ListItem\",\"position\":2,\"name\":\"Var r\u00e4dda om v\u00e5ra \u00e4ldre &#8211; Bj\u00f6rkbacken\"}]},{\"@type\":\"WebSite\",\"@id\":\"https:\\\/\\\/wp.kristdemokraterna.se\\\/tyreso\\\/#website\",\"url\":\"https:\\\/\\\/wp.kristdemokraterna.se\\\/tyreso\\\/\",\"name\":\"Kristdemokraterna Tyres\u00f6\",\"description\":\"\",\"inLanguage\":\"sv-SE\"},{\"@type\":\"Person\",\"@id\":\"https:\\\/\\\/wp.kristdemokraterna.se\\\/tyreso\\\/#\\\/schema\\\/person\\\/3e7d76fa0f5c4996308a0a636056d6c5\",\"name\":\"tyreso\",\"image\":{\"@type\":\"ImageObject\",\"inLanguage\":\"sv-SE\",\"@id\":\"https:\\\/\\\/secure.gravatar.com\\\/avatar\\\/f60f761639a269aae348dce7665f49bfe9f0b021d1bada09d95aaa9c66ef6215?s=96&d=mm&r=g\",\"url\":\"https:\\\/\\\/secure.gravatar.com\\\/avatar\\\/f60f761639a269aae348dce7665f49bfe9f0b021d1bada09d95aaa9c66ef6215?s=96&d=mm&r=g\",\"contentUrl\":\"https:\\\/\\\/secure.gravatar.com\\\/avatar\\\/f60f761639a269aae348dce7665f49bfe9f0b021d1bada09d95aaa9c66ef6215?s=96&d=mm&r=g\",\"caption\":\"tyreso\"},\"url\":\"https:\\\/\\\/wp.kristdemokraterna.se\\\/tyreso\\\/author\\\/tyreso\\\/\"}]}<\/script>\n<!-- \/ Yoast SEO plugin. -->","yoast_head_json":{"title":"Var r\u00e4dda om v\u00e5ra \u00e4ldre - Bj\u00f6rkbacken - Kristdemokraterna Tyres\u00f6","robots":{"index":"index","follow":"follow","max-snippet":"max-snippet:-1","max-image-preview":"max-image-preview:large","max-video-preview":"max-video-preview:-1"},"canonical":"https:\/\/wp.kristdemokraterna.se\/tyreso\/var-radda-om-vara-aldre-bjorkbacken\/","og_locale":"sv_SE","og_type":"article","og_title":"Var r\u00e4dda om v\u00e5ra \u00e4ldre - Bj\u00f6rkbacken - Kristdemokraterna Tyres\u00f6","og_description":"Med anledning av den debatt som p\u00e5g\u00e5r om de boende p\u00e5 Bj\u00f6rkbackens \u00e4ldreboende skall flyttas eller ej under p\u00e5g\u00e5ende Covid-19-pandemi vill vi klarg\u00f6ra Kristdemokraternas st\u00e5ndpunkt. Grundproblemet, eller med andra ord \u201ddet stora sveket\u201d, \u00e4r att Socialdemokraterna inf\u00f6r valet lovade r\u00e4dda Bj\u00f6rkbacken s\u00e5 att ingen skulle beh\u00f6va flytta. Vi Kristdemokrater har hela tiden p\u00e5pekat att man Read More","og_url":"https:\/\/wp.kristdemokraterna.se\/tyreso\/var-radda-om-vara-aldre-bjorkbacken\/","og_site_name":"Kristdemokraterna Tyres\u00f6","article_published_time":"2020-05-21T17:19:03+00:00","article_modified_time":"2020-05-21T18:34:29+00:00","author":"tyreso","twitter_card":"summary_large_image","twitter_misc":{"Skriven av":"tyreso","Ber\u00e4knad l\u00e4stid":"1 minut"},"schema":{"@context":"https:\/\/schema.org","@graph":[{"@type":"Article","@id":"https:\/\/wp.kristdemokraterna.se\/tyreso\/var-radda-om-vara-aldre-bjorkbacken\/#article","isPartOf":{"@id":"https:\/\/wp.kristdemokraterna.se\/tyreso\/var-radda-om-vara-aldre-bjorkbacken\/"},"author":{"name":"tyreso","@id":"https:\/\/wp.kristdemokraterna.se\/tyreso\/#\/schema\/person\/3e7d76fa0f5c4996308a0a636056d6c5"},"headline":"Var r\u00e4dda om v\u00e5ra \u00e4ldre &#8211; Bj\u00f6rkbacken","datePublished":"2020-05-21T17:19:03+00:00","dateModified":"2020-05-21T18:34:29+00:00","mainEntityOfPage":{"@id":"https:\/\/wp.kristdemokraterna.se\/tyreso\/var-radda-om-vara-aldre-bjorkbacken\/"},"wordCount":190,"articleSection":["\u00c4ldreomsorg","Artiklar","Inl\u00e4gg"],"inLanguage":"sv-SE"},{"@type":"WebPage","@id":"https:\/\/wp.kristdemokraterna.se\/tyreso\/var-radda-om-vara-aldre-bjorkbacken\/","url":"https:\/\/wp.kristdemokraterna.se\/tyreso\/var-radda-om-vara-aldre-bjorkbacken\/","name":"Var r\u00e4dda om v\u00e5ra \u00e4ldre - Bj\u00f6rkbacken - Kristdemokraterna Tyres\u00f6","isPartOf":{"@id":"https:\/\/wp.kristdemokraterna.se\/tyreso\/#website"},"datePublished":"2020-05-21T17:19:03+00:00","dateModified":"2020-05-21T18:34:29+00:00","author":{"@id":"https:\/\/wp.kristdemokraterna.se\/tyreso\/#\/schema\/person\/3e7d76fa0f5c4996308a0a636056d6c5"},"breadcrumb":{"@id":"https:\/\/wp.kristdemokraterna.se\/tyreso\/var-radda-om-vara-aldre-bjorkbacken\/#breadcrumb"},"inLanguage":"sv-SE","potentialAction":[{"@type":"ReadAction","target":["https:\/\/wp.kristdemokraterna.se\/tyreso\/var-radda-om-vara-aldre-bjorkbacken\/"]}]},{"@type":"BreadcrumbList","@id":"https:\/\/wp.kristdemokraterna.se\/tyreso\/var-radda-om-vara-aldre-bjorkbacken\/#breadcrumb","itemListElement":[{"@type":"ListItem","position":1,"name":"Hem","item":"https:\/\/wp.kristdemokraterna.se\/tyreso\/"},{"@type":"ListItem","position":2,"name":"Var r\u00e4dda om v\u00e5ra \u00e4ldre &#8211; Bj\u00f6rkbacken"}]},{"@type":"WebSite","@id":"https:\/\/wp.kristdemokraterna.se\/tyreso\/#website","url":"https:\/\/wp.kristdemokraterna.se\/tyreso\/","name":"Kristdemokraterna Tyres\u00f6","description":"","inLanguage":"sv-SE"},{"@type":"Person","@id":"https:\/\/wp.kristdemokraterna.se\/tyreso\/#\/schema\/person\/3e7d76fa0f5c4996308a0a636056d6c5","name":"tyreso","image":{"@type":"ImageObject","inLanguage":"sv-SE","@id":"https:\/\/secure.gravatar.com\/avatar\/f60f761639a269aae348dce7665f49bfe9f0b021d1bada09d95aaa9c66ef6215?s=96&d=mm&r=g","url":"https:\/\/secure.gravatar.com\/avatar\/f60f761639a269aae348dce7665f49bfe9f0b021d1bada09d95aaa9c66ef6215?s=96&d=mm&r=g","contentUrl":"https:\/\/secure.gravatar.com\/avatar\/f60f761639a269aae348dce7665f49bfe9f0b021d1bada09d95aaa9c66ef6215?s=96&d=mm&r=g","caption":"tyreso"},"url":"https:\/\/wp.kristdemokraterna.se\/tyreso\/author\/tyreso\/"}]}},"_links":{"self":[{"href":"https:\/\/wp.kristdemokraterna.se\/tyreso\/wp-json\/wp\/v2\/posts\/1165","targetHints":{"allow":["GET"]}}],"collection":[{"href":"https:\/\/wp.kristdemokraterna.se\/tyreso\/wp-json\/wp\/v2\/posts"}],"about":[{"href":"https:\/\/wp.kristdemokraterna.se\/tyreso\/wp-json\/wp\/v2\/types\/post"}],"author":[{"embeddable":true,"href":"https:\/\/wp.kristdemokraterna.se\/tyreso\/wp-json\/wp\/v2\/users\/644"}],"replies":[{"embeddable":true,"href":"https:\/\/wp.kristdemokraterna.se\/tyreso\/wp-json\/wp\/v2\/comments?post=1165"}],"version-history":[{"count":2,"href":"https:\/\/wp.kristdemokraterna.se\/tyreso\/wp-json\/wp\/v2\/posts\/1165\/revisions"}],"predecessor-version":[{"id":1168,"href":"https:\/\/wp.kristdemokraterna.se\/tyreso\/wp-json\/wp\/v2\/posts\/1165\/revisions\/1168"}],"wp:attachment":[{"href":"https:\/\/wp.kristdemokraterna.se\/tyreso\/wp-json\/wp\/v2\/media?parent=1165"}],"wp:term":[{"taxonomy":"category","embeddable":true,"href":"https:\/\/wp.kristdemokraterna.se\/tyreso\/wp-json\/wp\/v2\/categories?post=1165"},{"taxonomy":"post_tag","embeddable":true,"href":"https:\/\/wp.kristdemokraterna.se\/tyreso\/wp-json\/wp\/v2\/tags?post=1165"}],"curies":[{"name":"wp","href":"https:\/\/api.w.org\/{rel}","templated":true}]}}