{"id":1178,"date":"2020-07-06T09:45:05","date_gmt":"2020-07-06T07:45:05","guid":{"rendered":"http:\/\/wp.kristdemokraterna.se\/tyreso\/?p=1178"},"modified":"2020-07-21T09:49:12","modified_gmt":"2020-07-21T07:49:12","slug":"vatten-i-tyreso-del-tva","status":"publish","type":"post","link":"https:\/\/wp.kristdemokraterna.se\/tyreso\/vatten-i-tyreso-del-tva\/","title":{"rendered":"Vatten i Tyres\u00f6, del tv\u00e5"},"content":{"rendered":"<p>Sommaren \u00e4r ofta en tid av politisk nyhetstorka. Sommaren 2019 presenterade vi Tyres\u00f6s fina naturreservat och nationalpark. I sommar blir det lite kring temat \u201dVatten i Tyres\u00f6\u201d. Kan inte lova att alla \u201dvattensamlingar\u201d hinner att presenteras, men m\u00e5nga blir det.<\/p>\n<p>F\u00f6rra veckan var det de anlagd vattensamlingarnas vecka, den h\u00e4r veckan b\u00f6rjar vi i Drevviken f\u00f6r att f\u00f6lja vattnets v\u00e4g till Kalvfj\u00e4rden.<\/p>\n<p>F\u00f6r att se alla bilder: <a href=\"https:\/\/www.facebook.com\/KDTyreso\/photos\/pcb.2907101716084027\/2907098542751011\/?type=3&amp;theater\">https:\/\/www.facebook.com\/KDTyreso\/photos\/pcb.2907101716084027\/2907098542751011\/?type=3&amp;theater<\/a><\/p>\n<p>Drevviken, som presenteras med en sommarbild och en vinterbild, delas mellan Tyres\u00f6, Haninge och Stockholms stad.<\/p>\n<p>Via Gud\u00f6 \u00e5, ingen bild, n\u00e5r vi till L\u00e5ngsj\u00f6n som delas mellan Tyres\u00f6 och Haninge.<\/p>\n<p>Via Gammelstr\u00f6m n\u00e5r vi Tyres\u00f6 Flaten, som presenteras med en vinterbild och en sommarbild.<\/p>\n<p>Fr\u00e5n Drevviken via Gud\u00f6 \u00e5, L\u00e5ngsj\u00f6n och Gammelstr\u00f6m kan man paddla till Tyres\u00f6 Flaten, en trevlig och omv\u00e4xlande paddeltur. G\u00e4ller bara att vattenniv\u00e5n \u00e4r tillr\u00e4ckligt h\u00f6g i Tyres\u00f6 Flaten s\u00e5 man inte fastnar p\u00e5 n\u00e5gon sten i Gammelstr\u00f6m.<\/p>\n<p>Forts\u00e4ttning f\u00f6ljer.<\/p>\n","protected":false},"excerpt":{"rendered":"<p>Sommaren \u00e4r ofta en tid av politisk nyhetstorka. Sommaren 2019 presenterade vi Tyres\u00f6s fina naturreservat och nationalpark. I sommar blir det lite kring temat \u201dVatten i Tyres\u00f6\u201d. Kan inte lova att alla \u201dvattensamlingar\u201d hinner att presenteras, men m\u00e5nga blir det. F\u00f6rra veckan var det de anlagd vattensamlingarnas vecka, den h\u00e4r veckan b\u00f6rjar vi i Drevviken <a class=\"read-more-link\" href=\"https:\/\/wp.kristdemokraterna.se\/tyreso\/vatten-i-tyreso-del-tva\/\">Read More<\/a><\/p>\n","protected":false},"author":644,"featured_media":0,"comment_status":"closed","ping_status":"closed","sticky":false,"template":"","format":"standard","meta":{"_acf_changed":false,"footnotes":""},"categories":[1,15,10],"tags":[],"class_list":["post-1178","post","type-post","status-publish","format-standard","hentry","category-okategoriserade","category-inlagg","category-natur"],"acf":[],"yoast_head":"<!-- This site is optimized with the Yoast SEO plugin v27.4 - https:\/\/yoast.com\/product\/yoast-seo-wordpress\/ -->\n<title>Vatten i Tyres\u00f6, del tv\u00e5 - Kristdemokraterna Tyres\u00f6<\/title>\n<meta name=\"robots\" content=\"index, follow, max-snippet:-1, max-image-preview:large, max-video-preview:-1\" \/>\n<link rel=\"canonical\" href=\"https:\/\/wp.kristdemokraterna.se\/tyreso\/vatten-i-tyreso-del-tva\/\" \/>\n<meta property=\"og:locale\" content=\"sv_SE\" \/>\n<meta property=\"og:type\" content=\"article\" \/>\n<meta property=\"og:title\" content=\"Vatten i Tyres\u00f6, del tv\u00e5 - Kristdemokraterna Tyres\u00f6\" \/>\n<meta property=\"og:description\" content=\"Sommaren \u00e4r ofta en tid av politisk nyhetstorka. Sommaren 2019 presenterade vi Tyres\u00f6s fina naturreservat och nationalpark. I sommar blir det lite kring temat \u201dVatten i Tyres\u00f6\u201d. Kan inte lova att alla \u201dvattensamlingar\u201d hinner att presenteras, men m\u00e5nga blir det. F\u00f6rra veckan var det de anlagd vattensamlingarnas vecka, den h\u00e4r veckan b\u00f6rjar vi i Drevviken Read More\" \/>\n<meta property=\"og:url\" content=\"https:\/\/wp.kristdemokraterna.se\/tyreso\/vatten-i-tyreso-del-tva\/\" \/>\n<meta property=\"og:site_name\" content=\"Kristdemokraterna Tyres\u00f6\" \/>\n<meta property=\"article:published_time\" content=\"2020-07-06T07:45:05+00:00\" \/>\n<meta property=\"article:modified_time\" content=\"2020-07-21T07:49:12+00:00\" \/>\n<meta name=\"author\" content=\"tyreso\" \/>\n<meta name=\"twitter:card\" content=\"summary_large_image\" \/>\n<meta name=\"twitter:label1\" content=\"Skriven av\" \/>\n\t<meta name=\"twitter:data1\" content=\"tyreso\" \/>\n\t<meta name=\"twitter:label2\" content=\"Ber\u00e4knad l\u00e4stid\" \/>\n\t<meta name=\"twitter:data2\" content=\"1 minut\" \/>\n<script type=\"application\/ld+json\" class=\"yoast-schema-graph\">{\"@context\":\"https:\\\/\\\/schema.org\",\"@graph\":[{\"@type\":\"Article\",\"@id\":\"https:\\\/\\\/wp.kristdemokraterna.se\\\/tyreso\\\/vatten-i-tyreso-del-tva\\\/#article\",\"isPartOf\":{\"@id\":\"https:\\\/\\\/wp.kristdemokraterna.se\\\/tyreso\\\/vatten-i-tyreso-del-tva\\\/\"},\"author\":{\"name\":\"tyreso\",\"@id\":\"https:\\\/\\\/wp.kristdemokraterna.se\\\/tyreso\\\/#\\\/schema\\\/person\\\/3e7d76fa0f5c4996308a0a636056d6c5\"},\"headline\":\"Vatten i Tyres\u00f6, del tv\u00e5\",\"datePublished\":\"2020-07-06T07:45:05+00:00\",\"dateModified\":\"2020-07-21T07:49:12+00:00\",\"mainEntityOfPage\":{\"@id\":\"https:\\\/\\\/wp.kristdemokraterna.se\\\/tyreso\\\/vatten-i-tyreso-del-tva\\\/\"},\"wordCount\":192,\"articleSection\":[\"Artiklar\",\"Inl\u00e4gg\",\"Natur\"],\"inLanguage\":\"sv-SE\"},{\"@type\":\"WebPage\",\"@id\":\"https:\\\/\\\/wp.kristdemokraterna.se\\\/tyreso\\\/vatten-i-tyreso-del-tva\\\/\",\"url\":\"https:\\\/\\\/wp.kristdemokraterna.se\\\/tyreso\\\/vatten-i-tyreso-del-tva\\\/\",\"name\":\"Vatten i Tyres\u00f6, del tv\u00e5 - Kristdemokraterna Tyres\u00f6\",\"isPartOf\":{\"@id\":\"https:\\\/\\\/wp.kristdemokraterna.se\\\/tyreso\\\/#website\"},\"datePublished\":\"2020-07-06T07:45:05+00:00\",\"dateModified\":\"2020-07-21T07:49:12+00:00\",\"author\":{\"@id\":\"https:\\\/\\\/wp.kristdemokraterna.se\\\/tyreso\\\/#\\\/schema\\\/person\\\/3e7d76fa0f5c4996308a0a636056d6c5\"},\"breadcrumb\":{\"@id\":\"https:\\\/\\\/wp.kristdemokraterna.se\\\/tyreso\\\/vatten-i-tyreso-del-tva\\\/#breadcrumb\"},\"inLanguage\":\"sv-SE\",\"potentialAction\":[{\"@type\":\"ReadAction\",\"target\":[\"https:\\\/\\\/wp.kristdemokraterna.se\\\/tyreso\\\/vatten-i-tyreso-del-tva\\\/\"]}]},{\"@type\":\"BreadcrumbList\",\"@id\":\"https:\\\/\\\/wp.kristdemokraterna.se\\\/tyreso\\\/vatten-i-tyreso-del-tva\\\/#breadcrumb\",\"itemListElement\":[{\"@type\":\"ListItem\",\"position\":1,\"name\":\"Hem\",\"item\":\"https:\\\/\\\/wp.kristdemokraterna.se\\\/tyreso\\\/\"},{\"@type\":\"ListItem\",\"position\":2,\"name\":\"Vatten i Tyres\u00f6, del tv\u00e5\"}]},{\"@type\":\"WebSite\",\"@id\":\"https:\\\/\\\/wp.kristdemokraterna.se\\\/tyreso\\\/#website\",\"url\":\"https:\\\/\\\/wp.kristdemokraterna.se\\\/tyreso\\\/\",\"name\":\"Kristdemokraterna Tyres\u00f6\",\"description\":\"\",\"inLanguage\":\"sv-SE\"},{\"@type\":\"Person\",\"@id\":\"https:\\\/\\\/wp.kristdemokraterna.se\\\/tyreso\\\/#\\\/schema\\\/person\\\/3e7d76fa0f5c4996308a0a636056d6c5\",\"name\":\"tyreso\",\"image\":{\"@type\":\"ImageObject\",\"inLanguage\":\"sv-SE\",\"@id\":\"https:\\\/\\\/secure.gravatar.com\\\/avatar\\\/f60f761639a269aae348dce7665f49bfe9f0b021d1bada09d95aaa9c66ef6215?s=96&d=mm&r=g\",\"url\":\"https:\\\/\\\/secure.gravatar.com\\\/avatar\\\/f60f761639a269aae348dce7665f49bfe9f0b021d1bada09d95aaa9c66ef6215?s=96&d=mm&r=g\",\"contentUrl\":\"https:\\\/\\\/secure.gravatar.com\\\/avatar\\\/f60f761639a269aae348dce7665f49bfe9f0b021d1bada09d95aaa9c66ef6215?s=96&d=mm&r=g\",\"caption\":\"tyreso\"},\"url\":\"https:\\\/\\\/wp.kristdemokraterna.se\\\/tyreso\\\/author\\\/tyreso\\\/\"}]}<\/script>\n<!-- \/ Yoast SEO plugin. -->","yoast_head_json":{"title":"Vatten i Tyres\u00f6, del tv\u00e5 - Kristdemokraterna Tyres\u00f6","robots":{"index":"index","follow":"follow","max-snippet":"max-snippet:-1","max-image-preview":"max-image-preview:large","max-video-preview":"max-video-preview:-1"},"canonical":"https:\/\/wp.kristdemokraterna.se\/tyreso\/vatten-i-tyreso-del-tva\/","og_locale":"sv_SE","og_type":"article","og_title":"Vatten i Tyres\u00f6, del tv\u00e5 - Kristdemokraterna Tyres\u00f6","og_description":"Sommaren \u00e4r ofta en tid av politisk nyhetstorka. Sommaren 2019 presenterade vi Tyres\u00f6s fina naturreservat och nationalpark. I sommar blir det lite kring temat \u201dVatten i Tyres\u00f6\u201d. Kan inte lova att alla \u201dvattensamlingar\u201d hinner att presenteras, men m\u00e5nga blir det. F\u00f6rra veckan var det de anlagd vattensamlingarnas vecka, den h\u00e4r veckan b\u00f6rjar vi i Drevviken Read More","og_url":"https:\/\/wp.kristdemokraterna.se\/tyreso\/vatten-i-tyreso-del-tva\/","og_site_name":"Kristdemokraterna Tyres\u00f6","article_published_time":"2020-07-06T07:45:05+00:00","article_modified_time":"2020-07-21T07:49:12+00:00","author":"tyreso","twitter_card":"summary_large_image","twitter_misc":{"Skriven av":"tyreso","Ber\u00e4knad l\u00e4stid":"1 minut"},"schema":{"@context":"https:\/\/schema.org","@graph":[{"@type":"Article","@id":"https:\/\/wp.kristdemokraterna.se\/tyreso\/vatten-i-tyreso-del-tva\/#article","isPartOf":{"@id":"https:\/\/wp.kristdemokraterna.se\/tyreso\/vatten-i-tyreso-del-tva\/"},"author":{"name":"tyreso","@id":"https:\/\/wp.kristdemokraterna.se\/tyreso\/#\/schema\/person\/3e7d76fa0f5c4996308a0a636056d6c5"},"headline":"Vatten i Tyres\u00f6, del tv\u00e5","datePublished":"2020-07-06T07:45:05+00:00","dateModified":"2020-07-21T07:49:12+00:00","mainEntityOfPage":{"@id":"https:\/\/wp.kristdemokraterna.se\/tyreso\/vatten-i-tyreso-del-tva\/"},"wordCount":192,"articleSection":["Artiklar","Inl\u00e4gg","Natur"],"inLanguage":"sv-SE"},{"@type":"WebPage","@id":"https:\/\/wp.kristdemokraterna.se\/tyreso\/vatten-i-tyreso-del-tva\/","url":"https:\/\/wp.kristdemokraterna.se\/tyreso\/vatten-i-tyreso-del-tva\/","name":"Vatten i Tyres\u00f6, del tv\u00e5 - Kristdemokraterna Tyres\u00f6","isPartOf":{"@id":"https:\/\/wp.kristdemokraterna.se\/tyreso\/#website"},"datePublished":"2020-07-06T07:45:05+00:00","dateModified":"2020-07-21T07:49:12+00:00","author":{"@id":"https:\/\/wp.kristdemokraterna.se\/tyreso\/#\/schema\/person\/3e7d76fa0f5c4996308a0a636056d6c5"},"breadcrumb":{"@id":"https:\/\/wp.kristdemokraterna.se\/tyreso\/vatten-i-tyreso-del-tva\/#breadcrumb"},"inLanguage":"sv-SE","potentialAction":[{"@type":"ReadAction","target":["https:\/\/wp.kristdemokraterna.se\/tyreso\/vatten-i-tyreso-del-tva\/"]}]},{"@type":"BreadcrumbList","@id":"https:\/\/wp.kristdemokraterna.se\/tyreso\/vatten-i-tyreso-del-tva\/#breadcrumb","itemListElement":[{"@type":"ListItem","position":1,"name":"Hem","item":"https:\/\/wp.kristdemokraterna.se\/tyreso\/"},{"@type":"ListItem","position":2,"name":"Vatten i Tyres\u00f6, del tv\u00e5"}]},{"@type":"WebSite","@id":"https:\/\/wp.kristdemokraterna.se\/tyreso\/#website","url":"https:\/\/wp.kristdemokraterna.se\/tyreso\/","name":"Kristdemokraterna Tyres\u00f6","description":"","inLanguage":"sv-SE"},{"@type":"Person","@id":"https:\/\/wp.kristdemokraterna.se\/tyreso\/#\/schema\/person\/3e7d76fa0f5c4996308a0a636056d6c5","name":"tyreso","image":{"@type":"ImageObject","inLanguage":"sv-SE","@id":"https:\/\/secure.gravatar.com\/avatar\/f60f761639a269aae348dce7665f49bfe9f0b021d1bada09d95aaa9c66ef6215?s=96&d=mm&r=g","url":"https:\/\/secure.gravatar.com\/avatar\/f60f761639a269aae348dce7665f49bfe9f0b021d1bada09d95aaa9c66ef6215?s=96&d=mm&r=g","contentUrl":"https:\/\/secure.gravatar.com\/avatar\/f60f761639a269aae348dce7665f49bfe9f0b021d1bada09d95aaa9c66ef6215?s=96&d=mm&r=g","caption":"tyreso"},"url":"https:\/\/wp.kristdemokraterna.se\/tyreso\/author\/tyreso\/"}]}},"_links":{"self":[{"href":"https:\/\/wp.kristdemokraterna.se\/tyreso\/wp-json\/wp\/v2\/posts\/1178","targetHints":{"allow":["GET"]}}],"collection":[{"href":"https:\/\/wp.kristdemokraterna.se\/tyreso\/wp-json\/wp\/v2\/posts"}],"about":[{"href":"https:\/\/wp.kristdemokraterna.se\/tyreso\/wp-json\/wp\/v2\/types\/post"}],"author":[{"embeddable":true,"href":"https:\/\/wp.kristdemokraterna.se\/tyreso\/wp-json\/wp\/v2\/users\/644"}],"replies":[{"embeddable":true,"href":"https:\/\/wp.kristdemokraterna.se\/tyreso\/wp-json\/wp\/v2\/comments?post=1178"}],"version-history":[{"count":1,"href":"https:\/\/wp.kristdemokraterna.se\/tyreso\/wp-json\/wp\/v2\/posts\/1178\/revisions"}],"predecessor-version":[{"id":1180,"href":"https:\/\/wp.kristdemokraterna.se\/tyreso\/wp-json\/wp\/v2\/posts\/1178\/revisions\/1180"}],"wp:attachment":[{"href":"https:\/\/wp.kristdemokraterna.se\/tyreso\/wp-json\/wp\/v2\/media?parent=1178"}],"wp:term":[{"taxonomy":"category","embeddable":true,"href":"https:\/\/wp.kristdemokraterna.se\/tyreso\/wp-json\/wp\/v2\/categories?post=1178"},{"taxonomy":"post_tag","embeddable":true,"href":"https:\/\/wp.kristdemokraterna.se\/tyreso\/wp-json\/wp\/v2\/tags?post=1178"}],"curies":[{"name":"wp","href":"https:\/\/api.w.org\/{rel}","templated":true}]}}