{"id":1181,"date":"2020-07-13T15:09:55","date_gmt":"2020-07-13T13:09:55","guid":{"rendered":"http:\/\/wp.kristdemokraterna.se\/tyreso\/?p=1181"},"modified":"2020-07-21T15:15:23","modified_gmt":"2020-07-21T13:15:23","slug":"vatten-i-tyreso-del-tre","status":"publish","type":"post","link":"https:\/\/wp.kristdemokraterna.se\/tyreso\/vatten-i-tyreso-del-tre\/","title":{"rendered":"Vatten i Tyres\u00f6, del tre"},"content":{"rendered":"<p>Sommaren \u00e4r ofta en tid av politisk nyhetstorka. Sommaren 2019 presenterade vi Tyres\u00f6s fina naturreservat och nationalpark. I sommar blir det lite kring temat \u201dVatten i Tyres\u00f6\u201d. Kan inte lova att alla \u201dvattensamlingar\u201d hinner att presenteras, men m\u00e5nga blir det.<\/p>\n<p>Den h\u00e4r veckan forts\u00e4tter vi att f\u00f6lja vattnets v\u00e4g fr\u00e5n Drevviken till Kalvfj\u00e4rden.<\/p>\n<p>F\u00f6r att se alla bilder: <a href=\"https:\/\/www.facebook.com\/KDTyreso\/photos\/pcb.2925310304263168\/2925305807596951\/?type=3&amp;theater\">https:\/\/www.facebook.com\/KDTyreso\/photos\/pcb.2925310304263168\/2925305807596951\/?type=3&amp;theater<\/a><\/p>\n<p>Fr\u00e5n Tyres\u00f6 Flaten rinner vattnet ut i Albysj\u00f6n via Nyfors. Sj\u00e4lv tycker jag nog att Nyfors \u00e4r som vackrast n\u00e4r vintern \u00f6verg\u00e5r i v\u00e5r, s\u00e5 jag har valt ut tre s\u00e5dana bilder inklusive en bild p\u00e5 str\u00f6mstaren som man kan f\u00e5 se denna \u00e5rstid. Sommaren 2008 regnade det rej\u00e4lt i b\u00f6rjan augusti och n\u00e4r dammluckorna inte var tillr\u00e4ckligt \u00f6ppna tog sig vattnet tillf\u00e4lligt en ny v\u00e4g, en lite rolig bild.<\/p>\n<p>Vattnet fr\u00e5n Nyfors rinner ut i Nyforsviken som \u00e4r en del av Albysj\u00f6n, som presenteras med en sommarbild och en vinterbild med en b\u00e4verhydda.<\/p>\n<p>Och s\u00e5 n\u00e5gra bilder fr\u00e5n sj\u00e4lva Albysj\u00f6n, en h\u00f6stbild, en vinterbild och en sommarbild d\u00e4r man ser ett tomt Albybad.<\/p>\n<p>Forts\u00e4ttning f\u00f6ljer.<\/p>\n","protected":false},"excerpt":{"rendered":"<p>Sommaren \u00e4r ofta en tid av politisk nyhetstorka. Sommaren 2019 presenterade vi Tyres\u00f6s fina naturreservat och nationalpark. I sommar blir det lite kring temat \u201dVatten i Tyres\u00f6\u201d. Kan inte lova att alla \u201dvattensamlingar\u201d hinner att presenteras, men m\u00e5nga blir det. Den h\u00e4r veckan forts\u00e4tter vi att f\u00f6lja vattnets v\u00e4g fr\u00e5n Drevviken till Kalvfj\u00e4rden. F\u00f6r att <a class=\"read-more-link\" href=\"https:\/\/wp.kristdemokraterna.se\/tyreso\/vatten-i-tyreso-del-tre\/\">Read More<\/a><\/p>\n","protected":false},"author":644,"featured_media":0,"comment_status":"closed","ping_status":"closed","sticky":false,"template":"","format":"standard","meta":{"_acf_changed":false,"footnotes":""},"categories":[1,15,10],"tags":[],"class_list":["post-1181","post","type-post","status-publish","format-standard","hentry","category-okategoriserade","category-inlagg","category-natur"],"acf":[],"yoast_head":"<!-- This site is optimized with the Yoast SEO plugin v27.4 - https:\/\/yoast.com\/product\/yoast-seo-wordpress\/ -->\n<title>Vatten i Tyres\u00f6, del tre - Kristdemokraterna Tyres\u00f6<\/title>\n<meta name=\"robots\" content=\"index, follow, max-snippet:-1, max-image-preview:large, max-video-preview:-1\" \/>\n<link rel=\"canonical\" href=\"https:\/\/wp.kristdemokraterna.se\/tyreso\/vatten-i-tyreso-del-tre\/\" \/>\n<meta property=\"og:locale\" content=\"sv_SE\" \/>\n<meta property=\"og:type\" content=\"article\" \/>\n<meta property=\"og:title\" content=\"Vatten i Tyres\u00f6, del tre - Kristdemokraterna Tyres\u00f6\" \/>\n<meta property=\"og:description\" content=\"Sommaren \u00e4r ofta en tid av politisk nyhetstorka. Sommaren 2019 presenterade vi Tyres\u00f6s fina naturreservat och nationalpark. I sommar blir det lite kring temat \u201dVatten i Tyres\u00f6\u201d. Kan inte lova att alla \u201dvattensamlingar\u201d hinner att presenteras, men m\u00e5nga blir det. Den h\u00e4r veckan forts\u00e4tter vi att f\u00f6lja vattnets v\u00e4g fr\u00e5n Drevviken till Kalvfj\u00e4rden. F\u00f6r att Read More\" \/>\n<meta property=\"og:url\" content=\"https:\/\/wp.kristdemokraterna.se\/tyreso\/vatten-i-tyreso-del-tre\/\" \/>\n<meta property=\"og:site_name\" content=\"Kristdemokraterna Tyres\u00f6\" \/>\n<meta property=\"article:published_time\" content=\"2020-07-13T13:09:55+00:00\" \/>\n<meta property=\"article:modified_time\" content=\"2020-07-21T13:15:23+00:00\" \/>\n<meta name=\"author\" content=\"tyreso\" \/>\n<meta name=\"twitter:card\" content=\"summary_large_image\" \/>\n<meta name=\"twitter:label1\" content=\"Skriven av\" \/>\n\t<meta name=\"twitter:data1\" content=\"tyreso\" \/>\n\t<meta name=\"twitter:label2\" content=\"Ber\u00e4knad l\u00e4stid\" \/>\n\t<meta name=\"twitter:data2\" content=\"1 minut\" \/>\n<script type=\"application\/ld+json\" class=\"yoast-schema-graph\">{\"@context\":\"https:\\\/\\\/schema.org\",\"@graph\":[{\"@type\":\"Article\",\"@id\":\"https:\\\/\\\/wp.kristdemokraterna.se\\\/tyreso\\\/vatten-i-tyreso-del-tre\\\/#article\",\"isPartOf\":{\"@id\":\"https:\\\/\\\/wp.kristdemokraterna.se\\\/tyreso\\\/vatten-i-tyreso-del-tre\\\/\"},\"author\":{\"name\":\"tyreso\",\"@id\":\"https:\\\/\\\/wp.kristdemokraterna.se\\\/tyreso\\\/#\\\/schema\\\/person\\\/3e7d76fa0f5c4996308a0a636056d6c5\"},\"headline\":\"Vatten i Tyres\u00f6, del tre\",\"datePublished\":\"2020-07-13T13:09:55+00:00\",\"dateModified\":\"2020-07-21T13:15:23+00:00\",\"mainEntityOfPage\":{\"@id\":\"https:\\\/\\\/wp.kristdemokraterna.se\\\/tyreso\\\/vatten-i-tyreso-del-tre\\\/\"},\"wordCount\":221,\"articleSection\":[\"Artiklar\",\"Inl\u00e4gg\",\"Natur\"],\"inLanguage\":\"sv-SE\"},{\"@type\":\"WebPage\",\"@id\":\"https:\\\/\\\/wp.kristdemokraterna.se\\\/tyreso\\\/vatten-i-tyreso-del-tre\\\/\",\"url\":\"https:\\\/\\\/wp.kristdemokraterna.se\\\/tyreso\\\/vatten-i-tyreso-del-tre\\\/\",\"name\":\"Vatten i Tyres\u00f6, del tre - Kristdemokraterna Tyres\u00f6\",\"isPartOf\":{\"@id\":\"https:\\\/\\\/wp.kristdemokraterna.se\\\/tyreso\\\/#website\"},\"datePublished\":\"2020-07-13T13:09:55+00:00\",\"dateModified\":\"2020-07-21T13:15:23+00:00\",\"author\":{\"@id\":\"https:\\\/\\\/wp.kristdemokraterna.se\\\/tyreso\\\/#\\\/schema\\\/person\\\/3e7d76fa0f5c4996308a0a636056d6c5\"},\"breadcrumb\":{\"@id\":\"https:\\\/\\\/wp.kristdemokraterna.se\\\/tyreso\\\/vatten-i-tyreso-del-tre\\\/#breadcrumb\"},\"inLanguage\":\"sv-SE\",\"potentialAction\":[{\"@type\":\"ReadAction\",\"target\":[\"https:\\\/\\\/wp.kristdemokraterna.se\\\/tyreso\\\/vatten-i-tyreso-del-tre\\\/\"]}]},{\"@type\":\"BreadcrumbList\",\"@id\":\"https:\\\/\\\/wp.kristdemokraterna.se\\\/tyreso\\\/vatten-i-tyreso-del-tre\\\/#breadcrumb\",\"itemListElement\":[{\"@type\":\"ListItem\",\"position\":1,\"name\":\"Hem\",\"item\":\"https:\\\/\\\/wp.kristdemokraterna.se\\\/tyreso\\\/\"},{\"@type\":\"ListItem\",\"position\":2,\"name\":\"Vatten i Tyres\u00f6, del tre\"}]},{\"@type\":\"WebSite\",\"@id\":\"https:\\\/\\\/wp.kristdemokraterna.se\\\/tyreso\\\/#website\",\"url\":\"https:\\\/\\\/wp.kristdemokraterna.se\\\/tyreso\\\/\",\"name\":\"Kristdemokraterna Tyres\u00f6\",\"description\":\"\",\"inLanguage\":\"sv-SE\"},{\"@type\":\"Person\",\"@id\":\"https:\\\/\\\/wp.kristdemokraterna.se\\\/tyreso\\\/#\\\/schema\\\/person\\\/3e7d76fa0f5c4996308a0a636056d6c5\",\"name\":\"tyreso\",\"image\":{\"@type\":\"ImageObject\",\"inLanguage\":\"sv-SE\",\"@id\":\"https:\\\/\\\/secure.gravatar.com\\\/avatar\\\/f60f761639a269aae348dce7665f49bfe9f0b021d1bada09d95aaa9c66ef6215?s=96&d=mm&r=g\",\"url\":\"https:\\\/\\\/secure.gravatar.com\\\/avatar\\\/f60f761639a269aae348dce7665f49bfe9f0b021d1bada09d95aaa9c66ef6215?s=96&d=mm&r=g\",\"contentUrl\":\"https:\\\/\\\/secure.gravatar.com\\\/avatar\\\/f60f761639a269aae348dce7665f49bfe9f0b021d1bada09d95aaa9c66ef6215?s=96&d=mm&r=g\",\"caption\":\"tyreso\"},\"url\":\"https:\\\/\\\/wp.kristdemokraterna.se\\\/tyreso\\\/author\\\/tyreso\\\/\"}]}<\/script>\n<!-- \/ Yoast SEO plugin. -->","yoast_head_json":{"title":"Vatten i Tyres\u00f6, del tre - Kristdemokraterna Tyres\u00f6","robots":{"index":"index","follow":"follow","max-snippet":"max-snippet:-1","max-image-preview":"max-image-preview:large","max-video-preview":"max-video-preview:-1"},"canonical":"https:\/\/wp.kristdemokraterna.se\/tyreso\/vatten-i-tyreso-del-tre\/","og_locale":"sv_SE","og_type":"article","og_title":"Vatten i Tyres\u00f6, del tre - Kristdemokraterna Tyres\u00f6","og_description":"Sommaren \u00e4r ofta en tid av politisk nyhetstorka. Sommaren 2019 presenterade vi Tyres\u00f6s fina naturreservat och nationalpark. I sommar blir det lite kring temat \u201dVatten i Tyres\u00f6\u201d. Kan inte lova att alla \u201dvattensamlingar\u201d hinner att presenteras, men m\u00e5nga blir det. Den h\u00e4r veckan forts\u00e4tter vi att f\u00f6lja vattnets v\u00e4g fr\u00e5n Drevviken till Kalvfj\u00e4rden. F\u00f6r att Read More","og_url":"https:\/\/wp.kristdemokraterna.se\/tyreso\/vatten-i-tyreso-del-tre\/","og_site_name":"Kristdemokraterna Tyres\u00f6","article_published_time":"2020-07-13T13:09:55+00:00","article_modified_time":"2020-07-21T13:15:23+00:00","author":"tyreso","twitter_card":"summary_large_image","twitter_misc":{"Skriven av":"tyreso","Ber\u00e4knad l\u00e4stid":"1 minut"},"schema":{"@context":"https:\/\/schema.org","@graph":[{"@type":"Article","@id":"https:\/\/wp.kristdemokraterna.se\/tyreso\/vatten-i-tyreso-del-tre\/#article","isPartOf":{"@id":"https:\/\/wp.kristdemokraterna.se\/tyreso\/vatten-i-tyreso-del-tre\/"},"author":{"name":"tyreso","@id":"https:\/\/wp.kristdemokraterna.se\/tyreso\/#\/schema\/person\/3e7d76fa0f5c4996308a0a636056d6c5"},"headline":"Vatten i Tyres\u00f6, del tre","datePublished":"2020-07-13T13:09:55+00:00","dateModified":"2020-07-21T13:15:23+00:00","mainEntityOfPage":{"@id":"https:\/\/wp.kristdemokraterna.se\/tyreso\/vatten-i-tyreso-del-tre\/"},"wordCount":221,"articleSection":["Artiklar","Inl\u00e4gg","Natur"],"inLanguage":"sv-SE"},{"@type":"WebPage","@id":"https:\/\/wp.kristdemokraterna.se\/tyreso\/vatten-i-tyreso-del-tre\/","url":"https:\/\/wp.kristdemokraterna.se\/tyreso\/vatten-i-tyreso-del-tre\/","name":"Vatten i Tyres\u00f6, del tre - Kristdemokraterna Tyres\u00f6","isPartOf":{"@id":"https:\/\/wp.kristdemokraterna.se\/tyreso\/#website"},"datePublished":"2020-07-13T13:09:55+00:00","dateModified":"2020-07-21T13:15:23+00:00","author":{"@id":"https:\/\/wp.kristdemokraterna.se\/tyreso\/#\/schema\/person\/3e7d76fa0f5c4996308a0a636056d6c5"},"breadcrumb":{"@id":"https:\/\/wp.kristdemokraterna.se\/tyreso\/vatten-i-tyreso-del-tre\/#breadcrumb"},"inLanguage":"sv-SE","potentialAction":[{"@type":"ReadAction","target":["https:\/\/wp.kristdemokraterna.se\/tyreso\/vatten-i-tyreso-del-tre\/"]}]},{"@type":"BreadcrumbList","@id":"https:\/\/wp.kristdemokraterna.se\/tyreso\/vatten-i-tyreso-del-tre\/#breadcrumb","itemListElement":[{"@type":"ListItem","position":1,"name":"Hem","item":"https:\/\/wp.kristdemokraterna.se\/tyreso\/"},{"@type":"ListItem","position":2,"name":"Vatten i Tyres\u00f6, del tre"}]},{"@type":"WebSite","@id":"https:\/\/wp.kristdemokraterna.se\/tyreso\/#website","url":"https:\/\/wp.kristdemokraterna.se\/tyreso\/","name":"Kristdemokraterna Tyres\u00f6","description":"","inLanguage":"sv-SE"},{"@type":"Person","@id":"https:\/\/wp.kristdemokraterna.se\/tyreso\/#\/schema\/person\/3e7d76fa0f5c4996308a0a636056d6c5","name":"tyreso","image":{"@type":"ImageObject","inLanguage":"sv-SE","@id":"https:\/\/secure.gravatar.com\/avatar\/f60f761639a269aae348dce7665f49bfe9f0b021d1bada09d95aaa9c66ef6215?s=96&d=mm&r=g","url":"https:\/\/secure.gravatar.com\/avatar\/f60f761639a269aae348dce7665f49bfe9f0b021d1bada09d95aaa9c66ef6215?s=96&d=mm&r=g","contentUrl":"https:\/\/secure.gravatar.com\/avatar\/f60f761639a269aae348dce7665f49bfe9f0b021d1bada09d95aaa9c66ef6215?s=96&d=mm&r=g","caption":"tyreso"},"url":"https:\/\/wp.kristdemokraterna.se\/tyreso\/author\/tyreso\/"}]}},"_links":{"self":[{"href":"https:\/\/wp.kristdemokraterna.se\/tyreso\/wp-json\/wp\/v2\/posts\/1181","targetHints":{"allow":["GET"]}}],"collection":[{"href":"https:\/\/wp.kristdemokraterna.se\/tyreso\/wp-json\/wp\/v2\/posts"}],"about":[{"href":"https:\/\/wp.kristdemokraterna.se\/tyreso\/wp-json\/wp\/v2\/types\/post"}],"author":[{"embeddable":true,"href":"https:\/\/wp.kristdemokraterna.se\/tyreso\/wp-json\/wp\/v2\/users\/644"}],"replies":[{"embeddable":true,"href":"https:\/\/wp.kristdemokraterna.se\/tyreso\/wp-json\/wp\/v2\/comments?post=1181"}],"version-history":[{"count":1,"href":"https:\/\/wp.kristdemokraterna.se\/tyreso\/wp-json\/wp\/v2\/posts\/1181\/revisions"}],"predecessor-version":[{"id":1183,"href":"https:\/\/wp.kristdemokraterna.se\/tyreso\/wp-json\/wp\/v2\/posts\/1181\/revisions\/1183"}],"wp:attachment":[{"href":"https:\/\/wp.kristdemokraterna.se\/tyreso\/wp-json\/wp\/v2\/media?parent=1181"}],"wp:term":[{"taxonomy":"category","embeddable":true,"href":"https:\/\/wp.kristdemokraterna.se\/tyreso\/wp-json\/wp\/v2\/categories?post=1181"},{"taxonomy":"post_tag","embeddable":true,"href":"https:\/\/wp.kristdemokraterna.se\/tyreso\/wp-json\/wp\/v2\/tags?post=1181"}],"curies":[{"name":"wp","href":"https:\/\/api.w.org\/{rel}","templated":true}]}}