{"id":1187,"date":"2020-07-27T09:15:35","date_gmt":"2020-07-27T07:15:35","guid":{"rendered":"http:\/\/wp.kristdemokraterna.se\/tyreso\/?p=1187"},"modified":"2020-07-28T09:19:46","modified_gmt":"2020-07-28T07:19:46","slug":"vatten-i-tyreso-del-fem","status":"publish","type":"post","link":"https:\/\/wp.kristdemokraterna.se\/tyreso\/vatten-i-tyreso-del-fem\/","title":{"rendered":"Vatten i Tyres\u00f6, del fem"},"content":{"rendered":"<p>Sommaren \u00e4r ofta en tid av politisk nyhetstorka. Sommaren 2019 presenterade vi Tyres\u00f6s fina naturreservat och nationalpark. I sommar blir det lite kring temat \u201dVatten i Tyres\u00f6\u201d. Kan inte lova att alla \u201dvattensamlingar\u201d hinner att presenteras, men m\u00e5nga blir det.<\/p>\n<p>F\u00f6r att se alla bilder: <a href=\"https:\/\/www.facebook.com\/KDTyreso\/photos\/pcb.2946963818764483\/2946961942098004\/?type=3&amp;theater\">https:\/\/www.facebook.com\/KDTyreso\/photos\/pcb.2946963818764483\/2946961942098004\/?type=3&amp;theater<\/a><\/p>\n<p>I f\u00f6rra veckan kom vattnet fr\u00e5n Drevviken fram till Kalvfj\u00e4rden. F\u00f6ljer vi Kalvfj\u00e4rden \u00e5t sydost s\u00e5 kommer vi \u00f6ver till \u00c4llmorafj\u00e4rden, som presenteras med tv\u00e5 bilder. Den f\u00f6rsta bilden \u00e4r tagen fr\u00e5n naturreservatet Dyviks L\u00f6v\u00e4ngar och den andra fr\u00e5n berget i det intilliggande naturreservatet Dyvik. L\u00e4ngst bort i den bilden kan man ana Vissvassfj\u00e4rden.<\/p>\n<p>N\u00e4r man fr\u00e5n Vissvassfj\u00e4rden seglar igenom Bagarsundet, bild tre, och sedan sv\u00e4nger \u00e5t v\u00e4nster, eller babord som det heter p\u00e5 sj\u00f6n, s\u00e5 kommer vi straxt fram till Tyres\u00f6s sk\u00e4rg\u00e5rd. Vi vill ju g\u00e4rna kalla oss sk\u00e4rg\u00e5rdskommun, men v\u00e5ra \u201degna\u201d \u00f6ar \u00e4r f\u00e5. (Vi bor f\u00f6r \u00f6vrigt p\u00e5 Sveriges tredje st\u00f6rsta \u00f6, S\u00f6dert\u00f6rn.) F\u00f6rst kommer n\u00e5gra sm\u00e5 \u00f6ar vid Sandholmarnas naturreservat, bild fyra.<\/p>\n<p>Om vi sedan blickar mot norr fr\u00e5n Sandholmarna ser vi resten av Tyres\u00f6s arkipelag, \u00c4gn\u00f6 och H\u00e4rs\u00f6 med ett antal mindre \u00f6ar d\u00e4romkring. Bild fem visar st\u00f6rre delen av denna \u00f6grupp, som ligger i gr\u00e4nsen mellan Erstaviken och Ingar\u00f6fj\u00e4rden.<\/p>\n<p>En segelb\u00e5t p\u00e5 v\u00e4gen in till den popul\u00e4ra Napoleonviken, bild sex. Bild sju visar Napoleonviken som \u00e4r bel\u00e4gen mitt i \u00c4gn\u00f6.<\/p>\n<p>Till sist blickar vi ut \u00f6ver Erstaviken, bild \u00e5tta. Till v\u00e4nster i bilden Brevikshalv\u00f6n och till h\u00f6ger skymtar vi Saltsj\u00f6baden.<\/p>\n","protected":false},"excerpt":{"rendered":"<p>Sommaren \u00e4r ofta en tid av politisk nyhetstorka. Sommaren 2019 presenterade vi Tyres\u00f6s fina naturreservat och nationalpark. I sommar blir det lite kring temat \u201dVatten i Tyres\u00f6\u201d. Kan inte lova att alla \u201dvattensamlingar\u201d hinner att presenteras, men m\u00e5nga blir det. F\u00f6r att se alla bilder: https:\/\/www.facebook.com\/KDTyreso\/photos\/pcb.2946963818764483\/2946961942098004\/?type=3&amp;theater I f\u00f6rra veckan kom vattnet fr\u00e5n Drevviken fram till <a class=\"read-more-link\" href=\"https:\/\/wp.kristdemokraterna.se\/tyreso\/vatten-i-tyreso-del-fem\/\">Read More<\/a><\/p>\n","protected":false},"author":644,"featured_media":0,"comment_status":"closed","ping_status":"closed","sticky":false,"template":"","format":"standard","meta":{"_acf_changed":false,"footnotes":""},"categories":[1,15,10],"tags":[],"class_list":["post-1187","post","type-post","status-publish","format-standard","hentry","category-okategoriserade","category-inlagg","category-natur"],"acf":[],"yoast_head":"<!-- This site is optimized with the Yoast SEO plugin v27.4 - https:\/\/yoast.com\/product\/yoast-seo-wordpress\/ -->\n<title>Vatten i Tyres\u00f6, del fem - Kristdemokraterna Tyres\u00f6<\/title>\n<meta name=\"robots\" content=\"index, follow, max-snippet:-1, max-image-preview:large, max-video-preview:-1\" \/>\n<link rel=\"canonical\" href=\"https:\/\/wp.kristdemokraterna.se\/tyreso\/vatten-i-tyreso-del-fem\/\" \/>\n<meta property=\"og:locale\" content=\"sv_SE\" \/>\n<meta property=\"og:type\" content=\"article\" \/>\n<meta property=\"og:title\" content=\"Vatten i Tyres\u00f6, del fem - Kristdemokraterna Tyres\u00f6\" \/>\n<meta property=\"og:description\" content=\"Sommaren \u00e4r ofta en tid av politisk nyhetstorka. Sommaren 2019 presenterade vi Tyres\u00f6s fina naturreservat och nationalpark. I sommar blir det lite kring temat \u201dVatten i Tyres\u00f6\u201d. Kan inte lova att alla \u201dvattensamlingar\u201d hinner att presenteras, men m\u00e5nga blir det. F\u00f6r att se alla bilder: https:\/\/www.facebook.com\/KDTyreso\/photos\/pcb.2946963818764483\/2946961942098004\/?type=3&amp;theater I f\u00f6rra veckan kom vattnet fr\u00e5n Drevviken fram till Read More\" \/>\n<meta property=\"og:url\" content=\"https:\/\/wp.kristdemokraterna.se\/tyreso\/vatten-i-tyreso-del-fem\/\" \/>\n<meta property=\"og:site_name\" content=\"Kristdemokraterna Tyres\u00f6\" \/>\n<meta property=\"article:published_time\" content=\"2020-07-27T07:15:35+00:00\" \/>\n<meta property=\"article:modified_time\" content=\"2020-07-28T07:19:46+00:00\" \/>\n<meta name=\"author\" content=\"tyreso\" \/>\n<meta name=\"twitter:card\" content=\"summary_large_image\" \/>\n<meta name=\"twitter:label1\" content=\"Skriven av\" \/>\n\t<meta name=\"twitter:data1\" content=\"tyreso\" \/>\n\t<meta name=\"twitter:label2\" content=\"Ber\u00e4knad l\u00e4stid\" \/>\n\t<meta name=\"twitter:data2\" content=\"2 minuter\" \/>\n<script type=\"application\/ld+json\" class=\"yoast-schema-graph\">{\"@context\":\"https:\\\/\\\/schema.org\",\"@graph\":[{\"@type\":\"Article\",\"@id\":\"https:\\\/\\\/wp.kristdemokraterna.se\\\/tyreso\\\/vatten-i-tyreso-del-fem\\\/#article\",\"isPartOf\":{\"@id\":\"https:\\\/\\\/wp.kristdemokraterna.se\\\/tyreso\\\/vatten-i-tyreso-del-fem\\\/\"},\"author\":{\"name\":\"tyreso\",\"@id\":\"https:\\\/\\\/wp.kristdemokraterna.se\\\/tyreso\\\/#\\\/schema\\\/person\\\/3e7d76fa0f5c4996308a0a636056d6c5\"},\"headline\":\"Vatten i Tyres\u00f6, del fem\",\"datePublished\":\"2020-07-27T07:15:35+00:00\",\"dateModified\":\"2020-07-28T07:19:46+00:00\",\"mainEntityOfPage\":{\"@id\":\"https:\\\/\\\/wp.kristdemokraterna.se\\\/tyreso\\\/vatten-i-tyreso-del-fem\\\/\"},\"wordCount\":305,\"articleSection\":[\"Artiklar\",\"Inl\u00e4gg\",\"Natur\"],\"inLanguage\":\"sv-SE\"},{\"@type\":\"WebPage\",\"@id\":\"https:\\\/\\\/wp.kristdemokraterna.se\\\/tyreso\\\/vatten-i-tyreso-del-fem\\\/\",\"url\":\"https:\\\/\\\/wp.kristdemokraterna.se\\\/tyreso\\\/vatten-i-tyreso-del-fem\\\/\",\"name\":\"Vatten i Tyres\u00f6, del fem - Kristdemokraterna Tyres\u00f6\",\"isPartOf\":{\"@id\":\"https:\\\/\\\/wp.kristdemokraterna.se\\\/tyreso\\\/#website\"},\"datePublished\":\"2020-07-27T07:15:35+00:00\",\"dateModified\":\"2020-07-28T07:19:46+00:00\",\"author\":{\"@id\":\"https:\\\/\\\/wp.kristdemokraterna.se\\\/tyreso\\\/#\\\/schema\\\/person\\\/3e7d76fa0f5c4996308a0a636056d6c5\"},\"breadcrumb\":{\"@id\":\"https:\\\/\\\/wp.kristdemokraterna.se\\\/tyreso\\\/vatten-i-tyreso-del-fem\\\/#breadcrumb\"},\"inLanguage\":\"sv-SE\",\"potentialAction\":[{\"@type\":\"ReadAction\",\"target\":[\"https:\\\/\\\/wp.kristdemokraterna.se\\\/tyreso\\\/vatten-i-tyreso-del-fem\\\/\"]}]},{\"@type\":\"BreadcrumbList\",\"@id\":\"https:\\\/\\\/wp.kristdemokraterna.se\\\/tyreso\\\/vatten-i-tyreso-del-fem\\\/#breadcrumb\",\"itemListElement\":[{\"@type\":\"ListItem\",\"position\":1,\"name\":\"Hem\",\"item\":\"https:\\\/\\\/wp.kristdemokraterna.se\\\/tyreso\\\/\"},{\"@type\":\"ListItem\",\"position\":2,\"name\":\"Vatten i Tyres\u00f6, del fem\"}]},{\"@type\":\"WebSite\",\"@id\":\"https:\\\/\\\/wp.kristdemokraterna.se\\\/tyreso\\\/#website\",\"url\":\"https:\\\/\\\/wp.kristdemokraterna.se\\\/tyreso\\\/\",\"name\":\"Kristdemokraterna Tyres\u00f6\",\"description\":\"\",\"inLanguage\":\"sv-SE\"},{\"@type\":\"Person\",\"@id\":\"https:\\\/\\\/wp.kristdemokraterna.se\\\/tyreso\\\/#\\\/schema\\\/person\\\/3e7d76fa0f5c4996308a0a636056d6c5\",\"name\":\"tyreso\",\"image\":{\"@type\":\"ImageObject\",\"inLanguage\":\"sv-SE\",\"@id\":\"https:\\\/\\\/secure.gravatar.com\\\/avatar\\\/f60f761639a269aae348dce7665f49bfe9f0b021d1bada09d95aaa9c66ef6215?s=96&d=mm&r=g\",\"url\":\"https:\\\/\\\/secure.gravatar.com\\\/avatar\\\/f60f761639a269aae348dce7665f49bfe9f0b021d1bada09d95aaa9c66ef6215?s=96&d=mm&r=g\",\"contentUrl\":\"https:\\\/\\\/secure.gravatar.com\\\/avatar\\\/f60f761639a269aae348dce7665f49bfe9f0b021d1bada09d95aaa9c66ef6215?s=96&d=mm&r=g\",\"caption\":\"tyreso\"},\"url\":\"https:\\\/\\\/wp.kristdemokraterna.se\\\/tyreso\\\/author\\\/tyreso\\\/\"}]}<\/script>\n<!-- \/ Yoast SEO plugin. -->","yoast_head_json":{"title":"Vatten i Tyres\u00f6, del fem - Kristdemokraterna Tyres\u00f6","robots":{"index":"index","follow":"follow","max-snippet":"max-snippet:-1","max-image-preview":"max-image-preview:large","max-video-preview":"max-video-preview:-1"},"canonical":"https:\/\/wp.kristdemokraterna.se\/tyreso\/vatten-i-tyreso-del-fem\/","og_locale":"sv_SE","og_type":"article","og_title":"Vatten i Tyres\u00f6, del fem - Kristdemokraterna Tyres\u00f6","og_description":"Sommaren \u00e4r ofta en tid av politisk nyhetstorka. Sommaren 2019 presenterade vi Tyres\u00f6s fina naturreservat och nationalpark. I sommar blir det lite kring temat \u201dVatten i Tyres\u00f6\u201d. Kan inte lova att alla \u201dvattensamlingar\u201d hinner att presenteras, men m\u00e5nga blir det. F\u00f6r att se alla bilder: https:\/\/www.facebook.com\/KDTyreso\/photos\/pcb.2946963818764483\/2946961942098004\/?type=3&amp;theater I f\u00f6rra veckan kom vattnet fr\u00e5n Drevviken fram till Read More","og_url":"https:\/\/wp.kristdemokraterna.se\/tyreso\/vatten-i-tyreso-del-fem\/","og_site_name":"Kristdemokraterna Tyres\u00f6","article_published_time":"2020-07-27T07:15:35+00:00","article_modified_time":"2020-07-28T07:19:46+00:00","author":"tyreso","twitter_card":"summary_large_image","twitter_misc":{"Skriven av":"tyreso","Ber\u00e4knad l\u00e4stid":"2 minuter"},"schema":{"@context":"https:\/\/schema.org","@graph":[{"@type":"Article","@id":"https:\/\/wp.kristdemokraterna.se\/tyreso\/vatten-i-tyreso-del-fem\/#article","isPartOf":{"@id":"https:\/\/wp.kristdemokraterna.se\/tyreso\/vatten-i-tyreso-del-fem\/"},"author":{"name":"tyreso","@id":"https:\/\/wp.kristdemokraterna.se\/tyreso\/#\/schema\/person\/3e7d76fa0f5c4996308a0a636056d6c5"},"headline":"Vatten i Tyres\u00f6, del fem","datePublished":"2020-07-27T07:15:35+00:00","dateModified":"2020-07-28T07:19:46+00:00","mainEntityOfPage":{"@id":"https:\/\/wp.kristdemokraterna.se\/tyreso\/vatten-i-tyreso-del-fem\/"},"wordCount":305,"articleSection":["Artiklar","Inl\u00e4gg","Natur"],"inLanguage":"sv-SE"},{"@type":"WebPage","@id":"https:\/\/wp.kristdemokraterna.se\/tyreso\/vatten-i-tyreso-del-fem\/","url":"https:\/\/wp.kristdemokraterna.se\/tyreso\/vatten-i-tyreso-del-fem\/","name":"Vatten i Tyres\u00f6, del fem - Kristdemokraterna Tyres\u00f6","isPartOf":{"@id":"https:\/\/wp.kristdemokraterna.se\/tyreso\/#website"},"datePublished":"2020-07-27T07:15:35+00:00","dateModified":"2020-07-28T07:19:46+00:00","author":{"@id":"https:\/\/wp.kristdemokraterna.se\/tyreso\/#\/schema\/person\/3e7d76fa0f5c4996308a0a636056d6c5"},"breadcrumb":{"@id":"https:\/\/wp.kristdemokraterna.se\/tyreso\/vatten-i-tyreso-del-fem\/#breadcrumb"},"inLanguage":"sv-SE","potentialAction":[{"@type":"ReadAction","target":["https:\/\/wp.kristdemokraterna.se\/tyreso\/vatten-i-tyreso-del-fem\/"]}]},{"@type":"BreadcrumbList","@id":"https:\/\/wp.kristdemokraterna.se\/tyreso\/vatten-i-tyreso-del-fem\/#breadcrumb","itemListElement":[{"@type":"ListItem","position":1,"name":"Hem","item":"https:\/\/wp.kristdemokraterna.se\/tyreso\/"},{"@type":"ListItem","position":2,"name":"Vatten i Tyres\u00f6, del fem"}]},{"@type":"WebSite","@id":"https:\/\/wp.kristdemokraterna.se\/tyreso\/#website","url":"https:\/\/wp.kristdemokraterna.se\/tyreso\/","name":"Kristdemokraterna Tyres\u00f6","description":"","inLanguage":"sv-SE"},{"@type":"Person","@id":"https:\/\/wp.kristdemokraterna.se\/tyreso\/#\/schema\/person\/3e7d76fa0f5c4996308a0a636056d6c5","name":"tyreso","image":{"@type":"ImageObject","inLanguage":"sv-SE","@id":"https:\/\/secure.gravatar.com\/avatar\/f60f761639a269aae348dce7665f49bfe9f0b021d1bada09d95aaa9c66ef6215?s=96&d=mm&r=g","url":"https:\/\/secure.gravatar.com\/avatar\/f60f761639a269aae348dce7665f49bfe9f0b021d1bada09d95aaa9c66ef6215?s=96&d=mm&r=g","contentUrl":"https:\/\/secure.gravatar.com\/avatar\/f60f761639a269aae348dce7665f49bfe9f0b021d1bada09d95aaa9c66ef6215?s=96&d=mm&r=g","caption":"tyreso"},"url":"https:\/\/wp.kristdemokraterna.se\/tyreso\/author\/tyreso\/"}]}},"_links":{"self":[{"href":"https:\/\/wp.kristdemokraterna.se\/tyreso\/wp-json\/wp\/v2\/posts\/1187","targetHints":{"allow":["GET"]}}],"collection":[{"href":"https:\/\/wp.kristdemokraterna.se\/tyreso\/wp-json\/wp\/v2\/posts"}],"about":[{"href":"https:\/\/wp.kristdemokraterna.se\/tyreso\/wp-json\/wp\/v2\/types\/post"}],"author":[{"embeddable":true,"href":"https:\/\/wp.kristdemokraterna.se\/tyreso\/wp-json\/wp\/v2\/users\/644"}],"replies":[{"embeddable":true,"href":"https:\/\/wp.kristdemokraterna.se\/tyreso\/wp-json\/wp\/v2\/comments?post=1187"}],"version-history":[{"count":1,"href":"https:\/\/wp.kristdemokraterna.se\/tyreso\/wp-json\/wp\/v2\/posts\/1187\/revisions"}],"predecessor-version":[{"id":1189,"href":"https:\/\/wp.kristdemokraterna.se\/tyreso\/wp-json\/wp\/v2\/posts\/1187\/revisions\/1189"}],"wp:attachment":[{"href":"https:\/\/wp.kristdemokraterna.se\/tyreso\/wp-json\/wp\/v2\/media?parent=1187"}],"wp:term":[{"taxonomy":"category","embeddable":true,"href":"https:\/\/wp.kristdemokraterna.se\/tyreso\/wp-json\/wp\/v2\/categories?post=1187"},{"taxonomy":"post_tag","embeddable":true,"href":"https:\/\/wp.kristdemokraterna.se\/tyreso\/wp-json\/wp\/v2\/tags?post=1187"}],"curies":[{"name":"wp","href":"https:\/\/api.w.org\/{rel}","templated":true}]}}